{"id":892381,"date":"2013-11-14T11:11:42","date_gmt":"2013-11-14T14:11:42","guid":{"rendered":"http:\/\/www.pm.pb.gov.br\/portal\/2013\/11\/seguranca_reforca_efetivo_durante_feriadao_da_republica\/"},"modified":"2013-11-14T11:11:42","modified_gmt":"2013-11-14T14:11:42","slug":"seguranca_reforca_efetivo_durante_feriadao_da_republica","status":"publish","type":"post","link":"https:\/\/www.pm.pb.gov.br\/portal\/2013\/11\/14\/seguranca_reforca_efetivo_durante_feriadao_da_republica\/","title":{"rendered":"Seguran\u00e7a refor\u00e7a efetivo durante feriad\u00e3o da Rep\u00fablica"},"content":{"rendered":"<figure style=\"width: 500px\" class=\"wp-caption alignnone\"><img decoding=\"async\" class=\"alignnone size-medium\" src=\"http:\/\/www.pm.pb.gov.br\/portal\/wp-content\/uploads\/2013\/11\/8763_11761.jpg\" title=\"Subcomandante geral, coronel Francisco de Castro, conduziu o lan\u00e7amento da Opera\u00e7\u00e3o (Fotos: Ricardo S\u00e9rgio)\" width=\"100%\" \/><figcaption class=\"wp-caption-text\">Subcomandante geral, coronel Francisco de Castro, conduziu o lan\u00e7amento da Opera\u00e7\u00e3o (Fotos: Ricardo S\u00e9rgio)<\/figcaption><\/figure>\n<div style=\"text-align: justify;\">Mais de 1.500 agentes de seguran\u00e7a p\u00fablica v\u00e3o estar mobilizados, desta quinta-feira (14) at\u00e9 o pr\u00f3ximo domingo (17), durante a realiza\u00e7\u00e3o da Opera\u00e7\u00e3o Republicana na Para\u00edba. As a\u00e7\u00f5es, em alus\u00e3o ao feriado da Proclama\u00e7\u00e3o da Rep\u00fablica, t\u00eam o objetivo de refor\u00e7ar o policiamento nos 223 munic\u00edpios paraibanos, com aten\u00e7\u00e3o especial para a \u00e1rea litor\u00e2nea que registra maior fluxo de pessoas, al\u00e9m das rodovias estaduais e principais vias urbanas locais.<\/p>\n<p>Uma formatura de tropa realizada na manh\u00e3 desta quinta (14), no Ponto de Cem R\u00e9is, no Centro da Capital, lan\u00e7ou oficialmente a Opera\u00e7\u00e3o. Somente a Pol\u00edcia Militar mobilizar\u00e1 1.500 homens, que atuar\u00e3o tanto a p\u00e9 quanto motorizados, com o suporte de 300 viaturas a fim de prevenir os delitos de furtos, roubos e embriaguez ao volante.<\/p>\n<p>Para isso, ser\u00e3o realizados \u0091chek points\u0092 com intercepta\u00e7\u00f5es e abordagens a ve\u00edculos e pessoas, al\u00e9m de blitzen da Lei Seca. De acordo com o coordenador de Planejamento Operacional da Pol\u00edcia Militar, tenente coronel Onivan Elias, os batalh\u00f5es e companhias realizaram estudos para diagnosticar as necessidades das localidades cobertas e estabelecerem as a\u00e7\u00f5es priorit\u00e1rias.<\/p>\n<p>No geral, ser\u00e3o empregados militares de todas as companhias especializadas, como a CEATur (de Apoio ao Turista), BPAmb (Ambiental), BPTran (Tr\u00e2nsito), Bope (Opera\u00e7\u00f5es Especiais), For\u00e7a T\u00e1tica e Cavalaria. \u0093Para quem vai viajar de carro, lembramos que leve os documentos dos ve\u00edculos e do condutor, fa\u00e7a a revis\u00e3o preventiva do autom\u00f3vel e obede\u00e7a aos limites de velocidade estabelecidos para a via. Em caso de chuva, acender os far\u00f3is e diminuir a acelera\u00e7\u00e3o. Jamais dirigir com fadiga, sob efeito de \u00e1lcool ou subst\u00e2ncias entorpecentes\u0094, recomendou Onivan Elias.<\/p>\n<p>Ele ainda orientou que os pedestres devem optar por estar em grupo e evitar ostentar objetos de valor ou circular com grandes volumes de compra. \u0093Caso seja v\u00edtima de roubo, manter a calma, buscar memorizar as caracter\u00edsticas do agressor e acionar a pol\u00edcia atrav\u00e9s do servi\u00e7o de emerg\u00eancia gratuito &#8211; o 190\u0094, completou o oficial.<\/p>\n<p>J\u00e1 a Pol\u00edcia Civil vai trabalhar com 60 homens durante o feriado da Proclama\u00e7\u00e3o da Republica. Eles v\u00e3o ajudar no policiamento ostensivo das \u00e1reas com maior incid\u00eancia de crimes.<\/p>\n<p>Por determina\u00e7\u00e3o da Secretaria da Seguran\u00e7a, estar\u00e3o funcionando em regime de plant\u00e3o 24h, na Regi\u00e3o Metropolitana da capital, sete delegacias distritais: 1\u00aa DD, em Cruz das Armas; 9\u00aa DD, em Mangabeira; 12\u00aa DD, em Mana\u00edra; 6\u00aa DD, em Santa Rita; 7\u00aa DD, em Cabedelo; al\u00e9m de Alhandra (Litoral Sul) e Mamanguape (Litoral Norte). Em Jo\u00e3o Pessoa, as delegacias especializadas que estar\u00e3o funcionando ser\u00e3o a de Roubos e Furtos de Ve\u00edculos, Homic\u00eddio, Inf\u00e2ncia e Juventude e da Mulher.<\/p>\n<p>Em Campina Grande, a Central de Pol\u00edcia estar\u00e1 aberta com duas equipes de plant\u00e3o, al\u00e9m das delegacias especializadas de Homic\u00eddio e Roubos e Furtos. Tr\u00eas polos de seguran\u00e7a funcionam para atender toda regi\u00e3o de Campina Grande, que compreende 32 munic\u00edpios.<\/p>\n<p>O Grupo de Opera\u00e7\u00f5es Especiais (GOE) e o disque-den\u00fancia 197, que atende a popula\u00e7\u00e3o recebendo den\u00fancias an\u00f4nimas com total sigilo e de forma gratuita, trabalham em regime de plant\u00e3o neste feriado da Rep\u00fablica. Nos casos de ocorr\u00eancias simples, sem viol\u00eancia, os cidad\u00e3os podem contar com o servi\u00e7o da delegacia online(www.delegaciaonline.pb.gov.br).<\/p>\n<div class=\"row\" align=\"center\"><a href=\"http:\/\/www.pm.pb.gov.br\/exportacao\/fotos_noticias\/8763_11762.jpg\"><figure style=\"width: 500px\" class=\"wp-caption alignnone\"><img decoding=\"async\" class=\"image-responsive\" src=\"http:\/\/www.pm.pb.gov.br\/exportacao\/fotos_noticias\/8763_11762.jpg\" title=\"Cerca de 50 PMs participaram do lan\u00e7amentos das a\u00e7\u00f5es\" width=\"100%\" \/><figcaption class=\"wp-caption-text\">Cerca de 50 PMs participaram do lan\u00e7amentos das a\u00e7\u00f5es<\/figcaption><\/figure><\/a><a href=\"http:\/\/www.pm.pb.gov.br\/exportacao\/fotos_noticias\/8763_11763.jpg\"><figure style=\"width: 500px\" class=\"wp-caption alignnone\"><img decoding=\"async\" class=\"image-responsive\" src=\"http:\/\/www.pm.pb.gov.br\/exportacao\/fotos_noticias\/8763_11763.jpg\" title=\"Coronel Jefferson, comandante do Policiamento Regional Metropolitano, fez orienta\u00e7\u00f5es \u00e0 tropa\" width=\"100%\" \/><figcaption class=\"wp-caption-text\">Coronel Jefferson, comandante do Policiamento Regional Metropolitano, fez orienta\u00e7\u00f5es \u00e0 tropa<\/figcaption><\/figure><\/a><a href=\"http:\/\/www.pm.pb.gov.br\/portal\/wp-content\/uploads\/2013\/11\/8763_11764.jpg\"><figure style=\"width: 500px\" class=\"wp-caption alignnone\"><img decoding=\"async\" class=\"image-responsive\" src=\"http:\/\/www.pm.pb.gov.br\/portal\/wp-content\/uploads\/2013\/11\/8763_11764.jpg\" title=\"Comandantes de unidade tamb\u00e9m estiveram presentes\" width=\"100%\" \/><figcaption class=\"wp-caption-text\">Comandantes de unidade tamb\u00e9m estiveram presentes<\/figcaption><\/figure><\/a><\/div>\n<\/div>\n","protected":false},"excerpt":{"rendered":"<p>Mais de 1.500 agentes de seguran\u00e7a p\u00fablica v\u00e3o estar mobilizados, desta quinta-feira (14) at\u00e9 o pr\u00f3ximo domingo (17), durante a<\/p>\n","protected":false},"author":5,"featured_media":11761,"comment_status":"closed","ping_status":"closed","sticky":false,"template":"","format":"standard","meta":{"_exactmetrics_skip_tracking":false,"_exactmetrics_sitenote_active":false,"_exactmetrics_sitenote_note":"","_exactmetrics_sitenote_category":0,"footnotes":""},"categories":[4],"tags":[],"yoast_head":"<!-- This site is optimized with the Yoast SEO plugin v22.0 - https:\/\/yoast.com\/wordpress\/plugins\/seo\/ -->\n<title>Seguran\u00e7a refor\u00e7a efetivo durante feriad\u00e3o da Rep\u00fablica - Pol\u00edcia Militar da Para\u00edba<\/title>\n<meta name=\"robots\" content=\"index, follow, max-snippet:-1, max-image-preview:large, max-video-preview:-1\" \/>\n<link rel=\"canonical\" href=\"https:\/\/www.pm.pb.gov.br\/portal\/2013\/11\/14\/seguranca_reforca_efetivo_durante_feriadao_da_republica\/\" \/>\n<meta property=\"og:locale\" content=\"pt_BR\" \/>\n<meta property=\"og:type\" content=\"article\" \/>\n<meta property=\"og:title\" content=\"Seguran\u00e7a refor\u00e7a efetivo durante feriad\u00e3o da Rep\u00fablica - Pol\u00edcia Militar da Para\u00edba\" \/>\n<meta property=\"og:description\" content=\"Mais de 1.500 agentes de seguran\u00e7a p\u00fablica v\u00e3o estar mobilizados, desta quinta-feira (14) at\u00e9 o pr\u00f3ximo domingo (17), durante a\" \/>\n<meta property=\"og:url\" content=\"https:\/\/www.pm.pb.gov.br\/portal\/2013\/11\/14\/seguranca_reforca_efetivo_durante_feriadao_da_republica\/\" \/>\n<meta property=\"og:site_name\" content=\"Pol\u00edcia Militar da Para\u00edba\" \/>\n<meta property=\"article:published_time\" content=\"2013-11-14T14:11:42+00:00\" \/>\n<meta property=\"og:image\" content=\"https:\/\/www.pm.pb.gov.br\/portal\/wp-content\/uploads\/2013\/11\/8763_11761.jpg\" \/>\n\t<meta property=\"og:image:width\" content=\"500\" \/>\n\t<meta property=\"og:image:height\" content=\"333\" \/>\n\t<meta property=\"og:image:type\" content=\"image\/jpeg\" \/>\n<meta name=\"author\" content=\"Assessoria de Imprensa da PMPB\" \/>\n<meta name=\"twitter:card\" content=\"summary_large_image\" \/>\n<meta name=\"twitter:label1\" content=\"Escrito por\" \/>\n\t<meta name=\"twitter:data1\" content=\"Assessoria de Imprensa da PMPB\" \/>\n\t<meta name=\"twitter:label2\" content=\"Est. tempo de leitura\" \/>\n\t<meta name=\"twitter:data2\" content=\"3 minutos\" \/>\n<script type=\"application\/ld+json\" class=\"yoast-schema-graph\">{\"@context\":\"https:\/\/schema.org\",\"@graph\":[{\"@type\":\"Article\",\"@id\":\"https:\/\/www.pm.pb.gov.br\/portal\/2013\/11\/14\/seguranca_reforca_efetivo_durante_feriadao_da_republica\/#article\",\"isPartOf\":{\"@id\":\"https:\/\/www.pm.pb.gov.br\/portal\/2013\/11\/14\/seguranca_reforca_efetivo_durante_feriadao_da_republica\/\"},\"author\":{\"name\":\"Assessoria de Imprensa da PMPB\",\"@id\":\"https:\/\/www.pm.pb.gov.br\/portal\/#\/schema\/person\/e8454f46651c3ecf0e1ba3c1666d9947\"},\"headline\":\"Seguran\u00e7a refor\u00e7a efetivo durante feriad\u00e3o da Rep\u00fablica\",\"datePublished\":\"2013-11-14T14:11:42+00:00\",\"dateModified\":\"2013-11-14T14:11:42+00:00\",\"mainEntityOfPage\":{\"@id\":\"https:\/\/www.pm.pb.gov.br\/portal\/2013\/11\/14\/seguranca_reforca_efetivo_durante_feriadao_da_republica\/\"},\"wordCount\":668,\"publisher\":{\"@id\":\"https:\/\/www.pm.pb.gov.br\/portal\/#organization\"},\"articleSection\":[\"A\u00e7\u00f5es Policiais\"],\"inLanguage\":\"pt-BR\"},{\"@type\":\"WebPage\",\"@id\":\"https:\/\/www.pm.pb.gov.br\/portal\/2013\/11\/14\/seguranca_reforca_efetivo_durante_feriadao_da_republica\/\",\"url\":\"https:\/\/www.pm.pb.gov.br\/portal\/2013\/11\/14\/seguranca_reforca_efetivo_durante_feriadao_da_republica\/\",\"name\":\"Seguran\u00e7a refor\u00e7a efetivo durante feriad\u00e3o da Rep\u00fablica - Pol\u00edcia Militar da Para\u00edba\",\"isPartOf\":{\"@id\":\"https:\/\/www.pm.pb.gov.br\/portal\/#website\"},\"datePublished\":\"2013-11-14T14:11:42+00:00\",\"dateModified\":\"2013-11-14T14:11:42+00:00\",\"breadcrumb\":{\"@id\":\"https:\/\/www.pm.pb.gov.br\/portal\/2013\/11\/14\/seguranca_reforca_efetivo_durante_feriadao_da_republica\/#breadcrumb\"},\"inLanguage\":\"pt-BR\",\"potentialAction\":[{\"@type\":\"ReadAction\",\"target\":[\"https:\/\/www.pm.pb.gov.br\/portal\/2013\/11\/14\/seguranca_reforca_efetivo_durante_feriadao_da_republica\/\"]}]},{\"@type\":\"BreadcrumbList\",\"@id\":\"https:\/\/www.pm.pb.gov.br\/portal\/2013\/11\/14\/seguranca_reforca_efetivo_durante_feriadao_da_republica\/#breadcrumb\",\"itemListElement\":[{\"@type\":\"ListItem\",\"position\":1,\"name\":\"In\u00edcio\",\"item\":\"https:\/\/www.pm.pb.gov.br\/portal\/\"},{\"@type\":\"ListItem\",\"position\":2,\"name\":\"Seguran\u00e7a refor\u00e7a efetivo durante feriad\u00e3o da Rep\u00fablica\"}]},{\"@type\":\"WebSite\",\"@id\":\"https:\/\/www.pm.pb.gov.br\/portal\/#website\",\"url\":\"https:\/\/www.pm.pb.gov.br\/portal\/\",\"name\":\"Pol\u00edcia Militar da Para\u00edba\",\"description\":\"\",\"publisher\":{\"@id\":\"https:\/\/www.pm.pb.gov.br\/portal\/#organization\"},\"potentialAction\":[{\"@type\":\"SearchAction\",\"target\":{\"@type\":\"EntryPoint\",\"urlTemplate\":\"https:\/\/www.pm.pb.gov.br\/portal\/?s={search_term_string}\"},\"query-input\":\"required name=search_term_string\"}],\"inLanguage\":\"pt-BR\"},{\"@type\":\"Organization\",\"@id\":\"https:\/\/www.pm.pb.gov.br\/portal\/#organization\",\"name\":\"Pol\u00edcia Militar da Para\u00edba\",\"url\":\"https:\/\/www.pm.pb.gov.br\/portal\/\",\"logo\":{\"@type\":\"ImageObject\",\"inLanguage\":\"pt-BR\",\"@id\":\"https:\/\/www.pm.pb.gov.br\/portal\/#\/schema\/logo\/image\/\",\"url\":\"https:\/\/www.pm.pb.gov.br\/portal\/wp-content\/uploads\/2025\/03\/cropped-logo-site-mag2-1.png\",\"contentUrl\":\"https:\/\/www.pm.pb.gov.br\/portal\/wp-content\/uploads\/2025\/03\/cropped-logo-site-mag2-1.png\",\"width\":320,\"height\":90,\"caption\":\"Pol\u00edcia Militar da Para\u00edba\"},\"image\":{\"@id\":\"https:\/\/www.pm.pb.gov.br\/portal\/#\/schema\/logo\/image\/\"}},{\"@type\":\"Person\",\"@id\":\"https:\/\/www.pm.pb.gov.br\/portal\/#\/schema\/person\/e8454f46651c3ecf0e1ba3c1666d9947\",\"name\":\"Assessoria de Imprensa da PMPB\",\"image\":{\"@type\":\"ImageObject\",\"inLanguage\":\"pt-BR\",\"@id\":\"https:\/\/www.pm.pb.gov.br\/portal\/#\/schema\/person\/image\/\",\"url\":\"https:\/\/secure.gravatar.com\/avatar\/2efe197438265d1e90bd98c4c8e1acf8?s=96&d=mm&r=g\",\"contentUrl\":\"https:\/\/secure.gravatar.com\/avatar\/2efe197438265d1e90bd98c4c8e1acf8?s=96&d=mm&r=g\",\"caption\":\"Assessoria de Imprensa da PMPB\"},\"url\":\"https:\/\/www.pm.pb.gov.br\/portal\/author\/assessoria\/\"}]}<\/script>\n<!-- \/ Yoast SEO plugin. -->","yoast_head_json":{"title":"Seguran\u00e7a refor\u00e7a efetivo durante feriad\u00e3o da Rep\u00fablica - Pol\u00edcia Militar da Para\u00edba","robots":{"index":"index","follow":"follow","max-snippet":"max-snippet:-1","max-image-preview":"max-image-preview:large","max-video-preview":"max-video-preview:-1"},"canonical":"https:\/\/www.pm.pb.gov.br\/portal\/2013\/11\/14\/seguranca_reforca_efetivo_durante_feriadao_da_republica\/","og_locale":"pt_BR","og_type":"article","og_title":"Seguran\u00e7a refor\u00e7a efetivo durante feriad\u00e3o da Rep\u00fablica - Pol\u00edcia Militar da Para\u00edba","og_description":"Mais de 1.500 agentes de seguran\u00e7a p\u00fablica v\u00e3o estar mobilizados, desta quinta-feira (14) at\u00e9 o pr\u00f3ximo domingo (17), durante a","og_url":"https:\/\/www.pm.pb.gov.br\/portal\/2013\/11\/14\/seguranca_reforca_efetivo_durante_feriadao_da_republica\/","og_site_name":"Pol\u00edcia Militar da Para\u00edba","article_published_time":"2013-11-14T14:11:42+00:00","og_image":[{"width":500,"height":333,"url":"https:\/\/www.pm.pb.gov.br\/portal\/wp-content\/uploads\/2013\/11\/8763_11761.jpg","type":"image\/jpeg"}],"author":"Assessoria de Imprensa da PMPB","twitter_card":"summary_large_image","twitter_misc":{"Escrito por":"Assessoria de Imprensa da PMPB","Est. tempo de leitura":"3 minutos"},"schema":{"@context":"https:\/\/schema.org","@graph":[{"@type":"Article","@id":"https:\/\/www.pm.pb.gov.br\/portal\/2013\/11\/14\/seguranca_reforca_efetivo_durante_feriadao_da_republica\/#article","isPartOf":{"@id":"https:\/\/www.pm.pb.gov.br\/portal\/2013\/11\/14\/seguranca_reforca_efetivo_durante_feriadao_da_republica\/"},"author":{"name":"Assessoria de Imprensa da PMPB","@id":"https:\/\/www.pm.pb.gov.br\/portal\/#\/schema\/person\/e8454f46651c3ecf0e1ba3c1666d9947"},"headline":"Seguran\u00e7a refor\u00e7a efetivo durante feriad\u00e3o da Rep\u00fablica","datePublished":"2013-11-14T14:11:42+00:00","dateModified":"2013-11-14T14:11:42+00:00","mainEntityOfPage":{"@id":"https:\/\/www.pm.pb.gov.br\/portal\/2013\/11\/14\/seguranca_reforca_efetivo_durante_feriadao_da_republica\/"},"wordCount":668,"publisher":{"@id":"https:\/\/www.pm.pb.gov.br\/portal\/#organization"},"articleSection":["A\u00e7\u00f5es Policiais"],"inLanguage":"pt-BR"},{"@type":"WebPage","@id":"https:\/\/www.pm.pb.gov.br\/portal\/2013\/11\/14\/seguranca_reforca_efetivo_durante_feriadao_da_republica\/","url":"https:\/\/www.pm.pb.gov.br\/portal\/2013\/11\/14\/seguranca_reforca_efetivo_durante_feriadao_da_republica\/","name":"Seguran\u00e7a refor\u00e7a efetivo durante feriad\u00e3o da Rep\u00fablica - Pol\u00edcia Militar da Para\u00edba","isPartOf":{"@id":"https:\/\/www.pm.pb.gov.br\/portal\/#website"},"datePublished":"2013-11-14T14:11:42+00:00","dateModified":"2013-11-14T14:11:42+00:00","breadcrumb":{"@id":"https:\/\/www.pm.pb.gov.br\/portal\/2013\/11\/14\/seguranca_reforca_efetivo_durante_feriadao_da_republica\/#breadcrumb"},"inLanguage":"pt-BR","potentialAction":[{"@type":"ReadAction","target":["https:\/\/www.pm.pb.gov.br\/portal\/2013\/11\/14\/seguranca_reforca_efetivo_durante_feriadao_da_republica\/"]}]},{"@type":"BreadcrumbList","@id":"https:\/\/www.pm.pb.gov.br\/portal\/2013\/11\/14\/seguranca_reforca_efetivo_durante_feriadao_da_republica\/#breadcrumb","itemListElement":[{"@type":"ListItem","position":1,"name":"In\u00edcio","item":"https:\/\/www.pm.pb.gov.br\/portal\/"},{"@type":"ListItem","position":2,"name":"Seguran\u00e7a refor\u00e7a efetivo durante feriad\u00e3o da Rep\u00fablica"}]},{"@type":"WebSite","@id":"https:\/\/www.pm.pb.gov.br\/portal\/#website","url":"https:\/\/www.pm.pb.gov.br\/portal\/","name":"Pol\u00edcia Militar da Para\u00edba","description":"","publisher":{"@id":"https:\/\/www.pm.pb.gov.br\/portal\/#organization"},"potentialAction":[{"@type":"SearchAction","target":{"@type":"EntryPoint","urlTemplate":"https:\/\/www.pm.pb.gov.br\/portal\/?s={search_term_string}"},"query-input":"required name=search_term_string"}],"inLanguage":"pt-BR"},{"@type":"Organization","@id":"https:\/\/www.pm.pb.gov.br\/portal\/#organization","name":"Pol\u00edcia Militar da Para\u00edba","url":"https:\/\/www.pm.pb.gov.br\/portal\/","logo":{"@type":"ImageObject","inLanguage":"pt-BR","@id":"https:\/\/www.pm.pb.gov.br\/portal\/#\/schema\/logo\/image\/","url":"https:\/\/www.pm.pb.gov.br\/portal\/wp-content\/uploads\/2025\/03\/cropped-logo-site-mag2-1.png","contentUrl":"https:\/\/www.pm.pb.gov.br\/portal\/wp-content\/uploads\/2025\/03\/cropped-logo-site-mag2-1.png","width":320,"height":90,"caption":"Pol\u00edcia Militar da Para\u00edba"},"image":{"@id":"https:\/\/www.pm.pb.gov.br\/portal\/#\/schema\/logo\/image\/"}},{"@type":"Person","@id":"https:\/\/www.pm.pb.gov.br\/portal\/#\/schema\/person\/e8454f46651c3ecf0e1ba3c1666d9947","name":"Assessoria de Imprensa da PMPB","image":{"@type":"ImageObject","inLanguage":"pt-BR","@id":"https:\/\/www.pm.pb.gov.br\/portal\/#\/schema\/person\/image\/","url":"https:\/\/secure.gravatar.com\/avatar\/2efe197438265d1e90bd98c4c8e1acf8?s=96&d=mm&r=g","contentUrl":"https:\/\/secure.gravatar.com\/avatar\/2efe197438265d1e90bd98c4c8e1acf8?s=96&d=mm&r=g","caption":"Assessoria de Imprensa da PMPB"},"url":"https:\/\/www.pm.pb.gov.br\/portal\/author\/assessoria\/"}]}},"_links":{"self":[{"href":"https:\/\/www.pm.pb.gov.br\/portal\/wp-json\/wp\/v2\/posts\/892381"}],"collection":[{"href":"https:\/\/www.pm.pb.gov.br\/portal\/wp-json\/wp\/v2\/posts"}],"about":[{"href":"https:\/\/www.pm.pb.gov.br\/portal\/wp-json\/wp\/v2\/types\/post"}],"author":[{"embeddable":true,"href":"https:\/\/www.pm.pb.gov.br\/portal\/wp-json\/wp\/v2\/users\/5"}],"replies":[{"embeddable":true,"href":"https:\/\/www.pm.pb.gov.br\/portal\/wp-json\/wp\/v2\/comments?post=892381"}],"version-history":[{"count":0,"href":"https:\/\/www.pm.pb.gov.br\/portal\/wp-json\/wp\/v2\/posts\/892381\/revisions"}],"wp:featuredmedia":[{"embeddable":true,"href":"https:\/\/www.pm.pb.gov.br\/portal\/wp-json\/wp\/v2\/media\/11761"}],"wp:attachment":[{"href":"https:\/\/www.pm.pb.gov.br\/portal\/wp-json\/wp\/v2\/media?parent=892381"}],"wp:term":[{"taxonomy":"category","embeddable":true,"href":"https:\/\/www.pm.pb.gov.br\/portal\/wp-json\/wp\/v2\/categories?post=892381"},{"taxonomy":"post_tag","embeddable":true,"href":"https:\/\/www.pm.pb.gov.br\/portal\/wp-json\/wp\/v2\/tags?post=892381"}],"curies":[{"name":"wp","href":"https:\/\/api.w.org\/{rel}","templated":true}]}}