{"id":892348,"date":"2013-11-01T13:11:17","date_gmt":"2013-11-01T16:11:17","guid":{"rendered":"http:\/\/www.pm.pb.gov.br\/portal\/2013\/11\/pm_apreende_mais_um_adolescente_assaltando_onibus_na_capital\/"},"modified":"2013-11-01T13:11:17","modified_gmt":"2013-11-01T16:11:17","slug":"pm_apreende_mais_um_adolescente_assaltando_onibus_na_capital","status":"publish","type":"post","link":"https:\/\/www.pm.pb.gov.br\/portal\/2013\/11\/01\/pm_apreende_mais_um_adolescente_assaltando_onibus_na_capital\/","title":{"rendered":"PM apreende mais um adolescente assaltando \u00f4nibus na Capital"},"content":{"rendered":"<figure style=\"width: 500px\" class=\"wp-caption alignnone\"><img decoding=\"async\" class=\"alignnone size-medium\" src=\"http:\/\/www.pm.pb.gov.br\/portal\/wp-content\/uploads\/2013\/11\/8693_11653.jpg\" title=\"A PM chegou r\u00e1pido e apreendeu um dos suspeitos\" width=\"100%\" \/><figcaption class=\"wp-caption-text\">A PM chegou r\u00e1pido e apreendeu um dos suspeitos<\/figcaption><\/figure>\n<div style=\"text-align: justify;\">A Pol\u00edcia Militar apreendeu, no fim da manh\u00e3 desta sexta-feira (01), um adolescente de 14 anos no momento em que ele tinha acabado de assaltar um \u00f4nibus que faz a linha 601 (Bessa), na Avenida Botto de Menezes, no Bairro de Tambi\u00e1, em Jo\u00e3o Pessoa. Este \u00e9 o oitavo adolescente apreendido pela PM assaltando \u00f4nibus, nos \u00faltimos cinco dias.<\/p>\n<p>De acordo com o Sargento Raniere Cardoso, da Unidade de Pol\u00edcia Solid\u00e1ria (UPS) do Roger, o jovem juntamente com outros dois adolescentes entraram no coletivo armados com uma faca de cozinha, anunciaram o assalto e roubaram quase R$ 200 reais do cobrador.<\/p>\n<p>\u0093Nossa guarni\u00e7\u00e3o estava fazendo rondas pr\u00f3ximo ao local e foi at\u00e9 l\u00e1, onde flagrou os suspeitos pulando a janela do ve\u00edculo. Conseguimos apreender um deles, que estava com a faca, e os outros dois conseguiram fugir com o dinheiro roubado, mas estamos levantando informa\u00e7\u00f5es pra chegar at\u00e9 eles\u0094, disse o Sargento.<\/p>\n<p>O jovem foi levado para a Delegacia da Inf\u00e2ncia e Juventude,<br \/>\nno centro da capital, onde ser\u00e1 apresentado ao delegado de plant\u00e3o. <\/p>\n<div class=\"row\" align=\"center\"><a href=\"http:\/\/www.pm.pb.gov.br\/portal\/wp-content\/uploads\/2013\/11\/8693_11654.jpg\"><figure style=\"width: 500px\" class=\"wp-caption alignnone\"><img decoding=\"async\" class=\"image-responsive\" src=\"http:\/\/www.pm.pb.gov.br\/portal\/wp-content\/uploads\/2013\/11\/8693_11654.jpg\" title=\"O jovem foi levado para a Delegacia da Inf\u00e2ncia e Juventude\" width=\"100%\" \/><figcaption class=\"wp-caption-text\">O jovem foi levado para a Delegacia da Inf\u00e2ncia e Juventude<\/figcaption><\/figure><\/a><\/div>\n<\/div>\n","protected":false},"excerpt":{"rendered":"<p>A Pol\u00edcia Militar apreendeu, no fim da manh\u00e3 desta sexta-feira (01), um adolescente de 14 anos no momento em que<\/p>\n","protected":false},"author":5,"featured_media":11653,"comment_status":"closed","ping_status":"closed","sticky":false,"template":"","format":"standard","meta":{"_exactmetrics_skip_tracking":false,"_exactmetrics_sitenote_active":false,"_exactmetrics_sitenote_note":"","_exactmetrics_sitenote_category":0,"footnotes":""},"categories":[4],"tags":[],"yoast_head":"<!-- This site is optimized with the Yoast SEO plugin v22.0 - https:\/\/yoast.com\/wordpress\/plugins\/seo\/ -->\n<title>PM apreende mais um adolescente assaltando \u00f4nibus na Capital - Pol\u00edcia Militar da Para\u00edba<\/title>\n<meta name=\"robots\" content=\"index, follow, max-snippet:-1, max-image-preview:large, max-video-preview:-1\" \/>\n<link rel=\"canonical\" href=\"https:\/\/www.pm.pb.gov.br\/portal\/2013\/11\/01\/pm_apreende_mais_um_adolescente_assaltando_onibus_na_capital\/\" \/>\n<meta property=\"og:locale\" content=\"pt_BR\" \/>\n<meta property=\"og:type\" content=\"article\" \/>\n<meta property=\"og:title\" content=\"PM apreende mais um adolescente assaltando \u00f4nibus na Capital - Pol\u00edcia Militar da Para\u00edba\" \/>\n<meta property=\"og:description\" content=\"A Pol\u00edcia Militar apreendeu, no fim da manh\u00e3 desta sexta-feira (01), um adolescente de 14 anos no momento em que\" \/>\n<meta property=\"og:url\" content=\"https:\/\/www.pm.pb.gov.br\/portal\/2013\/11\/01\/pm_apreende_mais_um_adolescente_assaltando_onibus_na_capital\/\" \/>\n<meta property=\"og:site_name\" content=\"Pol\u00edcia Militar da Para\u00edba\" \/>\n<meta property=\"article:published_time\" content=\"2013-11-01T16:11:17+00:00\" \/>\n<meta property=\"og:image\" content=\"https:\/\/www.pm.pb.gov.br\/portal\/wp-content\/uploads\/2013\/11\/8693_11653.jpg\" \/>\n\t<meta property=\"og:image:width\" content=\"500\" \/>\n\t<meta property=\"og:image:height\" content=\"331\" \/>\n\t<meta property=\"og:image:type\" content=\"image\/jpeg\" \/>\n<meta name=\"author\" content=\"Assessoria de Imprensa da PMPB\" \/>\n<meta name=\"twitter:card\" content=\"summary_large_image\" \/>\n<meta name=\"twitter:label1\" content=\"Escrito por\" \/>\n\t<meta name=\"twitter:data1\" content=\"Assessoria de Imprensa da PMPB\" \/>\n\t<meta name=\"twitter:label2\" content=\"Est. tempo de leitura\" \/>\n\t<meta name=\"twitter:data2\" content=\"1 minuto\" \/>\n<script type=\"application\/ld+json\" class=\"yoast-schema-graph\">{\"@context\":\"https:\/\/schema.org\",\"@graph\":[{\"@type\":\"Article\",\"@id\":\"https:\/\/www.pm.pb.gov.br\/portal\/2013\/11\/01\/pm_apreende_mais_um_adolescente_assaltando_onibus_na_capital\/#article\",\"isPartOf\":{\"@id\":\"https:\/\/www.pm.pb.gov.br\/portal\/2013\/11\/01\/pm_apreende_mais_um_adolescente_assaltando_onibus_na_capital\/\"},\"author\":{\"name\":\"Assessoria de Imprensa da PMPB\",\"@id\":\"https:\/\/www.pm.pb.gov.br\/portal\/#\/schema\/person\/e8454f46651c3ecf0e1ba3c1666d9947\"},\"headline\":\"PM apreende mais um adolescente assaltando \u00f4nibus na Capital\",\"datePublished\":\"2013-11-01T16:11:17+00:00\",\"dateModified\":\"2013-11-01T16:11:17+00:00\",\"mainEntityOfPage\":{\"@id\":\"https:\/\/www.pm.pb.gov.br\/portal\/2013\/11\/01\/pm_apreende_mais_um_adolescente_assaltando_onibus_na_capital\/\"},\"wordCount\":222,\"publisher\":{\"@id\":\"https:\/\/www.pm.pb.gov.br\/portal\/#organization\"},\"articleSection\":[\"A\u00e7\u00f5es Policiais\"],\"inLanguage\":\"pt-BR\"},{\"@type\":\"WebPage\",\"@id\":\"https:\/\/www.pm.pb.gov.br\/portal\/2013\/11\/01\/pm_apreende_mais_um_adolescente_assaltando_onibus_na_capital\/\",\"url\":\"https:\/\/www.pm.pb.gov.br\/portal\/2013\/11\/01\/pm_apreende_mais_um_adolescente_assaltando_onibus_na_capital\/\",\"name\":\"PM apreende mais um adolescente assaltando \u00f4nibus na Capital - Pol\u00edcia Militar da Para\u00edba\",\"isPartOf\":{\"@id\":\"https:\/\/www.pm.pb.gov.br\/portal\/#website\"},\"datePublished\":\"2013-11-01T16:11:17+00:00\",\"dateModified\":\"2013-11-01T16:11:17+00:00\",\"breadcrumb\":{\"@id\":\"https:\/\/www.pm.pb.gov.br\/portal\/2013\/11\/01\/pm_apreende_mais_um_adolescente_assaltando_onibus_na_capital\/#breadcrumb\"},\"inLanguage\":\"pt-BR\",\"potentialAction\":[{\"@type\":\"ReadAction\",\"target\":[\"https:\/\/www.pm.pb.gov.br\/portal\/2013\/11\/01\/pm_apreende_mais_um_adolescente_assaltando_onibus_na_capital\/\"]}]},{\"@type\":\"BreadcrumbList\",\"@id\":\"https:\/\/www.pm.pb.gov.br\/portal\/2013\/11\/01\/pm_apreende_mais_um_adolescente_assaltando_onibus_na_capital\/#breadcrumb\",\"itemListElement\":[{\"@type\":\"ListItem\",\"position\":1,\"name\":\"In\u00edcio\",\"item\":\"https:\/\/www.pm.pb.gov.br\/portal\/\"},{\"@type\":\"ListItem\",\"position\":2,\"name\":\"PM apreende mais um adolescente assaltando \u00f4nibus na Capital\"}]},{\"@type\":\"WebSite\",\"@id\":\"https:\/\/www.pm.pb.gov.br\/portal\/#website\",\"url\":\"https:\/\/www.pm.pb.gov.br\/portal\/\",\"name\":\"Pol\u00edcia Militar da Para\u00edba\",\"description\":\"\",\"publisher\":{\"@id\":\"https:\/\/www.pm.pb.gov.br\/portal\/#organization\"},\"potentialAction\":[{\"@type\":\"SearchAction\",\"target\":{\"@type\":\"EntryPoint\",\"urlTemplate\":\"https:\/\/www.pm.pb.gov.br\/portal\/?s={search_term_string}\"},\"query-input\":\"required name=search_term_string\"}],\"inLanguage\":\"pt-BR\"},{\"@type\":\"Organization\",\"@id\":\"https:\/\/www.pm.pb.gov.br\/portal\/#organization\",\"name\":\"Pol\u00edcia Militar da Para\u00edba\",\"url\":\"https:\/\/www.pm.pb.gov.br\/portal\/\",\"logo\":{\"@type\":\"ImageObject\",\"inLanguage\":\"pt-BR\",\"@id\":\"https:\/\/www.pm.pb.gov.br\/portal\/#\/schema\/logo\/image\/\",\"url\":\"https:\/\/www.pm.pb.gov.br\/portal\/wp-content\/uploads\/2025\/03\/cropped-logo-site-mag2-1.png\",\"contentUrl\":\"https:\/\/www.pm.pb.gov.br\/portal\/wp-content\/uploads\/2025\/03\/cropped-logo-site-mag2-1.png\",\"width\":320,\"height\":90,\"caption\":\"Pol\u00edcia Militar da Para\u00edba\"},\"image\":{\"@id\":\"https:\/\/www.pm.pb.gov.br\/portal\/#\/schema\/logo\/image\/\"}},{\"@type\":\"Person\",\"@id\":\"https:\/\/www.pm.pb.gov.br\/portal\/#\/schema\/person\/e8454f46651c3ecf0e1ba3c1666d9947\",\"name\":\"Assessoria de Imprensa da PMPB\",\"image\":{\"@type\":\"ImageObject\",\"inLanguage\":\"pt-BR\",\"@id\":\"https:\/\/www.pm.pb.gov.br\/portal\/#\/schema\/person\/image\/\",\"url\":\"https:\/\/secure.gravatar.com\/avatar\/2efe197438265d1e90bd98c4c8e1acf8?s=96&d=mm&r=g\",\"contentUrl\":\"https:\/\/secure.gravatar.com\/avatar\/2efe197438265d1e90bd98c4c8e1acf8?s=96&d=mm&r=g\",\"caption\":\"Assessoria de Imprensa da PMPB\"},\"url\":\"https:\/\/www.pm.pb.gov.br\/portal\/author\/assessoria\/\"}]}<\/script>\n<!-- \/ Yoast SEO plugin. -->","yoast_head_json":{"title":"PM apreende mais um adolescente assaltando \u00f4nibus na Capital - Pol\u00edcia Militar da Para\u00edba","robots":{"index":"index","follow":"follow","max-snippet":"max-snippet:-1","max-image-preview":"max-image-preview:large","max-video-preview":"max-video-preview:-1"},"canonical":"https:\/\/www.pm.pb.gov.br\/portal\/2013\/11\/01\/pm_apreende_mais_um_adolescente_assaltando_onibus_na_capital\/","og_locale":"pt_BR","og_type":"article","og_title":"PM apreende mais um adolescente assaltando \u00f4nibus na Capital - Pol\u00edcia Militar da Para\u00edba","og_description":"A Pol\u00edcia Militar apreendeu, no fim da manh\u00e3 desta sexta-feira (01), um adolescente de 14 anos no momento em que","og_url":"https:\/\/www.pm.pb.gov.br\/portal\/2013\/11\/01\/pm_apreende_mais_um_adolescente_assaltando_onibus_na_capital\/","og_site_name":"Pol\u00edcia Militar da Para\u00edba","article_published_time":"2013-11-01T16:11:17+00:00","og_image":[{"width":500,"height":331,"url":"https:\/\/www.pm.pb.gov.br\/portal\/wp-content\/uploads\/2013\/11\/8693_11653.jpg","type":"image\/jpeg"}],"author":"Assessoria de Imprensa da PMPB","twitter_card":"summary_large_image","twitter_misc":{"Escrito por":"Assessoria de Imprensa da PMPB","Est. tempo de leitura":"1 minuto"},"schema":{"@context":"https:\/\/schema.org","@graph":[{"@type":"Article","@id":"https:\/\/www.pm.pb.gov.br\/portal\/2013\/11\/01\/pm_apreende_mais_um_adolescente_assaltando_onibus_na_capital\/#article","isPartOf":{"@id":"https:\/\/www.pm.pb.gov.br\/portal\/2013\/11\/01\/pm_apreende_mais_um_adolescente_assaltando_onibus_na_capital\/"},"author":{"name":"Assessoria de Imprensa da PMPB","@id":"https:\/\/www.pm.pb.gov.br\/portal\/#\/schema\/person\/e8454f46651c3ecf0e1ba3c1666d9947"},"headline":"PM apreende mais um adolescente assaltando \u00f4nibus na Capital","datePublished":"2013-11-01T16:11:17+00:00","dateModified":"2013-11-01T16:11:17+00:00","mainEntityOfPage":{"@id":"https:\/\/www.pm.pb.gov.br\/portal\/2013\/11\/01\/pm_apreende_mais_um_adolescente_assaltando_onibus_na_capital\/"},"wordCount":222,"publisher":{"@id":"https:\/\/www.pm.pb.gov.br\/portal\/#organization"},"articleSection":["A\u00e7\u00f5es Policiais"],"inLanguage":"pt-BR"},{"@type":"WebPage","@id":"https:\/\/www.pm.pb.gov.br\/portal\/2013\/11\/01\/pm_apreende_mais_um_adolescente_assaltando_onibus_na_capital\/","url":"https:\/\/www.pm.pb.gov.br\/portal\/2013\/11\/01\/pm_apreende_mais_um_adolescente_assaltando_onibus_na_capital\/","name":"PM apreende mais um adolescente assaltando \u00f4nibus na Capital - Pol\u00edcia Militar da Para\u00edba","isPartOf":{"@id":"https:\/\/www.pm.pb.gov.br\/portal\/#website"},"datePublished":"2013-11-01T16:11:17+00:00","dateModified":"2013-11-01T16:11:17+00:00","breadcrumb":{"@id":"https:\/\/www.pm.pb.gov.br\/portal\/2013\/11\/01\/pm_apreende_mais_um_adolescente_assaltando_onibus_na_capital\/#breadcrumb"},"inLanguage":"pt-BR","potentialAction":[{"@type":"ReadAction","target":["https:\/\/www.pm.pb.gov.br\/portal\/2013\/11\/01\/pm_apreende_mais_um_adolescente_assaltando_onibus_na_capital\/"]}]},{"@type":"BreadcrumbList","@id":"https:\/\/www.pm.pb.gov.br\/portal\/2013\/11\/01\/pm_apreende_mais_um_adolescente_assaltando_onibus_na_capital\/#breadcrumb","itemListElement":[{"@type":"ListItem","position":1,"name":"In\u00edcio","item":"https:\/\/www.pm.pb.gov.br\/portal\/"},{"@type":"ListItem","position":2,"name":"PM apreende mais um adolescente assaltando \u00f4nibus na Capital"}]},{"@type":"WebSite","@id":"https:\/\/www.pm.pb.gov.br\/portal\/#website","url":"https:\/\/www.pm.pb.gov.br\/portal\/","name":"Pol\u00edcia Militar da Para\u00edba","description":"","publisher":{"@id":"https:\/\/www.pm.pb.gov.br\/portal\/#organization"},"potentialAction":[{"@type":"SearchAction","target":{"@type":"EntryPoint","urlTemplate":"https:\/\/www.pm.pb.gov.br\/portal\/?s={search_term_string}"},"query-input":"required name=search_term_string"}],"inLanguage":"pt-BR"},{"@type":"Organization","@id":"https:\/\/www.pm.pb.gov.br\/portal\/#organization","name":"Pol\u00edcia Militar da Para\u00edba","url":"https:\/\/www.pm.pb.gov.br\/portal\/","logo":{"@type":"ImageObject","inLanguage":"pt-BR","@id":"https:\/\/www.pm.pb.gov.br\/portal\/#\/schema\/logo\/image\/","url":"https:\/\/www.pm.pb.gov.br\/portal\/wp-content\/uploads\/2025\/03\/cropped-logo-site-mag2-1.png","contentUrl":"https:\/\/www.pm.pb.gov.br\/portal\/wp-content\/uploads\/2025\/03\/cropped-logo-site-mag2-1.png","width":320,"height":90,"caption":"Pol\u00edcia Militar da Para\u00edba"},"image":{"@id":"https:\/\/www.pm.pb.gov.br\/portal\/#\/schema\/logo\/image\/"}},{"@type":"Person","@id":"https:\/\/www.pm.pb.gov.br\/portal\/#\/schema\/person\/e8454f46651c3ecf0e1ba3c1666d9947","name":"Assessoria de Imprensa da PMPB","image":{"@type":"ImageObject","inLanguage":"pt-BR","@id":"https:\/\/www.pm.pb.gov.br\/portal\/#\/schema\/person\/image\/","url":"https:\/\/secure.gravatar.com\/avatar\/2efe197438265d1e90bd98c4c8e1acf8?s=96&d=mm&r=g","contentUrl":"https:\/\/secure.gravatar.com\/avatar\/2efe197438265d1e90bd98c4c8e1acf8?s=96&d=mm&r=g","caption":"Assessoria de Imprensa da PMPB"},"url":"https:\/\/www.pm.pb.gov.br\/portal\/author\/assessoria\/"}]}},"_links":{"self":[{"href":"https:\/\/www.pm.pb.gov.br\/portal\/wp-json\/wp\/v2\/posts\/892348"}],"collection":[{"href":"https:\/\/www.pm.pb.gov.br\/portal\/wp-json\/wp\/v2\/posts"}],"about":[{"href":"https:\/\/www.pm.pb.gov.br\/portal\/wp-json\/wp\/v2\/types\/post"}],"author":[{"embeddable":true,"href":"https:\/\/www.pm.pb.gov.br\/portal\/wp-json\/wp\/v2\/users\/5"}],"replies":[{"embeddable":true,"href":"https:\/\/www.pm.pb.gov.br\/portal\/wp-json\/wp\/v2\/comments?post=892348"}],"version-history":[{"count":0,"href":"https:\/\/www.pm.pb.gov.br\/portal\/wp-json\/wp\/v2\/posts\/892348\/revisions"}],"wp:featuredmedia":[{"embeddable":true,"href":"https:\/\/www.pm.pb.gov.br\/portal\/wp-json\/wp\/v2\/media\/11653"}],"wp:attachment":[{"href":"https:\/\/www.pm.pb.gov.br\/portal\/wp-json\/wp\/v2\/media?parent=892348"}],"wp:term":[{"taxonomy":"category","embeddable":true,"href":"https:\/\/www.pm.pb.gov.br\/portal\/wp-json\/wp\/v2\/categories?post=892348"},{"taxonomy":"post_tag","embeddable":true,"href":"https:\/\/www.pm.pb.gov.br\/portal\/wp-json\/wp\/v2\/tags?post=892348"}],"curies":[{"name":"wp","href":"https:\/\/api.w.org\/{rel}","templated":true}]}}