{"id":892347,"date":"2013-11-01T14:11:51","date_gmt":"2013-11-01T17:11:51","guid":{"rendered":"http:\/\/www.pm.pb.gov.br\/portal\/2013\/11\/seguranca_realiza_operacao_eternidade_durante_o_fim_de_semana\/"},"modified":"2013-11-01T14:11:51","modified_gmt":"2013-11-01T17:11:51","slug":"seguranca_realiza_operacao_eternidade_durante_o_fim_de_semana","status":"publish","type":"post","link":"https:\/\/www.pm.pb.gov.br\/portal\/2013\/11\/01\/seguranca_realiza_operacao_eternidade_durante_o_fim_de_semana\/","title":{"rendered":"Seguran\u00e7a realiza Opera\u00e7\u00e3o Eternidade durante o fim de semana"},"content":{"rendered":"<figure style=\"width: 500px\" class=\"wp-caption alignnone\"><img decoding=\"async\" class=\"alignnone size-medium\" src=\"http:\/\/www.pm.pb.gov.br\/portal\/wp-content\/uploads\/2013\/11\/8692_11648.jpg\" title=\"60 homens participaram do lan\u00e7amento da Opera\u00e7\u00e3o em frente ao Boa Senten\u00e7a (Fotos: Werneck Moreno)\" width=\"100%\" \/><figcaption class=\"wp-caption-text\">60 homens participaram do lan\u00e7amento da Opera\u00e7\u00e3o em frente ao Boa Senten\u00e7a (Fotos: Werneck Moreno)<\/figcaption><\/figure>\n<div style=\"text-align: justify;\">As Pol\u00edcias Militar e Civil e o Corpo dos Bombeiros intensificar\u00e3o as a\u00e7\u00f5es para garantir a seguran\u00e7a dos paraibanos durante o feriado de Finados (02). A Opera\u00e7\u00e3o Eternidade, que tem in\u00edcio j\u00e1 nesta sexta (1) e segue at\u00e9 o domingo (3), mobilizar\u00e1 mais de 1.500 agentes, sendo 1.300 deles s\u00f3 da Pol\u00edcia Militar. A corpora\u00e7\u00e3o ainda contar\u00e1 com 300 ve\u00edculos, que dar\u00e3o apoio no policiamento de 240 cemit\u00e9rios, entre p\u00fablicos e privados, em todo o Estado.<\/p>\n<p>Conforme o coordenador de Planejamento Operacional da PM, tenente coronel Onivan Elias, o objetivo maior \u00e9 garantir o acesso seguro das pessoas aos cemit\u00e9rios, evitando furtos e roubos e a depreda\u00e7\u00e3o do patrim\u00f4nio p\u00fablico. Cada comandante local definiu os hor\u00e1rios e dias em que as a\u00e7\u00f5es ser\u00e3o refor\u00e7adas de acordo com a necessidade de sua \u00e1rea de cobertura.  No interior, por exemplo, a aten\u00e7\u00e3o estar\u00e1 voltada para as missas, cultos e visita\u00e7\u00f5es aos entes falecidos, realizadas sobretudo no s\u00e1bado e domingo.<\/p>\n<p>J\u00e1 na Capital, o efetivo come\u00e7ou a ser distribu\u00eddos desde \u00e0s 8h desta sexta (1), a partir de uma formatura de tropa que lan\u00e7ou a Opera\u00e7\u00e3o em frente ao cemit\u00e9rio Senhor da Boa Senten\u00e7a, no Varadouro. Isso porque o com\u00e9rcio de flores e velas nos arredores dos cemit\u00e9rios j\u00e1 \u00e9 intenso e movimenta elevados valores.<\/p>\n<p>\u0093Estamos cuidando para que as pessoas cultuem seus entes sem serem perturbados por assaltantes ou v\u00e2ndalos\u0094, comentou o coronel Jefferson Pereira,comandante do Policiamento Regional Metropolitano, ao citar que na Capital as a\u00e7\u00f5es contar\u00e3o com um suplemento de 300 homens.<\/p>\n<p>O patrulhamento, em todo o Estado, envolver\u00e1 o policiamento a p\u00e9 e o motorizado \u0096 com participa\u00e7\u00e3o da r\u00e1dio patrulha e da Rotam (Ronda T\u00e1ticas com Apoio de Motos); al\u00e9m da Cavalaria, no caso da Capital.<\/p>\n<p>Recomenda\u00e7\u00f5es<\/p>\n<p>A pol\u00edcia orienta os cidad\u00e3os a visitarem os cemit\u00e9rios preferencialmente no per\u00edodo diurno e que idosos e senhoras saiam de casa acompanhados de adultos.  Estes \u00faltimos tamb\u00e9m devem supervisionar as crian\u00e7as e impedir que elas manuseiem f\u00f3sforos e velas, evitando queimaduras.<\/p>\n<p>\u0093Ir com roupas leves para ter melhor acesso aos locais do cemit\u00e9rio e n\u00e3o ostentar objetos de valor alto ou transportar muito dinheiro\u0094, completou o coronel Jefferson.  Ele lembrou que os comandantes regionais orientaram previamente os administradores de cemit\u00e9rios p\u00fablicos e privados para que fossem sanadas eventuais defici\u00eancias de ilumina\u00e7\u00e3o, \u00e1rvores e estruturas com risco de desabamento, sinaliza\u00e7\u00e3o de tr\u00e2nsito, acessibilidade, entre outros problemas &#8211;  a fim de melhorar a seguran\u00e7a, conforto e tranquilidade dos visitantes e trabalhadores dos cemit\u00e9rios.<\/p>\n<p>Pol\u00edcia Civil<\/p>\n<p>Durante o feriado de Finados, a Pol\u00edcia Civil vai funcionar em regime de plant\u00e3o. Em Jo\u00e3o Pessoa, as delegacias respons\u00e1veis pelo atendimento \u00e0 popula\u00e7\u00e3o ser\u00e3o as delegacias distritais de Cruz das Armas (1\u00aa DD), Mangabeira (9\u00aa DD) e Mana\u00edra (12\u00aa DD).  As delegacias de Bayeux (5\u00aa DD), Cabedelo (7\u00aaDD) e Santa Rita (6\u00aa DD) tamb\u00e9m estar\u00e3o abertas.<\/p>\n<p>Ainda permanecem em plant\u00e3o equipes das delegacias especializadas de Crimes contra vida (Homic\u00eddios), contra o Patrim\u00f4nio, Roubos e Furtos de Ve\u00edculos, Entorpecentes, Delegacia Especializada de Atendimento \u00e0 Mulher (Deam) e o Grupo de Opera\u00e7\u00f5es Especiais (GOE).<\/p>\n<p>Em Campina Grande, o atendimento acontece na Central de Pol\u00edcia, localizada no bairro de Catol\u00e9 e as delegacias especializadas de Homic\u00eddios e Roubos e Furtos. Nas demais cidades do interior do Estado, a Pol\u00edcia Civil se fixa nas delegacias municipais que concentram plant\u00e3o.<\/p>\n<p>Bombeiros<\/p>\n<p>Um total de 170 homens, entre oficiais e pra\u00e7as, est\u00e1 empregado pelos Bombeiros durante a Opera\u00e7\u00e3o Eternidade, na Grande Jo\u00e3o Pessoa. Tamb\u00e9m ser\u00e3o disponibilizadas 12 viaturas, duas motos e tr\u00eas embarca\u00e7\u00f5es.  O efetivo cobrir\u00e1 os principais corredores da regi\u00e3o, principalmente nas proximidades de grandes cemit\u00e9rios e na orla mar\u00edtima.<\/p>\n<div class=\"row\" align=\"center\"><a href=\"http:\/\/www.pm.pb.gov.br\/exportacao\/fotos_noticias\/8692_11649.jpg\"><figure style=\"width: 500px\" class=\"wp-caption alignnone\"><img decoding=\"async\" class=\"image-responsive\" src=\"http:\/\/www.pm.pb.gov.br\/exportacao\/fotos_noticias\/8692_11649.jpg\" title=\"Patrulha est\u00e1 sendo realizada nos arredores dos cemit\u00e9rios\" width=\"100%\" \/><figcaption class=\"wp-caption-text\">Patrulha est\u00e1 sendo realizada nos arredores dos cemit\u00e9rios<\/figcaption><\/figure><\/a><a href=\"http:\/\/www.pm.pb.gov.br\/exportacao\/fotos_noticias\/8692_11650.jpg\"><figure style=\"width: 500px\" class=\"wp-caption alignnone\"><img decoding=\"async\" class=\"image-responsive\" src=\"http:\/\/www.pm.pb.gov.br\/exportacao\/fotos_noticias\/8692_11650.jpg\" title=\"Dentro dos estabelecimentos,policiais a p\u00e9 fazem o policiamento\" width=\"100%\" \/><figcaption class=\"wp-caption-text\">Dentro dos estabelecimentos,policiais a p\u00e9 fazem o policiamento<\/figcaption><\/figure><\/a><a href=\"http:\/\/www.pm.pb.gov.br\/exportacao\/fotos_noticias\/8692_11651.jpg\"><figure style=\"width: 500px\" class=\"wp-caption alignnone\"><img decoding=\"async\" class=\"image-responsive\" src=\"http:\/\/www.pm.pb.gov.br\/exportacao\/fotos_noticias\/8692_11651.jpg\" title=\"Policiais receberam orienta\u00e7\u00f5es antes do in\u00edcio da Opera\u00e7\u00e3o\" width=\"100%\" \/><figcaption class=\"wp-caption-text\">Policiais receberam orienta\u00e7\u00f5es antes do in\u00edcio da Opera\u00e7\u00e3o<\/figcaption><\/figure><\/a><a href=\"http:\/\/www.pm.pb.gov.br\/portal\/wp-content\/uploads\/2013\/11\/8692_11652.jpg\"><figure style=\"width: 500px\" class=\"wp-caption alignnone\"><img decoding=\"async\" class=\"image-responsive\" src=\"http:\/\/www.pm.pb.gov.br\/portal\/wp-content\/uploads\/2013\/11\/8692_11652.jpg\" title=\"PM tamb\u00e9m garante seguran\u00e7a dos comerciantes\" width=\"100%\" \/><figcaption class=\"wp-caption-text\">PM tamb\u00e9m garante seguran\u00e7a dos comerciantes<\/figcaption><\/figure><\/a><\/div>\n<\/div>\n","protected":false},"excerpt":{"rendered":"<p>As Pol\u00edcias Militar e Civil e o Corpo dos Bombeiros intensificar\u00e3o as a\u00e7\u00f5es para garantir a seguran\u00e7a dos paraibanos durante<\/p>\n","protected":false},"author":5,"featured_media":11648,"comment_status":"closed","ping_status":"closed","sticky":false,"template":"","format":"standard","meta":{"_exactmetrics_skip_tracking":false,"_exactmetrics_sitenote_active":false,"_exactmetrics_sitenote_note":"","_exactmetrics_sitenote_category":0,"footnotes":""},"categories":[4],"tags":[],"yoast_head":"<!-- This site is optimized with the Yoast SEO plugin v22.0 - https:\/\/yoast.com\/wordpress\/plugins\/seo\/ -->\n<title>Seguran\u00e7a realiza Opera\u00e7\u00e3o Eternidade durante o fim de semana - Pol\u00edcia Militar da Para\u00edba<\/title>\n<meta name=\"robots\" content=\"index, follow, max-snippet:-1, max-image-preview:large, max-video-preview:-1\" \/>\n<link rel=\"canonical\" href=\"https:\/\/www.pm.pb.gov.br\/portal\/2013\/11\/01\/seguranca_realiza_operacao_eternidade_durante_o_fim_de_semana\/\" \/>\n<meta property=\"og:locale\" content=\"pt_BR\" \/>\n<meta property=\"og:type\" content=\"article\" \/>\n<meta property=\"og:title\" content=\"Seguran\u00e7a realiza Opera\u00e7\u00e3o Eternidade durante o fim de semana - Pol\u00edcia Militar da Para\u00edba\" \/>\n<meta property=\"og:description\" content=\"As Pol\u00edcias Militar e Civil e o Corpo dos Bombeiros intensificar\u00e3o as a\u00e7\u00f5es para garantir a seguran\u00e7a dos paraibanos durante\" \/>\n<meta property=\"og:url\" content=\"https:\/\/www.pm.pb.gov.br\/portal\/2013\/11\/01\/seguranca_realiza_operacao_eternidade_durante_o_fim_de_semana\/\" \/>\n<meta property=\"og:site_name\" content=\"Pol\u00edcia Militar da Para\u00edba\" \/>\n<meta property=\"article:published_time\" content=\"2013-11-01T17:11:51+00:00\" \/>\n<meta property=\"og:image\" content=\"https:\/\/www.pm.pb.gov.br\/portal\/wp-content\/uploads\/2013\/11\/8692_11648.jpg\" \/>\n\t<meta property=\"og:image:width\" content=\"500\" \/>\n\t<meta property=\"og:image:height\" content=\"332\" \/>\n\t<meta property=\"og:image:type\" content=\"image\/jpeg\" \/>\n<meta name=\"author\" content=\"Assessoria de Imprensa da PMPB\" \/>\n<meta name=\"twitter:card\" content=\"summary_large_image\" \/>\n<meta name=\"twitter:label1\" content=\"Escrito por\" \/>\n\t<meta name=\"twitter:data1\" content=\"Assessoria de Imprensa da PMPB\" \/>\n\t<meta name=\"twitter:label2\" content=\"Est. tempo de leitura\" \/>\n\t<meta name=\"twitter:data2\" content=\"4 minutos\" \/>\n<script type=\"application\/ld+json\" class=\"yoast-schema-graph\">{\"@context\":\"https:\/\/schema.org\",\"@graph\":[{\"@type\":\"Article\",\"@id\":\"https:\/\/www.pm.pb.gov.br\/portal\/2013\/11\/01\/seguranca_realiza_operacao_eternidade_durante_o_fim_de_semana\/#article\",\"isPartOf\":{\"@id\":\"https:\/\/www.pm.pb.gov.br\/portal\/2013\/11\/01\/seguranca_realiza_operacao_eternidade_durante_o_fim_de_semana\/\"},\"author\":{\"name\":\"Assessoria de Imprensa da PMPB\",\"@id\":\"https:\/\/www.pm.pb.gov.br\/portal\/#\/schema\/person\/e8454f46651c3ecf0e1ba3c1666d9947\"},\"headline\":\"Seguran\u00e7a realiza Opera\u00e7\u00e3o Eternidade durante o fim de semana\",\"datePublished\":\"2013-11-01T17:11:51+00:00\",\"dateModified\":\"2013-11-01T17:11:51+00:00\",\"mainEntityOfPage\":{\"@id\":\"https:\/\/www.pm.pb.gov.br\/portal\/2013\/11\/01\/seguranca_realiza_operacao_eternidade_durante_o_fim_de_semana\/\"},\"wordCount\":757,\"publisher\":{\"@id\":\"https:\/\/www.pm.pb.gov.br\/portal\/#organization\"},\"articleSection\":[\"A\u00e7\u00f5es Policiais\"],\"inLanguage\":\"pt-BR\"},{\"@type\":\"WebPage\",\"@id\":\"https:\/\/www.pm.pb.gov.br\/portal\/2013\/11\/01\/seguranca_realiza_operacao_eternidade_durante_o_fim_de_semana\/\",\"url\":\"https:\/\/www.pm.pb.gov.br\/portal\/2013\/11\/01\/seguranca_realiza_operacao_eternidade_durante_o_fim_de_semana\/\",\"name\":\"Seguran\u00e7a realiza Opera\u00e7\u00e3o Eternidade durante o fim de semana - Pol\u00edcia Militar da Para\u00edba\",\"isPartOf\":{\"@id\":\"https:\/\/www.pm.pb.gov.br\/portal\/#website\"},\"datePublished\":\"2013-11-01T17:11:51+00:00\",\"dateModified\":\"2013-11-01T17:11:51+00:00\",\"breadcrumb\":{\"@id\":\"https:\/\/www.pm.pb.gov.br\/portal\/2013\/11\/01\/seguranca_realiza_operacao_eternidade_durante_o_fim_de_semana\/#breadcrumb\"},\"inLanguage\":\"pt-BR\",\"potentialAction\":[{\"@type\":\"ReadAction\",\"target\":[\"https:\/\/www.pm.pb.gov.br\/portal\/2013\/11\/01\/seguranca_realiza_operacao_eternidade_durante_o_fim_de_semana\/\"]}]},{\"@type\":\"BreadcrumbList\",\"@id\":\"https:\/\/www.pm.pb.gov.br\/portal\/2013\/11\/01\/seguranca_realiza_operacao_eternidade_durante_o_fim_de_semana\/#breadcrumb\",\"itemListElement\":[{\"@type\":\"ListItem\",\"position\":1,\"name\":\"In\u00edcio\",\"item\":\"https:\/\/www.pm.pb.gov.br\/portal\/\"},{\"@type\":\"ListItem\",\"position\":2,\"name\":\"Seguran\u00e7a realiza Opera\u00e7\u00e3o Eternidade durante o fim de semana\"}]},{\"@type\":\"WebSite\",\"@id\":\"https:\/\/www.pm.pb.gov.br\/portal\/#website\",\"url\":\"https:\/\/www.pm.pb.gov.br\/portal\/\",\"name\":\"Pol\u00edcia Militar da Para\u00edba\",\"description\":\"\",\"publisher\":{\"@id\":\"https:\/\/www.pm.pb.gov.br\/portal\/#organization\"},\"potentialAction\":[{\"@type\":\"SearchAction\",\"target\":{\"@type\":\"EntryPoint\",\"urlTemplate\":\"https:\/\/www.pm.pb.gov.br\/portal\/?s={search_term_string}\"},\"query-input\":\"required name=search_term_string\"}],\"inLanguage\":\"pt-BR\"},{\"@type\":\"Organization\",\"@id\":\"https:\/\/www.pm.pb.gov.br\/portal\/#organization\",\"name\":\"Pol\u00edcia Militar da Para\u00edba\",\"url\":\"https:\/\/www.pm.pb.gov.br\/portal\/\",\"logo\":{\"@type\":\"ImageObject\",\"inLanguage\":\"pt-BR\",\"@id\":\"https:\/\/www.pm.pb.gov.br\/portal\/#\/schema\/logo\/image\/\",\"url\":\"https:\/\/www.pm.pb.gov.br\/portal\/wp-content\/uploads\/2025\/03\/cropped-logo-site-mag2-1.png\",\"contentUrl\":\"https:\/\/www.pm.pb.gov.br\/portal\/wp-content\/uploads\/2025\/03\/cropped-logo-site-mag2-1.png\",\"width\":320,\"height\":90,\"caption\":\"Pol\u00edcia Militar da Para\u00edba\"},\"image\":{\"@id\":\"https:\/\/www.pm.pb.gov.br\/portal\/#\/schema\/logo\/image\/\"}},{\"@type\":\"Person\",\"@id\":\"https:\/\/www.pm.pb.gov.br\/portal\/#\/schema\/person\/e8454f46651c3ecf0e1ba3c1666d9947\",\"name\":\"Assessoria de Imprensa da PMPB\",\"image\":{\"@type\":\"ImageObject\",\"inLanguage\":\"pt-BR\",\"@id\":\"https:\/\/www.pm.pb.gov.br\/portal\/#\/schema\/person\/image\/\",\"url\":\"https:\/\/secure.gravatar.com\/avatar\/2efe197438265d1e90bd98c4c8e1acf8?s=96&d=mm&r=g\",\"contentUrl\":\"https:\/\/secure.gravatar.com\/avatar\/2efe197438265d1e90bd98c4c8e1acf8?s=96&d=mm&r=g\",\"caption\":\"Assessoria de Imprensa da PMPB\"},\"url\":\"https:\/\/www.pm.pb.gov.br\/portal\/author\/assessoria\/\"}]}<\/script>\n<!-- \/ Yoast SEO plugin. -->","yoast_head_json":{"title":"Seguran\u00e7a realiza Opera\u00e7\u00e3o Eternidade durante o fim de semana - Pol\u00edcia Militar da Para\u00edba","robots":{"index":"index","follow":"follow","max-snippet":"max-snippet:-1","max-image-preview":"max-image-preview:large","max-video-preview":"max-video-preview:-1"},"canonical":"https:\/\/www.pm.pb.gov.br\/portal\/2013\/11\/01\/seguranca_realiza_operacao_eternidade_durante_o_fim_de_semana\/","og_locale":"pt_BR","og_type":"article","og_title":"Seguran\u00e7a realiza Opera\u00e7\u00e3o Eternidade durante o fim de semana - Pol\u00edcia Militar da Para\u00edba","og_description":"As Pol\u00edcias Militar e Civil e o Corpo dos Bombeiros intensificar\u00e3o as a\u00e7\u00f5es para garantir a seguran\u00e7a dos paraibanos durante","og_url":"https:\/\/www.pm.pb.gov.br\/portal\/2013\/11\/01\/seguranca_realiza_operacao_eternidade_durante_o_fim_de_semana\/","og_site_name":"Pol\u00edcia Militar da Para\u00edba","article_published_time":"2013-11-01T17:11:51+00:00","og_image":[{"width":500,"height":332,"url":"https:\/\/www.pm.pb.gov.br\/portal\/wp-content\/uploads\/2013\/11\/8692_11648.jpg","type":"image\/jpeg"}],"author":"Assessoria de Imprensa da PMPB","twitter_card":"summary_large_image","twitter_misc":{"Escrito por":"Assessoria de Imprensa da PMPB","Est. tempo de leitura":"4 minutos"},"schema":{"@context":"https:\/\/schema.org","@graph":[{"@type":"Article","@id":"https:\/\/www.pm.pb.gov.br\/portal\/2013\/11\/01\/seguranca_realiza_operacao_eternidade_durante_o_fim_de_semana\/#article","isPartOf":{"@id":"https:\/\/www.pm.pb.gov.br\/portal\/2013\/11\/01\/seguranca_realiza_operacao_eternidade_durante_o_fim_de_semana\/"},"author":{"name":"Assessoria de Imprensa da PMPB","@id":"https:\/\/www.pm.pb.gov.br\/portal\/#\/schema\/person\/e8454f46651c3ecf0e1ba3c1666d9947"},"headline":"Seguran\u00e7a realiza Opera\u00e7\u00e3o Eternidade durante o fim de semana","datePublished":"2013-11-01T17:11:51+00:00","dateModified":"2013-11-01T17:11:51+00:00","mainEntityOfPage":{"@id":"https:\/\/www.pm.pb.gov.br\/portal\/2013\/11\/01\/seguranca_realiza_operacao_eternidade_durante_o_fim_de_semana\/"},"wordCount":757,"publisher":{"@id":"https:\/\/www.pm.pb.gov.br\/portal\/#organization"},"articleSection":["A\u00e7\u00f5es Policiais"],"inLanguage":"pt-BR"},{"@type":"WebPage","@id":"https:\/\/www.pm.pb.gov.br\/portal\/2013\/11\/01\/seguranca_realiza_operacao_eternidade_durante_o_fim_de_semana\/","url":"https:\/\/www.pm.pb.gov.br\/portal\/2013\/11\/01\/seguranca_realiza_operacao_eternidade_durante_o_fim_de_semana\/","name":"Seguran\u00e7a realiza Opera\u00e7\u00e3o Eternidade durante o fim de semana - Pol\u00edcia Militar da Para\u00edba","isPartOf":{"@id":"https:\/\/www.pm.pb.gov.br\/portal\/#website"},"datePublished":"2013-11-01T17:11:51+00:00","dateModified":"2013-11-01T17:11:51+00:00","breadcrumb":{"@id":"https:\/\/www.pm.pb.gov.br\/portal\/2013\/11\/01\/seguranca_realiza_operacao_eternidade_durante_o_fim_de_semana\/#breadcrumb"},"inLanguage":"pt-BR","potentialAction":[{"@type":"ReadAction","target":["https:\/\/www.pm.pb.gov.br\/portal\/2013\/11\/01\/seguranca_realiza_operacao_eternidade_durante_o_fim_de_semana\/"]}]},{"@type":"BreadcrumbList","@id":"https:\/\/www.pm.pb.gov.br\/portal\/2013\/11\/01\/seguranca_realiza_operacao_eternidade_durante_o_fim_de_semana\/#breadcrumb","itemListElement":[{"@type":"ListItem","position":1,"name":"In\u00edcio","item":"https:\/\/www.pm.pb.gov.br\/portal\/"},{"@type":"ListItem","position":2,"name":"Seguran\u00e7a realiza Opera\u00e7\u00e3o Eternidade durante o fim de semana"}]},{"@type":"WebSite","@id":"https:\/\/www.pm.pb.gov.br\/portal\/#website","url":"https:\/\/www.pm.pb.gov.br\/portal\/","name":"Pol\u00edcia Militar da Para\u00edba","description":"","publisher":{"@id":"https:\/\/www.pm.pb.gov.br\/portal\/#organization"},"potentialAction":[{"@type":"SearchAction","target":{"@type":"EntryPoint","urlTemplate":"https:\/\/www.pm.pb.gov.br\/portal\/?s={search_term_string}"},"query-input":"required name=search_term_string"}],"inLanguage":"pt-BR"},{"@type":"Organization","@id":"https:\/\/www.pm.pb.gov.br\/portal\/#organization","name":"Pol\u00edcia Militar da Para\u00edba","url":"https:\/\/www.pm.pb.gov.br\/portal\/","logo":{"@type":"ImageObject","inLanguage":"pt-BR","@id":"https:\/\/www.pm.pb.gov.br\/portal\/#\/schema\/logo\/image\/","url":"https:\/\/www.pm.pb.gov.br\/portal\/wp-content\/uploads\/2025\/03\/cropped-logo-site-mag2-1.png","contentUrl":"https:\/\/www.pm.pb.gov.br\/portal\/wp-content\/uploads\/2025\/03\/cropped-logo-site-mag2-1.png","width":320,"height":90,"caption":"Pol\u00edcia Militar da Para\u00edba"},"image":{"@id":"https:\/\/www.pm.pb.gov.br\/portal\/#\/schema\/logo\/image\/"}},{"@type":"Person","@id":"https:\/\/www.pm.pb.gov.br\/portal\/#\/schema\/person\/e8454f46651c3ecf0e1ba3c1666d9947","name":"Assessoria de Imprensa da PMPB","image":{"@type":"ImageObject","inLanguage":"pt-BR","@id":"https:\/\/www.pm.pb.gov.br\/portal\/#\/schema\/person\/image\/","url":"https:\/\/secure.gravatar.com\/avatar\/2efe197438265d1e90bd98c4c8e1acf8?s=96&d=mm&r=g","contentUrl":"https:\/\/secure.gravatar.com\/avatar\/2efe197438265d1e90bd98c4c8e1acf8?s=96&d=mm&r=g","caption":"Assessoria de Imprensa da PMPB"},"url":"https:\/\/www.pm.pb.gov.br\/portal\/author\/assessoria\/"}]}},"_links":{"self":[{"href":"https:\/\/www.pm.pb.gov.br\/portal\/wp-json\/wp\/v2\/posts\/892347"}],"collection":[{"href":"https:\/\/www.pm.pb.gov.br\/portal\/wp-json\/wp\/v2\/posts"}],"about":[{"href":"https:\/\/www.pm.pb.gov.br\/portal\/wp-json\/wp\/v2\/types\/post"}],"author":[{"embeddable":true,"href":"https:\/\/www.pm.pb.gov.br\/portal\/wp-json\/wp\/v2\/users\/5"}],"replies":[{"embeddable":true,"href":"https:\/\/www.pm.pb.gov.br\/portal\/wp-json\/wp\/v2\/comments?post=892347"}],"version-history":[{"count":0,"href":"https:\/\/www.pm.pb.gov.br\/portal\/wp-json\/wp\/v2\/posts\/892347\/revisions"}],"wp:featuredmedia":[{"embeddable":true,"href":"https:\/\/www.pm.pb.gov.br\/portal\/wp-json\/wp\/v2\/media\/11648"}],"wp:attachment":[{"href":"https:\/\/www.pm.pb.gov.br\/portal\/wp-json\/wp\/v2\/media?parent=892347"}],"wp:term":[{"taxonomy":"category","embeddable":true,"href":"https:\/\/www.pm.pb.gov.br\/portal\/wp-json\/wp\/v2\/categories?post=892347"},{"taxonomy":"post_tag","embeddable":true,"href":"https:\/\/www.pm.pb.gov.br\/portal\/wp-json\/wp\/v2\/tags?post=892347"}],"curies":[{"name":"wp","href":"https:\/\/api.w.org\/{rel}","templated":true}]}}