{"id":892346,"date":"2013-10-31T22:10:32","date_gmt":"2013-11-01T01:10:32","guid":{"rendered":"http:\/\/www.pm.pb.gov.br\/portal\/2013\/10\/ups_geisel_prende_jovem_armado_na_comunidade_nova_republica\/"},"modified":"2013-10-31T22:10:32","modified_gmt":"2013-11-01T01:10:32","slug":"ups_geisel_prende_jovem_armado_na_comunidade_nova_republica","status":"publish","type":"post","link":"https:\/\/www.pm.pb.gov.br\/portal\/2013\/10\/31\/ups_geisel_prende_jovem_armado_na_comunidade_nova_republica\/","title":{"rendered":"UPS Geisel prende jovem armado na comunidade Nova Rep\u00fablica"},"content":{"rendered":"<figure style=\"width: 500px\" class=\"wp-caption alignnone\"><img decoding=\"async\" class=\"alignnone size-medium\" src=\"http:\/\/www.pm.pb.gov.br\/portal\/wp-content\/uploads\/2013\/10\/8691_11647.jpg\" title=\"Arma apreendida com o acusado\" width=\"100%\" \/><figcaption class=\"wp-caption-text\">Arma apreendida com o acusado<\/figcaption><\/figure>\n<div style=\"text-align: justify;\">Os policiais do motopatrulhamento da Unidade de Pol\u00edcia Solid\u00e1ria (UPS) do Geisel prenderam na noite desta quinta-feira (31), durante uma incurs\u00e3o na comunidade Nova Rep\u00fablica, o suspeito Gillard Ten\u00f3rio, de 18 anos, que foi flagrado pelo trio policial em uma moto, armado com um rev\u00f3lver calibre 38.<\/p>\n<p>De acordo com o soldado Gouthierrz, do motopatrulhamento da UPS Geisel, assim que a guarni\u00e7\u00e3o entrou na comunidade se deparou com o acusado, que apresentou desconfian\u00e7a ao perceber a presen\u00e7a das motos policiais.<\/p>\n<p>\u0093Suspeitamos da atitude dele, at\u00e9 pelo hist\u00f3rico de passagem pela pol\u00edcia por alguns delitos cometidos por ele quando menor, realizamos uma abordagem no suspeito e encontramos a arma\u0094, contou o soldado, que ainda informou que o ve\u00edculo utilizado pelo acusado apresentava licenciamento atrasado.<\/p>\n<p>O suspeito foi levado at\u00e9 a 9\u00aa Delegacia Distrital, em Mangabeira, onde foi autuado por porte ilegal de arma. O trio do motopatrulhamento da UPS respons\u00e1vel pela pris\u00e3o era composto tamb\u00e9m pelo Sargento J\u00fanior e Soldado De S\u00e1.<\/p>\n<div class=\"row\" align=\"center\"><\/div>\n<\/div>\n","protected":false},"excerpt":{"rendered":"<p>Os policiais do motopatrulhamento da Unidade de Pol\u00edcia Solid\u00e1ria (UPS) do Geisel prenderam na noite desta quinta-feira (31), durante uma<\/p>\n","protected":false},"author":5,"featured_media":11647,"comment_status":"closed","ping_status":"closed","sticky":false,"template":"","format":"standard","meta":{"_exactmetrics_skip_tracking":false,"_exactmetrics_sitenote_active":false,"_exactmetrics_sitenote_note":"","_exactmetrics_sitenote_category":0,"footnotes":""},"categories":[4],"tags":[],"yoast_head":"<!-- This site is optimized with the Yoast SEO plugin v22.0 - https:\/\/yoast.com\/wordpress\/plugins\/seo\/ -->\n<title>UPS Geisel prende jovem armado na comunidade Nova Rep\u00fablica - Pol\u00edcia Militar da Para\u00edba<\/title>\n<meta name=\"robots\" content=\"index, follow, max-snippet:-1, max-image-preview:large, max-video-preview:-1\" \/>\n<link rel=\"canonical\" href=\"https:\/\/www.pm.pb.gov.br\/portal\/2013\/10\/31\/ups_geisel_prende_jovem_armado_na_comunidade_nova_republica\/\" \/>\n<meta property=\"og:locale\" content=\"pt_BR\" \/>\n<meta property=\"og:type\" content=\"article\" \/>\n<meta property=\"og:title\" content=\"UPS Geisel prende jovem armado na comunidade Nova Rep\u00fablica - Pol\u00edcia Militar da Para\u00edba\" \/>\n<meta property=\"og:description\" content=\"Os policiais do motopatrulhamento da Unidade de Pol\u00edcia Solid\u00e1ria (UPS) do Geisel prenderam na noite desta quinta-feira (31), durante uma\" \/>\n<meta property=\"og:url\" content=\"https:\/\/www.pm.pb.gov.br\/portal\/2013\/10\/31\/ups_geisel_prende_jovem_armado_na_comunidade_nova_republica\/\" \/>\n<meta property=\"og:site_name\" content=\"Pol\u00edcia Militar da Para\u00edba\" \/>\n<meta property=\"article:published_time\" content=\"2013-11-01T01:10:32+00:00\" \/>\n<meta property=\"og:image\" content=\"https:\/\/www.pm.pb.gov.br\/portal\/wp-content\/uploads\/2013\/10\/8691_11647.jpg\" \/>\n\t<meta property=\"og:image:width\" content=\"500\" \/>\n\t<meta property=\"og:image:height\" content=\"375\" \/>\n\t<meta property=\"og:image:type\" content=\"image\/jpeg\" \/>\n<meta name=\"author\" content=\"Assessoria de Imprensa da PMPB\" \/>\n<meta name=\"twitter:card\" content=\"summary_large_image\" \/>\n<meta name=\"twitter:label1\" content=\"Escrito por\" \/>\n\t<meta name=\"twitter:data1\" content=\"Assessoria de Imprensa da PMPB\" \/>\n\t<meta name=\"twitter:label2\" content=\"Est. tempo de leitura\" \/>\n\t<meta name=\"twitter:data2\" content=\"1 minuto\" \/>\n<script type=\"application\/ld+json\" class=\"yoast-schema-graph\">{\"@context\":\"https:\/\/schema.org\",\"@graph\":[{\"@type\":\"Article\",\"@id\":\"https:\/\/www.pm.pb.gov.br\/portal\/2013\/10\/31\/ups_geisel_prende_jovem_armado_na_comunidade_nova_republica\/#article\",\"isPartOf\":{\"@id\":\"https:\/\/www.pm.pb.gov.br\/portal\/2013\/10\/31\/ups_geisel_prende_jovem_armado_na_comunidade_nova_republica\/\"},\"author\":{\"name\":\"Assessoria de Imprensa da PMPB\",\"@id\":\"https:\/\/www.pm.pb.gov.br\/portal\/#\/schema\/person\/e8454f46651c3ecf0e1ba3c1666d9947\"},\"headline\":\"UPS Geisel prende jovem armado na comunidade Nova Rep\u00fablica\",\"datePublished\":\"2013-11-01T01:10:32+00:00\",\"dateModified\":\"2013-11-01T01:10:32+00:00\",\"mainEntityOfPage\":{\"@id\":\"https:\/\/www.pm.pb.gov.br\/portal\/2013\/10\/31\/ups_geisel_prende_jovem_armado_na_comunidade_nova_republica\/\"},\"wordCount\":194,\"publisher\":{\"@id\":\"https:\/\/www.pm.pb.gov.br\/portal\/#organization\"},\"articleSection\":[\"A\u00e7\u00f5es Policiais\"],\"inLanguage\":\"pt-BR\"},{\"@type\":\"WebPage\",\"@id\":\"https:\/\/www.pm.pb.gov.br\/portal\/2013\/10\/31\/ups_geisel_prende_jovem_armado_na_comunidade_nova_republica\/\",\"url\":\"https:\/\/www.pm.pb.gov.br\/portal\/2013\/10\/31\/ups_geisel_prende_jovem_armado_na_comunidade_nova_republica\/\",\"name\":\"UPS Geisel prende jovem armado na comunidade Nova Rep\u00fablica - Pol\u00edcia Militar da Para\u00edba\",\"isPartOf\":{\"@id\":\"https:\/\/www.pm.pb.gov.br\/portal\/#website\"},\"datePublished\":\"2013-11-01T01:10:32+00:00\",\"dateModified\":\"2013-11-01T01:10:32+00:00\",\"breadcrumb\":{\"@id\":\"https:\/\/www.pm.pb.gov.br\/portal\/2013\/10\/31\/ups_geisel_prende_jovem_armado_na_comunidade_nova_republica\/#breadcrumb\"},\"inLanguage\":\"pt-BR\",\"potentialAction\":[{\"@type\":\"ReadAction\",\"target\":[\"https:\/\/www.pm.pb.gov.br\/portal\/2013\/10\/31\/ups_geisel_prende_jovem_armado_na_comunidade_nova_republica\/\"]}]},{\"@type\":\"BreadcrumbList\",\"@id\":\"https:\/\/www.pm.pb.gov.br\/portal\/2013\/10\/31\/ups_geisel_prende_jovem_armado_na_comunidade_nova_republica\/#breadcrumb\",\"itemListElement\":[{\"@type\":\"ListItem\",\"position\":1,\"name\":\"In\u00edcio\",\"item\":\"https:\/\/www.pm.pb.gov.br\/portal\/\"},{\"@type\":\"ListItem\",\"position\":2,\"name\":\"UPS Geisel prende jovem armado na comunidade Nova Rep\u00fablica\"}]},{\"@type\":\"WebSite\",\"@id\":\"https:\/\/www.pm.pb.gov.br\/portal\/#website\",\"url\":\"https:\/\/www.pm.pb.gov.br\/portal\/\",\"name\":\"Pol\u00edcia Militar da Para\u00edba\",\"description\":\"\",\"publisher\":{\"@id\":\"https:\/\/www.pm.pb.gov.br\/portal\/#organization\"},\"potentialAction\":[{\"@type\":\"SearchAction\",\"target\":{\"@type\":\"EntryPoint\",\"urlTemplate\":\"https:\/\/www.pm.pb.gov.br\/portal\/?s={search_term_string}\"},\"query-input\":\"required name=search_term_string\"}],\"inLanguage\":\"pt-BR\"},{\"@type\":\"Organization\",\"@id\":\"https:\/\/www.pm.pb.gov.br\/portal\/#organization\",\"name\":\"Pol\u00edcia Militar da Para\u00edba\",\"url\":\"https:\/\/www.pm.pb.gov.br\/portal\/\",\"logo\":{\"@type\":\"ImageObject\",\"inLanguage\":\"pt-BR\",\"@id\":\"https:\/\/www.pm.pb.gov.br\/portal\/#\/schema\/logo\/image\/\",\"url\":\"https:\/\/www.pm.pb.gov.br\/portal\/wp-content\/uploads\/2025\/03\/cropped-logo-site-mag2-1.png\",\"contentUrl\":\"https:\/\/www.pm.pb.gov.br\/portal\/wp-content\/uploads\/2025\/03\/cropped-logo-site-mag2-1.png\",\"width\":320,\"height\":90,\"caption\":\"Pol\u00edcia Militar da Para\u00edba\"},\"image\":{\"@id\":\"https:\/\/www.pm.pb.gov.br\/portal\/#\/schema\/logo\/image\/\"}},{\"@type\":\"Person\",\"@id\":\"https:\/\/www.pm.pb.gov.br\/portal\/#\/schema\/person\/e8454f46651c3ecf0e1ba3c1666d9947\",\"name\":\"Assessoria de Imprensa da PMPB\",\"image\":{\"@type\":\"ImageObject\",\"inLanguage\":\"pt-BR\",\"@id\":\"https:\/\/www.pm.pb.gov.br\/portal\/#\/schema\/person\/image\/\",\"url\":\"https:\/\/secure.gravatar.com\/avatar\/2efe197438265d1e90bd98c4c8e1acf8?s=96&d=mm&r=g\",\"contentUrl\":\"https:\/\/secure.gravatar.com\/avatar\/2efe197438265d1e90bd98c4c8e1acf8?s=96&d=mm&r=g\",\"caption\":\"Assessoria de Imprensa da PMPB\"},\"url\":\"https:\/\/www.pm.pb.gov.br\/portal\/author\/assessoria\/\"}]}<\/script>\n<!-- \/ Yoast SEO plugin. -->","yoast_head_json":{"title":"UPS Geisel prende jovem armado na comunidade Nova Rep\u00fablica - Pol\u00edcia Militar da Para\u00edba","robots":{"index":"index","follow":"follow","max-snippet":"max-snippet:-1","max-image-preview":"max-image-preview:large","max-video-preview":"max-video-preview:-1"},"canonical":"https:\/\/www.pm.pb.gov.br\/portal\/2013\/10\/31\/ups_geisel_prende_jovem_armado_na_comunidade_nova_republica\/","og_locale":"pt_BR","og_type":"article","og_title":"UPS Geisel prende jovem armado na comunidade Nova Rep\u00fablica - Pol\u00edcia Militar da Para\u00edba","og_description":"Os policiais do motopatrulhamento da Unidade de Pol\u00edcia Solid\u00e1ria (UPS) do Geisel prenderam na noite desta quinta-feira (31), durante uma","og_url":"https:\/\/www.pm.pb.gov.br\/portal\/2013\/10\/31\/ups_geisel_prende_jovem_armado_na_comunidade_nova_republica\/","og_site_name":"Pol\u00edcia Militar da Para\u00edba","article_published_time":"2013-11-01T01:10:32+00:00","og_image":[{"width":500,"height":375,"url":"https:\/\/www.pm.pb.gov.br\/portal\/wp-content\/uploads\/2013\/10\/8691_11647.jpg","type":"image\/jpeg"}],"author":"Assessoria de Imprensa da PMPB","twitter_card":"summary_large_image","twitter_misc":{"Escrito por":"Assessoria de Imprensa da PMPB","Est. tempo de leitura":"1 minuto"},"schema":{"@context":"https:\/\/schema.org","@graph":[{"@type":"Article","@id":"https:\/\/www.pm.pb.gov.br\/portal\/2013\/10\/31\/ups_geisel_prende_jovem_armado_na_comunidade_nova_republica\/#article","isPartOf":{"@id":"https:\/\/www.pm.pb.gov.br\/portal\/2013\/10\/31\/ups_geisel_prende_jovem_armado_na_comunidade_nova_republica\/"},"author":{"name":"Assessoria de Imprensa da PMPB","@id":"https:\/\/www.pm.pb.gov.br\/portal\/#\/schema\/person\/e8454f46651c3ecf0e1ba3c1666d9947"},"headline":"UPS Geisel prende jovem armado na comunidade Nova Rep\u00fablica","datePublished":"2013-11-01T01:10:32+00:00","dateModified":"2013-11-01T01:10:32+00:00","mainEntityOfPage":{"@id":"https:\/\/www.pm.pb.gov.br\/portal\/2013\/10\/31\/ups_geisel_prende_jovem_armado_na_comunidade_nova_republica\/"},"wordCount":194,"publisher":{"@id":"https:\/\/www.pm.pb.gov.br\/portal\/#organization"},"articleSection":["A\u00e7\u00f5es Policiais"],"inLanguage":"pt-BR"},{"@type":"WebPage","@id":"https:\/\/www.pm.pb.gov.br\/portal\/2013\/10\/31\/ups_geisel_prende_jovem_armado_na_comunidade_nova_republica\/","url":"https:\/\/www.pm.pb.gov.br\/portal\/2013\/10\/31\/ups_geisel_prende_jovem_armado_na_comunidade_nova_republica\/","name":"UPS Geisel prende jovem armado na comunidade Nova Rep\u00fablica - Pol\u00edcia Militar da Para\u00edba","isPartOf":{"@id":"https:\/\/www.pm.pb.gov.br\/portal\/#website"},"datePublished":"2013-11-01T01:10:32+00:00","dateModified":"2013-11-01T01:10:32+00:00","breadcrumb":{"@id":"https:\/\/www.pm.pb.gov.br\/portal\/2013\/10\/31\/ups_geisel_prende_jovem_armado_na_comunidade_nova_republica\/#breadcrumb"},"inLanguage":"pt-BR","potentialAction":[{"@type":"ReadAction","target":["https:\/\/www.pm.pb.gov.br\/portal\/2013\/10\/31\/ups_geisel_prende_jovem_armado_na_comunidade_nova_republica\/"]}]},{"@type":"BreadcrumbList","@id":"https:\/\/www.pm.pb.gov.br\/portal\/2013\/10\/31\/ups_geisel_prende_jovem_armado_na_comunidade_nova_republica\/#breadcrumb","itemListElement":[{"@type":"ListItem","position":1,"name":"In\u00edcio","item":"https:\/\/www.pm.pb.gov.br\/portal\/"},{"@type":"ListItem","position":2,"name":"UPS Geisel prende jovem armado na comunidade Nova Rep\u00fablica"}]},{"@type":"WebSite","@id":"https:\/\/www.pm.pb.gov.br\/portal\/#website","url":"https:\/\/www.pm.pb.gov.br\/portal\/","name":"Pol\u00edcia Militar da Para\u00edba","description":"","publisher":{"@id":"https:\/\/www.pm.pb.gov.br\/portal\/#organization"},"potentialAction":[{"@type":"SearchAction","target":{"@type":"EntryPoint","urlTemplate":"https:\/\/www.pm.pb.gov.br\/portal\/?s={search_term_string}"},"query-input":"required name=search_term_string"}],"inLanguage":"pt-BR"},{"@type":"Organization","@id":"https:\/\/www.pm.pb.gov.br\/portal\/#organization","name":"Pol\u00edcia Militar da Para\u00edba","url":"https:\/\/www.pm.pb.gov.br\/portal\/","logo":{"@type":"ImageObject","inLanguage":"pt-BR","@id":"https:\/\/www.pm.pb.gov.br\/portal\/#\/schema\/logo\/image\/","url":"https:\/\/www.pm.pb.gov.br\/portal\/wp-content\/uploads\/2025\/03\/cropped-logo-site-mag2-1.png","contentUrl":"https:\/\/www.pm.pb.gov.br\/portal\/wp-content\/uploads\/2025\/03\/cropped-logo-site-mag2-1.png","width":320,"height":90,"caption":"Pol\u00edcia Militar da Para\u00edba"},"image":{"@id":"https:\/\/www.pm.pb.gov.br\/portal\/#\/schema\/logo\/image\/"}},{"@type":"Person","@id":"https:\/\/www.pm.pb.gov.br\/portal\/#\/schema\/person\/e8454f46651c3ecf0e1ba3c1666d9947","name":"Assessoria de Imprensa da PMPB","image":{"@type":"ImageObject","inLanguage":"pt-BR","@id":"https:\/\/www.pm.pb.gov.br\/portal\/#\/schema\/person\/image\/","url":"https:\/\/secure.gravatar.com\/avatar\/2efe197438265d1e90bd98c4c8e1acf8?s=96&d=mm&r=g","contentUrl":"https:\/\/secure.gravatar.com\/avatar\/2efe197438265d1e90bd98c4c8e1acf8?s=96&d=mm&r=g","caption":"Assessoria de Imprensa da PMPB"},"url":"https:\/\/www.pm.pb.gov.br\/portal\/author\/assessoria\/"}]}},"_links":{"self":[{"href":"https:\/\/www.pm.pb.gov.br\/portal\/wp-json\/wp\/v2\/posts\/892346"}],"collection":[{"href":"https:\/\/www.pm.pb.gov.br\/portal\/wp-json\/wp\/v2\/posts"}],"about":[{"href":"https:\/\/www.pm.pb.gov.br\/portal\/wp-json\/wp\/v2\/types\/post"}],"author":[{"embeddable":true,"href":"https:\/\/www.pm.pb.gov.br\/portal\/wp-json\/wp\/v2\/users\/5"}],"replies":[{"embeddable":true,"href":"https:\/\/www.pm.pb.gov.br\/portal\/wp-json\/wp\/v2\/comments?post=892346"}],"version-history":[{"count":0,"href":"https:\/\/www.pm.pb.gov.br\/portal\/wp-json\/wp\/v2\/posts\/892346\/revisions"}],"wp:featuredmedia":[{"embeddable":true,"href":"https:\/\/www.pm.pb.gov.br\/portal\/wp-json\/wp\/v2\/media\/11647"}],"wp:attachment":[{"href":"https:\/\/www.pm.pb.gov.br\/portal\/wp-json\/wp\/v2\/media?parent=892346"}],"wp:term":[{"taxonomy":"category","embeddable":true,"href":"https:\/\/www.pm.pb.gov.br\/portal\/wp-json\/wp\/v2\/categories?post=892346"},{"taxonomy":"post_tag","embeddable":true,"href":"https:\/\/www.pm.pb.gov.br\/portal\/wp-json\/wp\/v2\/tags?post=892346"}],"curies":[{"name":"wp","href":"https:\/\/api.w.org\/{rel}","templated":true}]}}