{"id":892325,"date":"2013-10-24T07:10:29","date_gmt":"2013-10-24T10:10:29","guid":{"rendered":"http:\/\/www.pm.pb.gov.br\/portal\/2013\/10\/policia_militar_divulga_esquema_de_seguranca_do_enem_2013\/"},"modified":"2013-10-24T07:10:29","modified_gmt":"2013-10-24T10:10:29","slug":"policia_militar_divulga_esquema_de_seguranca_do_enem_2013","status":"publish","type":"post","link":"https:\/\/www.pm.pb.gov.br\/portal\/2013\/10\/24\/policia_militar_divulga_esquema_de_seguranca_do_enem_2013\/","title":{"rendered":"Pol\u00edcia Militar divulga esquema de seguran\u00e7a do Enem 2013"},"content":{"rendered":"<figure style=\"width: 500px\" class=\"wp-caption alignnone\"><img decoding=\"async\" class=\"alignnone size-medium\" src=\"http:\/\/www.pm.pb.gov.br\/portal\/wp-content\/uploads\/2013\/10\/8646_11454.jpg\" title=\"A apresenta\u00e7\u00e3o foi feita durante uma coletiva de imprensa\" width=\"100%\" \/><figcaption class=\"wp-caption-text\">A apresenta\u00e7\u00e3o foi feita durante uma coletiva de imprensa<\/figcaption><\/figure>\n<div style=\"text-align: justify;\">A Pol\u00edcia Militar divulgou nesta quarta-feira (23) o esquema de seguran\u00e7a que ser\u00e1 utilizado para o Exame Nacional do Ensino M\u00e9dio 2013 (Enem), realizado no pr\u00f3ximo s\u00e1bado (26) e domingo (27), aqui na Para\u00edba. A opera\u00e7\u00e3o da PM come\u00e7a na sexta-feira (25) e conta com 1.200 policiais envolvidos e 150 viaturas, que v\u00e3o fazer a escolta dos malotes de provas que j\u00e1 est\u00e3o no 15\u00ba Batalh\u00e3o de Infantaria Motorizado, em Jo\u00e3o Pessoa, e 31\u00ba Batalh\u00e3o de Infantaria Motorizado, em Campina Grande, at\u00e9 os 45 munic\u00edpios onde ser\u00e3o realizadas as provas.<\/p>\n<p>Al\u00e9m da escolta nos trajetos, a Pol\u00edcia Militar vai refor\u00e7ar tamb\u00e9m o policiamento no entorno dos 417 locais de provas com o patrulhamento feito por viaturas, motos e a p\u00e9. Este ano, o efetivo \u00e9 maior em rela\u00e7\u00e3o ao ano passado (quando foram utilizados 1.000 policiais) por causa do aumento do n\u00famero de locais de provas, que passou de 276 em 2012 para 417 este ano.<\/p>\n<p>Segundo o coordenador de Planejamento Operacional da PM, tenente coronel Onivan Elias, a novidade, este ano, ser\u00e1 a instala\u00e7\u00e3o de um Centro de Comando e Controle para monitoramento das ocorr\u00eancias envolvendo o exame. A unidade funcionar\u00e1 na sede do Quartel do Comando Geral, na Capital, e tamb\u00e9m servir\u00e1 de elo para contato entre os comandantes regionais e a c\u00fapula de intelig\u00eancia e planejamento operacional da PM, em Jo\u00e3o Pessoa.<\/p>\n<p>\u0093Atrav\u00e9s da nossa Intranet, monitoraremos os 417 locais de provas que est\u00e3o distribu\u00eddos em 45 munic\u00edpios. J\u00e1 temos, nessa plataforma, informa\u00e7\u00f5es e recursos referentes a cada cidade e que podem ser \u00fateis quando da realiza\u00e7\u00e3o da opera\u00e7\u00e3o\u0094, frisou Onivan, acrescentando que as a\u00e7\u00f5es ostensivas incluem patrulhamento motorizado e, por vezes, a p\u00e9, nas proximidades e nos pontos de realiza\u00e7\u00e3o do Exame.<\/p>\n<p>Ainda segundo ele, ser\u00e3o empregados PMs de todos os batalh\u00f5es, al\u00e9m das seguintes unidades especializadas : Cavalaria, Tr\u00e2nsito, Ambiental, Companhia de Turismo e Batalh\u00e3o de Opera\u00e7\u00f5es Especiais. Eles tamb\u00e9m atuar\u00e3o nas escoltas a partir das Unidades Centralizadoras, os quart\u00e9is dos ex\u00e9rcitos (onde os exames j\u00e1 se encontram guardados), para as ag\u00eancias dos Correios &#8211; que far\u00e3o tamb\u00e9m sob escolta a distribui\u00e7\u00e3o dos malotes para os pontos de aplica\u00e7\u00e3o do Exame e depois a coleta dos gabaritos.<\/p>\n<p>O Enem \u0096 Na Para\u00edba, 187.325 alunos se inscreveram para o Exame Nacional do Ensino M\u00e9dio 2013 (Enem). A prova tamb\u00e9m \u00e9 requisito para o ingresso na Pol\u00edcia Militar da Para\u00edba, atrav\u00e9s do concurso para o Curso de Forma\u00e7\u00e3o de Oficiais.<\/p>\n<div class=\"row\" align=\"center\"><a href=\"http:\/\/www.pm.pb.gov.br\/portal\/wp-content\/uploads\/2013\/10\/8646_11455.jpg\"><figure style=\"width: 500px\" class=\"wp-caption alignnone\"><img decoding=\"async\" class=\"image-responsive\" src=\"http:\/\/www.pm.pb.gov.br\/portal\/wp-content\/uploads\/2013\/10\/8646_11455.jpg\" title=\"A PM utilizar\u00e1 1.2000 homens e 150 viaturas na opera\u00e7\u00e3o\" width=\"100%\" \/><figcaption class=\"wp-caption-text\">A PM utilizar\u00e1 1.2000 homens e 150 viaturas na opera\u00e7\u00e3o<\/figcaption><\/figure><\/a><\/div>\n<\/div>\n","protected":false},"excerpt":{"rendered":"<p>A Pol\u00edcia Militar divulgou nesta quarta-feira (23) o esquema de seguran\u00e7a que ser\u00e1 utilizado para o Exame Nacional do Ensino<\/p>\n","protected":false},"author":5,"featured_media":892323,"comment_status":"closed","ping_status":"closed","sticky":false,"template":"","format":"standard","meta":{"_exactmetrics_skip_tracking":false,"_exactmetrics_sitenote_active":false,"_exactmetrics_sitenote_note":"","_exactmetrics_sitenote_category":0,"footnotes":""},"categories":[15],"tags":[],"yoast_head":"<!-- This site is optimized with the Yoast SEO plugin v22.0 - https:\/\/yoast.com\/wordpress\/plugins\/seo\/ -->\n<title>Pol\u00edcia Militar divulga esquema de seguran\u00e7a do Enem 2013 - Pol\u00edcia Militar da Para\u00edba<\/title>\n<meta name=\"robots\" content=\"index, follow, max-snippet:-1, max-image-preview:large, max-video-preview:-1\" \/>\n<link rel=\"canonical\" href=\"https:\/\/www.pm.pb.gov.br\/portal\/2013\/10\/24\/policia_militar_divulga_esquema_de_seguranca_do_enem_2013\/\" \/>\n<meta property=\"og:locale\" content=\"pt_BR\" \/>\n<meta property=\"og:type\" content=\"article\" \/>\n<meta property=\"og:title\" content=\"Pol\u00edcia Militar divulga esquema de seguran\u00e7a do Enem 2013 - Pol\u00edcia Militar da Para\u00edba\" \/>\n<meta property=\"og:description\" content=\"A Pol\u00edcia Militar divulgou nesta quarta-feira (23) o esquema de seguran\u00e7a que ser\u00e1 utilizado para o Exame Nacional do Ensino\" \/>\n<meta property=\"og:url\" content=\"https:\/\/www.pm.pb.gov.br\/portal\/2013\/10\/24\/policia_militar_divulga_esquema_de_seguranca_do_enem_2013\/\" \/>\n<meta property=\"og:site_name\" content=\"Pol\u00edcia Militar da Para\u00edba\" \/>\n<meta property=\"article:published_time\" content=\"2013-10-24T10:10:29+00:00\" \/>\n<meta property=\"og:image\" content=\"https:\/\/www.pm.pb.gov.br\/portal\/wp-content\/uploads\/2013\/10\/8646_11454.jpg\" \/>\n\t<meta property=\"og:image:width\" content=\"500\" \/>\n\t<meta property=\"og:image:height\" content=\"333\" \/>\n\t<meta property=\"og:image:type\" content=\"image\/jpeg\" \/>\n<meta name=\"author\" content=\"Assessoria de Imprensa da PMPB\" \/>\n<meta name=\"twitter:card\" content=\"summary_large_image\" \/>\n<meta name=\"twitter:label1\" content=\"Escrito por\" \/>\n\t<meta name=\"twitter:data1\" content=\"Assessoria de Imprensa da PMPB\" \/>\n\t<meta name=\"twitter:label2\" content=\"Est. tempo de leitura\" \/>\n\t<meta name=\"twitter:data2\" content=\"2 minutos\" \/>\n<script type=\"application\/ld+json\" class=\"yoast-schema-graph\">{\"@context\":\"https:\/\/schema.org\",\"@graph\":[{\"@type\":\"Article\",\"@id\":\"https:\/\/www.pm.pb.gov.br\/portal\/2013\/10\/24\/policia_militar_divulga_esquema_de_seguranca_do_enem_2013\/#article\",\"isPartOf\":{\"@id\":\"https:\/\/www.pm.pb.gov.br\/portal\/2013\/10\/24\/policia_militar_divulga_esquema_de_seguranca_do_enem_2013\/\"},\"author\":{\"name\":\"Assessoria de Imprensa da PMPB\",\"@id\":\"https:\/\/www.pm.pb.gov.br\/portal\/#\/schema\/person\/e8454f46651c3ecf0e1ba3c1666d9947\"},\"headline\":\"Pol\u00edcia Militar divulga esquema de seguran\u00e7a do Enem 2013\",\"datePublished\":\"2013-10-24T10:10:29+00:00\",\"dateModified\":\"2013-10-24T10:10:29+00:00\",\"mainEntityOfPage\":{\"@id\":\"https:\/\/www.pm.pb.gov.br\/portal\/2013\/10\/24\/policia_militar_divulga_esquema_de_seguranca_do_enem_2013\/\"},\"wordCount\":479,\"publisher\":{\"@id\":\"https:\/\/www.pm.pb.gov.br\/portal\/#organization\"},\"articleSection\":[\"Informativo\"],\"inLanguage\":\"pt-BR\"},{\"@type\":\"WebPage\",\"@id\":\"https:\/\/www.pm.pb.gov.br\/portal\/2013\/10\/24\/policia_militar_divulga_esquema_de_seguranca_do_enem_2013\/\",\"url\":\"https:\/\/www.pm.pb.gov.br\/portal\/2013\/10\/24\/policia_militar_divulga_esquema_de_seguranca_do_enem_2013\/\",\"name\":\"Pol\u00edcia Militar divulga esquema de seguran\u00e7a do Enem 2013 - Pol\u00edcia Militar da Para\u00edba\",\"isPartOf\":{\"@id\":\"https:\/\/www.pm.pb.gov.br\/portal\/#website\"},\"datePublished\":\"2013-10-24T10:10:29+00:00\",\"dateModified\":\"2013-10-24T10:10:29+00:00\",\"breadcrumb\":{\"@id\":\"https:\/\/www.pm.pb.gov.br\/portal\/2013\/10\/24\/policia_militar_divulga_esquema_de_seguranca_do_enem_2013\/#breadcrumb\"},\"inLanguage\":\"pt-BR\",\"potentialAction\":[{\"@type\":\"ReadAction\",\"target\":[\"https:\/\/www.pm.pb.gov.br\/portal\/2013\/10\/24\/policia_militar_divulga_esquema_de_seguranca_do_enem_2013\/\"]}]},{\"@type\":\"BreadcrumbList\",\"@id\":\"https:\/\/www.pm.pb.gov.br\/portal\/2013\/10\/24\/policia_militar_divulga_esquema_de_seguranca_do_enem_2013\/#breadcrumb\",\"itemListElement\":[{\"@type\":\"ListItem\",\"position\":1,\"name\":\"In\u00edcio\",\"item\":\"https:\/\/www.pm.pb.gov.br\/portal\/\"},{\"@type\":\"ListItem\",\"position\":2,\"name\":\"Pol\u00edcia Militar divulga esquema de seguran\u00e7a do Enem 2013\"}]},{\"@type\":\"WebSite\",\"@id\":\"https:\/\/www.pm.pb.gov.br\/portal\/#website\",\"url\":\"https:\/\/www.pm.pb.gov.br\/portal\/\",\"name\":\"Pol\u00edcia Militar da Para\u00edba\",\"description\":\"\",\"publisher\":{\"@id\":\"https:\/\/www.pm.pb.gov.br\/portal\/#organization\"},\"potentialAction\":[{\"@type\":\"SearchAction\",\"target\":{\"@type\":\"EntryPoint\",\"urlTemplate\":\"https:\/\/www.pm.pb.gov.br\/portal\/?s={search_term_string}\"},\"query-input\":\"required name=search_term_string\"}],\"inLanguage\":\"pt-BR\"},{\"@type\":\"Organization\",\"@id\":\"https:\/\/www.pm.pb.gov.br\/portal\/#organization\",\"name\":\"Pol\u00edcia Militar da Para\u00edba\",\"url\":\"https:\/\/www.pm.pb.gov.br\/portal\/\",\"logo\":{\"@type\":\"ImageObject\",\"inLanguage\":\"pt-BR\",\"@id\":\"https:\/\/www.pm.pb.gov.br\/portal\/#\/schema\/logo\/image\/\",\"url\":\"https:\/\/www.pm.pb.gov.br\/portal\/wp-content\/uploads\/2025\/03\/cropped-logo-site-mag2-1.png\",\"contentUrl\":\"https:\/\/www.pm.pb.gov.br\/portal\/wp-content\/uploads\/2025\/03\/cropped-logo-site-mag2-1.png\",\"width\":320,\"height\":90,\"caption\":\"Pol\u00edcia Militar da Para\u00edba\"},\"image\":{\"@id\":\"https:\/\/www.pm.pb.gov.br\/portal\/#\/schema\/logo\/image\/\"}},{\"@type\":\"Person\",\"@id\":\"https:\/\/www.pm.pb.gov.br\/portal\/#\/schema\/person\/e8454f46651c3ecf0e1ba3c1666d9947\",\"name\":\"Assessoria de Imprensa da PMPB\",\"image\":{\"@type\":\"ImageObject\",\"inLanguage\":\"pt-BR\",\"@id\":\"https:\/\/www.pm.pb.gov.br\/portal\/#\/schema\/person\/image\/\",\"url\":\"https:\/\/secure.gravatar.com\/avatar\/2efe197438265d1e90bd98c4c8e1acf8?s=96&d=mm&r=g\",\"contentUrl\":\"https:\/\/secure.gravatar.com\/avatar\/2efe197438265d1e90bd98c4c8e1acf8?s=96&d=mm&r=g\",\"caption\":\"Assessoria de Imprensa da PMPB\"},\"url\":\"https:\/\/www.pm.pb.gov.br\/portal\/author\/assessoria\/\"}]}<\/script>\n<!-- \/ Yoast SEO plugin. -->","yoast_head_json":{"title":"Pol\u00edcia Militar divulga esquema de seguran\u00e7a do Enem 2013 - Pol\u00edcia Militar da Para\u00edba","robots":{"index":"index","follow":"follow","max-snippet":"max-snippet:-1","max-image-preview":"max-image-preview:large","max-video-preview":"max-video-preview:-1"},"canonical":"https:\/\/www.pm.pb.gov.br\/portal\/2013\/10\/24\/policia_militar_divulga_esquema_de_seguranca_do_enem_2013\/","og_locale":"pt_BR","og_type":"article","og_title":"Pol\u00edcia Militar divulga esquema de seguran\u00e7a do Enem 2013 - Pol\u00edcia Militar da Para\u00edba","og_description":"A Pol\u00edcia Militar divulgou nesta quarta-feira (23) o esquema de seguran\u00e7a que ser\u00e1 utilizado para o Exame Nacional do Ensino","og_url":"https:\/\/www.pm.pb.gov.br\/portal\/2013\/10\/24\/policia_militar_divulga_esquema_de_seguranca_do_enem_2013\/","og_site_name":"Pol\u00edcia Militar da Para\u00edba","article_published_time":"2013-10-24T10:10:29+00:00","og_image":[{"width":500,"height":333,"url":"https:\/\/www.pm.pb.gov.br\/portal\/wp-content\/uploads\/2013\/10\/8646_11454.jpg","type":"image\/jpeg"}],"author":"Assessoria de Imprensa da PMPB","twitter_card":"summary_large_image","twitter_misc":{"Escrito por":"Assessoria de Imprensa da PMPB","Est. tempo de leitura":"2 minutos"},"schema":{"@context":"https:\/\/schema.org","@graph":[{"@type":"Article","@id":"https:\/\/www.pm.pb.gov.br\/portal\/2013\/10\/24\/policia_militar_divulga_esquema_de_seguranca_do_enem_2013\/#article","isPartOf":{"@id":"https:\/\/www.pm.pb.gov.br\/portal\/2013\/10\/24\/policia_militar_divulga_esquema_de_seguranca_do_enem_2013\/"},"author":{"name":"Assessoria de Imprensa da PMPB","@id":"https:\/\/www.pm.pb.gov.br\/portal\/#\/schema\/person\/e8454f46651c3ecf0e1ba3c1666d9947"},"headline":"Pol\u00edcia Militar divulga esquema de seguran\u00e7a do Enem 2013","datePublished":"2013-10-24T10:10:29+00:00","dateModified":"2013-10-24T10:10:29+00:00","mainEntityOfPage":{"@id":"https:\/\/www.pm.pb.gov.br\/portal\/2013\/10\/24\/policia_militar_divulga_esquema_de_seguranca_do_enem_2013\/"},"wordCount":479,"publisher":{"@id":"https:\/\/www.pm.pb.gov.br\/portal\/#organization"},"articleSection":["Informativo"],"inLanguage":"pt-BR"},{"@type":"WebPage","@id":"https:\/\/www.pm.pb.gov.br\/portal\/2013\/10\/24\/policia_militar_divulga_esquema_de_seguranca_do_enem_2013\/","url":"https:\/\/www.pm.pb.gov.br\/portal\/2013\/10\/24\/policia_militar_divulga_esquema_de_seguranca_do_enem_2013\/","name":"Pol\u00edcia Militar divulga esquema de seguran\u00e7a do Enem 2013 - Pol\u00edcia Militar da Para\u00edba","isPartOf":{"@id":"https:\/\/www.pm.pb.gov.br\/portal\/#website"},"datePublished":"2013-10-24T10:10:29+00:00","dateModified":"2013-10-24T10:10:29+00:00","breadcrumb":{"@id":"https:\/\/www.pm.pb.gov.br\/portal\/2013\/10\/24\/policia_militar_divulga_esquema_de_seguranca_do_enem_2013\/#breadcrumb"},"inLanguage":"pt-BR","potentialAction":[{"@type":"ReadAction","target":["https:\/\/www.pm.pb.gov.br\/portal\/2013\/10\/24\/policia_militar_divulga_esquema_de_seguranca_do_enem_2013\/"]}]},{"@type":"BreadcrumbList","@id":"https:\/\/www.pm.pb.gov.br\/portal\/2013\/10\/24\/policia_militar_divulga_esquema_de_seguranca_do_enem_2013\/#breadcrumb","itemListElement":[{"@type":"ListItem","position":1,"name":"In\u00edcio","item":"https:\/\/www.pm.pb.gov.br\/portal\/"},{"@type":"ListItem","position":2,"name":"Pol\u00edcia Militar divulga esquema de seguran\u00e7a do Enem 2013"}]},{"@type":"WebSite","@id":"https:\/\/www.pm.pb.gov.br\/portal\/#website","url":"https:\/\/www.pm.pb.gov.br\/portal\/","name":"Pol\u00edcia Militar da Para\u00edba","description":"","publisher":{"@id":"https:\/\/www.pm.pb.gov.br\/portal\/#organization"},"potentialAction":[{"@type":"SearchAction","target":{"@type":"EntryPoint","urlTemplate":"https:\/\/www.pm.pb.gov.br\/portal\/?s={search_term_string}"},"query-input":"required name=search_term_string"}],"inLanguage":"pt-BR"},{"@type":"Organization","@id":"https:\/\/www.pm.pb.gov.br\/portal\/#organization","name":"Pol\u00edcia Militar da Para\u00edba","url":"https:\/\/www.pm.pb.gov.br\/portal\/","logo":{"@type":"ImageObject","inLanguage":"pt-BR","@id":"https:\/\/www.pm.pb.gov.br\/portal\/#\/schema\/logo\/image\/","url":"https:\/\/www.pm.pb.gov.br\/portal\/wp-content\/uploads\/2025\/03\/cropped-logo-site-mag2-1.png","contentUrl":"https:\/\/www.pm.pb.gov.br\/portal\/wp-content\/uploads\/2025\/03\/cropped-logo-site-mag2-1.png","width":320,"height":90,"caption":"Pol\u00edcia Militar da Para\u00edba"},"image":{"@id":"https:\/\/www.pm.pb.gov.br\/portal\/#\/schema\/logo\/image\/"}},{"@type":"Person","@id":"https:\/\/www.pm.pb.gov.br\/portal\/#\/schema\/person\/e8454f46651c3ecf0e1ba3c1666d9947","name":"Assessoria de Imprensa da PMPB","image":{"@type":"ImageObject","inLanguage":"pt-BR","@id":"https:\/\/www.pm.pb.gov.br\/portal\/#\/schema\/person\/image\/","url":"https:\/\/secure.gravatar.com\/avatar\/2efe197438265d1e90bd98c4c8e1acf8?s=96&d=mm&r=g","contentUrl":"https:\/\/secure.gravatar.com\/avatar\/2efe197438265d1e90bd98c4c8e1acf8?s=96&d=mm&r=g","caption":"Assessoria de Imprensa da PMPB"},"url":"https:\/\/www.pm.pb.gov.br\/portal\/author\/assessoria\/"}]}},"_links":{"self":[{"href":"https:\/\/www.pm.pb.gov.br\/portal\/wp-json\/wp\/v2\/posts\/892325"}],"collection":[{"href":"https:\/\/www.pm.pb.gov.br\/portal\/wp-json\/wp\/v2\/posts"}],"about":[{"href":"https:\/\/www.pm.pb.gov.br\/portal\/wp-json\/wp\/v2\/types\/post"}],"author":[{"embeddable":true,"href":"https:\/\/www.pm.pb.gov.br\/portal\/wp-json\/wp\/v2\/users\/5"}],"replies":[{"embeddable":true,"href":"https:\/\/www.pm.pb.gov.br\/portal\/wp-json\/wp\/v2\/comments?post=892325"}],"version-history":[{"count":0,"href":"https:\/\/www.pm.pb.gov.br\/portal\/wp-json\/wp\/v2\/posts\/892325\/revisions"}],"wp:featuredmedia":[{"embeddable":true,"href":"https:\/\/www.pm.pb.gov.br\/portal\/wp-json\/wp\/v2\/media\/892323"}],"wp:attachment":[{"href":"https:\/\/www.pm.pb.gov.br\/portal\/wp-json\/wp\/v2\/media?parent=892325"}],"wp:term":[{"taxonomy":"category","embeddable":true,"href":"https:\/\/www.pm.pb.gov.br\/portal\/wp-json\/wp\/v2\/categories?post=892325"},{"taxonomy":"post_tag","embeddable":true,"href":"https:\/\/www.pm.pb.gov.br\/portal\/wp-json\/wp\/v2\/tags?post=892325"}],"curies":[{"name":"wp","href":"https:\/\/api.w.org\/{rel}","templated":true}]}}