{"id":892317,"date":"2013-10-23T21:10:10","date_gmt":"2013-10-24T00:10:10","guid":{"rendered":"http:\/\/www.pm.pb.gov.br\/portal\/2013\/10\/palestra_conscientiza_pms_para_prevencao_ao_cancer_de_mama\/"},"modified":"2013-10-23T21:10:10","modified_gmt":"2013-10-24T00:10:10","slug":"palestra_conscientiza_pms_para_prevencao_ao_cancer_de_mama","status":"publish","type":"post","link":"https:\/\/www.pm.pb.gov.br\/portal\/2013\/10\/23\/palestra_conscientiza_pms_para_prevencao_ao_cancer_de_mama\/","title":{"rendered":"Palestra conscientiza PMs para preven\u00e7\u00e3o ao C\u00e2ncer de Mama"},"content":{"rendered":"<figure style=\"width: 500px\" class=\"wp-caption alignnone\"><img decoding=\"async\" class=\"alignnone size-medium\" src=\"http:\/\/www.pm.pb.gov.br\/portal\/wp-content\/uploads\/2013\/10\/8643_11453.jpg\" title=\"A\u00e7\u00e3o adere a campanha mundial intitulada de 'Outubro Rosa'\" width=\"100%\" \/><figcaption class=\"wp-caption-text\">A\u00e7\u00e3o adere a campanha mundial intitulada de &#8216;Outubro Rosa&#8217;<\/figcaption><\/figure>\n<div style=\"text-align: justify;\">A Diretoria de Sa\u00fade da Pol\u00edcia Militar da Para\u00edba realiza, \u00e0s 10h30 desta sexta-feira (25), uma palestra para conscientiza\u00e7\u00e3o e \u0091Preven\u00e7\u00e3o ao C\u00e2ncer de Mama\u0092. O evento, que acontece no audit\u00f3rio do Quartel do Comando Geral, no Centro da Capital, \u00e9 direcionado \u00e0s servidoras civis e policiais femininas que integram o quadro da PMPB e \u00e9 uma forma de uma ades\u00e3o a Campanha Outubro Rosa, que acontece mundialmente em favor da luta contra o c\u00e2ncer de Mama.<\/p>\n<p>Segundo o diretor de Sa\u00fade da PMPB, coronel F\u00e1bio Almeida, a palestra ter\u00e1 dura\u00e7\u00e3o m\u00e9dia de 40 minutos e abordar\u00e1 os principais riscos que envolvem a neoplasia na mama; al\u00e9m de trazer dados estat\u00edsticos sobre a incid\u00eancia da doen\u00e7a na Para\u00edba e a taxa de mortalidade.  A palestra fica por conta da enfermeira Capit\u00e3 Virg\u00edlia e da m\u00e9dica ginecologista Capit\u00e3 Eva, ambas integrantes do quadro de Sa\u00fade da PMPB.<\/p>\n<p>\u0093Queremos sensibilizar o p\u00fablico interno feminino sobre a import\u00e2ncia do autoexame e outros m\u00e9todos de preven\u00e7\u00e3o. Na ocasi\u00e3o, tamb\u00e9m distribuiremos folders relacionados a Campanha Outubro Rosa\u0094, comentou o coronel F\u00e1bio, ao acrescentar que a diretoria est\u00e1 estudando a implanta\u00e7\u00e3o de um projeto de sa\u00fade preventiva, na qual todos os homens e mulheres da PM, acima de 40 anos, fa\u00e7am exames preventivos peri\u00f3dico na policl\u00ednica da institui\u00e7\u00e3o.<\/p>\n<p>Atualmente, a unidade, que fica localizada na Rua da Areia, no Centro da Capital, oferece gratuitamente aos funcion\u00e1rios civis e militares da PM consultas com especialistas diversos \u0096 a exemplo de mastologista e ginecologistas.<\/p>\n<div class=\"row\" align=\"center\"><\/div>\n<\/div>\n","protected":false},"excerpt":{"rendered":"<p>A Diretoria de Sa\u00fade da Pol\u00edcia Militar da Para\u00edba realiza, \u00e0s 10h30 desta sexta-feira (25), uma palestra para conscientiza\u00e7\u00e3o e<\/p>\n","protected":false},"author":5,"featured_media":892316,"comment_status":"closed","ping_status":"closed","sticky":false,"template":"","format":"standard","meta":{"_exactmetrics_skip_tracking":false,"_exactmetrics_sitenote_active":false,"_exactmetrics_sitenote_note":"","_exactmetrics_sitenote_category":0,"footnotes":""},"categories":[14],"tags":[],"yoast_head":"<!-- This site is optimized with the Yoast SEO plugin v22.0 - https:\/\/yoast.com\/wordpress\/plugins\/seo\/ -->\n<title>Palestra conscientiza PMs para preven\u00e7\u00e3o ao C\u00e2ncer de Mama - Pol\u00edcia Militar da Para\u00edba<\/title>\n<meta name=\"robots\" content=\"index, follow, max-snippet:-1, max-image-preview:large, max-video-preview:-1\" \/>\n<link rel=\"canonical\" href=\"https:\/\/www.pm.pb.gov.br\/portal\/2013\/10\/23\/palestra_conscientiza_pms_para_prevencao_ao_cancer_de_mama\/\" \/>\n<meta property=\"og:locale\" content=\"pt_BR\" \/>\n<meta property=\"og:type\" content=\"article\" \/>\n<meta property=\"og:title\" content=\"Palestra conscientiza PMs para preven\u00e7\u00e3o ao C\u00e2ncer de Mama - Pol\u00edcia Militar da Para\u00edba\" \/>\n<meta property=\"og:description\" content=\"A Diretoria de Sa\u00fade da Pol\u00edcia Militar da Para\u00edba realiza, \u00e0s 10h30 desta sexta-feira (25), uma palestra para conscientiza\u00e7\u00e3o e\" \/>\n<meta property=\"og:url\" content=\"https:\/\/www.pm.pb.gov.br\/portal\/2013\/10\/23\/palestra_conscientiza_pms_para_prevencao_ao_cancer_de_mama\/\" \/>\n<meta property=\"og:site_name\" content=\"Pol\u00edcia Militar da Para\u00edba\" \/>\n<meta property=\"article:published_time\" content=\"2013-10-24T00:10:10+00:00\" \/>\n<meta property=\"og:image\" content=\"https:\/\/www.pm.pb.gov.br\/portal\/wp-content\/uploads\/2013\/10\/8643_11453.jpg\" \/>\n\t<meta property=\"og:image:width\" content=\"500\" \/>\n\t<meta property=\"og:image:height\" content=\"360\" \/>\n\t<meta property=\"og:image:type\" content=\"image\/jpeg\" \/>\n<meta name=\"author\" content=\"Assessoria de Imprensa da PMPB\" \/>\n<meta name=\"twitter:card\" content=\"summary_large_image\" \/>\n<meta name=\"twitter:label1\" content=\"Escrito por\" \/>\n\t<meta name=\"twitter:data1\" content=\"Assessoria de Imprensa da PMPB\" \/>\n\t<meta name=\"twitter:label2\" content=\"Est. tempo de leitura\" \/>\n\t<meta name=\"twitter:data2\" content=\"1 minuto\" \/>\n<script type=\"application\/ld+json\" class=\"yoast-schema-graph\">{\"@context\":\"https:\/\/schema.org\",\"@graph\":[{\"@type\":\"Article\",\"@id\":\"https:\/\/www.pm.pb.gov.br\/portal\/2013\/10\/23\/palestra_conscientiza_pms_para_prevencao_ao_cancer_de_mama\/#article\",\"isPartOf\":{\"@id\":\"https:\/\/www.pm.pb.gov.br\/portal\/2013\/10\/23\/palestra_conscientiza_pms_para_prevencao_ao_cancer_de_mama\/\"},\"author\":{\"name\":\"Assessoria de Imprensa da PMPB\",\"@id\":\"https:\/\/www.pm.pb.gov.br\/portal\/#\/schema\/person\/e8454f46651c3ecf0e1ba3c1666d9947\"},\"headline\":\"Palestra conscientiza PMs para preven\u00e7\u00e3o ao C\u00e2ncer de Mama\",\"datePublished\":\"2013-10-24T00:10:10+00:00\",\"dateModified\":\"2013-10-24T00:10:10+00:00\",\"mainEntityOfPage\":{\"@id\":\"https:\/\/www.pm.pb.gov.br\/portal\/2013\/10\/23\/palestra_conscientiza_pms_para_prevencao_ao_cancer_de_mama\/\"},\"wordCount\":302,\"publisher\":{\"@id\":\"https:\/\/www.pm.pb.gov.br\/portal\/#organization\"},\"articleSection\":[\"Preven\u00e7\u00e3o\"],\"inLanguage\":\"pt-BR\"},{\"@type\":\"WebPage\",\"@id\":\"https:\/\/www.pm.pb.gov.br\/portal\/2013\/10\/23\/palestra_conscientiza_pms_para_prevencao_ao_cancer_de_mama\/\",\"url\":\"https:\/\/www.pm.pb.gov.br\/portal\/2013\/10\/23\/palestra_conscientiza_pms_para_prevencao_ao_cancer_de_mama\/\",\"name\":\"Palestra conscientiza PMs para preven\u00e7\u00e3o ao C\u00e2ncer de Mama - Pol\u00edcia Militar da Para\u00edba\",\"isPartOf\":{\"@id\":\"https:\/\/www.pm.pb.gov.br\/portal\/#website\"},\"datePublished\":\"2013-10-24T00:10:10+00:00\",\"dateModified\":\"2013-10-24T00:10:10+00:00\",\"breadcrumb\":{\"@id\":\"https:\/\/www.pm.pb.gov.br\/portal\/2013\/10\/23\/palestra_conscientiza_pms_para_prevencao_ao_cancer_de_mama\/#breadcrumb\"},\"inLanguage\":\"pt-BR\",\"potentialAction\":[{\"@type\":\"ReadAction\",\"target\":[\"https:\/\/www.pm.pb.gov.br\/portal\/2013\/10\/23\/palestra_conscientiza_pms_para_prevencao_ao_cancer_de_mama\/\"]}]},{\"@type\":\"BreadcrumbList\",\"@id\":\"https:\/\/www.pm.pb.gov.br\/portal\/2013\/10\/23\/palestra_conscientiza_pms_para_prevencao_ao_cancer_de_mama\/#breadcrumb\",\"itemListElement\":[{\"@type\":\"ListItem\",\"position\":1,\"name\":\"In\u00edcio\",\"item\":\"https:\/\/www.pm.pb.gov.br\/portal\/\"},{\"@type\":\"ListItem\",\"position\":2,\"name\":\"Palestra conscientiza PMs para preven\u00e7\u00e3o ao C\u00e2ncer de Mama\"}]},{\"@type\":\"WebSite\",\"@id\":\"https:\/\/www.pm.pb.gov.br\/portal\/#website\",\"url\":\"https:\/\/www.pm.pb.gov.br\/portal\/\",\"name\":\"Pol\u00edcia Militar da Para\u00edba\",\"description\":\"\",\"publisher\":{\"@id\":\"https:\/\/www.pm.pb.gov.br\/portal\/#organization\"},\"potentialAction\":[{\"@type\":\"SearchAction\",\"target\":{\"@type\":\"EntryPoint\",\"urlTemplate\":\"https:\/\/www.pm.pb.gov.br\/portal\/?s={search_term_string}\"},\"query-input\":\"required name=search_term_string\"}],\"inLanguage\":\"pt-BR\"},{\"@type\":\"Organization\",\"@id\":\"https:\/\/www.pm.pb.gov.br\/portal\/#organization\",\"name\":\"Pol\u00edcia Militar da Para\u00edba\",\"url\":\"https:\/\/www.pm.pb.gov.br\/portal\/\",\"logo\":{\"@type\":\"ImageObject\",\"inLanguage\":\"pt-BR\",\"@id\":\"https:\/\/www.pm.pb.gov.br\/portal\/#\/schema\/logo\/image\/\",\"url\":\"https:\/\/www.pm.pb.gov.br\/portal\/wp-content\/uploads\/2025\/03\/cropped-logo-site-mag2-1.png\",\"contentUrl\":\"https:\/\/www.pm.pb.gov.br\/portal\/wp-content\/uploads\/2025\/03\/cropped-logo-site-mag2-1.png\",\"width\":320,\"height\":90,\"caption\":\"Pol\u00edcia Militar da Para\u00edba\"},\"image\":{\"@id\":\"https:\/\/www.pm.pb.gov.br\/portal\/#\/schema\/logo\/image\/\"}},{\"@type\":\"Person\",\"@id\":\"https:\/\/www.pm.pb.gov.br\/portal\/#\/schema\/person\/e8454f46651c3ecf0e1ba3c1666d9947\",\"name\":\"Assessoria de Imprensa da PMPB\",\"image\":{\"@type\":\"ImageObject\",\"inLanguage\":\"pt-BR\",\"@id\":\"https:\/\/www.pm.pb.gov.br\/portal\/#\/schema\/person\/image\/\",\"url\":\"https:\/\/secure.gravatar.com\/avatar\/2efe197438265d1e90bd98c4c8e1acf8?s=96&d=mm&r=g\",\"contentUrl\":\"https:\/\/secure.gravatar.com\/avatar\/2efe197438265d1e90bd98c4c8e1acf8?s=96&d=mm&r=g\",\"caption\":\"Assessoria de Imprensa da PMPB\"},\"url\":\"https:\/\/www.pm.pb.gov.br\/portal\/author\/assessoria\/\"}]}<\/script>\n<!-- \/ Yoast SEO plugin. -->","yoast_head_json":{"title":"Palestra conscientiza PMs para preven\u00e7\u00e3o ao C\u00e2ncer de Mama - Pol\u00edcia Militar da Para\u00edba","robots":{"index":"index","follow":"follow","max-snippet":"max-snippet:-1","max-image-preview":"max-image-preview:large","max-video-preview":"max-video-preview:-1"},"canonical":"https:\/\/www.pm.pb.gov.br\/portal\/2013\/10\/23\/palestra_conscientiza_pms_para_prevencao_ao_cancer_de_mama\/","og_locale":"pt_BR","og_type":"article","og_title":"Palestra conscientiza PMs para preven\u00e7\u00e3o ao C\u00e2ncer de Mama - Pol\u00edcia Militar da Para\u00edba","og_description":"A Diretoria de Sa\u00fade da Pol\u00edcia Militar da Para\u00edba realiza, \u00e0s 10h30 desta sexta-feira (25), uma palestra para conscientiza\u00e7\u00e3o e","og_url":"https:\/\/www.pm.pb.gov.br\/portal\/2013\/10\/23\/palestra_conscientiza_pms_para_prevencao_ao_cancer_de_mama\/","og_site_name":"Pol\u00edcia Militar da Para\u00edba","article_published_time":"2013-10-24T00:10:10+00:00","og_image":[{"width":500,"height":360,"url":"https:\/\/www.pm.pb.gov.br\/portal\/wp-content\/uploads\/2013\/10\/8643_11453.jpg","type":"image\/jpeg"}],"author":"Assessoria de Imprensa da PMPB","twitter_card":"summary_large_image","twitter_misc":{"Escrito por":"Assessoria de Imprensa da PMPB","Est. tempo de leitura":"1 minuto"},"schema":{"@context":"https:\/\/schema.org","@graph":[{"@type":"Article","@id":"https:\/\/www.pm.pb.gov.br\/portal\/2013\/10\/23\/palestra_conscientiza_pms_para_prevencao_ao_cancer_de_mama\/#article","isPartOf":{"@id":"https:\/\/www.pm.pb.gov.br\/portal\/2013\/10\/23\/palestra_conscientiza_pms_para_prevencao_ao_cancer_de_mama\/"},"author":{"name":"Assessoria de Imprensa da PMPB","@id":"https:\/\/www.pm.pb.gov.br\/portal\/#\/schema\/person\/e8454f46651c3ecf0e1ba3c1666d9947"},"headline":"Palestra conscientiza PMs para preven\u00e7\u00e3o ao C\u00e2ncer de Mama","datePublished":"2013-10-24T00:10:10+00:00","dateModified":"2013-10-24T00:10:10+00:00","mainEntityOfPage":{"@id":"https:\/\/www.pm.pb.gov.br\/portal\/2013\/10\/23\/palestra_conscientiza_pms_para_prevencao_ao_cancer_de_mama\/"},"wordCount":302,"publisher":{"@id":"https:\/\/www.pm.pb.gov.br\/portal\/#organization"},"articleSection":["Preven\u00e7\u00e3o"],"inLanguage":"pt-BR"},{"@type":"WebPage","@id":"https:\/\/www.pm.pb.gov.br\/portal\/2013\/10\/23\/palestra_conscientiza_pms_para_prevencao_ao_cancer_de_mama\/","url":"https:\/\/www.pm.pb.gov.br\/portal\/2013\/10\/23\/palestra_conscientiza_pms_para_prevencao_ao_cancer_de_mama\/","name":"Palestra conscientiza PMs para preven\u00e7\u00e3o ao C\u00e2ncer de Mama - Pol\u00edcia Militar da Para\u00edba","isPartOf":{"@id":"https:\/\/www.pm.pb.gov.br\/portal\/#website"},"datePublished":"2013-10-24T00:10:10+00:00","dateModified":"2013-10-24T00:10:10+00:00","breadcrumb":{"@id":"https:\/\/www.pm.pb.gov.br\/portal\/2013\/10\/23\/palestra_conscientiza_pms_para_prevencao_ao_cancer_de_mama\/#breadcrumb"},"inLanguage":"pt-BR","potentialAction":[{"@type":"ReadAction","target":["https:\/\/www.pm.pb.gov.br\/portal\/2013\/10\/23\/palestra_conscientiza_pms_para_prevencao_ao_cancer_de_mama\/"]}]},{"@type":"BreadcrumbList","@id":"https:\/\/www.pm.pb.gov.br\/portal\/2013\/10\/23\/palestra_conscientiza_pms_para_prevencao_ao_cancer_de_mama\/#breadcrumb","itemListElement":[{"@type":"ListItem","position":1,"name":"In\u00edcio","item":"https:\/\/www.pm.pb.gov.br\/portal\/"},{"@type":"ListItem","position":2,"name":"Palestra conscientiza PMs para preven\u00e7\u00e3o ao C\u00e2ncer de Mama"}]},{"@type":"WebSite","@id":"https:\/\/www.pm.pb.gov.br\/portal\/#website","url":"https:\/\/www.pm.pb.gov.br\/portal\/","name":"Pol\u00edcia Militar da Para\u00edba","description":"","publisher":{"@id":"https:\/\/www.pm.pb.gov.br\/portal\/#organization"},"potentialAction":[{"@type":"SearchAction","target":{"@type":"EntryPoint","urlTemplate":"https:\/\/www.pm.pb.gov.br\/portal\/?s={search_term_string}"},"query-input":"required name=search_term_string"}],"inLanguage":"pt-BR"},{"@type":"Organization","@id":"https:\/\/www.pm.pb.gov.br\/portal\/#organization","name":"Pol\u00edcia Militar da Para\u00edba","url":"https:\/\/www.pm.pb.gov.br\/portal\/","logo":{"@type":"ImageObject","inLanguage":"pt-BR","@id":"https:\/\/www.pm.pb.gov.br\/portal\/#\/schema\/logo\/image\/","url":"https:\/\/www.pm.pb.gov.br\/portal\/wp-content\/uploads\/2025\/03\/cropped-logo-site-mag2-1.png","contentUrl":"https:\/\/www.pm.pb.gov.br\/portal\/wp-content\/uploads\/2025\/03\/cropped-logo-site-mag2-1.png","width":320,"height":90,"caption":"Pol\u00edcia Militar da Para\u00edba"},"image":{"@id":"https:\/\/www.pm.pb.gov.br\/portal\/#\/schema\/logo\/image\/"}},{"@type":"Person","@id":"https:\/\/www.pm.pb.gov.br\/portal\/#\/schema\/person\/e8454f46651c3ecf0e1ba3c1666d9947","name":"Assessoria de Imprensa da PMPB","image":{"@type":"ImageObject","inLanguage":"pt-BR","@id":"https:\/\/www.pm.pb.gov.br\/portal\/#\/schema\/person\/image\/","url":"https:\/\/secure.gravatar.com\/avatar\/2efe197438265d1e90bd98c4c8e1acf8?s=96&d=mm&r=g","contentUrl":"https:\/\/secure.gravatar.com\/avatar\/2efe197438265d1e90bd98c4c8e1acf8?s=96&d=mm&r=g","caption":"Assessoria de Imprensa da PMPB"},"url":"https:\/\/www.pm.pb.gov.br\/portal\/author\/assessoria\/"}]}},"_links":{"self":[{"href":"https:\/\/www.pm.pb.gov.br\/portal\/wp-json\/wp\/v2\/posts\/892317"}],"collection":[{"href":"https:\/\/www.pm.pb.gov.br\/portal\/wp-json\/wp\/v2\/posts"}],"about":[{"href":"https:\/\/www.pm.pb.gov.br\/portal\/wp-json\/wp\/v2\/types\/post"}],"author":[{"embeddable":true,"href":"https:\/\/www.pm.pb.gov.br\/portal\/wp-json\/wp\/v2\/users\/5"}],"replies":[{"embeddable":true,"href":"https:\/\/www.pm.pb.gov.br\/portal\/wp-json\/wp\/v2\/comments?post=892317"}],"version-history":[{"count":0,"href":"https:\/\/www.pm.pb.gov.br\/portal\/wp-json\/wp\/v2\/posts\/892317\/revisions"}],"wp:featuredmedia":[{"embeddable":true,"href":"https:\/\/www.pm.pb.gov.br\/portal\/wp-json\/wp\/v2\/media\/892316"}],"wp:attachment":[{"href":"https:\/\/www.pm.pb.gov.br\/portal\/wp-json\/wp\/v2\/media?parent=892317"}],"wp:term":[{"taxonomy":"category","embeddable":true,"href":"https:\/\/www.pm.pb.gov.br\/portal\/wp-json\/wp\/v2\/categories?post=892317"},{"taxonomy":"post_tag","embeddable":true,"href":"https:\/\/www.pm.pb.gov.br\/portal\/wp-json\/wp\/v2\/tags?post=892317"}],"curies":[{"name":"wp","href":"https:\/\/api.w.org\/{rel}","templated":true}]}}