{"id":892306,"date":"2013-10-21T09:10:06","date_gmt":"2013-10-21T12:10:06","guid":{"rendered":"http:\/\/www.pm.pb.gov.br\/portal\/2013\/10\/operacao_recupera_mais_duas_motocicletas_com_registro_de_roubo\/"},"modified":"2013-10-21T09:10:06","modified_gmt":"2013-10-21T12:10:06","slug":"operacao_recupera_mais_duas_motocicletas_com_registro_de_roubo","status":"publish","type":"post","link":"https:\/\/www.pm.pb.gov.br\/portal\/2013\/10\/21\/operacao_recupera_mais_duas_motocicletas_com_registro_de_roubo\/","title":{"rendered":"Opera\u00e7\u00e3o recupera mais duas motocicletas com registro de roubo"},"content":{"rendered":"<figure style=\"width: 500px\" class=\"wp-caption alignnone\"><img decoding=\"async\" class=\"alignnone size-medium\" src=\"http:\/\/www.pm.pb.gov.br\/portal\/wp-content\/uploads\/2013\/10\/8635_11444.jpg\" title=\"Foto Ilustrativa\" width=\"100%\" \/><figcaption class=\"wp-caption-text\">Foto Ilustrativa<\/figcaption><\/figure>\n<div style=\"text-align: justify;\">Policiais militares do 9\u00ba Batalh\u00e3o recuperaram, neste domingo (20), duas motocicletas com registro de roubo ou furto.  A primeira apreens\u00e3o aconteceu no munic\u00edpio de Cubati (na Borborema), quando, ao realizarem rondas ostensivas, os policiais encontraram a moto Honda Fan de placa NPY \u0096 5337 , que estava com Pedro Medeiros Alves, 30 anos \u0096 conduzido para a delegacia local.<\/p>\n<p>Poucas horas depois, em Bara\u00fana (ainda na Borborema),  os policiais apreenderam a motocicleta Honda CG 125 Fan, de cor azul e placa MNI -4297, que estava em poder de Edvaldo N\u00f3brega Silva. Ele tamb\u00e9m foi conduzido para a delegacia a fim de prestar esclarecimentos.<\/p>\n<p>Para o major Afonso Ant\u00f4nio Galv\u00e3o, Comandante do 9\u00ba BPM, o crescente n\u00famero de apreens\u00f5es de ve\u00edculos roubados na \u00e1rea circunscricional da unidade militar, \u0093demonstra a compet\u00eancia e efic\u00e1cia dos nossos policiais. Mais duas motocicletas voltar\u00e3o aos seus respectivos propriet\u00e1rios legais. Opera\u00e7\u00f5es com a mesma finalidade ser\u00e3o desencadeadas em parceria com a Pol\u00edcia Civil\u0094.<\/p>\n<p>No Sert\u00e3o<\/p>\n<p>Policiais militares da 2\u00aa Cia do 12\u00ba BPM, em S\u00e3o Bento, retiraram mais uma arma de circula\u00e7\u00e3o. O rev\u00f3lver taurus calibre 38, com seis muni\u00e7\u00f5es intactas, estava com o vaqueiro Janacio Fernandes de Azevedo, 19 anos. O flagrante aconteceu por volta das 20h deste domingo (20), quando os policiais realizavam rondas de rotina na zona rural de S\u00e3o Bento.<\/p>\n<p>Segundo as informa\u00e7\u00f5es levantadas, Janacio \u00e9 suspeito de praticar roubos na regi\u00e3o. Ele foi conduzido para a delegacia local.<\/p>\n<div class=\"row\" align=\"center\"><\/div>\n<\/div>\n","protected":false},"excerpt":{"rendered":"<p>Policiais militares do 9\u00ba Batalh\u00e3o recuperaram, neste domingo (20), duas motocicletas com registro de roubo ou furto. A primeira apreens\u00e3o<\/p>\n","protected":false},"author":5,"featured_media":892305,"comment_status":"closed","ping_status":"closed","sticky":false,"template":"","format":"standard","meta":{"_exactmetrics_skip_tracking":false,"_exactmetrics_sitenote_active":false,"_exactmetrics_sitenote_note":"","_exactmetrics_sitenote_category":0,"footnotes":""},"categories":[4],"tags":[],"yoast_head":"<!-- This site is optimized with the Yoast SEO plugin v22.0 - https:\/\/yoast.com\/wordpress\/plugins\/seo\/ -->\n<title>Opera\u00e7\u00e3o recupera mais duas motocicletas com registro de roubo - Pol\u00edcia Militar da Para\u00edba<\/title>\n<meta name=\"robots\" content=\"index, follow, max-snippet:-1, max-image-preview:large, max-video-preview:-1\" \/>\n<link rel=\"canonical\" href=\"https:\/\/www.pm.pb.gov.br\/portal\/2013\/10\/21\/operacao_recupera_mais_duas_motocicletas_com_registro_de_roubo\/\" \/>\n<meta property=\"og:locale\" content=\"pt_BR\" \/>\n<meta property=\"og:type\" content=\"article\" \/>\n<meta property=\"og:title\" content=\"Opera\u00e7\u00e3o recupera mais duas motocicletas com registro de roubo - Pol\u00edcia Militar da Para\u00edba\" \/>\n<meta property=\"og:description\" content=\"Policiais militares do 9\u00ba Batalh\u00e3o recuperaram, neste domingo (20), duas motocicletas com registro de roubo ou furto. A primeira apreens\u00e3o\" \/>\n<meta property=\"og:url\" content=\"https:\/\/www.pm.pb.gov.br\/portal\/2013\/10\/21\/operacao_recupera_mais_duas_motocicletas_com_registro_de_roubo\/\" \/>\n<meta property=\"og:site_name\" content=\"Pol\u00edcia Militar da Para\u00edba\" \/>\n<meta property=\"article:published_time\" content=\"2013-10-21T12:10:06+00:00\" \/>\n<meta property=\"og:image\" content=\"https:\/\/www.pm.pb.gov.br\/portal\/wp-content\/uploads\/2013\/10\/8635_11444.jpg\" \/>\n\t<meta property=\"og:image:width\" content=\"500\" \/>\n\t<meta property=\"og:image:height\" content=\"375\" \/>\n\t<meta property=\"og:image:type\" content=\"image\/jpeg\" \/>\n<meta name=\"author\" content=\"Assessoria de Imprensa da PMPB\" \/>\n<meta name=\"twitter:card\" content=\"summary_large_image\" \/>\n<meta name=\"twitter:label1\" content=\"Escrito por\" \/>\n\t<meta name=\"twitter:data1\" content=\"Assessoria de Imprensa da PMPB\" \/>\n\t<meta name=\"twitter:label2\" content=\"Est. tempo de leitura\" \/>\n\t<meta name=\"twitter:data2\" content=\"1 minuto\" \/>\n<script type=\"application\/ld+json\" class=\"yoast-schema-graph\">{\"@context\":\"https:\/\/schema.org\",\"@graph\":[{\"@type\":\"Article\",\"@id\":\"https:\/\/www.pm.pb.gov.br\/portal\/2013\/10\/21\/operacao_recupera_mais_duas_motocicletas_com_registro_de_roubo\/#article\",\"isPartOf\":{\"@id\":\"https:\/\/www.pm.pb.gov.br\/portal\/2013\/10\/21\/operacao_recupera_mais_duas_motocicletas_com_registro_de_roubo\/\"},\"author\":{\"name\":\"Assessoria de Imprensa da PMPB\",\"@id\":\"https:\/\/www.pm.pb.gov.br\/portal\/#\/schema\/person\/e8454f46651c3ecf0e1ba3c1666d9947\"},\"headline\":\"Opera\u00e7\u00e3o recupera mais duas motocicletas com registro de roubo\",\"datePublished\":\"2013-10-21T12:10:06+00:00\",\"dateModified\":\"2013-10-21T12:10:06+00:00\",\"mainEntityOfPage\":{\"@id\":\"https:\/\/www.pm.pb.gov.br\/portal\/2013\/10\/21\/operacao_recupera_mais_duas_motocicletas_com_registro_de_roubo\/\"},\"wordCount\":266,\"publisher\":{\"@id\":\"https:\/\/www.pm.pb.gov.br\/portal\/#organization\"},\"articleSection\":[\"A\u00e7\u00f5es Policiais\"],\"inLanguage\":\"pt-BR\"},{\"@type\":\"WebPage\",\"@id\":\"https:\/\/www.pm.pb.gov.br\/portal\/2013\/10\/21\/operacao_recupera_mais_duas_motocicletas_com_registro_de_roubo\/\",\"url\":\"https:\/\/www.pm.pb.gov.br\/portal\/2013\/10\/21\/operacao_recupera_mais_duas_motocicletas_com_registro_de_roubo\/\",\"name\":\"Opera\u00e7\u00e3o recupera mais duas motocicletas com registro de roubo - Pol\u00edcia Militar da Para\u00edba\",\"isPartOf\":{\"@id\":\"https:\/\/www.pm.pb.gov.br\/portal\/#website\"},\"datePublished\":\"2013-10-21T12:10:06+00:00\",\"dateModified\":\"2013-10-21T12:10:06+00:00\",\"breadcrumb\":{\"@id\":\"https:\/\/www.pm.pb.gov.br\/portal\/2013\/10\/21\/operacao_recupera_mais_duas_motocicletas_com_registro_de_roubo\/#breadcrumb\"},\"inLanguage\":\"pt-BR\",\"potentialAction\":[{\"@type\":\"ReadAction\",\"target\":[\"https:\/\/www.pm.pb.gov.br\/portal\/2013\/10\/21\/operacao_recupera_mais_duas_motocicletas_com_registro_de_roubo\/\"]}]},{\"@type\":\"BreadcrumbList\",\"@id\":\"https:\/\/www.pm.pb.gov.br\/portal\/2013\/10\/21\/operacao_recupera_mais_duas_motocicletas_com_registro_de_roubo\/#breadcrumb\",\"itemListElement\":[{\"@type\":\"ListItem\",\"position\":1,\"name\":\"In\u00edcio\",\"item\":\"https:\/\/www.pm.pb.gov.br\/portal\/\"},{\"@type\":\"ListItem\",\"position\":2,\"name\":\"Opera\u00e7\u00e3o recupera mais duas motocicletas com registro de roubo\"}]},{\"@type\":\"WebSite\",\"@id\":\"https:\/\/www.pm.pb.gov.br\/portal\/#website\",\"url\":\"https:\/\/www.pm.pb.gov.br\/portal\/\",\"name\":\"Pol\u00edcia Militar da Para\u00edba\",\"description\":\"\",\"publisher\":{\"@id\":\"https:\/\/www.pm.pb.gov.br\/portal\/#organization\"},\"potentialAction\":[{\"@type\":\"SearchAction\",\"target\":{\"@type\":\"EntryPoint\",\"urlTemplate\":\"https:\/\/www.pm.pb.gov.br\/portal\/?s={search_term_string}\"},\"query-input\":\"required name=search_term_string\"}],\"inLanguage\":\"pt-BR\"},{\"@type\":\"Organization\",\"@id\":\"https:\/\/www.pm.pb.gov.br\/portal\/#organization\",\"name\":\"Pol\u00edcia Militar da Para\u00edba\",\"url\":\"https:\/\/www.pm.pb.gov.br\/portal\/\",\"logo\":{\"@type\":\"ImageObject\",\"inLanguage\":\"pt-BR\",\"@id\":\"https:\/\/www.pm.pb.gov.br\/portal\/#\/schema\/logo\/image\/\",\"url\":\"https:\/\/www.pm.pb.gov.br\/portal\/wp-content\/uploads\/2025\/03\/cropped-logo-site-mag2-1.png\",\"contentUrl\":\"https:\/\/www.pm.pb.gov.br\/portal\/wp-content\/uploads\/2025\/03\/cropped-logo-site-mag2-1.png\",\"width\":320,\"height\":90,\"caption\":\"Pol\u00edcia Militar da Para\u00edba\"},\"image\":{\"@id\":\"https:\/\/www.pm.pb.gov.br\/portal\/#\/schema\/logo\/image\/\"}},{\"@type\":\"Person\",\"@id\":\"https:\/\/www.pm.pb.gov.br\/portal\/#\/schema\/person\/e8454f46651c3ecf0e1ba3c1666d9947\",\"name\":\"Assessoria de Imprensa da PMPB\",\"image\":{\"@type\":\"ImageObject\",\"inLanguage\":\"pt-BR\",\"@id\":\"https:\/\/www.pm.pb.gov.br\/portal\/#\/schema\/person\/image\/\",\"url\":\"https:\/\/secure.gravatar.com\/avatar\/2efe197438265d1e90bd98c4c8e1acf8?s=96&d=mm&r=g\",\"contentUrl\":\"https:\/\/secure.gravatar.com\/avatar\/2efe197438265d1e90bd98c4c8e1acf8?s=96&d=mm&r=g\",\"caption\":\"Assessoria de Imprensa da PMPB\"},\"url\":\"https:\/\/www.pm.pb.gov.br\/portal\/author\/assessoria\/\"}]}<\/script>\n<!-- \/ Yoast SEO plugin. -->","yoast_head_json":{"title":"Opera\u00e7\u00e3o recupera mais duas motocicletas com registro de roubo - Pol\u00edcia Militar da Para\u00edba","robots":{"index":"index","follow":"follow","max-snippet":"max-snippet:-1","max-image-preview":"max-image-preview:large","max-video-preview":"max-video-preview:-1"},"canonical":"https:\/\/www.pm.pb.gov.br\/portal\/2013\/10\/21\/operacao_recupera_mais_duas_motocicletas_com_registro_de_roubo\/","og_locale":"pt_BR","og_type":"article","og_title":"Opera\u00e7\u00e3o recupera mais duas motocicletas com registro de roubo - Pol\u00edcia Militar da Para\u00edba","og_description":"Policiais militares do 9\u00ba Batalh\u00e3o recuperaram, neste domingo (20), duas motocicletas com registro de roubo ou furto. A primeira apreens\u00e3o","og_url":"https:\/\/www.pm.pb.gov.br\/portal\/2013\/10\/21\/operacao_recupera_mais_duas_motocicletas_com_registro_de_roubo\/","og_site_name":"Pol\u00edcia Militar da Para\u00edba","article_published_time":"2013-10-21T12:10:06+00:00","og_image":[{"width":500,"height":375,"url":"https:\/\/www.pm.pb.gov.br\/portal\/wp-content\/uploads\/2013\/10\/8635_11444.jpg","type":"image\/jpeg"}],"author":"Assessoria de Imprensa da PMPB","twitter_card":"summary_large_image","twitter_misc":{"Escrito por":"Assessoria de Imprensa da PMPB","Est. tempo de leitura":"1 minuto"},"schema":{"@context":"https:\/\/schema.org","@graph":[{"@type":"Article","@id":"https:\/\/www.pm.pb.gov.br\/portal\/2013\/10\/21\/operacao_recupera_mais_duas_motocicletas_com_registro_de_roubo\/#article","isPartOf":{"@id":"https:\/\/www.pm.pb.gov.br\/portal\/2013\/10\/21\/operacao_recupera_mais_duas_motocicletas_com_registro_de_roubo\/"},"author":{"name":"Assessoria de Imprensa da PMPB","@id":"https:\/\/www.pm.pb.gov.br\/portal\/#\/schema\/person\/e8454f46651c3ecf0e1ba3c1666d9947"},"headline":"Opera\u00e7\u00e3o recupera mais duas motocicletas com registro de roubo","datePublished":"2013-10-21T12:10:06+00:00","dateModified":"2013-10-21T12:10:06+00:00","mainEntityOfPage":{"@id":"https:\/\/www.pm.pb.gov.br\/portal\/2013\/10\/21\/operacao_recupera_mais_duas_motocicletas_com_registro_de_roubo\/"},"wordCount":266,"publisher":{"@id":"https:\/\/www.pm.pb.gov.br\/portal\/#organization"},"articleSection":["A\u00e7\u00f5es Policiais"],"inLanguage":"pt-BR"},{"@type":"WebPage","@id":"https:\/\/www.pm.pb.gov.br\/portal\/2013\/10\/21\/operacao_recupera_mais_duas_motocicletas_com_registro_de_roubo\/","url":"https:\/\/www.pm.pb.gov.br\/portal\/2013\/10\/21\/operacao_recupera_mais_duas_motocicletas_com_registro_de_roubo\/","name":"Opera\u00e7\u00e3o recupera mais duas motocicletas com registro de roubo - Pol\u00edcia Militar da Para\u00edba","isPartOf":{"@id":"https:\/\/www.pm.pb.gov.br\/portal\/#website"},"datePublished":"2013-10-21T12:10:06+00:00","dateModified":"2013-10-21T12:10:06+00:00","breadcrumb":{"@id":"https:\/\/www.pm.pb.gov.br\/portal\/2013\/10\/21\/operacao_recupera_mais_duas_motocicletas_com_registro_de_roubo\/#breadcrumb"},"inLanguage":"pt-BR","potentialAction":[{"@type":"ReadAction","target":["https:\/\/www.pm.pb.gov.br\/portal\/2013\/10\/21\/operacao_recupera_mais_duas_motocicletas_com_registro_de_roubo\/"]}]},{"@type":"BreadcrumbList","@id":"https:\/\/www.pm.pb.gov.br\/portal\/2013\/10\/21\/operacao_recupera_mais_duas_motocicletas_com_registro_de_roubo\/#breadcrumb","itemListElement":[{"@type":"ListItem","position":1,"name":"In\u00edcio","item":"https:\/\/www.pm.pb.gov.br\/portal\/"},{"@type":"ListItem","position":2,"name":"Opera\u00e7\u00e3o recupera mais duas motocicletas com registro de roubo"}]},{"@type":"WebSite","@id":"https:\/\/www.pm.pb.gov.br\/portal\/#website","url":"https:\/\/www.pm.pb.gov.br\/portal\/","name":"Pol\u00edcia Militar da Para\u00edba","description":"","publisher":{"@id":"https:\/\/www.pm.pb.gov.br\/portal\/#organization"},"potentialAction":[{"@type":"SearchAction","target":{"@type":"EntryPoint","urlTemplate":"https:\/\/www.pm.pb.gov.br\/portal\/?s={search_term_string}"},"query-input":"required name=search_term_string"}],"inLanguage":"pt-BR"},{"@type":"Organization","@id":"https:\/\/www.pm.pb.gov.br\/portal\/#organization","name":"Pol\u00edcia Militar da Para\u00edba","url":"https:\/\/www.pm.pb.gov.br\/portal\/","logo":{"@type":"ImageObject","inLanguage":"pt-BR","@id":"https:\/\/www.pm.pb.gov.br\/portal\/#\/schema\/logo\/image\/","url":"https:\/\/www.pm.pb.gov.br\/portal\/wp-content\/uploads\/2025\/03\/cropped-logo-site-mag2-1.png","contentUrl":"https:\/\/www.pm.pb.gov.br\/portal\/wp-content\/uploads\/2025\/03\/cropped-logo-site-mag2-1.png","width":320,"height":90,"caption":"Pol\u00edcia Militar da Para\u00edba"},"image":{"@id":"https:\/\/www.pm.pb.gov.br\/portal\/#\/schema\/logo\/image\/"}},{"@type":"Person","@id":"https:\/\/www.pm.pb.gov.br\/portal\/#\/schema\/person\/e8454f46651c3ecf0e1ba3c1666d9947","name":"Assessoria de Imprensa da PMPB","image":{"@type":"ImageObject","inLanguage":"pt-BR","@id":"https:\/\/www.pm.pb.gov.br\/portal\/#\/schema\/person\/image\/","url":"https:\/\/secure.gravatar.com\/avatar\/2efe197438265d1e90bd98c4c8e1acf8?s=96&d=mm&r=g","contentUrl":"https:\/\/secure.gravatar.com\/avatar\/2efe197438265d1e90bd98c4c8e1acf8?s=96&d=mm&r=g","caption":"Assessoria de Imprensa da PMPB"},"url":"https:\/\/www.pm.pb.gov.br\/portal\/author\/assessoria\/"}]}},"_links":{"self":[{"href":"https:\/\/www.pm.pb.gov.br\/portal\/wp-json\/wp\/v2\/posts\/892306"}],"collection":[{"href":"https:\/\/www.pm.pb.gov.br\/portal\/wp-json\/wp\/v2\/posts"}],"about":[{"href":"https:\/\/www.pm.pb.gov.br\/portal\/wp-json\/wp\/v2\/types\/post"}],"author":[{"embeddable":true,"href":"https:\/\/www.pm.pb.gov.br\/portal\/wp-json\/wp\/v2\/users\/5"}],"replies":[{"embeddable":true,"href":"https:\/\/www.pm.pb.gov.br\/portal\/wp-json\/wp\/v2\/comments?post=892306"}],"version-history":[{"count":0,"href":"https:\/\/www.pm.pb.gov.br\/portal\/wp-json\/wp\/v2\/posts\/892306\/revisions"}],"wp:featuredmedia":[{"embeddable":true,"href":"https:\/\/www.pm.pb.gov.br\/portal\/wp-json\/wp\/v2\/media\/892305"}],"wp:attachment":[{"href":"https:\/\/www.pm.pb.gov.br\/portal\/wp-json\/wp\/v2\/media?parent=892306"}],"wp:term":[{"taxonomy":"category","embeddable":true,"href":"https:\/\/www.pm.pb.gov.br\/portal\/wp-json\/wp\/v2\/categories?post=892306"},{"taxonomy":"post_tag","embeddable":true,"href":"https:\/\/www.pm.pb.gov.br\/portal\/wp-json\/wp\/v2\/tags?post=892306"}],"curies":[{"name":"wp","href":"https:\/\/api.w.org\/{rel}","templated":true}]}}