{"id":892282,"date":"2013-10-11T12:10:32","date_gmt":"2013-10-11T15:10:32","guid":{"rendered":"http:\/\/www.pm.pb.gov.br\/portal\/2013\/10\/militares_doam_brinquedos_para_criancas_de_comunidade_carente\/"},"modified":"2013-10-11T12:10:32","modified_gmt":"2013-10-11T15:10:32","slug":"militares_doam_brinquedos_para_criancas_de_comunidade_carente","status":"publish","type":"post","link":"https:\/\/www.pm.pb.gov.br\/portal\/2013\/10\/11\/militares_doam_brinquedos_para_criancas_de_comunidade_carente\/","title":{"rendered":"Militares doam brinquedos para crian\u00e7as de comunidade carente"},"content":{"rendered":"<figure style=\"width: 500px\" class=\"wp-caption alignnone\"><img decoding=\"async\" class=\"alignnone size-medium\" src=\"http:\/\/www.pm.pb.gov.br\/portal\/wp-content\/uploads\/2013\/10\/8612_11401.jpg\" title=\"Surpresa agradou garotada no dia que antecede o Dia das Crian\u00e7as (Fotos: Werneck Moreno)\" width=\"100%\" \/><figcaption class=\"wp-caption-text\">Surpresa agradou garotada no dia que antecede o Dia das Crian\u00e7as (Fotos: Werneck Moreno)<\/figcaption><\/figure>\n<div style=\"text-align: justify;\">As crian\u00e7as da comunidade Nova Trindade, no bairro de Mar\u00e9s, na Capital, tiveram uma alegre surpresa na manh\u00e3 desta sexta-feira (11). \u00c9 que na data que antecede o dia deles, o local recebeu a visita de policiais militares da Diretoria de Apoio Log\u00edstico (DAL) da corpora\u00e7\u00e3o, que levaram centenas de brinquedos  e  guloseimas para presentear a garotada.<\/p>\n<p>Jackson Anselmo, de 8 anos, ficou feliz com a lembran\u00e7a inesperada. \u0093Ganhei uma bola e j\u00e1 vou brincar de chute e volley com ela\u0094, disse, animado. Al\u00e9m dele, outras crian\u00e7as de diversas faixas et\u00e1rias ganharam bonecas, jogos educativos, bambol\u00eas, carrinhos, entre outros. \u0093Para n\u00f3s \u00e9 uma satisfa\u00e7\u00e3o muito grande proporcionar esse momento para crian\u00e7as carentes\u0094, comentou o Diretor de Apoio Log\u00edstico da PM, coronel Carlos Tarc\u00edcio, um dos idealizadores da a\u00e7\u00e3o social.<\/p>\n<p>Segundo ele, toda a doa\u00e7\u00e3o veio dos pr\u00f3prios policiais militares da unidade, que aderiram totalmente a campanha. \u0093At\u00e9 policiais que estavam de licen\u00e7a souberam da ideia e realizaram suas doa\u00e7\u00f5es\u0094, contou, ao lembrar que datas como essa fazem aflorar o sentimento de servi\u00e7o e ajuda ao pr\u00f3ximo. \u0093N\u00e3o quer\u00edamos que o Dia das Crian\u00e7as passasse em branco para essa garotada\u0094, completou o oficial.<\/p>\n<div class=\"row\" align=\"center\"><a href=\"http:\/\/www.pm.pb.gov.br\/exportacao\/fotos_noticias\/8612_11402.jpg\"><figure style=\"width: 500px\" class=\"wp-caption alignnone\"><img decoding=\"async\" class=\"image-responsive\" src=\"http:\/\/www.pm.pb.gov.br\/exportacao\/fotos_noticias\/8612_11402.jpg\" title=\"Militares da DAL realizaram a doa\u00e7\u00e3o dos brinquedos\" width=\"100%\" \/><figcaption class=\"wp-caption-text\">Militares da DAL realizaram a doa\u00e7\u00e3o dos brinquedos<\/figcaption><\/figure><\/a><a href=\"http:\/\/www.pm.pb.gov.br\/portal\/wp-content\/uploads\/2013\/10\/8612_11403.jpg\"><figure style=\"width: 500px\" class=\"wp-caption alignnone\"><img decoding=\"async\" class=\"image-responsive\" src=\"http:\/\/www.pm.pb.gov.br\/portal\/wp-content\/uploads\/2013\/10\/8612_11403.jpg\" title=\"A\u00e7\u00e3o teve ades\u00e3o total da unidade\" width=\"100%\" \/><figcaption class=\"wp-caption-text\">A\u00e7\u00e3o teve ades\u00e3o total da unidade<\/figcaption><\/figure><\/a><\/div>\n<\/div>\n","protected":false},"excerpt":{"rendered":"<p>As crian\u00e7as da comunidade Nova Trindade, no bairro de Mar\u00e9s, na Capital, tiveram uma alegre surpresa na manh\u00e3 desta sexta-feira<\/p>\n","protected":false},"author":5,"featured_media":11401,"comment_status":"closed","ping_status":"closed","sticky":false,"template":"","format":"standard","meta":{"_exactmetrics_skip_tracking":false,"_exactmetrics_sitenote_active":false,"_exactmetrics_sitenote_note":"","_exactmetrics_sitenote_category":0,"footnotes":""},"categories":[4],"tags":[],"yoast_head":"<!-- This site is optimized with the Yoast SEO plugin v22.0 - https:\/\/yoast.com\/wordpress\/plugins\/seo\/ -->\n<title>Militares doam brinquedos para crian\u00e7as de comunidade carente - Pol\u00edcia Militar da Para\u00edba<\/title>\n<meta name=\"robots\" content=\"index, follow, max-snippet:-1, max-image-preview:large, max-video-preview:-1\" \/>\n<link rel=\"canonical\" href=\"https:\/\/www.pm.pb.gov.br\/portal\/2013\/10\/11\/militares_doam_brinquedos_para_criancas_de_comunidade_carente\/\" \/>\n<meta property=\"og:locale\" content=\"pt_BR\" \/>\n<meta property=\"og:type\" content=\"article\" \/>\n<meta property=\"og:title\" content=\"Militares doam brinquedos para crian\u00e7as de comunidade carente - Pol\u00edcia Militar da Para\u00edba\" \/>\n<meta property=\"og:description\" content=\"As crian\u00e7as da comunidade Nova Trindade, no bairro de Mar\u00e9s, na Capital, tiveram uma alegre surpresa na manh\u00e3 desta sexta-feira\" \/>\n<meta property=\"og:url\" content=\"https:\/\/www.pm.pb.gov.br\/portal\/2013\/10\/11\/militares_doam_brinquedos_para_criancas_de_comunidade_carente\/\" \/>\n<meta property=\"og:site_name\" content=\"Pol\u00edcia Militar da Para\u00edba\" \/>\n<meta property=\"article:published_time\" content=\"2013-10-11T15:10:32+00:00\" \/>\n<meta property=\"og:image\" content=\"https:\/\/www.pm.pb.gov.br\/portal\/wp-content\/uploads\/2013\/10\/8612_11401.jpg\" \/>\n\t<meta property=\"og:image:width\" content=\"500\" \/>\n\t<meta property=\"og:image:height\" content=\"333\" \/>\n\t<meta property=\"og:image:type\" content=\"image\/jpeg\" \/>\n<meta name=\"author\" content=\"Assessoria de Imprensa da PMPB\" \/>\n<meta name=\"twitter:card\" content=\"summary_large_image\" \/>\n<meta name=\"twitter:label1\" content=\"Escrito por\" \/>\n\t<meta name=\"twitter:data1\" content=\"Assessoria de Imprensa da PMPB\" \/>\n\t<meta name=\"twitter:label2\" content=\"Est. tempo de leitura\" \/>\n\t<meta name=\"twitter:data2\" content=\"1 minuto\" \/>\n<script type=\"application\/ld+json\" class=\"yoast-schema-graph\">{\"@context\":\"https:\/\/schema.org\",\"@graph\":[{\"@type\":\"Article\",\"@id\":\"https:\/\/www.pm.pb.gov.br\/portal\/2013\/10\/11\/militares_doam_brinquedos_para_criancas_de_comunidade_carente\/#article\",\"isPartOf\":{\"@id\":\"https:\/\/www.pm.pb.gov.br\/portal\/2013\/10\/11\/militares_doam_brinquedos_para_criancas_de_comunidade_carente\/\"},\"author\":{\"name\":\"Assessoria de Imprensa da PMPB\",\"@id\":\"https:\/\/www.pm.pb.gov.br\/portal\/#\/schema\/person\/e8454f46651c3ecf0e1ba3c1666d9947\"},\"headline\":\"Militares doam brinquedos para crian\u00e7as de comunidade carente\",\"datePublished\":\"2013-10-11T15:10:32+00:00\",\"dateModified\":\"2013-10-11T15:10:32+00:00\",\"mainEntityOfPage\":{\"@id\":\"https:\/\/www.pm.pb.gov.br\/portal\/2013\/10\/11\/militares_doam_brinquedos_para_criancas_de_comunidade_carente\/\"},\"wordCount\":271,\"publisher\":{\"@id\":\"https:\/\/www.pm.pb.gov.br\/portal\/#organization\"},\"articleSection\":[\"A\u00e7\u00f5es Policiais\"],\"inLanguage\":\"pt-BR\"},{\"@type\":\"WebPage\",\"@id\":\"https:\/\/www.pm.pb.gov.br\/portal\/2013\/10\/11\/militares_doam_brinquedos_para_criancas_de_comunidade_carente\/\",\"url\":\"https:\/\/www.pm.pb.gov.br\/portal\/2013\/10\/11\/militares_doam_brinquedos_para_criancas_de_comunidade_carente\/\",\"name\":\"Militares doam brinquedos para crian\u00e7as de comunidade carente - Pol\u00edcia Militar da Para\u00edba\",\"isPartOf\":{\"@id\":\"https:\/\/www.pm.pb.gov.br\/portal\/#website\"},\"datePublished\":\"2013-10-11T15:10:32+00:00\",\"dateModified\":\"2013-10-11T15:10:32+00:00\",\"breadcrumb\":{\"@id\":\"https:\/\/www.pm.pb.gov.br\/portal\/2013\/10\/11\/militares_doam_brinquedos_para_criancas_de_comunidade_carente\/#breadcrumb\"},\"inLanguage\":\"pt-BR\",\"potentialAction\":[{\"@type\":\"ReadAction\",\"target\":[\"https:\/\/www.pm.pb.gov.br\/portal\/2013\/10\/11\/militares_doam_brinquedos_para_criancas_de_comunidade_carente\/\"]}]},{\"@type\":\"BreadcrumbList\",\"@id\":\"https:\/\/www.pm.pb.gov.br\/portal\/2013\/10\/11\/militares_doam_brinquedos_para_criancas_de_comunidade_carente\/#breadcrumb\",\"itemListElement\":[{\"@type\":\"ListItem\",\"position\":1,\"name\":\"In\u00edcio\",\"item\":\"https:\/\/www.pm.pb.gov.br\/portal\/\"},{\"@type\":\"ListItem\",\"position\":2,\"name\":\"Militares doam brinquedos para crian\u00e7as de comunidade carente\"}]},{\"@type\":\"WebSite\",\"@id\":\"https:\/\/www.pm.pb.gov.br\/portal\/#website\",\"url\":\"https:\/\/www.pm.pb.gov.br\/portal\/\",\"name\":\"Pol\u00edcia Militar da Para\u00edba\",\"description\":\"\",\"publisher\":{\"@id\":\"https:\/\/www.pm.pb.gov.br\/portal\/#organization\"},\"potentialAction\":[{\"@type\":\"SearchAction\",\"target\":{\"@type\":\"EntryPoint\",\"urlTemplate\":\"https:\/\/www.pm.pb.gov.br\/portal\/?s={search_term_string}\"},\"query-input\":\"required name=search_term_string\"}],\"inLanguage\":\"pt-BR\"},{\"@type\":\"Organization\",\"@id\":\"https:\/\/www.pm.pb.gov.br\/portal\/#organization\",\"name\":\"Pol\u00edcia Militar da Para\u00edba\",\"url\":\"https:\/\/www.pm.pb.gov.br\/portal\/\",\"logo\":{\"@type\":\"ImageObject\",\"inLanguage\":\"pt-BR\",\"@id\":\"https:\/\/www.pm.pb.gov.br\/portal\/#\/schema\/logo\/image\/\",\"url\":\"https:\/\/www.pm.pb.gov.br\/portal\/wp-content\/uploads\/2025\/03\/cropped-logo-site-mag2-1.png\",\"contentUrl\":\"https:\/\/www.pm.pb.gov.br\/portal\/wp-content\/uploads\/2025\/03\/cropped-logo-site-mag2-1.png\",\"width\":320,\"height\":90,\"caption\":\"Pol\u00edcia Militar da Para\u00edba\"},\"image\":{\"@id\":\"https:\/\/www.pm.pb.gov.br\/portal\/#\/schema\/logo\/image\/\"}},{\"@type\":\"Person\",\"@id\":\"https:\/\/www.pm.pb.gov.br\/portal\/#\/schema\/person\/e8454f46651c3ecf0e1ba3c1666d9947\",\"name\":\"Assessoria de Imprensa da PMPB\",\"image\":{\"@type\":\"ImageObject\",\"inLanguage\":\"pt-BR\",\"@id\":\"https:\/\/www.pm.pb.gov.br\/portal\/#\/schema\/person\/image\/\",\"url\":\"https:\/\/secure.gravatar.com\/avatar\/2efe197438265d1e90bd98c4c8e1acf8?s=96&d=mm&r=g\",\"contentUrl\":\"https:\/\/secure.gravatar.com\/avatar\/2efe197438265d1e90bd98c4c8e1acf8?s=96&d=mm&r=g\",\"caption\":\"Assessoria de Imprensa da PMPB\"},\"url\":\"https:\/\/www.pm.pb.gov.br\/portal\/author\/assessoria\/\"}]}<\/script>\n<!-- \/ Yoast SEO plugin. -->","yoast_head_json":{"title":"Militares doam brinquedos para crian\u00e7as de comunidade carente - Pol\u00edcia Militar da Para\u00edba","robots":{"index":"index","follow":"follow","max-snippet":"max-snippet:-1","max-image-preview":"max-image-preview:large","max-video-preview":"max-video-preview:-1"},"canonical":"https:\/\/www.pm.pb.gov.br\/portal\/2013\/10\/11\/militares_doam_brinquedos_para_criancas_de_comunidade_carente\/","og_locale":"pt_BR","og_type":"article","og_title":"Militares doam brinquedos para crian\u00e7as de comunidade carente - Pol\u00edcia Militar da Para\u00edba","og_description":"As crian\u00e7as da comunidade Nova Trindade, no bairro de Mar\u00e9s, na Capital, tiveram uma alegre surpresa na manh\u00e3 desta sexta-feira","og_url":"https:\/\/www.pm.pb.gov.br\/portal\/2013\/10\/11\/militares_doam_brinquedos_para_criancas_de_comunidade_carente\/","og_site_name":"Pol\u00edcia Militar da Para\u00edba","article_published_time":"2013-10-11T15:10:32+00:00","og_image":[{"width":500,"height":333,"url":"https:\/\/www.pm.pb.gov.br\/portal\/wp-content\/uploads\/2013\/10\/8612_11401.jpg","type":"image\/jpeg"}],"author":"Assessoria de Imprensa da PMPB","twitter_card":"summary_large_image","twitter_misc":{"Escrito por":"Assessoria de Imprensa da PMPB","Est. tempo de leitura":"1 minuto"},"schema":{"@context":"https:\/\/schema.org","@graph":[{"@type":"Article","@id":"https:\/\/www.pm.pb.gov.br\/portal\/2013\/10\/11\/militares_doam_brinquedos_para_criancas_de_comunidade_carente\/#article","isPartOf":{"@id":"https:\/\/www.pm.pb.gov.br\/portal\/2013\/10\/11\/militares_doam_brinquedos_para_criancas_de_comunidade_carente\/"},"author":{"name":"Assessoria de Imprensa da PMPB","@id":"https:\/\/www.pm.pb.gov.br\/portal\/#\/schema\/person\/e8454f46651c3ecf0e1ba3c1666d9947"},"headline":"Militares doam brinquedos para crian\u00e7as de comunidade carente","datePublished":"2013-10-11T15:10:32+00:00","dateModified":"2013-10-11T15:10:32+00:00","mainEntityOfPage":{"@id":"https:\/\/www.pm.pb.gov.br\/portal\/2013\/10\/11\/militares_doam_brinquedos_para_criancas_de_comunidade_carente\/"},"wordCount":271,"publisher":{"@id":"https:\/\/www.pm.pb.gov.br\/portal\/#organization"},"articleSection":["A\u00e7\u00f5es Policiais"],"inLanguage":"pt-BR"},{"@type":"WebPage","@id":"https:\/\/www.pm.pb.gov.br\/portal\/2013\/10\/11\/militares_doam_brinquedos_para_criancas_de_comunidade_carente\/","url":"https:\/\/www.pm.pb.gov.br\/portal\/2013\/10\/11\/militares_doam_brinquedos_para_criancas_de_comunidade_carente\/","name":"Militares doam brinquedos para crian\u00e7as de comunidade carente - Pol\u00edcia Militar da Para\u00edba","isPartOf":{"@id":"https:\/\/www.pm.pb.gov.br\/portal\/#website"},"datePublished":"2013-10-11T15:10:32+00:00","dateModified":"2013-10-11T15:10:32+00:00","breadcrumb":{"@id":"https:\/\/www.pm.pb.gov.br\/portal\/2013\/10\/11\/militares_doam_brinquedos_para_criancas_de_comunidade_carente\/#breadcrumb"},"inLanguage":"pt-BR","potentialAction":[{"@type":"ReadAction","target":["https:\/\/www.pm.pb.gov.br\/portal\/2013\/10\/11\/militares_doam_brinquedos_para_criancas_de_comunidade_carente\/"]}]},{"@type":"BreadcrumbList","@id":"https:\/\/www.pm.pb.gov.br\/portal\/2013\/10\/11\/militares_doam_brinquedos_para_criancas_de_comunidade_carente\/#breadcrumb","itemListElement":[{"@type":"ListItem","position":1,"name":"In\u00edcio","item":"https:\/\/www.pm.pb.gov.br\/portal\/"},{"@type":"ListItem","position":2,"name":"Militares doam brinquedos para crian\u00e7as de comunidade carente"}]},{"@type":"WebSite","@id":"https:\/\/www.pm.pb.gov.br\/portal\/#website","url":"https:\/\/www.pm.pb.gov.br\/portal\/","name":"Pol\u00edcia Militar da Para\u00edba","description":"","publisher":{"@id":"https:\/\/www.pm.pb.gov.br\/portal\/#organization"},"potentialAction":[{"@type":"SearchAction","target":{"@type":"EntryPoint","urlTemplate":"https:\/\/www.pm.pb.gov.br\/portal\/?s={search_term_string}"},"query-input":"required name=search_term_string"}],"inLanguage":"pt-BR"},{"@type":"Organization","@id":"https:\/\/www.pm.pb.gov.br\/portal\/#organization","name":"Pol\u00edcia Militar da Para\u00edba","url":"https:\/\/www.pm.pb.gov.br\/portal\/","logo":{"@type":"ImageObject","inLanguage":"pt-BR","@id":"https:\/\/www.pm.pb.gov.br\/portal\/#\/schema\/logo\/image\/","url":"https:\/\/www.pm.pb.gov.br\/portal\/wp-content\/uploads\/2025\/03\/cropped-logo-site-mag2-1.png","contentUrl":"https:\/\/www.pm.pb.gov.br\/portal\/wp-content\/uploads\/2025\/03\/cropped-logo-site-mag2-1.png","width":320,"height":90,"caption":"Pol\u00edcia Militar da Para\u00edba"},"image":{"@id":"https:\/\/www.pm.pb.gov.br\/portal\/#\/schema\/logo\/image\/"}},{"@type":"Person","@id":"https:\/\/www.pm.pb.gov.br\/portal\/#\/schema\/person\/e8454f46651c3ecf0e1ba3c1666d9947","name":"Assessoria de Imprensa da PMPB","image":{"@type":"ImageObject","inLanguage":"pt-BR","@id":"https:\/\/www.pm.pb.gov.br\/portal\/#\/schema\/person\/image\/","url":"https:\/\/secure.gravatar.com\/avatar\/2efe197438265d1e90bd98c4c8e1acf8?s=96&d=mm&r=g","contentUrl":"https:\/\/secure.gravatar.com\/avatar\/2efe197438265d1e90bd98c4c8e1acf8?s=96&d=mm&r=g","caption":"Assessoria de Imprensa da PMPB"},"url":"https:\/\/www.pm.pb.gov.br\/portal\/author\/assessoria\/"}]}},"_links":{"self":[{"href":"https:\/\/www.pm.pb.gov.br\/portal\/wp-json\/wp\/v2\/posts\/892282"}],"collection":[{"href":"https:\/\/www.pm.pb.gov.br\/portal\/wp-json\/wp\/v2\/posts"}],"about":[{"href":"https:\/\/www.pm.pb.gov.br\/portal\/wp-json\/wp\/v2\/types\/post"}],"author":[{"embeddable":true,"href":"https:\/\/www.pm.pb.gov.br\/portal\/wp-json\/wp\/v2\/users\/5"}],"replies":[{"embeddable":true,"href":"https:\/\/www.pm.pb.gov.br\/portal\/wp-json\/wp\/v2\/comments?post=892282"}],"version-history":[{"count":0,"href":"https:\/\/www.pm.pb.gov.br\/portal\/wp-json\/wp\/v2\/posts\/892282\/revisions"}],"wp:featuredmedia":[{"embeddable":true,"href":"https:\/\/www.pm.pb.gov.br\/portal\/wp-json\/wp\/v2\/media\/11401"}],"wp:attachment":[{"href":"https:\/\/www.pm.pb.gov.br\/portal\/wp-json\/wp\/v2\/media?parent=892282"}],"wp:term":[{"taxonomy":"category","embeddable":true,"href":"https:\/\/www.pm.pb.gov.br\/portal\/wp-json\/wp\/v2\/categories?post=892282"},{"taxonomy":"post_tag","embeddable":true,"href":"https:\/\/www.pm.pb.gov.br\/portal\/wp-json\/wp\/v2\/tags?post=892282"}],"curies":[{"name":"wp","href":"https:\/\/api.w.org\/{rel}","templated":true}]}}