{"id":892258,"date":"2013-10-01T09:10:47","date_gmt":"2013-10-01T12:10:47","guid":{"rendered":"http:\/\/www.pm.pb.gov.br\/portal\/2013\/10\/bairros_atendidos_por_upss_apresentam_reducao_na_criminalidade\/"},"modified":"2013-10-01T09:10:47","modified_gmt":"2013-10-01T12:10:47","slug":"bairros_atendidos_por_upss_apresentam_reducao_na_criminalidade","status":"publish","type":"post","link":"https:\/\/www.pm.pb.gov.br\/portal\/2013\/10\/01\/bairros_atendidos_por_upss_apresentam_reducao_na_criminalidade\/","title":{"rendered":"Bairros atendidos por UPSs apresentam redu\u00e7\u00e3o na criminalidade"},"content":{"rendered":"<figure style=\"width: 500px\" class=\"wp-caption alignnone\"><img decoding=\"async\" class=\"alignnone size-medium\" src=\"http:\/\/www.pm.pb.gov.br\/portal\/wp-content\/uploads\/2013\/10\/8578_11337.jpg\" title=\"UPS Roger foi uma das que reduziu os n\u00fameros de homic\u00eddios, com uma queda de 40% nas ocorr\u00eancias (Fotos: Werneck Moreno)\" width=\"100%\" \/><figcaption class=\"wp-caption-text\">UPS Roger foi uma das que reduziu os n\u00fameros de homic\u00eddios, com uma queda de 40% nas ocorr\u00eancias (Fotos: Werneck Moreno)<\/figcaption><\/figure>\n<div style=\"text-align: justify;\">Os bairros contemplados com Unidades de Pol\u00edcia Solid\u00e1ria (UPSs), na Para\u00edba, apresentaram mais uma vez redu\u00e7\u00e3o nos \u00edndices de Crimes Violentos Letais Intencionais (CVLI). Enquanto de janeiro a agosto de 2012 foram 107 homic\u00eddios registrados nessas \u00e1reas, em 2013 o n\u00famero caiu para 91, representando uma redu\u00e7\u00e3o real de 15% &#8211; sendo assim 16 vidas preservadas. Atualmente, s\u00e3o 11 UPSs instaladas, sendo nove delas na Capital e duas em Campina.<\/p>\n<p>Conforme o coordenador Estadual de Pol\u00edcia Comunit\u00e1ria da PMPB, tenente coronel Valterlins Dutra, a previs\u00e3o \u00e9 que esse policiamento de proximidade seja ampliado para todo o Estado, atrav\u00e9s de uma nova divis\u00e3o geogr\u00e1fica de atua\u00e7\u00e3o por quadrantes.<\/p>\n<p>\u0093Os chamados Quadrantes de Pol\u00edcia Preventiva (QPP), que s\u00e3o divis\u00f5es de todo o munic\u00edpio por \u00e1rea de atua\u00e7\u00e3o, j\u00e1 est\u00e3o sendo implantados inicialmente em Jo\u00e3o Pessoa, Cabedelo e Campina, mas devem ser estendidos para todo o Estado. Esses quadrantes levam a filosofia da Pol\u00edcia Solid\u00e1ria para todos os bairros, j\u00e1 que os policiais empregados em cada \u00e1rea ser\u00e3o treinados para atuar exclusivamente em um mesmo local e observando as doutrinas de Pol\u00edcia Comunit\u00e1ria\u0094, explicou o oficial.<\/p>\n<p>Ainda segundo ele, o policiamento por quadrante visa uma aproxima\u00e7\u00e3o ainda maior entre pol\u00edcia e comunidade e um consequente avan\u00e7o na redu\u00e7\u00e3o dos \u00edndices criminais. Atualmente, entre as UPSs instaladas, as que apresentaram maiores redu\u00e7\u00e3o foram a UPS Mutir\u00e3o (saindo de tr\u00eas homic\u00eddios em 2012 para zero este ano), com um percentual de 100% de queda, e S\u00e3o Jos\u00e9 (caiu de 11  para 5 este ano), que alcan\u00e7ou 54,5% de redu\u00e7\u00e3o. Tamb\u00e9m se destacaram as UPSs Cristo (18-9), com um \u00edndice de 50% de queda, R\u00f3ger (5-3), 40%, e Jaguaribe (10-7), 30%.<\/p>\n<p>Capacita\u00e7\u00e3o<\/p>\n<p>Frequentemente, os policiais que atuam nas UPSs participam do curso de Promotor de Pol\u00edcia Comunit\u00e1ria, oferecido tamb\u00e9m para l\u00edderes comunit\u00e1rios e outros agentes de Seguran\u00e7a P\u00fablica. Com o novo modelo de policiamento por quadrantes, a meta \u00e9 capacitar, a partir de 2014, todo o efetivo nas doutrinas de pol\u00edcia comunit\u00e1ria. Atualmente, aproximadamente duas mil pessoas j\u00e1 possuem essa qualifica\u00e7\u00e3o e , segundo o coordenador Estadual de Pol\u00edcia Solid\u00e1ria, tenente coronel Valterlins Dutra, est\u00e1 sendo elaborado um novo cronograma de capacita\u00e7\u00f5es, que deve ser iniciado em 2014.<\/p>\n<p>Legisla\u00e7\u00e3o<\/p>\n<p>A divis\u00e3o geogr\u00e1fica de atua\u00e7\u00e3o policial por quadrante \u00e9 baseada, entre outras normas, na lei complementar de n\u00famero 111 (de 18 de dezembro de 2012), do Governo do Estado, que instituiu a compatibiliza\u00e7\u00e3o territorial e a integra\u00e7\u00e3o operacional das for\u00e7as policiais de seguran\u00e7a p\u00fablica e defesa social no Estado da Para\u00edba. O objetivo primordial \u00e9 definir responsabilidades territoriais e aumentar progressivamente a rela\u00e7\u00e3o de confian\u00e7a e de conv\u00edvio da popula\u00e7\u00e3o do quadrante com a pol\u00edcia e vice-versa.<\/p>\n<p>A instala\u00e7\u00e3o das UPSs tamb\u00e9m proporciona para a popula\u00e7\u00e3o um servi\u00e7o de \u0091Linha Direta\u0092 com a pol\u00edcia, no qual \u00e9 poss\u00edvel contato com os policiais da base comunit\u00e1ria, antes mesmo que a ocorr\u00eancia chegue ao Ciop (Centro Integrado de Opera\u00e7\u00f5es Policiais). Confirma os n\u00fameros:<\/p>\n<p>UPS do Alto do Mateus: (083) 8879-2590<br \/>\nUPS de Mandacaru: (083) 8619-2213<br \/>\nUPS da Bola na Rede: (083) 8716-7927<br \/>\nUPS do S\u00e3o Jos\u00e9: (083) 8628-7040<br \/>\nUPS da Bela Vista: (083) 8797-2717<br \/>\nUPS Jardim Planalto: (083) 8835-1228<br \/>\nUPS Roger: (083) 8714-0119<br \/>\nUPS Jaguaribe: (083) 8818-5369<br \/>\nUPS Geisel: (083)  8806-9501<br \/>\nUPS Multir\u00e3o: (083) 8820-7211<br \/>\nUPS Pedregal: (083) 8864-1483<\/p>\n<div class=\"row\" align=\"center\"><a href=\"http:\/\/www.pm.pb.gov.br\/portal\/wp-content\/uploads\/2013\/10\/8578_11338.jpg\"><figure style=\"width: 500px\" class=\"wp-caption alignnone\"><img decoding=\"async\" class=\"image-responsive\" src=\"http:\/\/www.pm.pb.gov.br\/portal\/wp-content\/uploads\/2013\/10\/8578_11338.jpg\" title=\"Unidades aproximam pol\u00edcia e comunidade\" width=\"100%\" \/><figcaption class=\"wp-caption-text\">Unidades aproximam pol\u00edcia e comunidade<\/figcaption><\/figure><\/a><\/div>\n<\/div>\n","protected":false},"excerpt":{"rendered":"<p>Os bairros contemplados com Unidades de Pol\u00edcia Solid\u00e1ria (UPSs), na Para\u00edba, apresentaram mais uma vez redu\u00e7\u00e3o nos \u00edndices de Crimes<\/p>\n","protected":false},"author":5,"featured_media":11337,"comment_status":"closed","ping_status":"closed","sticky":false,"template":"","format":"standard","meta":{"_exactmetrics_skip_tracking":false,"_exactmetrics_sitenote_active":false,"_exactmetrics_sitenote_note":"","_exactmetrics_sitenote_category":0,"footnotes":""},"categories":[4],"tags":[],"yoast_head":"<!-- This site is optimized with the Yoast SEO plugin v22.0 - https:\/\/yoast.com\/wordpress\/plugins\/seo\/ -->\n<title>Bairros atendidos por UPSs apresentam redu\u00e7\u00e3o na criminalidade - Pol\u00edcia Militar da Para\u00edba<\/title>\n<meta name=\"robots\" content=\"index, follow, max-snippet:-1, max-image-preview:large, max-video-preview:-1\" \/>\n<link rel=\"canonical\" href=\"https:\/\/www.pm.pb.gov.br\/portal\/2013\/10\/01\/bairros_atendidos_por_upss_apresentam_reducao_na_criminalidade\/\" \/>\n<meta property=\"og:locale\" content=\"pt_BR\" \/>\n<meta property=\"og:type\" content=\"article\" \/>\n<meta property=\"og:title\" content=\"Bairros atendidos por UPSs apresentam redu\u00e7\u00e3o na criminalidade - Pol\u00edcia Militar da Para\u00edba\" \/>\n<meta property=\"og:description\" content=\"Os bairros contemplados com Unidades de Pol\u00edcia Solid\u00e1ria (UPSs), na Para\u00edba, apresentaram mais uma vez redu\u00e7\u00e3o nos \u00edndices de Crimes\" \/>\n<meta property=\"og:url\" content=\"https:\/\/www.pm.pb.gov.br\/portal\/2013\/10\/01\/bairros_atendidos_por_upss_apresentam_reducao_na_criminalidade\/\" \/>\n<meta property=\"og:site_name\" content=\"Pol\u00edcia Militar da Para\u00edba\" \/>\n<meta property=\"article:published_time\" content=\"2013-10-01T12:10:47+00:00\" \/>\n<meta property=\"og:image\" content=\"https:\/\/www.pm.pb.gov.br\/portal\/wp-content\/uploads\/2013\/10\/8578_11337.jpg\" \/>\n\t<meta property=\"og:image:width\" content=\"500\" \/>\n\t<meta property=\"og:image:height\" content=\"332\" \/>\n\t<meta property=\"og:image:type\" content=\"image\/jpeg\" \/>\n<meta name=\"author\" content=\"Assessoria de Imprensa da PMPB\" \/>\n<meta name=\"twitter:card\" content=\"summary_large_image\" \/>\n<meta name=\"twitter:label1\" content=\"Escrito por\" \/>\n\t<meta name=\"twitter:data1\" content=\"Assessoria de Imprensa da PMPB\" \/>\n\t<meta name=\"twitter:label2\" content=\"Est. tempo de leitura\" \/>\n\t<meta name=\"twitter:data2\" content=\"3 minutos\" \/>\n<script type=\"application\/ld+json\" class=\"yoast-schema-graph\">{\"@context\":\"https:\/\/schema.org\",\"@graph\":[{\"@type\":\"Article\",\"@id\":\"https:\/\/www.pm.pb.gov.br\/portal\/2013\/10\/01\/bairros_atendidos_por_upss_apresentam_reducao_na_criminalidade\/#article\",\"isPartOf\":{\"@id\":\"https:\/\/www.pm.pb.gov.br\/portal\/2013\/10\/01\/bairros_atendidos_por_upss_apresentam_reducao_na_criminalidade\/\"},\"author\":{\"name\":\"Assessoria de Imprensa da PMPB\",\"@id\":\"https:\/\/www.pm.pb.gov.br\/portal\/#\/schema\/person\/e8454f46651c3ecf0e1ba3c1666d9947\"},\"headline\":\"Bairros atendidos por UPSs apresentam redu\u00e7\u00e3o na criminalidade\",\"datePublished\":\"2013-10-01T12:10:47+00:00\",\"dateModified\":\"2013-10-01T12:10:47+00:00\",\"mainEntityOfPage\":{\"@id\":\"https:\/\/www.pm.pb.gov.br\/portal\/2013\/10\/01\/bairros_atendidos_por_upss_apresentam_reducao_na_criminalidade\/\"},\"wordCount\":635,\"publisher\":{\"@id\":\"https:\/\/www.pm.pb.gov.br\/portal\/#organization\"},\"articleSection\":[\"A\u00e7\u00f5es Policiais\"],\"inLanguage\":\"pt-BR\"},{\"@type\":\"WebPage\",\"@id\":\"https:\/\/www.pm.pb.gov.br\/portal\/2013\/10\/01\/bairros_atendidos_por_upss_apresentam_reducao_na_criminalidade\/\",\"url\":\"https:\/\/www.pm.pb.gov.br\/portal\/2013\/10\/01\/bairros_atendidos_por_upss_apresentam_reducao_na_criminalidade\/\",\"name\":\"Bairros atendidos por UPSs apresentam redu\u00e7\u00e3o na criminalidade - Pol\u00edcia Militar da Para\u00edba\",\"isPartOf\":{\"@id\":\"https:\/\/www.pm.pb.gov.br\/portal\/#website\"},\"datePublished\":\"2013-10-01T12:10:47+00:00\",\"dateModified\":\"2013-10-01T12:10:47+00:00\",\"breadcrumb\":{\"@id\":\"https:\/\/www.pm.pb.gov.br\/portal\/2013\/10\/01\/bairros_atendidos_por_upss_apresentam_reducao_na_criminalidade\/#breadcrumb\"},\"inLanguage\":\"pt-BR\",\"potentialAction\":[{\"@type\":\"ReadAction\",\"target\":[\"https:\/\/www.pm.pb.gov.br\/portal\/2013\/10\/01\/bairros_atendidos_por_upss_apresentam_reducao_na_criminalidade\/\"]}]},{\"@type\":\"BreadcrumbList\",\"@id\":\"https:\/\/www.pm.pb.gov.br\/portal\/2013\/10\/01\/bairros_atendidos_por_upss_apresentam_reducao_na_criminalidade\/#breadcrumb\",\"itemListElement\":[{\"@type\":\"ListItem\",\"position\":1,\"name\":\"In\u00edcio\",\"item\":\"https:\/\/www.pm.pb.gov.br\/portal\/\"},{\"@type\":\"ListItem\",\"position\":2,\"name\":\"Bairros atendidos por UPSs apresentam redu\u00e7\u00e3o na criminalidade\"}]},{\"@type\":\"WebSite\",\"@id\":\"https:\/\/www.pm.pb.gov.br\/portal\/#website\",\"url\":\"https:\/\/www.pm.pb.gov.br\/portal\/\",\"name\":\"Pol\u00edcia Militar da Para\u00edba\",\"description\":\"\",\"publisher\":{\"@id\":\"https:\/\/www.pm.pb.gov.br\/portal\/#organization\"},\"potentialAction\":[{\"@type\":\"SearchAction\",\"target\":{\"@type\":\"EntryPoint\",\"urlTemplate\":\"https:\/\/www.pm.pb.gov.br\/portal\/?s={search_term_string}\"},\"query-input\":\"required name=search_term_string\"}],\"inLanguage\":\"pt-BR\"},{\"@type\":\"Organization\",\"@id\":\"https:\/\/www.pm.pb.gov.br\/portal\/#organization\",\"name\":\"Pol\u00edcia Militar da Para\u00edba\",\"url\":\"https:\/\/www.pm.pb.gov.br\/portal\/\",\"logo\":{\"@type\":\"ImageObject\",\"inLanguage\":\"pt-BR\",\"@id\":\"https:\/\/www.pm.pb.gov.br\/portal\/#\/schema\/logo\/image\/\",\"url\":\"https:\/\/www.pm.pb.gov.br\/portal\/wp-content\/uploads\/2025\/03\/cropped-logo-site-mag2-1.png\",\"contentUrl\":\"https:\/\/www.pm.pb.gov.br\/portal\/wp-content\/uploads\/2025\/03\/cropped-logo-site-mag2-1.png\",\"width\":320,\"height\":90,\"caption\":\"Pol\u00edcia Militar da Para\u00edba\"},\"image\":{\"@id\":\"https:\/\/www.pm.pb.gov.br\/portal\/#\/schema\/logo\/image\/\"}},{\"@type\":\"Person\",\"@id\":\"https:\/\/www.pm.pb.gov.br\/portal\/#\/schema\/person\/e8454f46651c3ecf0e1ba3c1666d9947\",\"name\":\"Assessoria de Imprensa da PMPB\",\"image\":{\"@type\":\"ImageObject\",\"inLanguage\":\"pt-BR\",\"@id\":\"https:\/\/www.pm.pb.gov.br\/portal\/#\/schema\/person\/image\/\",\"url\":\"https:\/\/secure.gravatar.com\/avatar\/2efe197438265d1e90bd98c4c8e1acf8?s=96&d=mm&r=g\",\"contentUrl\":\"https:\/\/secure.gravatar.com\/avatar\/2efe197438265d1e90bd98c4c8e1acf8?s=96&d=mm&r=g\",\"caption\":\"Assessoria de Imprensa da PMPB\"},\"url\":\"https:\/\/www.pm.pb.gov.br\/portal\/author\/assessoria\/\"}]}<\/script>\n<!-- \/ Yoast SEO plugin. -->","yoast_head_json":{"title":"Bairros atendidos por UPSs apresentam redu\u00e7\u00e3o na criminalidade - Pol\u00edcia Militar da Para\u00edba","robots":{"index":"index","follow":"follow","max-snippet":"max-snippet:-1","max-image-preview":"max-image-preview:large","max-video-preview":"max-video-preview:-1"},"canonical":"https:\/\/www.pm.pb.gov.br\/portal\/2013\/10\/01\/bairros_atendidos_por_upss_apresentam_reducao_na_criminalidade\/","og_locale":"pt_BR","og_type":"article","og_title":"Bairros atendidos por UPSs apresentam redu\u00e7\u00e3o na criminalidade - Pol\u00edcia Militar da Para\u00edba","og_description":"Os bairros contemplados com Unidades de Pol\u00edcia Solid\u00e1ria (UPSs), na Para\u00edba, apresentaram mais uma vez redu\u00e7\u00e3o nos \u00edndices de Crimes","og_url":"https:\/\/www.pm.pb.gov.br\/portal\/2013\/10\/01\/bairros_atendidos_por_upss_apresentam_reducao_na_criminalidade\/","og_site_name":"Pol\u00edcia Militar da Para\u00edba","article_published_time":"2013-10-01T12:10:47+00:00","og_image":[{"width":500,"height":332,"url":"https:\/\/www.pm.pb.gov.br\/portal\/wp-content\/uploads\/2013\/10\/8578_11337.jpg","type":"image\/jpeg"}],"author":"Assessoria de Imprensa da PMPB","twitter_card":"summary_large_image","twitter_misc":{"Escrito por":"Assessoria de Imprensa da PMPB","Est. tempo de leitura":"3 minutos"},"schema":{"@context":"https:\/\/schema.org","@graph":[{"@type":"Article","@id":"https:\/\/www.pm.pb.gov.br\/portal\/2013\/10\/01\/bairros_atendidos_por_upss_apresentam_reducao_na_criminalidade\/#article","isPartOf":{"@id":"https:\/\/www.pm.pb.gov.br\/portal\/2013\/10\/01\/bairros_atendidos_por_upss_apresentam_reducao_na_criminalidade\/"},"author":{"name":"Assessoria de Imprensa da PMPB","@id":"https:\/\/www.pm.pb.gov.br\/portal\/#\/schema\/person\/e8454f46651c3ecf0e1ba3c1666d9947"},"headline":"Bairros atendidos por UPSs apresentam redu\u00e7\u00e3o na criminalidade","datePublished":"2013-10-01T12:10:47+00:00","dateModified":"2013-10-01T12:10:47+00:00","mainEntityOfPage":{"@id":"https:\/\/www.pm.pb.gov.br\/portal\/2013\/10\/01\/bairros_atendidos_por_upss_apresentam_reducao_na_criminalidade\/"},"wordCount":635,"publisher":{"@id":"https:\/\/www.pm.pb.gov.br\/portal\/#organization"},"articleSection":["A\u00e7\u00f5es Policiais"],"inLanguage":"pt-BR"},{"@type":"WebPage","@id":"https:\/\/www.pm.pb.gov.br\/portal\/2013\/10\/01\/bairros_atendidos_por_upss_apresentam_reducao_na_criminalidade\/","url":"https:\/\/www.pm.pb.gov.br\/portal\/2013\/10\/01\/bairros_atendidos_por_upss_apresentam_reducao_na_criminalidade\/","name":"Bairros atendidos por UPSs apresentam redu\u00e7\u00e3o na criminalidade - Pol\u00edcia Militar da Para\u00edba","isPartOf":{"@id":"https:\/\/www.pm.pb.gov.br\/portal\/#website"},"datePublished":"2013-10-01T12:10:47+00:00","dateModified":"2013-10-01T12:10:47+00:00","breadcrumb":{"@id":"https:\/\/www.pm.pb.gov.br\/portal\/2013\/10\/01\/bairros_atendidos_por_upss_apresentam_reducao_na_criminalidade\/#breadcrumb"},"inLanguage":"pt-BR","potentialAction":[{"@type":"ReadAction","target":["https:\/\/www.pm.pb.gov.br\/portal\/2013\/10\/01\/bairros_atendidos_por_upss_apresentam_reducao_na_criminalidade\/"]}]},{"@type":"BreadcrumbList","@id":"https:\/\/www.pm.pb.gov.br\/portal\/2013\/10\/01\/bairros_atendidos_por_upss_apresentam_reducao_na_criminalidade\/#breadcrumb","itemListElement":[{"@type":"ListItem","position":1,"name":"In\u00edcio","item":"https:\/\/www.pm.pb.gov.br\/portal\/"},{"@type":"ListItem","position":2,"name":"Bairros atendidos por UPSs apresentam redu\u00e7\u00e3o na criminalidade"}]},{"@type":"WebSite","@id":"https:\/\/www.pm.pb.gov.br\/portal\/#website","url":"https:\/\/www.pm.pb.gov.br\/portal\/","name":"Pol\u00edcia Militar da Para\u00edba","description":"","publisher":{"@id":"https:\/\/www.pm.pb.gov.br\/portal\/#organization"},"potentialAction":[{"@type":"SearchAction","target":{"@type":"EntryPoint","urlTemplate":"https:\/\/www.pm.pb.gov.br\/portal\/?s={search_term_string}"},"query-input":"required name=search_term_string"}],"inLanguage":"pt-BR"},{"@type":"Organization","@id":"https:\/\/www.pm.pb.gov.br\/portal\/#organization","name":"Pol\u00edcia Militar da Para\u00edba","url":"https:\/\/www.pm.pb.gov.br\/portal\/","logo":{"@type":"ImageObject","inLanguage":"pt-BR","@id":"https:\/\/www.pm.pb.gov.br\/portal\/#\/schema\/logo\/image\/","url":"https:\/\/www.pm.pb.gov.br\/portal\/wp-content\/uploads\/2025\/03\/cropped-logo-site-mag2-1.png","contentUrl":"https:\/\/www.pm.pb.gov.br\/portal\/wp-content\/uploads\/2025\/03\/cropped-logo-site-mag2-1.png","width":320,"height":90,"caption":"Pol\u00edcia Militar da Para\u00edba"},"image":{"@id":"https:\/\/www.pm.pb.gov.br\/portal\/#\/schema\/logo\/image\/"}},{"@type":"Person","@id":"https:\/\/www.pm.pb.gov.br\/portal\/#\/schema\/person\/e8454f46651c3ecf0e1ba3c1666d9947","name":"Assessoria de Imprensa da PMPB","image":{"@type":"ImageObject","inLanguage":"pt-BR","@id":"https:\/\/www.pm.pb.gov.br\/portal\/#\/schema\/person\/image\/","url":"https:\/\/secure.gravatar.com\/avatar\/2efe197438265d1e90bd98c4c8e1acf8?s=96&d=mm&r=g","contentUrl":"https:\/\/secure.gravatar.com\/avatar\/2efe197438265d1e90bd98c4c8e1acf8?s=96&d=mm&r=g","caption":"Assessoria de Imprensa da PMPB"},"url":"https:\/\/www.pm.pb.gov.br\/portal\/author\/assessoria\/"}]}},"_links":{"self":[{"href":"https:\/\/www.pm.pb.gov.br\/portal\/wp-json\/wp\/v2\/posts\/892258"}],"collection":[{"href":"https:\/\/www.pm.pb.gov.br\/portal\/wp-json\/wp\/v2\/posts"}],"about":[{"href":"https:\/\/www.pm.pb.gov.br\/portal\/wp-json\/wp\/v2\/types\/post"}],"author":[{"embeddable":true,"href":"https:\/\/www.pm.pb.gov.br\/portal\/wp-json\/wp\/v2\/users\/5"}],"replies":[{"embeddable":true,"href":"https:\/\/www.pm.pb.gov.br\/portal\/wp-json\/wp\/v2\/comments?post=892258"}],"version-history":[{"count":0,"href":"https:\/\/www.pm.pb.gov.br\/portal\/wp-json\/wp\/v2\/posts\/892258\/revisions"}],"wp:featuredmedia":[{"embeddable":true,"href":"https:\/\/www.pm.pb.gov.br\/portal\/wp-json\/wp\/v2\/media\/11337"}],"wp:attachment":[{"href":"https:\/\/www.pm.pb.gov.br\/portal\/wp-json\/wp\/v2\/media?parent=892258"}],"wp:term":[{"taxonomy":"category","embeddable":true,"href":"https:\/\/www.pm.pb.gov.br\/portal\/wp-json\/wp\/v2\/categories?post=892258"},{"taxonomy":"post_tag","embeddable":true,"href":"https:\/\/www.pm.pb.gov.br\/portal\/wp-json\/wp\/v2\/tags?post=892258"}],"curies":[{"name":"wp","href":"https:\/\/api.w.org\/{rel}","templated":true}]}}