{"id":892246,"date":"2013-09-26T08:09:48","date_gmt":"2013-09-26T11:09:48","guid":{"rendered":"http:\/\/www.pm.pb.gov.br\/portal\/2013\/09\/adolescentes_sao_apreendidas_com_droga_escondida_em_partes_intimas\/"},"modified":"2013-09-26T08:09:48","modified_gmt":"2013-09-26T11:09:48","slug":"adolescentes_sao_apreendidas_com_droga_escondida_em_partes_intimas","status":"publish","type":"post","link":"https:\/\/www.pm.pb.gov.br\/portal\/2013\/09\/26\/adolescentes_sao_apreendidas_com_droga_escondida_em_partes_intimas\/","title":{"rendered":"Adolescentes s\u00e3o apreendidas com droga escondida em partes \u00edntimas"},"content":{"rendered":"<figure style=\"width: 500px\" class=\"wp-caption alignnone\"><img decoding=\"async\" class=\"alignnone size-medium\" src=\"http:\/\/www.pm.pb.gov.br\/portal\/wp-content\/uploads\/2013\/09\/8563_11316.jpg\" title=\"140 papelotes de maconha, foram apreendidos com o grupo em Mata Redonda\" width=\"100%\" \/><figcaption class=\"wp-caption-text\">140 papelotes de maconha, foram apreendidos com o grupo em Mata Redonda<\/figcaption><\/figure>\n<div style=\"text-align: justify;\">Uma Opera\u00e7\u00e3o Conjunta entre as Pol\u00edcias Militar e Civil resultou na apreens\u00e3o de 140 papelotes de maconha, nesta quarta (25), e na deten\u00e7\u00e3o de quatro pessoas \u0096 sendo dois homens e duas adolescentes \u0096 supostamente esposas dos suspeitos. O grupo foi flagrado com o material em uma casa localizada na comunidade do \u0091Poeir\u00e3o\u0092, no Distrito de Mata Redonda (na cidade de Alhandra), Litoral Sul do Estado.<\/p>\n<p>O local funcionava como ponto de venda dos entorpecentes e al\u00e9m desse crime os dois homens, que s\u00e3o irm\u00e3os, eram procurados pelo homic\u00eddio de um pai de Santo, identificado como Pai Romero, no ano passado. \u0093A dupla, identificada com os apelidos de\u0091Pinto\u0092 e \u0091Xuxa\u0092, tamb\u00e9m \u00e9 bem conhecida na regi\u00e3o  pelos crimes de roubo a granjas\u0094, contou o major Crist\u00f3v\u00e3o Lucas, comandante da 1\u00aa Companhia Independente de Pol\u00edcia Militar (inserida na 1\u00aa Regi\u00e3o Integrada de Seguran\u00e7a P\u00fablica) \u0096 sediada em  Alhandra.<\/p>\n<p>Conforme o oficial, os suspeitos n\u00e3o ofereceram resist\u00eancia \u00e0 pris\u00e3o e grande parte da droga estava escondida nas partes \u00edntimas das duas adolescentes. O grupo foi conduzido para a Delegacia de Alhandra para a realiza\u00e7\u00e3o dos procedimentos cab\u00edveis.<\/p>\n<p>Procurado da Justi\u00e7a<\/p>\n<p>Um homem procurado pela Justi\u00e7a h\u00e1 mais de cinco anos, pela pr\u00e1tica de homic\u00eddios, foi localizado e preso na madrugada desta quarta (25) na zona rural de Pedras de Fogo \u0096 tamb\u00e9m no Litoral Sul do Estado. Com Armando Adebar dos Santos a pol\u00edcia apreendeu um rev\u00f3lver calibre 38, uma espingarda calibre 12 e dez muni\u00e7\u00f5es, al\u00e9m de R$ 1.500 em esp\u00e9cie.<\/p>\n<p>Contra ele h\u00e1 um mandado de pris\u00e3o em aberto expedido pela comarca de Pedras de Fogo. A pol\u00edcia chegou at\u00e9 Adebar ap\u00f3s realizar diversas rondas no local e conseguir informa\u00e7\u00f5es com a popula\u00e7\u00e3o. Ele foi levado, junto com o material apreendido, para a delegacia da cidade.<\/p>\n<div class=\"row\" align=\"center\"><\/div>\n<\/div>\n","protected":false},"excerpt":{"rendered":"<p>Uma Opera\u00e7\u00e3o Conjunta entre as Pol\u00edcias Militar e Civil resultou na apreens\u00e3o de 140 papelotes de maconha, nesta quarta (25),<\/p>\n","protected":false},"author":5,"featured_media":11316,"comment_status":"closed","ping_status":"closed","sticky":false,"template":"","format":"standard","meta":{"_exactmetrics_skip_tracking":false,"_exactmetrics_sitenote_active":false,"_exactmetrics_sitenote_note":"","_exactmetrics_sitenote_category":0,"footnotes":""},"categories":[4],"tags":[],"yoast_head":"<!-- This site is optimized with the Yoast SEO plugin v22.0 - https:\/\/yoast.com\/wordpress\/plugins\/seo\/ -->\n<title>Adolescentes s\u00e3o apreendidas com droga escondida em partes \u00edntimas - Pol\u00edcia Militar da Para\u00edba<\/title>\n<meta name=\"robots\" content=\"index, follow, max-snippet:-1, max-image-preview:large, max-video-preview:-1\" \/>\n<link rel=\"canonical\" href=\"https:\/\/www.pm.pb.gov.br\/portal\/2013\/09\/26\/adolescentes_sao_apreendidas_com_droga_escondida_em_partes_intimas\/\" \/>\n<meta property=\"og:locale\" content=\"pt_BR\" \/>\n<meta property=\"og:type\" content=\"article\" \/>\n<meta property=\"og:title\" content=\"Adolescentes s\u00e3o apreendidas com droga escondida em partes \u00edntimas - Pol\u00edcia Militar da Para\u00edba\" \/>\n<meta property=\"og:description\" content=\"Uma Opera\u00e7\u00e3o Conjunta entre as Pol\u00edcias Militar e Civil resultou na apreens\u00e3o de 140 papelotes de maconha, nesta quarta (25),\" \/>\n<meta property=\"og:url\" content=\"https:\/\/www.pm.pb.gov.br\/portal\/2013\/09\/26\/adolescentes_sao_apreendidas_com_droga_escondida_em_partes_intimas\/\" \/>\n<meta property=\"og:site_name\" content=\"Pol\u00edcia Militar da Para\u00edba\" \/>\n<meta property=\"article:published_time\" content=\"2013-09-26T11:09:48+00:00\" \/>\n<meta property=\"og:image\" content=\"https:\/\/www.pm.pb.gov.br\/portal\/wp-content\/uploads\/2013\/09\/8563_11316.jpg\" \/>\n\t<meta property=\"og:image:width\" content=\"500\" \/>\n\t<meta property=\"og:image:height\" content=\"375\" \/>\n\t<meta property=\"og:image:type\" content=\"image\/jpeg\" \/>\n<meta name=\"author\" content=\"Assessoria de Imprensa da PMPB\" \/>\n<meta name=\"twitter:card\" content=\"summary_large_image\" \/>\n<meta name=\"twitter:label1\" content=\"Escrito por\" \/>\n\t<meta name=\"twitter:data1\" content=\"Assessoria de Imprensa da PMPB\" \/>\n\t<meta name=\"twitter:label2\" content=\"Est. tempo de leitura\" \/>\n\t<meta name=\"twitter:data2\" content=\"2 minutos\" \/>\n<script type=\"application\/ld+json\" class=\"yoast-schema-graph\">{\"@context\":\"https:\/\/schema.org\",\"@graph\":[{\"@type\":\"Article\",\"@id\":\"https:\/\/www.pm.pb.gov.br\/portal\/2013\/09\/26\/adolescentes_sao_apreendidas_com_droga_escondida_em_partes_intimas\/#article\",\"isPartOf\":{\"@id\":\"https:\/\/www.pm.pb.gov.br\/portal\/2013\/09\/26\/adolescentes_sao_apreendidas_com_droga_escondida_em_partes_intimas\/\"},\"author\":{\"name\":\"Assessoria de Imprensa da PMPB\",\"@id\":\"https:\/\/www.pm.pb.gov.br\/portal\/#\/schema\/person\/e8454f46651c3ecf0e1ba3c1666d9947\"},\"headline\":\"Adolescentes s\u00e3o apreendidas com droga escondida em partes \u00edntimas\",\"datePublished\":\"2013-09-26T11:09:48+00:00\",\"dateModified\":\"2013-09-26T11:09:48+00:00\",\"mainEntityOfPage\":{\"@id\":\"https:\/\/www.pm.pb.gov.br\/portal\/2013\/09\/26\/adolescentes_sao_apreendidas_com_droga_escondida_em_partes_intimas\/\"},\"wordCount\":347,\"publisher\":{\"@id\":\"https:\/\/www.pm.pb.gov.br\/portal\/#organization\"},\"articleSection\":[\"A\u00e7\u00f5es Policiais\"],\"inLanguage\":\"pt-BR\"},{\"@type\":\"WebPage\",\"@id\":\"https:\/\/www.pm.pb.gov.br\/portal\/2013\/09\/26\/adolescentes_sao_apreendidas_com_droga_escondida_em_partes_intimas\/\",\"url\":\"https:\/\/www.pm.pb.gov.br\/portal\/2013\/09\/26\/adolescentes_sao_apreendidas_com_droga_escondida_em_partes_intimas\/\",\"name\":\"Adolescentes s\u00e3o apreendidas com droga escondida em partes \u00edntimas - Pol\u00edcia Militar da Para\u00edba\",\"isPartOf\":{\"@id\":\"https:\/\/www.pm.pb.gov.br\/portal\/#website\"},\"datePublished\":\"2013-09-26T11:09:48+00:00\",\"dateModified\":\"2013-09-26T11:09:48+00:00\",\"breadcrumb\":{\"@id\":\"https:\/\/www.pm.pb.gov.br\/portal\/2013\/09\/26\/adolescentes_sao_apreendidas_com_droga_escondida_em_partes_intimas\/#breadcrumb\"},\"inLanguage\":\"pt-BR\",\"potentialAction\":[{\"@type\":\"ReadAction\",\"target\":[\"https:\/\/www.pm.pb.gov.br\/portal\/2013\/09\/26\/adolescentes_sao_apreendidas_com_droga_escondida_em_partes_intimas\/\"]}]},{\"@type\":\"BreadcrumbList\",\"@id\":\"https:\/\/www.pm.pb.gov.br\/portal\/2013\/09\/26\/adolescentes_sao_apreendidas_com_droga_escondida_em_partes_intimas\/#breadcrumb\",\"itemListElement\":[{\"@type\":\"ListItem\",\"position\":1,\"name\":\"In\u00edcio\",\"item\":\"https:\/\/www.pm.pb.gov.br\/portal\/\"},{\"@type\":\"ListItem\",\"position\":2,\"name\":\"Adolescentes s\u00e3o apreendidas com droga escondida em partes \u00edntimas\"}]},{\"@type\":\"WebSite\",\"@id\":\"https:\/\/www.pm.pb.gov.br\/portal\/#website\",\"url\":\"https:\/\/www.pm.pb.gov.br\/portal\/\",\"name\":\"Pol\u00edcia Militar da Para\u00edba\",\"description\":\"\",\"publisher\":{\"@id\":\"https:\/\/www.pm.pb.gov.br\/portal\/#organization\"},\"potentialAction\":[{\"@type\":\"SearchAction\",\"target\":{\"@type\":\"EntryPoint\",\"urlTemplate\":\"https:\/\/www.pm.pb.gov.br\/portal\/?s={search_term_string}\"},\"query-input\":\"required name=search_term_string\"}],\"inLanguage\":\"pt-BR\"},{\"@type\":\"Organization\",\"@id\":\"https:\/\/www.pm.pb.gov.br\/portal\/#organization\",\"name\":\"Pol\u00edcia Militar da Para\u00edba\",\"url\":\"https:\/\/www.pm.pb.gov.br\/portal\/\",\"logo\":{\"@type\":\"ImageObject\",\"inLanguage\":\"pt-BR\",\"@id\":\"https:\/\/www.pm.pb.gov.br\/portal\/#\/schema\/logo\/image\/\",\"url\":\"https:\/\/www.pm.pb.gov.br\/portal\/wp-content\/uploads\/2025\/03\/cropped-logo-site-mag2-1.png\",\"contentUrl\":\"https:\/\/www.pm.pb.gov.br\/portal\/wp-content\/uploads\/2025\/03\/cropped-logo-site-mag2-1.png\",\"width\":320,\"height\":90,\"caption\":\"Pol\u00edcia Militar da Para\u00edba\"},\"image\":{\"@id\":\"https:\/\/www.pm.pb.gov.br\/portal\/#\/schema\/logo\/image\/\"}},{\"@type\":\"Person\",\"@id\":\"https:\/\/www.pm.pb.gov.br\/portal\/#\/schema\/person\/e8454f46651c3ecf0e1ba3c1666d9947\",\"name\":\"Assessoria de Imprensa da PMPB\",\"image\":{\"@type\":\"ImageObject\",\"inLanguage\":\"pt-BR\",\"@id\":\"https:\/\/www.pm.pb.gov.br\/portal\/#\/schema\/person\/image\/\",\"url\":\"https:\/\/secure.gravatar.com\/avatar\/2efe197438265d1e90bd98c4c8e1acf8?s=96&d=mm&r=g\",\"contentUrl\":\"https:\/\/secure.gravatar.com\/avatar\/2efe197438265d1e90bd98c4c8e1acf8?s=96&d=mm&r=g\",\"caption\":\"Assessoria de Imprensa da PMPB\"},\"url\":\"https:\/\/www.pm.pb.gov.br\/portal\/author\/assessoria\/\"}]}<\/script>\n<!-- \/ Yoast SEO plugin. -->","yoast_head_json":{"title":"Adolescentes s\u00e3o apreendidas com droga escondida em partes \u00edntimas - Pol\u00edcia Militar da Para\u00edba","robots":{"index":"index","follow":"follow","max-snippet":"max-snippet:-1","max-image-preview":"max-image-preview:large","max-video-preview":"max-video-preview:-1"},"canonical":"https:\/\/www.pm.pb.gov.br\/portal\/2013\/09\/26\/adolescentes_sao_apreendidas_com_droga_escondida_em_partes_intimas\/","og_locale":"pt_BR","og_type":"article","og_title":"Adolescentes s\u00e3o apreendidas com droga escondida em partes \u00edntimas - Pol\u00edcia Militar da Para\u00edba","og_description":"Uma Opera\u00e7\u00e3o Conjunta entre as Pol\u00edcias Militar e Civil resultou na apreens\u00e3o de 140 papelotes de maconha, nesta quarta (25),","og_url":"https:\/\/www.pm.pb.gov.br\/portal\/2013\/09\/26\/adolescentes_sao_apreendidas_com_droga_escondida_em_partes_intimas\/","og_site_name":"Pol\u00edcia Militar da Para\u00edba","article_published_time":"2013-09-26T11:09:48+00:00","og_image":[{"width":500,"height":375,"url":"https:\/\/www.pm.pb.gov.br\/portal\/wp-content\/uploads\/2013\/09\/8563_11316.jpg","type":"image\/jpeg"}],"author":"Assessoria de Imprensa da PMPB","twitter_card":"summary_large_image","twitter_misc":{"Escrito por":"Assessoria de Imprensa da PMPB","Est. tempo de leitura":"2 minutos"},"schema":{"@context":"https:\/\/schema.org","@graph":[{"@type":"Article","@id":"https:\/\/www.pm.pb.gov.br\/portal\/2013\/09\/26\/adolescentes_sao_apreendidas_com_droga_escondida_em_partes_intimas\/#article","isPartOf":{"@id":"https:\/\/www.pm.pb.gov.br\/portal\/2013\/09\/26\/adolescentes_sao_apreendidas_com_droga_escondida_em_partes_intimas\/"},"author":{"name":"Assessoria de Imprensa da PMPB","@id":"https:\/\/www.pm.pb.gov.br\/portal\/#\/schema\/person\/e8454f46651c3ecf0e1ba3c1666d9947"},"headline":"Adolescentes s\u00e3o apreendidas com droga escondida em partes \u00edntimas","datePublished":"2013-09-26T11:09:48+00:00","dateModified":"2013-09-26T11:09:48+00:00","mainEntityOfPage":{"@id":"https:\/\/www.pm.pb.gov.br\/portal\/2013\/09\/26\/adolescentes_sao_apreendidas_com_droga_escondida_em_partes_intimas\/"},"wordCount":347,"publisher":{"@id":"https:\/\/www.pm.pb.gov.br\/portal\/#organization"},"articleSection":["A\u00e7\u00f5es Policiais"],"inLanguage":"pt-BR"},{"@type":"WebPage","@id":"https:\/\/www.pm.pb.gov.br\/portal\/2013\/09\/26\/adolescentes_sao_apreendidas_com_droga_escondida_em_partes_intimas\/","url":"https:\/\/www.pm.pb.gov.br\/portal\/2013\/09\/26\/adolescentes_sao_apreendidas_com_droga_escondida_em_partes_intimas\/","name":"Adolescentes s\u00e3o apreendidas com droga escondida em partes \u00edntimas - Pol\u00edcia Militar da Para\u00edba","isPartOf":{"@id":"https:\/\/www.pm.pb.gov.br\/portal\/#website"},"datePublished":"2013-09-26T11:09:48+00:00","dateModified":"2013-09-26T11:09:48+00:00","breadcrumb":{"@id":"https:\/\/www.pm.pb.gov.br\/portal\/2013\/09\/26\/adolescentes_sao_apreendidas_com_droga_escondida_em_partes_intimas\/#breadcrumb"},"inLanguage":"pt-BR","potentialAction":[{"@type":"ReadAction","target":["https:\/\/www.pm.pb.gov.br\/portal\/2013\/09\/26\/adolescentes_sao_apreendidas_com_droga_escondida_em_partes_intimas\/"]}]},{"@type":"BreadcrumbList","@id":"https:\/\/www.pm.pb.gov.br\/portal\/2013\/09\/26\/adolescentes_sao_apreendidas_com_droga_escondida_em_partes_intimas\/#breadcrumb","itemListElement":[{"@type":"ListItem","position":1,"name":"In\u00edcio","item":"https:\/\/www.pm.pb.gov.br\/portal\/"},{"@type":"ListItem","position":2,"name":"Adolescentes s\u00e3o apreendidas com droga escondida em partes \u00edntimas"}]},{"@type":"WebSite","@id":"https:\/\/www.pm.pb.gov.br\/portal\/#website","url":"https:\/\/www.pm.pb.gov.br\/portal\/","name":"Pol\u00edcia Militar da Para\u00edba","description":"","publisher":{"@id":"https:\/\/www.pm.pb.gov.br\/portal\/#organization"},"potentialAction":[{"@type":"SearchAction","target":{"@type":"EntryPoint","urlTemplate":"https:\/\/www.pm.pb.gov.br\/portal\/?s={search_term_string}"},"query-input":"required name=search_term_string"}],"inLanguage":"pt-BR"},{"@type":"Organization","@id":"https:\/\/www.pm.pb.gov.br\/portal\/#organization","name":"Pol\u00edcia Militar da Para\u00edba","url":"https:\/\/www.pm.pb.gov.br\/portal\/","logo":{"@type":"ImageObject","inLanguage":"pt-BR","@id":"https:\/\/www.pm.pb.gov.br\/portal\/#\/schema\/logo\/image\/","url":"https:\/\/www.pm.pb.gov.br\/portal\/wp-content\/uploads\/2025\/03\/cropped-logo-site-mag2-1.png","contentUrl":"https:\/\/www.pm.pb.gov.br\/portal\/wp-content\/uploads\/2025\/03\/cropped-logo-site-mag2-1.png","width":320,"height":90,"caption":"Pol\u00edcia Militar da Para\u00edba"},"image":{"@id":"https:\/\/www.pm.pb.gov.br\/portal\/#\/schema\/logo\/image\/"}},{"@type":"Person","@id":"https:\/\/www.pm.pb.gov.br\/portal\/#\/schema\/person\/e8454f46651c3ecf0e1ba3c1666d9947","name":"Assessoria de Imprensa da PMPB","image":{"@type":"ImageObject","inLanguage":"pt-BR","@id":"https:\/\/www.pm.pb.gov.br\/portal\/#\/schema\/person\/image\/","url":"https:\/\/secure.gravatar.com\/avatar\/2efe197438265d1e90bd98c4c8e1acf8?s=96&d=mm&r=g","contentUrl":"https:\/\/secure.gravatar.com\/avatar\/2efe197438265d1e90bd98c4c8e1acf8?s=96&d=mm&r=g","caption":"Assessoria de Imprensa da PMPB"},"url":"https:\/\/www.pm.pb.gov.br\/portal\/author\/assessoria\/"}]}},"_links":{"self":[{"href":"https:\/\/www.pm.pb.gov.br\/portal\/wp-json\/wp\/v2\/posts\/892246"}],"collection":[{"href":"https:\/\/www.pm.pb.gov.br\/portal\/wp-json\/wp\/v2\/posts"}],"about":[{"href":"https:\/\/www.pm.pb.gov.br\/portal\/wp-json\/wp\/v2\/types\/post"}],"author":[{"embeddable":true,"href":"https:\/\/www.pm.pb.gov.br\/portal\/wp-json\/wp\/v2\/users\/5"}],"replies":[{"embeddable":true,"href":"https:\/\/www.pm.pb.gov.br\/portal\/wp-json\/wp\/v2\/comments?post=892246"}],"version-history":[{"count":0,"href":"https:\/\/www.pm.pb.gov.br\/portal\/wp-json\/wp\/v2\/posts\/892246\/revisions"}],"wp:featuredmedia":[{"embeddable":true,"href":"https:\/\/www.pm.pb.gov.br\/portal\/wp-json\/wp\/v2\/media\/11316"}],"wp:attachment":[{"href":"https:\/\/www.pm.pb.gov.br\/portal\/wp-json\/wp\/v2\/media?parent=892246"}],"wp:term":[{"taxonomy":"category","embeddable":true,"href":"https:\/\/www.pm.pb.gov.br\/portal\/wp-json\/wp\/v2\/categories?post=892246"},{"taxonomy":"post_tag","embeddable":true,"href":"https:\/\/www.pm.pb.gov.br\/portal\/wp-json\/wp\/v2\/tags?post=892246"}],"curies":[{"name":"wp","href":"https:\/\/api.w.org\/{rel}","templated":true}]}}