{"id":892234,"date":"2013-09-23T05:09:42","date_gmt":"2013-09-23T08:09:42","guid":{"rendered":"http:\/\/www.pm.pb.gov.br\/portal\/2013\/09\/operacao_desarticula_quadrilha_internacional_de_trafico_de_drogas\/"},"modified":"2013-09-23T05:09:42","modified_gmt":"2013-09-23T08:09:42","slug":"operacao_desarticula_quadrilha_internacional_de_trafico_de_drogas","status":"publish","type":"post","link":"https:\/\/www.pm.pb.gov.br\/portal\/2013\/09\/23\/operacao_desarticula_quadrilha_internacional_de_trafico_de_drogas\/","title":{"rendered":"Opera\u00e7\u00e3o desarticula quadrilha internacional de tr\u00e1fico de drogas"},"content":{"rendered":"<figure style=\"width: 500px\" class=\"wp-caption alignnone\"><img decoding=\"async\" class=\"alignnone size-medium\" src=\"http:\/\/www.pm.pb.gov.br\/portal\/wp-content\/uploads\/2013\/09\/8544_11270.jpg\" title=\"Foto Ilustrativa\" width=\"100%\" \/><figcaption class=\"wp-caption-text\">Foto Ilustrativa<\/figcaption><\/figure>\n<div style=\"text-align: justify;\">As pol\u00edcias Civil e Militar da Para\u00edba deflagraram, nesta segunda-feira (23), a Opera\u00e7\u00e3o Prefixo, com o objetivo de desarticular uma organiza\u00e7\u00e3o internacional de tr\u00e1fico de drogas, respons\u00e1vel pelo com\u00e9rcio de entorpecentes no Sert\u00e3o paraibano e em outros estados brasileiros. A quadrilha era comandada pelo peruano Walmer Ramirez Campos, que usava o nome de Marco Ant\u00f4nio Chavarry Trujillo. Ele foi preso nesse s\u00e1bado (21), em Fortaleza (CE).<\/p>\n<p>De acordo com o superintendente da 3\u00aa Regi\u00e3o Integrada de Seguran\u00e7a P\u00fablica, delegado Andr\u00e9 Rabelo, esta \u00e9 a primeira vez que a pol\u00edcia judici\u00e1ria estadual desarticula uma quadrilha internacional de tr\u00e1fico de drogas. As investiga\u00e7\u00f5es come\u00e7aram em julho deste ano, quando foram presos alguns traficantes na cidade de Patos (PB), o que levou ao restante do grupo. At\u00e9 o momento, 14 pessoas foram presas, 22 indiciadas, e a Pol\u00edcia Civil continua os trabalhos para prender mais dois suspeitos.<\/p>\n<p>Al\u00e9m das pol\u00edcias Civil e Militar, participam da Opera\u00e7\u00e3o Prefixo a Promotoria de Justi\u00e7a da 6\u00aa Vara da Comarca de Patos. Auxiliaram ainda nas investiga\u00e7\u00f5es, a dire\u00e7\u00e3o do pres\u00eddio regional da cidade, com agentes penitenci\u00e1rios do GPOE.<\/p>\n<p>Atua\u00e7\u00e3o da quadrilha\u0096 Segundo a pol\u00edcia, a droga vinha da Bol\u00edvia e entrava pelos Estados do Acre ou pelo Mato Grosso, havendo uma altern\u00e2ncia para dificultar o trabalho policial. O material era levado para Fortaleza, onde era distribu\u00eddo para a Para\u00edba, Rio Grande do Norte, Pernambuco, Maranh\u00e3o, Acre, Piau\u00ed, S\u00e3o Paulo e Amazonas. Al\u00e9m dos estados citados, a droga ainda era fornecida para o Peru e a Espanha.<\/p>\n<p>Walmer Ramirez Campos, conhecido por \u0093Tony\u0094 ou \u0093Gringo\u0094, contava com a ajuda da mulher, Raquel Vieira de Lima. O casal administrava a distribui\u00e7\u00e3o de coca\u00edna, crack e maconha do Cear\u00e1 para o resto do Brasil. Os dois foram presos na rua Cidade Rio Branco, bairro Henrique Jorge, por policiais civis e militares do munic\u00edpio de Patos, com aux\u00edlio de policiais civis do Cear\u00e1.<\/p>\n<p>Uma entrevista coletiva vai ser concedida, logo mais, \u00e0s 9h, na sede da Delegacia Seccional de Patos com o superintendente Andr\u00e9 Rabelo e o comandante Almeida Rosas, que coordenaram a a\u00e7\u00e3o.<\/p>\n<div class=\"row\" align=\"center\"><\/div>\n<\/div>\n","protected":false},"excerpt":{"rendered":"<p>As pol\u00edcias Civil e Militar da Para\u00edba deflagraram, nesta segunda-feira (23), a Opera\u00e7\u00e3o Prefixo, com o objetivo de desarticular uma<\/p>\n","protected":false},"author":5,"featured_media":11270,"comment_status":"closed","ping_status":"closed","sticky":false,"template":"","format":"standard","meta":{"_exactmetrics_skip_tracking":false,"_exactmetrics_sitenote_active":false,"_exactmetrics_sitenote_note":"","_exactmetrics_sitenote_category":0,"footnotes":""},"categories":[4],"tags":[],"yoast_head":"<!-- This site is optimized with the Yoast SEO plugin v22.0 - https:\/\/yoast.com\/wordpress\/plugins\/seo\/ -->\n<title>Opera\u00e7\u00e3o desarticula quadrilha internacional de tr\u00e1fico de drogas - Pol\u00edcia Militar da Para\u00edba<\/title>\n<meta name=\"robots\" content=\"index, follow, max-snippet:-1, max-image-preview:large, max-video-preview:-1\" \/>\n<link rel=\"canonical\" href=\"https:\/\/www.pm.pb.gov.br\/portal\/2013\/09\/23\/operacao_desarticula_quadrilha_internacional_de_trafico_de_drogas\/\" \/>\n<meta property=\"og:locale\" content=\"pt_BR\" \/>\n<meta property=\"og:type\" content=\"article\" \/>\n<meta property=\"og:title\" content=\"Opera\u00e7\u00e3o desarticula quadrilha internacional de tr\u00e1fico de drogas - Pol\u00edcia Militar da Para\u00edba\" \/>\n<meta property=\"og:description\" content=\"As pol\u00edcias Civil e Militar da Para\u00edba deflagraram, nesta segunda-feira (23), a Opera\u00e7\u00e3o Prefixo, com o objetivo de desarticular uma\" \/>\n<meta property=\"og:url\" content=\"https:\/\/www.pm.pb.gov.br\/portal\/2013\/09\/23\/operacao_desarticula_quadrilha_internacional_de_trafico_de_drogas\/\" \/>\n<meta property=\"og:site_name\" content=\"Pol\u00edcia Militar da Para\u00edba\" \/>\n<meta property=\"article:published_time\" content=\"2013-09-23T08:09:42+00:00\" \/>\n<meta property=\"og:image\" content=\"https:\/\/www.pm.pb.gov.br\/portal\/wp-content\/uploads\/2013\/09\/8544_11270.jpg\" \/>\n\t<meta property=\"og:image:width\" content=\"500\" \/>\n\t<meta property=\"og:image:height\" content=\"334\" \/>\n\t<meta property=\"og:image:type\" content=\"image\/jpeg\" \/>\n<meta name=\"author\" content=\"Assessoria de Imprensa da PMPB\" \/>\n<meta name=\"twitter:card\" content=\"summary_large_image\" \/>\n<meta name=\"twitter:label1\" content=\"Escrito por\" \/>\n\t<meta name=\"twitter:data1\" content=\"Assessoria de Imprensa da PMPB\" \/>\n\t<meta name=\"twitter:label2\" content=\"Est. tempo de leitura\" \/>\n\t<meta name=\"twitter:data2\" content=\"2 minutos\" \/>\n<script type=\"application\/ld+json\" class=\"yoast-schema-graph\">{\"@context\":\"https:\/\/schema.org\",\"@graph\":[{\"@type\":\"Article\",\"@id\":\"https:\/\/www.pm.pb.gov.br\/portal\/2013\/09\/23\/operacao_desarticula_quadrilha_internacional_de_trafico_de_drogas\/#article\",\"isPartOf\":{\"@id\":\"https:\/\/www.pm.pb.gov.br\/portal\/2013\/09\/23\/operacao_desarticula_quadrilha_internacional_de_trafico_de_drogas\/\"},\"author\":{\"name\":\"Assessoria de Imprensa da PMPB\",\"@id\":\"https:\/\/www.pm.pb.gov.br\/portal\/#\/schema\/person\/e8454f46651c3ecf0e1ba3c1666d9947\"},\"headline\":\"Opera\u00e7\u00e3o desarticula quadrilha internacional de tr\u00e1fico de drogas\",\"datePublished\":\"2013-09-23T08:09:42+00:00\",\"dateModified\":\"2013-09-23T08:09:42+00:00\",\"mainEntityOfPage\":{\"@id\":\"https:\/\/www.pm.pb.gov.br\/portal\/2013\/09\/23\/operacao_desarticula_quadrilha_internacional_de_trafico_de_drogas\/\"},\"wordCount\":395,\"publisher\":{\"@id\":\"https:\/\/www.pm.pb.gov.br\/portal\/#organization\"},\"articleSection\":[\"A\u00e7\u00f5es Policiais\"],\"inLanguage\":\"pt-BR\"},{\"@type\":\"WebPage\",\"@id\":\"https:\/\/www.pm.pb.gov.br\/portal\/2013\/09\/23\/operacao_desarticula_quadrilha_internacional_de_trafico_de_drogas\/\",\"url\":\"https:\/\/www.pm.pb.gov.br\/portal\/2013\/09\/23\/operacao_desarticula_quadrilha_internacional_de_trafico_de_drogas\/\",\"name\":\"Opera\u00e7\u00e3o desarticula quadrilha internacional de tr\u00e1fico de drogas - Pol\u00edcia Militar da Para\u00edba\",\"isPartOf\":{\"@id\":\"https:\/\/www.pm.pb.gov.br\/portal\/#website\"},\"datePublished\":\"2013-09-23T08:09:42+00:00\",\"dateModified\":\"2013-09-23T08:09:42+00:00\",\"breadcrumb\":{\"@id\":\"https:\/\/www.pm.pb.gov.br\/portal\/2013\/09\/23\/operacao_desarticula_quadrilha_internacional_de_trafico_de_drogas\/#breadcrumb\"},\"inLanguage\":\"pt-BR\",\"potentialAction\":[{\"@type\":\"ReadAction\",\"target\":[\"https:\/\/www.pm.pb.gov.br\/portal\/2013\/09\/23\/operacao_desarticula_quadrilha_internacional_de_trafico_de_drogas\/\"]}]},{\"@type\":\"BreadcrumbList\",\"@id\":\"https:\/\/www.pm.pb.gov.br\/portal\/2013\/09\/23\/operacao_desarticula_quadrilha_internacional_de_trafico_de_drogas\/#breadcrumb\",\"itemListElement\":[{\"@type\":\"ListItem\",\"position\":1,\"name\":\"In\u00edcio\",\"item\":\"https:\/\/www.pm.pb.gov.br\/portal\/\"},{\"@type\":\"ListItem\",\"position\":2,\"name\":\"Opera\u00e7\u00e3o desarticula quadrilha internacional de tr\u00e1fico de drogas\"}]},{\"@type\":\"WebSite\",\"@id\":\"https:\/\/www.pm.pb.gov.br\/portal\/#website\",\"url\":\"https:\/\/www.pm.pb.gov.br\/portal\/\",\"name\":\"Pol\u00edcia Militar da Para\u00edba\",\"description\":\"\",\"publisher\":{\"@id\":\"https:\/\/www.pm.pb.gov.br\/portal\/#organization\"},\"potentialAction\":[{\"@type\":\"SearchAction\",\"target\":{\"@type\":\"EntryPoint\",\"urlTemplate\":\"https:\/\/www.pm.pb.gov.br\/portal\/?s={search_term_string}\"},\"query-input\":\"required name=search_term_string\"}],\"inLanguage\":\"pt-BR\"},{\"@type\":\"Organization\",\"@id\":\"https:\/\/www.pm.pb.gov.br\/portal\/#organization\",\"name\":\"Pol\u00edcia Militar da Para\u00edba\",\"url\":\"https:\/\/www.pm.pb.gov.br\/portal\/\",\"logo\":{\"@type\":\"ImageObject\",\"inLanguage\":\"pt-BR\",\"@id\":\"https:\/\/www.pm.pb.gov.br\/portal\/#\/schema\/logo\/image\/\",\"url\":\"https:\/\/www.pm.pb.gov.br\/portal\/wp-content\/uploads\/2025\/03\/cropped-logo-site-mag2-1.png\",\"contentUrl\":\"https:\/\/www.pm.pb.gov.br\/portal\/wp-content\/uploads\/2025\/03\/cropped-logo-site-mag2-1.png\",\"width\":320,\"height\":90,\"caption\":\"Pol\u00edcia Militar da Para\u00edba\"},\"image\":{\"@id\":\"https:\/\/www.pm.pb.gov.br\/portal\/#\/schema\/logo\/image\/\"}},{\"@type\":\"Person\",\"@id\":\"https:\/\/www.pm.pb.gov.br\/portal\/#\/schema\/person\/e8454f46651c3ecf0e1ba3c1666d9947\",\"name\":\"Assessoria de Imprensa da PMPB\",\"image\":{\"@type\":\"ImageObject\",\"inLanguage\":\"pt-BR\",\"@id\":\"https:\/\/www.pm.pb.gov.br\/portal\/#\/schema\/person\/image\/\",\"url\":\"https:\/\/secure.gravatar.com\/avatar\/2efe197438265d1e90bd98c4c8e1acf8?s=96&d=mm&r=g\",\"contentUrl\":\"https:\/\/secure.gravatar.com\/avatar\/2efe197438265d1e90bd98c4c8e1acf8?s=96&d=mm&r=g\",\"caption\":\"Assessoria de Imprensa da PMPB\"},\"url\":\"https:\/\/www.pm.pb.gov.br\/portal\/author\/assessoria\/\"}]}<\/script>\n<!-- \/ Yoast SEO plugin. -->","yoast_head_json":{"title":"Opera\u00e7\u00e3o desarticula quadrilha internacional de tr\u00e1fico de drogas - Pol\u00edcia Militar da Para\u00edba","robots":{"index":"index","follow":"follow","max-snippet":"max-snippet:-1","max-image-preview":"max-image-preview:large","max-video-preview":"max-video-preview:-1"},"canonical":"https:\/\/www.pm.pb.gov.br\/portal\/2013\/09\/23\/operacao_desarticula_quadrilha_internacional_de_trafico_de_drogas\/","og_locale":"pt_BR","og_type":"article","og_title":"Opera\u00e7\u00e3o desarticula quadrilha internacional de tr\u00e1fico de drogas - Pol\u00edcia Militar da Para\u00edba","og_description":"As pol\u00edcias Civil e Militar da Para\u00edba deflagraram, nesta segunda-feira (23), a Opera\u00e7\u00e3o Prefixo, com o objetivo de desarticular uma","og_url":"https:\/\/www.pm.pb.gov.br\/portal\/2013\/09\/23\/operacao_desarticula_quadrilha_internacional_de_trafico_de_drogas\/","og_site_name":"Pol\u00edcia Militar da Para\u00edba","article_published_time":"2013-09-23T08:09:42+00:00","og_image":[{"width":500,"height":334,"url":"https:\/\/www.pm.pb.gov.br\/portal\/wp-content\/uploads\/2013\/09\/8544_11270.jpg","type":"image\/jpeg"}],"author":"Assessoria de Imprensa da PMPB","twitter_card":"summary_large_image","twitter_misc":{"Escrito por":"Assessoria de Imprensa da PMPB","Est. tempo de leitura":"2 minutos"},"schema":{"@context":"https:\/\/schema.org","@graph":[{"@type":"Article","@id":"https:\/\/www.pm.pb.gov.br\/portal\/2013\/09\/23\/operacao_desarticula_quadrilha_internacional_de_trafico_de_drogas\/#article","isPartOf":{"@id":"https:\/\/www.pm.pb.gov.br\/portal\/2013\/09\/23\/operacao_desarticula_quadrilha_internacional_de_trafico_de_drogas\/"},"author":{"name":"Assessoria de Imprensa da PMPB","@id":"https:\/\/www.pm.pb.gov.br\/portal\/#\/schema\/person\/e8454f46651c3ecf0e1ba3c1666d9947"},"headline":"Opera\u00e7\u00e3o desarticula quadrilha internacional de tr\u00e1fico de drogas","datePublished":"2013-09-23T08:09:42+00:00","dateModified":"2013-09-23T08:09:42+00:00","mainEntityOfPage":{"@id":"https:\/\/www.pm.pb.gov.br\/portal\/2013\/09\/23\/operacao_desarticula_quadrilha_internacional_de_trafico_de_drogas\/"},"wordCount":395,"publisher":{"@id":"https:\/\/www.pm.pb.gov.br\/portal\/#organization"},"articleSection":["A\u00e7\u00f5es Policiais"],"inLanguage":"pt-BR"},{"@type":"WebPage","@id":"https:\/\/www.pm.pb.gov.br\/portal\/2013\/09\/23\/operacao_desarticula_quadrilha_internacional_de_trafico_de_drogas\/","url":"https:\/\/www.pm.pb.gov.br\/portal\/2013\/09\/23\/operacao_desarticula_quadrilha_internacional_de_trafico_de_drogas\/","name":"Opera\u00e7\u00e3o desarticula quadrilha internacional de tr\u00e1fico de drogas - Pol\u00edcia Militar da Para\u00edba","isPartOf":{"@id":"https:\/\/www.pm.pb.gov.br\/portal\/#website"},"datePublished":"2013-09-23T08:09:42+00:00","dateModified":"2013-09-23T08:09:42+00:00","breadcrumb":{"@id":"https:\/\/www.pm.pb.gov.br\/portal\/2013\/09\/23\/operacao_desarticula_quadrilha_internacional_de_trafico_de_drogas\/#breadcrumb"},"inLanguage":"pt-BR","potentialAction":[{"@type":"ReadAction","target":["https:\/\/www.pm.pb.gov.br\/portal\/2013\/09\/23\/operacao_desarticula_quadrilha_internacional_de_trafico_de_drogas\/"]}]},{"@type":"BreadcrumbList","@id":"https:\/\/www.pm.pb.gov.br\/portal\/2013\/09\/23\/operacao_desarticula_quadrilha_internacional_de_trafico_de_drogas\/#breadcrumb","itemListElement":[{"@type":"ListItem","position":1,"name":"In\u00edcio","item":"https:\/\/www.pm.pb.gov.br\/portal\/"},{"@type":"ListItem","position":2,"name":"Opera\u00e7\u00e3o desarticula quadrilha internacional de tr\u00e1fico de drogas"}]},{"@type":"WebSite","@id":"https:\/\/www.pm.pb.gov.br\/portal\/#website","url":"https:\/\/www.pm.pb.gov.br\/portal\/","name":"Pol\u00edcia Militar da Para\u00edba","description":"","publisher":{"@id":"https:\/\/www.pm.pb.gov.br\/portal\/#organization"},"potentialAction":[{"@type":"SearchAction","target":{"@type":"EntryPoint","urlTemplate":"https:\/\/www.pm.pb.gov.br\/portal\/?s={search_term_string}"},"query-input":"required name=search_term_string"}],"inLanguage":"pt-BR"},{"@type":"Organization","@id":"https:\/\/www.pm.pb.gov.br\/portal\/#organization","name":"Pol\u00edcia Militar da Para\u00edba","url":"https:\/\/www.pm.pb.gov.br\/portal\/","logo":{"@type":"ImageObject","inLanguage":"pt-BR","@id":"https:\/\/www.pm.pb.gov.br\/portal\/#\/schema\/logo\/image\/","url":"https:\/\/www.pm.pb.gov.br\/portal\/wp-content\/uploads\/2025\/03\/cropped-logo-site-mag2-1.png","contentUrl":"https:\/\/www.pm.pb.gov.br\/portal\/wp-content\/uploads\/2025\/03\/cropped-logo-site-mag2-1.png","width":320,"height":90,"caption":"Pol\u00edcia Militar da Para\u00edba"},"image":{"@id":"https:\/\/www.pm.pb.gov.br\/portal\/#\/schema\/logo\/image\/"}},{"@type":"Person","@id":"https:\/\/www.pm.pb.gov.br\/portal\/#\/schema\/person\/e8454f46651c3ecf0e1ba3c1666d9947","name":"Assessoria de Imprensa da PMPB","image":{"@type":"ImageObject","inLanguage":"pt-BR","@id":"https:\/\/www.pm.pb.gov.br\/portal\/#\/schema\/person\/image\/","url":"https:\/\/secure.gravatar.com\/avatar\/2efe197438265d1e90bd98c4c8e1acf8?s=96&d=mm&r=g","contentUrl":"https:\/\/secure.gravatar.com\/avatar\/2efe197438265d1e90bd98c4c8e1acf8?s=96&d=mm&r=g","caption":"Assessoria de Imprensa da PMPB"},"url":"https:\/\/www.pm.pb.gov.br\/portal\/author\/assessoria\/"}]}},"_links":{"self":[{"href":"https:\/\/www.pm.pb.gov.br\/portal\/wp-json\/wp\/v2\/posts\/892234"}],"collection":[{"href":"https:\/\/www.pm.pb.gov.br\/portal\/wp-json\/wp\/v2\/posts"}],"about":[{"href":"https:\/\/www.pm.pb.gov.br\/portal\/wp-json\/wp\/v2\/types\/post"}],"author":[{"embeddable":true,"href":"https:\/\/www.pm.pb.gov.br\/portal\/wp-json\/wp\/v2\/users\/5"}],"replies":[{"embeddable":true,"href":"https:\/\/www.pm.pb.gov.br\/portal\/wp-json\/wp\/v2\/comments?post=892234"}],"version-history":[{"count":0,"href":"https:\/\/www.pm.pb.gov.br\/portal\/wp-json\/wp\/v2\/posts\/892234\/revisions"}],"wp:featuredmedia":[{"embeddable":true,"href":"https:\/\/www.pm.pb.gov.br\/portal\/wp-json\/wp\/v2\/media\/11270"}],"wp:attachment":[{"href":"https:\/\/www.pm.pb.gov.br\/portal\/wp-json\/wp\/v2\/media?parent=892234"}],"wp:term":[{"taxonomy":"category","embeddable":true,"href":"https:\/\/www.pm.pb.gov.br\/portal\/wp-json\/wp\/v2\/categories?post=892234"},{"taxonomy":"post_tag","embeddable":true,"href":"https:\/\/www.pm.pb.gov.br\/portal\/wp-json\/wp\/v2\/tags?post=892234"}],"curies":[{"name":"wp","href":"https:\/\/api.w.org\/{rel}","templated":true}]}}