{"id":892217,"date":"2013-09-12T08:09:17","date_gmt":"2013-09-12T11:09:17","guid":{"rendered":"http:\/\/www.pm.pb.gov.br\/portal\/2013\/09\/policia_comemora_aniversario_da_associacao_dos_inativos\/"},"modified":"2013-09-12T08:09:17","modified_gmt":"2013-09-12T11:09:17","slug":"policia_comemora_aniversario_da_associacao_dos_inativos","status":"publish","type":"post","link":"https:\/\/www.pm.pb.gov.br\/portal\/2013\/09\/12\/policia_comemora_aniversario_da_associacao_dos_inativos\/","title":{"rendered":"Pol\u00edcia comemora anivers\u00e1rio da Associa\u00e7\u00e3o dos Inativos"},"content":{"rendered":"<figure style=\"width: 500px\" class=\"wp-caption alignnone\"><img decoding=\"async\" class=\"alignnone size-medium\" src=\"http:\/\/www.pm.pb.gov.br\/portal\/wp-content\/uploads\/2013\/09\/8502_11196.jpg\" title=\"Comemora\u00e7\u00e3o aconteceu na sede da entidade, no Centro de Jo\u00e3o Pessoa (Fotos: Ricardo S\u00e9rgio)\" width=\"100%\" \/><figcaption class=\"wp-caption-text\">Comemora\u00e7\u00e3o aconteceu na sede da entidade, no Centro de Jo\u00e3o Pessoa (Fotos: Ricardo S\u00e9rgio)<\/figcaption><\/figure>\n<div style=\"text-align: justify;\">Os 61 anos de funda\u00e7\u00e3o da Associa\u00e7\u00e3o dos Inativos da Pol\u00edcia Militar da Para\u00edba (PMPB), comemorados nesta quinta-feira (12), foram marcados por um caf\u00e9 da manh\u00e3 que reuniu associados e policiais da ativa na sede da institui\u00e7\u00e3o. O comandante geral da PMPB, coronel Euller Chaves, compareceu ao local e prestigiou o evento.<\/p>\n<p>Segundo oficial, a associa\u00e7\u00e3o tem muitos avan\u00e7os a comemorar. \u0093\u00c9 uma entidade unidade, bem organizada e com empatia dos seus associados. A reserva \u00e9 o \u0091destino\u0092 de todos os militares e \u00e9 bom saber que temos um lugar de aconchego e conv\u00edvio com os amigos j\u00e1 reformados\u0094, comentou Euller, ao citar que \u00e9 preciso reconhecer a contribui\u00e7\u00e3o desses homens e mulheres que cumpriram seu dever na PMPB. \u0093Nossa ideia \u00e9 estabelecer uma honraria que possa homenagear esses militares\u0094, adiantou Euller.<\/p>\n<p>O presidente da associa\u00e7\u00e3o, o coronel reformado Marc\u00edlio Pio Chaves, tamb\u00e9m destacou os avan\u00e7os da entidade. \u0093Somos uma associa\u00e7\u00e3o formada por quase 900 militares e, apesar de nossa renda n\u00e3o ser t\u00e3o grande, conseguimos honrar nossos compromissos e trazer benef\u00edcios para os associados\u0094, lembrou ele, ao acrescentar que os associados contam com assist\u00eancia m\u00e9dica gratuita, atrav\u00e9s de um conv\u00eanio firmado entre a entidade e uma cl\u00ednica privada.<\/p>\n<p>Localizada na rua Riachuelo, no Centro de Jo\u00e3o Pessoa, a sede da Associa\u00e7\u00e3o tamb\u00e9m  \u00e9 um lugar de encontro entre os militares da reserva. Entre os frequentadores ass\u00edduos est\u00e1 o sub-tenente Severino Gomes do Nascimento,  de 88 anos, que h\u00e1 mais de 30 integra a reserva. \u0093Meu expediente de manh\u00e3 \u00e9 aqui, gosto do aconchego e da camaradagem dos amigos que encontramos nesta sede\u0094, disse ele. O vice-presidente da associa\u00e7\u00e3o, o coronel da reserva Antenor Moreira, tamb\u00e9m destacou a uni\u00e3o da institui\u00e7\u00e3o.<\/p>\n<p>\u0093Das associa\u00e7\u00f5es da PM, a que mais os s\u00f3cios marcam presen\u00e7a \u00e9 a nossa. \u0091Aqui a tristeza pula de alegria\u0092\u0094, disse Antenor, ao citar uma frase que ilustra as paredes do seu gabinete.  Al\u00e9m dos reformados, tamb\u00e9m participou do anivers\u00e1rio da associa\u00e7\u00e3o o comandante do Batalh\u00e3o de Policiamento de Tr\u00e2nsito, o tenente coronel Almeida Martins. <\/p>\n<div class=\"row\" align=\"center\"><a href=\"http:\/\/www.pm.pb.gov.br\/portal\/wp-content\/uploads\/2013\/09\/8502_11197.jpg\"><figure style=\"width: 500px\" class=\"wp-caption alignnone\"><img decoding=\"async\" class=\"image-responsive\" src=\"http:\/\/www.pm.pb.gov.br\/portal\/wp-content\/uploads\/2013\/09\/8502_11197.jpg\" title=\"Local e\u00b4refer\u00eancia e ponto de encontro para policiais da reserva\" width=\"100%\" \/><figcaption class=\"wp-caption-text\">Local e\u00b4refer\u00eancia e ponto de encontro para policiais da reserva<\/figcaption><\/figure><\/a><\/div>\n<\/div>\n","protected":false},"excerpt":{"rendered":"<p>Os 61 anos de funda\u00e7\u00e3o da Associa\u00e7\u00e3o dos Inativos da Pol\u00edcia Militar da Para\u00edba (PMPB), comemorados nesta quinta-feira (12), foram<\/p>\n","protected":false},"author":5,"featured_media":11196,"comment_status":"closed","ping_status":"closed","sticky":false,"template":"","format":"standard","meta":{"_exactmetrics_skip_tracking":false,"_exactmetrics_sitenote_active":false,"_exactmetrics_sitenote_note":"","_exactmetrics_sitenote_category":0,"footnotes":""},"categories":[4],"tags":[],"yoast_head":"<!-- This site is optimized with the Yoast SEO plugin v22.0 - https:\/\/yoast.com\/wordpress\/plugins\/seo\/ -->\n<title>Pol\u00edcia comemora anivers\u00e1rio da Associa\u00e7\u00e3o dos Inativos - Pol\u00edcia Militar da Para\u00edba<\/title>\n<meta name=\"robots\" content=\"index, follow, max-snippet:-1, max-image-preview:large, max-video-preview:-1\" \/>\n<link rel=\"canonical\" href=\"https:\/\/www.pm.pb.gov.br\/portal\/2013\/09\/12\/policia_comemora_aniversario_da_associacao_dos_inativos\/\" \/>\n<meta property=\"og:locale\" content=\"pt_BR\" \/>\n<meta property=\"og:type\" content=\"article\" \/>\n<meta property=\"og:title\" content=\"Pol\u00edcia comemora anivers\u00e1rio da Associa\u00e7\u00e3o dos Inativos - Pol\u00edcia Militar da Para\u00edba\" \/>\n<meta property=\"og:description\" content=\"Os 61 anos de funda\u00e7\u00e3o da Associa\u00e7\u00e3o dos Inativos da Pol\u00edcia Militar da Para\u00edba (PMPB), comemorados nesta quinta-feira (12), foram\" \/>\n<meta property=\"og:url\" content=\"https:\/\/www.pm.pb.gov.br\/portal\/2013\/09\/12\/policia_comemora_aniversario_da_associacao_dos_inativos\/\" \/>\n<meta property=\"og:site_name\" content=\"Pol\u00edcia Militar da Para\u00edba\" \/>\n<meta property=\"article:published_time\" content=\"2013-09-12T11:09:17+00:00\" \/>\n<meta property=\"og:image\" content=\"https:\/\/www.pm.pb.gov.br\/portal\/wp-content\/uploads\/2013\/09\/8502_11196.jpg\" \/>\n\t<meta property=\"og:image:width\" content=\"500\" \/>\n\t<meta property=\"og:image:height\" content=\"333\" \/>\n\t<meta property=\"og:image:type\" content=\"image\/jpeg\" \/>\n<meta name=\"author\" content=\"Assessoria de Imprensa da PMPB\" \/>\n<meta name=\"twitter:card\" content=\"summary_large_image\" \/>\n<meta name=\"twitter:label1\" content=\"Escrito por\" \/>\n\t<meta name=\"twitter:data1\" content=\"Assessoria de Imprensa da PMPB\" \/>\n\t<meta name=\"twitter:label2\" content=\"Est. tempo de leitura\" \/>\n\t<meta name=\"twitter:data2\" content=\"2 minutos\" \/>\n<script type=\"application\/ld+json\" class=\"yoast-schema-graph\">{\"@context\":\"https:\/\/schema.org\",\"@graph\":[{\"@type\":\"Article\",\"@id\":\"https:\/\/www.pm.pb.gov.br\/portal\/2013\/09\/12\/policia_comemora_aniversario_da_associacao_dos_inativos\/#article\",\"isPartOf\":{\"@id\":\"https:\/\/www.pm.pb.gov.br\/portal\/2013\/09\/12\/policia_comemora_aniversario_da_associacao_dos_inativos\/\"},\"author\":{\"name\":\"Assessoria de Imprensa da PMPB\",\"@id\":\"https:\/\/www.pm.pb.gov.br\/portal\/#\/schema\/person\/e8454f46651c3ecf0e1ba3c1666d9947\"},\"headline\":\"Pol\u00edcia comemora anivers\u00e1rio da Associa\u00e7\u00e3o dos Inativos\",\"datePublished\":\"2013-09-12T11:09:17+00:00\",\"dateModified\":\"2013-09-12T11:09:17+00:00\",\"mainEntityOfPage\":{\"@id\":\"https:\/\/www.pm.pb.gov.br\/portal\/2013\/09\/12\/policia_comemora_aniversario_da_associacao_dos_inativos\/\"},\"wordCount\":413,\"publisher\":{\"@id\":\"https:\/\/www.pm.pb.gov.br\/portal\/#organization\"},\"articleSection\":[\"A\u00e7\u00f5es Policiais\"],\"inLanguage\":\"pt-BR\"},{\"@type\":\"WebPage\",\"@id\":\"https:\/\/www.pm.pb.gov.br\/portal\/2013\/09\/12\/policia_comemora_aniversario_da_associacao_dos_inativos\/\",\"url\":\"https:\/\/www.pm.pb.gov.br\/portal\/2013\/09\/12\/policia_comemora_aniversario_da_associacao_dos_inativos\/\",\"name\":\"Pol\u00edcia comemora anivers\u00e1rio da Associa\u00e7\u00e3o dos Inativos - Pol\u00edcia Militar da Para\u00edba\",\"isPartOf\":{\"@id\":\"https:\/\/www.pm.pb.gov.br\/portal\/#website\"},\"datePublished\":\"2013-09-12T11:09:17+00:00\",\"dateModified\":\"2013-09-12T11:09:17+00:00\",\"breadcrumb\":{\"@id\":\"https:\/\/www.pm.pb.gov.br\/portal\/2013\/09\/12\/policia_comemora_aniversario_da_associacao_dos_inativos\/#breadcrumb\"},\"inLanguage\":\"pt-BR\",\"potentialAction\":[{\"@type\":\"ReadAction\",\"target\":[\"https:\/\/www.pm.pb.gov.br\/portal\/2013\/09\/12\/policia_comemora_aniversario_da_associacao_dos_inativos\/\"]}]},{\"@type\":\"BreadcrumbList\",\"@id\":\"https:\/\/www.pm.pb.gov.br\/portal\/2013\/09\/12\/policia_comemora_aniversario_da_associacao_dos_inativos\/#breadcrumb\",\"itemListElement\":[{\"@type\":\"ListItem\",\"position\":1,\"name\":\"In\u00edcio\",\"item\":\"https:\/\/www.pm.pb.gov.br\/portal\/\"},{\"@type\":\"ListItem\",\"position\":2,\"name\":\"Pol\u00edcia comemora anivers\u00e1rio da Associa\u00e7\u00e3o dos Inativos\"}]},{\"@type\":\"WebSite\",\"@id\":\"https:\/\/www.pm.pb.gov.br\/portal\/#website\",\"url\":\"https:\/\/www.pm.pb.gov.br\/portal\/\",\"name\":\"Pol\u00edcia Militar da Para\u00edba\",\"description\":\"\",\"publisher\":{\"@id\":\"https:\/\/www.pm.pb.gov.br\/portal\/#organization\"},\"potentialAction\":[{\"@type\":\"SearchAction\",\"target\":{\"@type\":\"EntryPoint\",\"urlTemplate\":\"https:\/\/www.pm.pb.gov.br\/portal\/?s={search_term_string}\"},\"query-input\":\"required name=search_term_string\"}],\"inLanguage\":\"pt-BR\"},{\"@type\":\"Organization\",\"@id\":\"https:\/\/www.pm.pb.gov.br\/portal\/#organization\",\"name\":\"Pol\u00edcia Militar da Para\u00edba\",\"url\":\"https:\/\/www.pm.pb.gov.br\/portal\/\",\"logo\":{\"@type\":\"ImageObject\",\"inLanguage\":\"pt-BR\",\"@id\":\"https:\/\/www.pm.pb.gov.br\/portal\/#\/schema\/logo\/image\/\",\"url\":\"https:\/\/www.pm.pb.gov.br\/portal\/wp-content\/uploads\/2025\/03\/cropped-logo-site-mag2-1.png\",\"contentUrl\":\"https:\/\/www.pm.pb.gov.br\/portal\/wp-content\/uploads\/2025\/03\/cropped-logo-site-mag2-1.png\",\"width\":320,\"height\":90,\"caption\":\"Pol\u00edcia Militar da Para\u00edba\"},\"image\":{\"@id\":\"https:\/\/www.pm.pb.gov.br\/portal\/#\/schema\/logo\/image\/\"}},{\"@type\":\"Person\",\"@id\":\"https:\/\/www.pm.pb.gov.br\/portal\/#\/schema\/person\/e8454f46651c3ecf0e1ba3c1666d9947\",\"name\":\"Assessoria de Imprensa da PMPB\",\"image\":{\"@type\":\"ImageObject\",\"inLanguage\":\"pt-BR\",\"@id\":\"https:\/\/www.pm.pb.gov.br\/portal\/#\/schema\/person\/image\/\",\"url\":\"https:\/\/secure.gravatar.com\/avatar\/2efe197438265d1e90bd98c4c8e1acf8?s=96&d=mm&r=g\",\"contentUrl\":\"https:\/\/secure.gravatar.com\/avatar\/2efe197438265d1e90bd98c4c8e1acf8?s=96&d=mm&r=g\",\"caption\":\"Assessoria de Imprensa da PMPB\"},\"url\":\"https:\/\/www.pm.pb.gov.br\/portal\/author\/assessoria\/\"}]}<\/script>\n<!-- \/ Yoast SEO plugin. -->","yoast_head_json":{"title":"Pol\u00edcia comemora anivers\u00e1rio da Associa\u00e7\u00e3o dos Inativos - Pol\u00edcia Militar da Para\u00edba","robots":{"index":"index","follow":"follow","max-snippet":"max-snippet:-1","max-image-preview":"max-image-preview:large","max-video-preview":"max-video-preview:-1"},"canonical":"https:\/\/www.pm.pb.gov.br\/portal\/2013\/09\/12\/policia_comemora_aniversario_da_associacao_dos_inativos\/","og_locale":"pt_BR","og_type":"article","og_title":"Pol\u00edcia comemora anivers\u00e1rio da Associa\u00e7\u00e3o dos Inativos - Pol\u00edcia Militar da Para\u00edba","og_description":"Os 61 anos de funda\u00e7\u00e3o da Associa\u00e7\u00e3o dos Inativos da Pol\u00edcia Militar da Para\u00edba (PMPB), comemorados nesta quinta-feira (12), foram","og_url":"https:\/\/www.pm.pb.gov.br\/portal\/2013\/09\/12\/policia_comemora_aniversario_da_associacao_dos_inativos\/","og_site_name":"Pol\u00edcia Militar da Para\u00edba","article_published_time":"2013-09-12T11:09:17+00:00","og_image":[{"width":500,"height":333,"url":"https:\/\/www.pm.pb.gov.br\/portal\/wp-content\/uploads\/2013\/09\/8502_11196.jpg","type":"image\/jpeg"}],"author":"Assessoria de Imprensa da PMPB","twitter_card":"summary_large_image","twitter_misc":{"Escrito por":"Assessoria de Imprensa da PMPB","Est. tempo de leitura":"2 minutos"},"schema":{"@context":"https:\/\/schema.org","@graph":[{"@type":"Article","@id":"https:\/\/www.pm.pb.gov.br\/portal\/2013\/09\/12\/policia_comemora_aniversario_da_associacao_dos_inativos\/#article","isPartOf":{"@id":"https:\/\/www.pm.pb.gov.br\/portal\/2013\/09\/12\/policia_comemora_aniversario_da_associacao_dos_inativos\/"},"author":{"name":"Assessoria de Imprensa da PMPB","@id":"https:\/\/www.pm.pb.gov.br\/portal\/#\/schema\/person\/e8454f46651c3ecf0e1ba3c1666d9947"},"headline":"Pol\u00edcia comemora anivers\u00e1rio da Associa\u00e7\u00e3o dos Inativos","datePublished":"2013-09-12T11:09:17+00:00","dateModified":"2013-09-12T11:09:17+00:00","mainEntityOfPage":{"@id":"https:\/\/www.pm.pb.gov.br\/portal\/2013\/09\/12\/policia_comemora_aniversario_da_associacao_dos_inativos\/"},"wordCount":413,"publisher":{"@id":"https:\/\/www.pm.pb.gov.br\/portal\/#organization"},"articleSection":["A\u00e7\u00f5es Policiais"],"inLanguage":"pt-BR"},{"@type":"WebPage","@id":"https:\/\/www.pm.pb.gov.br\/portal\/2013\/09\/12\/policia_comemora_aniversario_da_associacao_dos_inativos\/","url":"https:\/\/www.pm.pb.gov.br\/portal\/2013\/09\/12\/policia_comemora_aniversario_da_associacao_dos_inativos\/","name":"Pol\u00edcia comemora anivers\u00e1rio da Associa\u00e7\u00e3o dos Inativos - Pol\u00edcia Militar da Para\u00edba","isPartOf":{"@id":"https:\/\/www.pm.pb.gov.br\/portal\/#website"},"datePublished":"2013-09-12T11:09:17+00:00","dateModified":"2013-09-12T11:09:17+00:00","breadcrumb":{"@id":"https:\/\/www.pm.pb.gov.br\/portal\/2013\/09\/12\/policia_comemora_aniversario_da_associacao_dos_inativos\/#breadcrumb"},"inLanguage":"pt-BR","potentialAction":[{"@type":"ReadAction","target":["https:\/\/www.pm.pb.gov.br\/portal\/2013\/09\/12\/policia_comemora_aniversario_da_associacao_dos_inativos\/"]}]},{"@type":"BreadcrumbList","@id":"https:\/\/www.pm.pb.gov.br\/portal\/2013\/09\/12\/policia_comemora_aniversario_da_associacao_dos_inativos\/#breadcrumb","itemListElement":[{"@type":"ListItem","position":1,"name":"In\u00edcio","item":"https:\/\/www.pm.pb.gov.br\/portal\/"},{"@type":"ListItem","position":2,"name":"Pol\u00edcia comemora anivers\u00e1rio da Associa\u00e7\u00e3o dos Inativos"}]},{"@type":"WebSite","@id":"https:\/\/www.pm.pb.gov.br\/portal\/#website","url":"https:\/\/www.pm.pb.gov.br\/portal\/","name":"Pol\u00edcia Militar da Para\u00edba","description":"","publisher":{"@id":"https:\/\/www.pm.pb.gov.br\/portal\/#organization"},"potentialAction":[{"@type":"SearchAction","target":{"@type":"EntryPoint","urlTemplate":"https:\/\/www.pm.pb.gov.br\/portal\/?s={search_term_string}"},"query-input":"required name=search_term_string"}],"inLanguage":"pt-BR"},{"@type":"Organization","@id":"https:\/\/www.pm.pb.gov.br\/portal\/#organization","name":"Pol\u00edcia Militar da Para\u00edba","url":"https:\/\/www.pm.pb.gov.br\/portal\/","logo":{"@type":"ImageObject","inLanguage":"pt-BR","@id":"https:\/\/www.pm.pb.gov.br\/portal\/#\/schema\/logo\/image\/","url":"https:\/\/www.pm.pb.gov.br\/portal\/wp-content\/uploads\/2025\/03\/cropped-logo-site-mag2-1.png","contentUrl":"https:\/\/www.pm.pb.gov.br\/portal\/wp-content\/uploads\/2025\/03\/cropped-logo-site-mag2-1.png","width":320,"height":90,"caption":"Pol\u00edcia Militar da Para\u00edba"},"image":{"@id":"https:\/\/www.pm.pb.gov.br\/portal\/#\/schema\/logo\/image\/"}},{"@type":"Person","@id":"https:\/\/www.pm.pb.gov.br\/portal\/#\/schema\/person\/e8454f46651c3ecf0e1ba3c1666d9947","name":"Assessoria de Imprensa da PMPB","image":{"@type":"ImageObject","inLanguage":"pt-BR","@id":"https:\/\/www.pm.pb.gov.br\/portal\/#\/schema\/person\/image\/","url":"https:\/\/secure.gravatar.com\/avatar\/2efe197438265d1e90bd98c4c8e1acf8?s=96&d=mm&r=g","contentUrl":"https:\/\/secure.gravatar.com\/avatar\/2efe197438265d1e90bd98c4c8e1acf8?s=96&d=mm&r=g","caption":"Assessoria de Imprensa da PMPB"},"url":"https:\/\/www.pm.pb.gov.br\/portal\/author\/assessoria\/"}]}},"_links":{"self":[{"href":"https:\/\/www.pm.pb.gov.br\/portal\/wp-json\/wp\/v2\/posts\/892217"}],"collection":[{"href":"https:\/\/www.pm.pb.gov.br\/portal\/wp-json\/wp\/v2\/posts"}],"about":[{"href":"https:\/\/www.pm.pb.gov.br\/portal\/wp-json\/wp\/v2\/types\/post"}],"author":[{"embeddable":true,"href":"https:\/\/www.pm.pb.gov.br\/portal\/wp-json\/wp\/v2\/users\/5"}],"replies":[{"embeddable":true,"href":"https:\/\/www.pm.pb.gov.br\/portal\/wp-json\/wp\/v2\/comments?post=892217"}],"version-history":[{"count":0,"href":"https:\/\/www.pm.pb.gov.br\/portal\/wp-json\/wp\/v2\/posts\/892217\/revisions"}],"wp:featuredmedia":[{"embeddable":true,"href":"https:\/\/www.pm.pb.gov.br\/portal\/wp-json\/wp\/v2\/media\/11196"}],"wp:attachment":[{"href":"https:\/\/www.pm.pb.gov.br\/portal\/wp-json\/wp\/v2\/media?parent=892217"}],"wp:term":[{"taxonomy":"category","embeddable":true,"href":"https:\/\/www.pm.pb.gov.br\/portal\/wp-json\/wp\/v2\/categories?post=892217"},{"taxonomy":"post_tag","embeddable":true,"href":"https:\/\/www.pm.pb.gov.br\/portal\/wp-json\/wp\/v2\/tags?post=892217"}],"curies":[{"name":"wp","href":"https:\/\/api.w.org\/{rel}","templated":true}]}}