{"id":892211,"date":"2013-09-10T09:09:56","date_gmt":"2013-09-10T12:09:56","guid":{"rendered":"http:\/\/www.pm.pb.gov.br\/portal\/2013\/09\/programa_de_prevencao_as_drogas_beneficia_milhares_de_alunos\/"},"modified":"2013-09-10T09:09:56","modified_gmt":"2013-09-10T12:09:56","slug":"programa_de_prevencao_as_drogas_beneficia_milhares_de_alunos","status":"publish","type":"post","link":"https:\/\/www.pm.pb.gov.br\/portal\/2013\/09\/10\/programa_de_prevencao_as_drogas_beneficia_milhares_de_alunos\/","title":{"rendered":"Programa de Preven\u00e7\u00e3o \u00e0s Drogas beneficia milhares de alunos"},"content":{"rendered":"<figure style=\"width: 500px\" class=\"wp-caption alignnone\"><img decoding=\"async\" class=\"alignnone size-medium\" src=\"http:\/\/www.pm.pb.gov.br\/portal\/wp-content\/uploads\/2013\/09\/8492_11174.jpg\" title=\"Este m\u00eas, centenas de crian\u00e7as e adolescentes formaram-se no Proerd em Campina Grande\" width=\"100%\" \/><figcaption class=\"wp-caption-text\">Este m\u00eas, centenas de crian\u00e7as e adolescentes formaram-se no Proerd em Campina Grande<\/figcaption><\/figure>\n<div style=\"text-align: justify;\">O Programa Educacional de Resist\u00eancia \u00e0s Drogas e \u00e0 Viol\u00eancia (Proerd) tem feito a diferen\u00e7a na vida de milhares de crian\u00e7as e adolescentes da Para\u00edba. S\u00f3 no primeiro semestre deste ano, o programa da Pol\u00edcia Militar da Para\u00edba j\u00e1 formou 6.028 alunos de 153 escolas p\u00fablicas e privadas na preven\u00e7\u00e3o e combate \u00e0s drogas. O projeto acontece em 12 encontros, nos quais os policiais militares realizam atividades l\u00fadicas e pedag\u00f3gicas que conscientizam e esclarecem os malef\u00edcios trazidos pelo uso dos entorpecentes.<\/p>\n<p>Conforme a coordenadora estadual do Proerd, capit\u00e3 Ticiana Soares, o programa tem tido uma aceita\u00e7\u00e3o muito positiva por parte de toda a comunidade escolar: alunos, professores, diretores, funcion\u00e1rios e coordenadores.<\/p>\n<p>\u0093Todos demonstram anima\u00e7\u00e3o durante a aplica\u00e7\u00e3o do programa. N\u00e3o \u00e9 raro ouvirmos depoimentos que falam sobre mudan\u00e7a de comportamento de crian\u00e7as problem\u00e1ticas, sensa\u00e7\u00e3o de ordem e seguran\u00e7a nas escolas. A prova disso se mostra na procura ao nosso servi\u00e7o que tem aumentado, na quantidade de munic\u00edpios firmando conv\u00eanio, na quantidade de palestras em todo o Estado\u0094, destacou Ticiana, que tamb\u00e9m atua como instrutora, dentro do programa.<\/p>\n<p>Segundo ela, at\u00e9 o final do ano, a perspectiva \u00e9 que pelo menos 20 mil crian\u00e7as sejam beneficiadas pelas a\u00e7\u00f5es do Proerd, que incluem o ensino de disciplinas sobre os malef\u00edcios do Cigarro, da Maconha, Coca\u00edna e do Crack; al\u00e9m da tem\u00e1tica do Bullying e das \u0091Gangues\u0092. Ao final das aulas, que acontecem em encontros semanais, os alunos recebem o certificado de conclus\u00e3o do Proerd, em uma festa que coroa o trabalho dos  alunos e da equipe envolvida no curso.<\/p>\n<p>\u0093As crian\u00e7as se sentem realmente como astros principais de um trabalho que foi pensado e realizado por elas e para elas. A presen\u00e7a do conjunto musical do Proerd, entoando can\u00e7\u00f5es que remetem \u00e0 tem\u00e1tica da preven\u00e7\u00e3o \u00e0s drogas; bem como do mascote, que \u00e9 o Le\u00e3o Daren, empolga todos e fazem a formatura ser bem animada\u0094, contou  Ticiana, ao citar que neste segundo semestre, novas turmas devem ser iniciadas este m\u00eas e com previs\u00e3o de formatura em novembro e dezembro.<\/p>\n<p>O Programa &#8211; Na Para\u00edba, a PMPB j\u00e1 formou mais de 90 mil crian\u00e7as e adolescentes nos doze anos de funcionamento do Proerd, sendo a maioria delas nos \u00faltimos tr\u00eas anos. O trabalho de preven\u00e7\u00e3o j\u00e1 passou por mais de 50 cidades. Al\u00e9m dos temas j\u00e1 citados, o programa ainda enfatiza, durante todo o curso, a autoestima e a capacidade de tomada de decis\u00e3o por parte dos alunos.<\/p>\n<p>A ideia \u00e9 que eles acreditem em si mesmos e saibam que t\u00eam capacidade para tomar as pr\u00f3prias decis\u00f5es. As crian\u00e7as e os adolescentes tamb\u00e9m s\u00e3o incentivados a reconhecer as press\u00f5es do grupo e quais s\u00e3o as verdadeiras e boas amizades.  No total, o programa tem quatro curr\u00edculos, divididos para as seguintes s\u00e9ries (1\u00ba ao quarto ano; 5\u00ba ano; 7\u00ba ano e Proerd para os pais e funcion\u00e1rios das escolas).<\/p>\n<p>Capacita\u00e7\u00e3o &#8211; Para atuar no programa, o policial militar passa por um curso de qualifica\u00e7\u00e3o t\u00e9cnica-pedag\u00f3gica especial, promovido pela corpora\u00e7\u00e3o paraibana. Seguindo as diretrizes nacional do Proerd, s\u00e3o tr\u00eas n\u00edveis de forma\u00e7\u00e3o profissional. H\u00e1 o Instrutor, que trabalha diretamente com as crian\u00e7as e adolescentes; o Mentor, respons\u00e1vel pela forma\u00e7\u00e3o e acompanhamento dos instrutores e, acima desses, o M\u00e1ster (capacita\u00e7\u00e3o para formar mentores e planejar a aplica\u00e7\u00e3o do programa).<\/p>\n<p>No Estado, a pol\u00edcia conta com 180 instrutores formados e na ativa, dos quais 27 deles tamb\u00e9m t\u00eam qualifica\u00e7\u00e3o de Mentor e quatro s\u00e3o M\u00e1ster.<\/p>\n<p>Como aderir \u0096 As escolas que desejarem receber o Proerd podem fazer o requerimento atrav\u00e9s dos Conselhos Regionais de Ensino Municipal ou Estadual ( no caso das escolas p\u00fablicas) ou diretamente ao programa, por meio de of\u00edcio ao Comando Geral, localizado no Centro de Jo\u00e3o Pessoa. Mais d\u00favidas e informa\u00e7\u00f5es tamb\u00e9m podem ser obtidas atrav\u00e9s do telefone 3262-3580 ou pelo e-mail proerdparaiba@gmail.com.<\/p>\n<div class=\"row\" align=\"center\"><a href=\"http:\/\/www.pm.pb.gov.br\/exportacao\/fotos_noticias\/8492_11175.jpg\"><figure style=\"width: 500px\" class=\"wp-caption alignnone\"><img decoding=\"async\" class=\"image-responsive\" src=\"http:\/\/www.pm.pb.gov.br\/exportacao\/fotos_noticias\/8492_11175.jpg\" title=\"Ao final do curso, alunos recebem certificado do Proerd\" width=\"100%\" \/><figcaption class=\"wp-caption-text\">Ao final do curso, alunos recebem certificado do Proerd<\/figcaption><\/figure><\/a><a href=\"http:\/\/www.pm.pb.gov.br\/portal\/wp-content\/uploads\/2013\/09\/8492_11176.jpg\"><figure style=\"width: 500px\" class=\"wp-caption alignnone\"><img decoding=\"async\" class=\"image-responsive\" src=\"http:\/\/www.pm.pb.gov.br\/portal\/wp-content\/uploads\/2013\/09\/8492_11176.jpg\" title=\"Antes de atuarem como instrutores Proerd, PMs passam por qualifica\u00e7\u00e3o\" width=\"100%\" \/><figcaption class=\"wp-caption-text\">Antes de atuarem como instrutores Proerd, PMs passam por qualifica\u00e7\u00e3o<\/figcaption><\/figure><\/a><\/div>\n<\/div>\n","protected":false},"excerpt":{"rendered":"<p>O Programa Educacional de Resist\u00eancia \u00e0s Drogas e \u00e0 Viol\u00eancia (Proerd) tem feito a diferen\u00e7a na vida de milhares de<\/p>\n","protected":false},"author":5,"featured_media":11174,"comment_status":"closed","ping_status":"closed","sticky":false,"template":"","format":"standard","meta":{"_exactmetrics_skip_tracking":false,"_exactmetrics_sitenote_active":false,"_exactmetrics_sitenote_note":"","_exactmetrics_sitenote_category":0,"footnotes":""},"categories":[15],"tags":[],"yoast_head":"<!-- This site is optimized with the Yoast SEO plugin v22.0 - https:\/\/yoast.com\/wordpress\/plugins\/seo\/ -->\n<title>Programa de Preven\u00e7\u00e3o \u00e0s Drogas beneficia milhares de alunos - Pol\u00edcia Militar da Para\u00edba<\/title>\n<meta name=\"robots\" content=\"index, follow, max-snippet:-1, max-image-preview:large, max-video-preview:-1\" \/>\n<link rel=\"canonical\" href=\"https:\/\/www.pm.pb.gov.br\/portal\/2013\/09\/10\/programa_de_prevencao_as_drogas_beneficia_milhares_de_alunos\/\" \/>\n<meta property=\"og:locale\" content=\"pt_BR\" \/>\n<meta property=\"og:type\" content=\"article\" \/>\n<meta property=\"og:title\" content=\"Programa de Preven\u00e7\u00e3o \u00e0s Drogas beneficia milhares de alunos - Pol\u00edcia Militar da Para\u00edba\" \/>\n<meta property=\"og:description\" content=\"O Programa Educacional de Resist\u00eancia \u00e0s Drogas e \u00e0 Viol\u00eancia (Proerd) tem feito a diferen\u00e7a na vida de milhares de\" \/>\n<meta property=\"og:url\" content=\"https:\/\/www.pm.pb.gov.br\/portal\/2013\/09\/10\/programa_de_prevencao_as_drogas_beneficia_milhares_de_alunos\/\" \/>\n<meta property=\"og:site_name\" content=\"Pol\u00edcia Militar da Para\u00edba\" \/>\n<meta property=\"article:published_time\" content=\"2013-09-10T12:09:56+00:00\" \/>\n<meta property=\"og:image\" content=\"https:\/\/www.pm.pb.gov.br\/portal\/wp-content\/uploads\/2013\/09\/8492_11174.jpg\" \/>\n\t<meta property=\"og:image:width\" content=\"500\" \/>\n\t<meta property=\"og:image:height\" content=\"333\" \/>\n\t<meta property=\"og:image:type\" content=\"image\/jpeg\" \/>\n<meta name=\"author\" content=\"Assessoria de Imprensa da PMPB\" \/>\n<meta name=\"twitter:card\" content=\"summary_large_image\" \/>\n<meta name=\"twitter:label1\" content=\"Escrito por\" \/>\n\t<meta name=\"twitter:data1\" content=\"Assessoria de Imprensa da PMPB\" \/>\n\t<meta name=\"twitter:label2\" content=\"Est. tempo de leitura\" \/>\n\t<meta name=\"twitter:data2\" content=\"4 minutos\" \/>\n<script type=\"application\/ld+json\" class=\"yoast-schema-graph\">{\"@context\":\"https:\/\/schema.org\",\"@graph\":[{\"@type\":\"Article\",\"@id\":\"https:\/\/www.pm.pb.gov.br\/portal\/2013\/09\/10\/programa_de_prevencao_as_drogas_beneficia_milhares_de_alunos\/#article\",\"isPartOf\":{\"@id\":\"https:\/\/www.pm.pb.gov.br\/portal\/2013\/09\/10\/programa_de_prevencao_as_drogas_beneficia_milhares_de_alunos\/\"},\"author\":{\"name\":\"Assessoria de Imprensa da PMPB\",\"@id\":\"https:\/\/www.pm.pb.gov.br\/portal\/#\/schema\/person\/e8454f46651c3ecf0e1ba3c1666d9947\"},\"headline\":\"Programa de Preven\u00e7\u00e3o \u00e0s Drogas beneficia milhares de alunos\",\"datePublished\":\"2013-09-10T12:09:56+00:00\",\"dateModified\":\"2013-09-10T12:09:56+00:00\",\"mainEntityOfPage\":{\"@id\":\"https:\/\/www.pm.pb.gov.br\/portal\/2013\/09\/10\/programa_de_prevencao_as_drogas_beneficia_milhares_de_alunos\/\"},\"wordCount\":763,\"publisher\":{\"@id\":\"https:\/\/www.pm.pb.gov.br\/portal\/#organization\"},\"articleSection\":[\"Informativo\"],\"inLanguage\":\"pt-BR\"},{\"@type\":\"WebPage\",\"@id\":\"https:\/\/www.pm.pb.gov.br\/portal\/2013\/09\/10\/programa_de_prevencao_as_drogas_beneficia_milhares_de_alunos\/\",\"url\":\"https:\/\/www.pm.pb.gov.br\/portal\/2013\/09\/10\/programa_de_prevencao_as_drogas_beneficia_milhares_de_alunos\/\",\"name\":\"Programa de Preven\u00e7\u00e3o \u00e0s Drogas beneficia milhares de alunos - Pol\u00edcia Militar da Para\u00edba\",\"isPartOf\":{\"@id\":\"https:\/\/www.pm.pb.gov.br\/portal\/#website\"},\"datePublished\":\"2013-09-10T12:09:56+00:00\",\"dateModified\":\"2013-09-10T12:09:56+00:00\",\"breadcrumb\":{\"@id\":\"https:\/\/www.pm.pb.gov.br\/portal\/2013\/09\/10\/programa_de_prevencao_as_drogas_beneficia_milhares_de_alunos\/#breadcrumb\"},\"inLanguage\":\"pt-BR\",\"potentialAction\":[{\"@type\":\"ReadAction\",\"target\":[\"https:\/\/www.pm.pb.gov.br\/portal\/2013\/09\/10\/programa_de_prevencao_as_drogas_beneficia_milhares_de_alunos\/\"]}]},{\"@type\":\"BreadcrumbList\",\"@id\":\"https:\/\/www.pm.pb.gov.br\/portal\/2013\/09\/10\/programa_de_prevencao_as_drogas_beneficia_milhares_de_alunos\/#breadcrumb\",\"itemListElement\":[{\"@type\":\"ListItem\",\"position\":1,\"name\":\"In\u00edcio\",\"item\":\"https:\/\/www.pm.pb.gov.br\/portal\/\"},{\"@type\":\"ListItem\",\"position\":2,\"name\":\"Programa de Preven\u00e7\u00e3o \u00e0s Drogas beneficia milhares de alunos\"}]},{\"@type\":\"WebSite\",\"@id\":\"https:\/\/www.pm.pb.gov.br\/portal\/#website\",\"url\":\"https:\/\/www.pm.pb.gov.br\/portal\/\",\"name\":\"Pol\u00edcia Militar da Para\u00edba\",\"description\":\"\",\"publisher\":{\"@id\":\"https:\/\/www.pm.pb.gov.br\/portal\/#organization\"},\"potentialAction\":[{\"@type\":\"SearchAction\",\"target\":{\"@type\":\"EntryPoint\",\"urlTemplate\":\"https:\/\/www.pm.pb.gov.br\/portal\/?s={search_term_string}\"},\"query-input\":\"required name=search_term_string\"}],\"inLanguage\":\"pt-BR\"},{\"@type\":\"Organization\",\"@id\":\"https:\/\/www.pm.pb.gov.br\/portal\/#organization\",\"name\":\"Pol\u00edcia Militar da Para\u00edba\",\"url\":\"https:\/\/www.pm.pb.gov.br\/portal\/\",\"logo\":{\"@type\":\"ImageObject\",\"inLanguage\":\"pt-BR\",\"@id\":\"https:\/\/www.pm.pb.gov.br\/portal\/#\/schema\/logo\/image\/\",\"url\":\"https:\/\/www.pm.pb.gov.br\/portal\/wp-content\/uploads\/2025\/03\/cropped-logo-site-mag2-1.png\",\"contentUrl\":\"https:\/\/www.pm.pb.gov.br\/portal\/wp-content\/uploads\/2025\/03\/cropped-logo-site-mag2-1.png\",\"width\":320,\"height\":90,\"caption\":\"Pol\u00edcia Militar da Para\u00edba\"},\"image\":{\"@id\":\"https:\/\/www.pm.pb.gov.br\/portal\/#\/schema\/logo\/image\/\"}},{\"@type\":\"Person\",\"@id\":\"https:\/\/www.pm.pb.gov.br\/portal\/#\/schema\/person\/e8454f46651c3ecf0e1ba3c1666d9947\",\"name\":\"Assessoria de Imprensa da PMPB\",\"image\":{\"@type\":\"ImageObject\",\"inLanguage\":\"pt-BR\",\"@id\":\"https:\/\/www.pm.pb.gov.br\/portal\/#\/schema\/person\/image\/\",\"url\":\"https:\/\/secure.gravatar.com\/avatar\/2efe197438265d1e90bd98c4c8e1acf8?s=96&d=mm&r=g\",\"contentUrl\":\"https:\/\/secure.gravatar.com\/avatar\/2efe197438265d1e90bd98c4c8e1acf8?s=96&d=mm&r=g\",\"caption\":\"Assessoria de Imprensa da PMPB\"},\"url\":\"https:\/\/www.pm.pb.gov.br\/portal\/author\/assessoria\/\"}]}<\/script>\n<!-- \/ Yoast SEO plugin. -->","yoast_head_json":{"title":"Programa de Preven\u00e7\u00e3o \u00e0s Drogas beneficia milhares de alunos - Pol\u00edcia Militar da Para\u00edba","robots":{"index":"index","follow":"follow","max-snippet":"max-snippet:-1","max-image-preview":"max-image-preview:large","max-video-preview":"max-video-preview:-1"},"canonical":"https:\/\/www.pm.pb.gov.br\/portal\/2013\/09\/10\/programa_de_prevencao_as_drogas_beneficia_milhares_de_alunos\/","og_locale":"pt_BR","og_type":"article","og_title":"Programa de Preven\u00e7\u00e3o \u00e0s Drogas beneficia milhares de alunos - Pol\u00edcia Militar da Para\u00edba","og_description":"O Programa Educacional de Resist\u00eancia \u00e0s Drogas e \u00e0 Viol\u00eancia (Proerd) tem feito a diferen\u00e7a na vida de milhares de","og_url":"https:\/\/www.pm.pb.gov.br\/portal\/2013\/09\/10\/programa_de_prevencao_as_drogas_beneficia_milhares_de_alunos\/","og_site_name":"Pol\u00edcia Militar da Para\u00edba","article_published_time":"2013-09-10T12:09:56+00:00","og_image":[{"width":500,"height":333,"url":"https:\/\/www.pm.pb.gov.br\/portal\/wp-content\/uploads\/2013\/09\/8492_11174.jpg","type":"image\/jpeg"}],"author":"Assessoria de Imprensa da PMPB","twitter_card":"summary_large_image","twitter_misc":{"Escrito por":"Assessoria de Imprensa da PMPB","Est. tempo de leitura":"4 minutos"},"schema":{"@context":"https:\/\/schema.org","@graph":[{"@type":"Article","@id":"https:\/\/www.pm.pb.gov.br\/portal\/2013\/09\/10\/programa_de_prevencao_as_drogas_beneficia_milhares_de_alunos\/#article","isPartOf":{"@id":"https:\/\/www.pm.pb.gov.br\/portal\/2013\/09\/10\/programa_de_prevencao_as_drogas_beneficia_milhares_de_alunos\/"},"author":{"name":"Assessoria de Imprensa da PMPB","@id":"https:\/\/www.pm.pb.gov.br\/portal\/#\/schema\/person\/e8454f46651c3ecf0e1ba3c1666d9947"},"headline":"Programa de Preven\u00e7\u00e3o \u00e0s Drogas beneficia milhares de alunos","datePublished":"2013-09-10T12:09:56+00:00","dateModified":"2013-09-10T12:09:56+00:00","mainEntityOfPage":{"@id":"https:\/\/www.pm.pb.gov.br\/portal\/2013\/09\/10\/programa_de_prevencao_as_drogas_beneficia_milhares_de_alunos\/"},"wordCount":763,"publisher":{"@id":"https:\/\/www.pm.pb.gov.br\/portal\/#organization"},"articleSection":["Informativo"],"inLanguage":"pt-BR"},{"@type":"WebPage","@id":"https:\/\/www.pm.pb.gov.br\/portal\/2013\/09\/10\/programa_de_prevencao_as_drogas_beneficia_milhares_de_alunos\/","url":"https:\/\/www.pm.pb.gov.br\/portal\/2013\/09\/10\/programa_de_prevencao_as_drogas_beneficia_milhares_de_alunos\/","name":"Programa de Preven\u00e7\u00e3o \u00e0s Drogas beneficia milhares de alunos - Pol\u00edcia Militar da Para\u00edba","isPartOf":{"@id":"https:\/\/www.pm.pb.gov.br\/portal\/#website"},"datePublished":"2013-09-10T12:09:56+00:00","dateModified":"2013-09-10T12:09:56+00:00","breadcrumb":{"@id":"https:\/\/www.pm.pb.gov.br\/portal\/2013\/09\/10\/programa_de_prevencao_as_drogas_beneficia_milhares_de_alunos\/#breadcrumb"},"inLanguage":"pt-BR","potentialAction":[{"@type":"ReadAction","target":["https:\/\/www.pm.pb.gov.br\/portal\/2013\/09\/10\/programa_de_prevencao_as_drogas_beneficia_milhares_de_alunos\/"]}]},{"@type":"BreadcrumbList","@id":"https:\/\/www.pm.pb.gov.br\/portal\/2013\/09\/10\/programa_de_prevencao_as_drogas_beneficia_milhares_de_alunos\/#breadcrumb","itemListElement":[{"@type":"ListItem","position":1,"name":"In\u00edcio","item":"https:\/\/www.pm.pb.gov.br\/portal\/"},{"@type":"ListItem","position":2,"name":"Programa de Preven\u00e7\u00e3o \u00e0s Drogas beneficia milhares de alunos"}]},{"@type":"WebSite","@id":"https:\/\/www.pm.pb.gov.br\/portal\/#website","url":"https:\/\/www.pm.pb.gov.br\/portal\/","name":"Pol\u00edcia Militar da Para\u00edba","description":"","publisher":{"@id":"https:\/\/www.pm.pb.gov.br\/portal\/#organization"},"potentialAction":[{"@type":"SearchAction","target":{"@type":"EntryPoint","urlTemplate":"https:\/\/www.pm.pb.gov.br\/portal\/?s={search_term_string}"},"query-input":"required name=search_term_string"}],"inLanguage":"pt-BR"},{"@type":"Organization","@id":"https:\/\/www.pm.pb.gov.br\/portal\/#organization","name":"Pol\u00edcia Militar da Para\u00edba","url":"https:\/\/www.pm.pb.gov.br\/portal\/","logo":{"@type":"ImageObject","inLanguage":"pt-BR","@id":"https:\/\/www.pm.pb.gov.br\/portal\/#\/schema\/logo\/image\/","url":"https:\/\/www.pm.pb.gov.br\/portal\/wp-content\/uploads\/2025\/03\/cropped-logo-site-mag2-1.png","contentUrl":"https:\/\/www.pm.pb.gov.br\/portal\/wp-content\/uploads\/2025\/03\/cropped-logo-site-mag2-1.png","width":320,"height":90,"caption":"Pol\u00edcia Militar da Para\u00edba"},"image":{"@id":"https:\/\/www.pm.pb.gov.br\/portal\/#\/schema\/logo\/image\/"}},{"@type":"Person","@id":"https:\/\/www.pm.pb.gov.br\/portal\/#\/schema\/person\/e8454f46651c3ecf0e1ba3c1666d9947","name":"Assessoria de Imprensa da PMPB","image":{"@type":"ImageObject","inLanguage":"pt-BR","@id":"https:\/\/www.pm.pb.gov.br\/portal\/#\/schema\/person\/image\/","url":"https:\/\/secure.gravatar.com\/avatar\/2efe197438265d1e90bd98c4c8e1acf8?s=96&d=mm&r=g","contentUrl":"https:\/\/secure.gravatar.com\/avatar\/2efe197438265d1e90bd98c4c8e1acf8?s=96&d=mm&r=g","caption":"Assessoria de Imprensa da PMPB"},"url":"https:\/\/www.pm.pb.gov.br\/portal\/author\/assessoria\/"}]}},"_links":{"self":[{"href":"https:\/\/www.pm.pb.gov.br\/portal\/wp-json\/wp\/v2\/posts\/892211"}],"collection":[{"href":"https:\/\/www.pm.pb.gov.br\/portal\/wp-json\/wp\/v2\/posts"}],"about":[{"href":"https:\/\/www.pm.pb.gov.br\/portal\/wp-json\/wp\/v2\/types\/post"}],"author":[{"embeddable":true,"href":"https:\/\/www.pm.pb.gov.br\/portal\/wp-json\/wp\/v2\/users\/5"}],"replies":[{"embeddable":true,"href":"https:\/\/www.pm.pb.gov.br\/portal\/wp-json\/wp\/v2\/comments?post=892211"}],"version-history":[{"count":0,"href":"https:\/\/www.pm.pb.gov.br\/portal\/wp-json\/wp\/v2\/posts\/892211\/revisions"}],"wp:featuredmedia":[{"embeddable":true,"href":"https:\/\/www.pm.pb.gov.br\/portal\/wp-json\/wp\/v2\/media\/11174"}],"wp:attachment":[{"href":"https:\/\/www.pm.pb.gov.br\/portal\/wp-json\/wp\/v2\/media?parent=892211"}],"wp:term":[{"taxonomy":"category","embeddable":true,"href":"https:\/\/www.pm.pb.gov.br\/portal\/wp-json\/wp\/v2\/categories?post=892211"},{"taxonomy":"post_tag","embeddable":true,"href":"https:\/\/www.pm.pb.gov.br\/portal\/wp-json\/wp\/v2\/tags?post=892211"}],"curies":[{"name":"wp","href":"https:\/\/api.w.org\/{rel}","templated":true}]}}