{"id":892153,"date":"2013-08-02T11:08:44","date_gmt":"2013-08-02T14:08:44","guid":{"rendered":"http:\/\/www.pm.pb.gov.br\/portal\/2013\/08\/policiais_da_2_cipm_realizam_prisoes_em_mamanguape\/"},"modified":"2013-08-02T11:08:44","modified_gmt":"2013-08-02T14:08:44","slug":"policiais_da_2_cipm_realizam_prisoes_em_mamanguape","status":"publish","type":"post","link":"https:\/\/www.pm.pb.gov.br\/portal\/2013\/08\/02\/policiais_da_2_cipm_realizam_prisoes_em_mamanguape\/","title":{"rendered":"Policiais da 2\u00aa CIPM realizam pris\u00f5es em Mamanguape"},"content":{"rendered":"<figure style=\"width: 500px\" class=\"wp-caption alignnone\"><img decoding=\"async\" class=\"alignnone size-medium\" src=\"http:\/\/www.pm.pb.gov.br\/portal\/wp-content\/uploads\/2013\/08\/8351_10920.jpg\" title=\"O acusado era fugitivo de um pres\u00eddio no Rio Grande do Norte.\" width=\"100%\" \/><figcaption class=\"wp-caption-text\">O acusado era fugitivo de um pres\u00eddio no Rio Grande do Norte.<\/figcaption><\/figure>\n<div style=\"text-align: justify;\">Policiais da 2\u00aa CIPM em Mamanguape-PB, realizaram na tarde desta \u00faltima quinta-feira (01) a pris\u00e3o de Marcone Manuel, acusado de uma tentativa de estupro cometida no \u00faltimo final de semana, na zona rural da cidade de Rio Tinto-PB.<\/p>\n<p>Ap\u00f3s um levantamento feito pelo servi\u00e7o de intelig\u00eancia, a guarni\u00e7\u00e3o do coordenador do policiamento local chegou at\u00e9 Marcone, que estava escondido a cerca de 30 dias na Zona Rural de Piabu\u00e7u, cidade de Rio Tinto.<\/p>\n<p>Ap\u00f3s a pris\u00e3o constatou-se tamb\u00e9m que o acusado era fugitivo de um pres\u00eddio do Rio Grande do Norte onde cumpria pena por estupro.<\/p>\n<p>A\u00e7\u00f5es \u0096 Ainda na tarde da quinta-feira (01), uma guarni\u00e7\u00e3o da cidade de Mamanguape, foi acionada pelo Copom para atender uma ocorr\u00eancia de roubo a um mercadinho.<\/p>\n<p>Imediatamente os policiais iniciaram a persegui\u00e7\u00e3o e conseguiram alcan\u00e7ar o suspeito e prend\u00ea-lo \u00e0s margens da BR 101. Jos\u00e9 M\u00e1rio Francisco da Silva foi reconhecido pelas v\u00edtimas como sendo mesmo o autor dos roubos.<\/p>\n<p>O acusado, que levou do estabelecimento uma certa quantia em dinheiro e ainda tomou por assalto uma motocicleta de um moto taxista que passava pelo local, foi conduzido a Delegacia local juntamente com os produtos do roubo, onde foi autuado em flagrante.<\/p>\n<p>Ve\u00edculo recuperado \u0096 Tamb\u00e9m neste \u00faltimo dia 01, um outro ve\u00edculo tomado por assalto na regi\u00e3o de Mamanguape-PB, foi recuperado por uma guarni\u00e7\u00e3o da 2\u00aa CIPM.<\/p>\n<p>O 1\u00ba sargento Jefferson e o soldado Souza, realizavam rondas na PB-041, pr\u00f3ximo a Ba\u00eda da Trai\u00e7\u00e3o-PB , quando se depararam com uma motocicleta de cor preta, e ao fazer a verifica\u00e7\u00e3o da placa, constataram que a mesma era produto de furto.O ve\u00edculo foi levado para Delegacia local.<\/p>\n<div class=\"row\" align=\"center\"><a href=\"http:\/\/www.pm.pb.gov.br\/exportacao\/fotos_noticias\/8351_10921.jpg\"><figure style=\"width: 500px\" class=\"wp-caption alignnone\"><img decoding=\"async\" class=\"image-responsive\" src=\"http:\/\/www.pm.pb.gov.br\/exportacao\/fotos_noticias\/8351_10921.jpg\" title=\"Dinheiro encontrado com Jos\u00e9 Mario, acusado de roubo.\" width=\"100%\" \/><figcaption class=\"wp-caption-text\">Dinheiro encontrado com Jos\u00e9 Mario, acusado de roubo.<\/figcaption><\/figure><\/a><a href=\"http:\/\/www.pm.pb.gov.br\/portal\/wp-content\/uploads\/2013\/08\/8351_10922.jpg\"><figure style=\"width: 500px\" class=\"wp-caption alignnone\"><img decoding=\"async\" class=\"image-responsive\" src=\"http:\/\/www.pm.pb.gov.br\/portal\/wp-content\/uploads\/2013\/08\/8351_10922.jpg\" title=\"Moto recuperada pelos policiais.\" width=\"100%\" \/><figcaption class=\"wp-caption-text\">Moto recuperada pelos policiais.<\/figcaption><\/figure><\/a><\/div>\n<\/div>\n","protected":false},"excerpt":{"rendered":"<p>Policiais da 2\u00aa CIPM em Mamanguape-PB, realizaram na tarde desta \u00faltima quinta-feira (01) a pris\u00e3o de Marcone Manuel, acusado de<\/p>\n","protected":false},"author":5,"featured_media":10920,"comment_status":"closed","ping_status":"closed","sticky":false,"template":"","format":"standard","meta":{"_exactmetrics_skip_tracking":false,"_exactmetrics_sitenote_active":false,"_exactmetrics_sitenote_note":"","_exactmetrics_sitenote_category":0,"footnotes":""},"categories":[4],"tags":[],"yoast_head":"<!-- This site is optimized with the Yoast SEO plugin v22.0 - https:\/\/yoast.com\/wordpress\/plugins\/seo\/ -->\n<title>Policiais da 2\u00aa CIPM realizam pris\u00f5es em Mamanguape - Pol\u00edcia Militar da Para\u00edba<\/title>\n<meta name=\"robots\" content=\"index, follow, max-snippet:-1, max-image-preview:large, max-video-preview:-1\" \/>\n<link rel=\"canonical\" href=\"https:\/\/www.pm.pb.gov.br\/portal\/2013\/08\/02\/policiais_da_2_cipm_realizam_prisoes_em_mamanguape\/\" \/>\n<meta property=\"og:locale\" content=\"pt_BR\" \/>\n<meta property=\"og:type\" content=\"article\" \/>\n<meta property=\"og:title\" content=\"Policiais da 2\u00aa CIPM realizam pris\u00f5es em Mamanguape - Pol\u00edcia Militar da Para\u00edba\" \/>\n<meta property=\"og:description\" content=\"Policiais da 2\u00aa CIPM em Mamanguape-PB, realizaram na tarde desta \u00faltima quinta-feira (01) a pris\u00e3o de Marcone Manuel, acusado de\" \/>\n<meta property=\"og:url\" content=\"https:\/\/www.pm.pb.gov.br\/portal\/2013\/08\/02\/policiais_da_2_cipm_realizam_prisoes_em_mamanguape\/\" \/>\n<meta property=\"og:site_name\" content=\"Pol\u00edcia Militar da Para\u00edba\" \/>\n<meta property=\"article:published_time\" content=\"2013-08-02T14:08:44+00:00\" \/>\n<meta property=\"og:image\" content=\"https:\/\/www.pm.pb.gov.br\/portal\/wp-content\/uploads\/2013\/08\/8351_10920.jpg\" \/>\n\t<meta property=\"og:image:width\" content=\"500\" \/>\n\t<meta property=\"og:image:height\" content=\"373\" \/>\n\t<meta property=\"og:image:type\" content=\"image\/jpeg\" \/>\n<meta name=\"author\" content=\"Assessoria de Imprensa da PMPB\" \/>\n<meta name=\"twitter:card\" content=\"summary_large_image\" \/>\n<meta name=\"twitter:label1\" content=\"Escrito por\" \/>\n\t<meta name=\"twitter:data1\" content=\"Assessoria de Imprensa da PMPB\" \/>\n\t<meta name=\"twitter:label2\" content=\"Est. tempo de leitura\" \/>\n\t<meta name=\"twitter:data2\" content=\"2 minutos\" \/>\n<script type=\"application\/ld+json\" class=\"yoast-schema-graph\">{\"@context\":\"https:\/\/schema.org\",\"@graph\":[{\"@type\":\"Article\",\"@id\":\"https:\/\/www.pm.pb.gov.br\/portal\/2013\/08\/02\/policiais_da_2_cipm_realizam_prisoes_em_mamanguape\/#article\",\"isPartOf\":{\"@id\":\"https:\/\/www.pm.pb.gov.br\/portal\/2013\/08\/02\/policiais_da_2_cipm_realizam_prisoes_em_mamanguape\/\"},\"author\":{\"name\":\"Assessoria de Imprensa da PMPB\",\"@id\":\"https:\/\/www.pm.pb.gov.br\/portal\/#\/schema\/person\/e8454f46651c3ecf0e1ba3c1666d9947\"},\"headline\":\"Policiais da 2\u00aa CIPM realizam pris\u00f5es em Mamanguape\",\"datePublished\":\"2013-08-02T14:08:44+00:00\",\"dateModified\":\"2013-08-02T14:08:44+00:00\",\"mainEntityOfPage\":{\"@id\":\"https:\/\/www.pm.pb.gov.br\/portal\/2013\/08\/02\/policiais_da_2_cipm_realizam_prisoes_em_mamanguape\/\"},\"wordCount\":342,\"publisher\":{\"@id\":\"https:\/\/www.pm.pb.gov.br\/portal\/#organization\"},\"articleSection\":[\"A\u00e7\u00f5es Policiais\"],\"inLanguage\":\"pt-BR\"},{\"@type\":\"WebPage\",\"@id\":\"https:\/\/www.pm.pb.gov.br\/portal\/2013\/08\/02\/policiais_da_2_cipm_realizam_prisoes_em_mamanguape\/\",\"url\":\"https:\/\/www.pm.pb.gov.br\/portal\/2013\/08\/02\/policiais_da_2_cipm_realizam_prisoes_em_mamanguape\/\",\"name\":\"Policiais da 2\u00aa CIPM realizam pris\u00f5es em Mamanguape - Pol\u00edcia Militar da Para\u00edba\",\"isPartOf\":{\"@id\":\"https:\/\/www.pm.pb.gov.br\/portal\/#website\"},\"datePublished\":\"2013-08-02T14:08:44+00:00\",\"dateModified\":\"2013-08-02T14:08:44+00:00\",\"breadcrumb\":{\"@id\":\"https:\/\/www.pm.pb.gov.br\/portal\/2013\/08\/02\/policiais_da_2_cipm_realizam_prisoes_em_mamanguape\/#breadcrumb\"},\"inLanguage\":\"pt-BR\",\"potentialAction\":[{\"@type\":\"ReadAction\",\"target\":[\"https:\/\/www.pm.pb.gov.br\/portal\/2013\/08\/02\/policiais_da_2_cipm_realizam_prisoes_em_mamanguape\/\"]}]},{\"@type\":\"BreadcrumbList\",\"@id\":\"https:\/\/www.pm.pb.gov.br\/portal\/2013\/08\/02\/policiais_da_2_cipm_realizam_prisoes_em_mamanguape\/#breadcrumb\",\"itemListElement\":[{\"@type\":\"ListItem\",\"position\":1,\"name\":\"In\u00edcio\",\"item\":\"https:\/\/www.pm.pb.gov.br\/portal\/\"},{\"@type\":\"ListItem\",\"position\":2,\"name\":\"Policiais da 2\u00aa CIPM realizam pris\u00f5es em Mamanguape\"}]},{\"@type\":\"WebSite\",\"@id\":\"https:\/\/www.pm.pb.gov.br\/portal\/#website\",\"url\":\"https:\/\/www.pm.pb.gov.br\/portal\/\",\"name\":\"Pol\u00edcia Militar da Para\u00edba\",\"description\":\"\",\"publisher\":{\"@id\":\"https:\/\/www.pm.pb.gov.br\/portal\/#organization\"},\"potentialAction\":[{\"@type\":\"SearchAction\",\"target\":{\"@type\":\"EntryPoint\",\"urlTemplate\":\"https:\/\/www.pm.pb.gov.br\/portal\/?s={search_term_string}\"},\"query-input\":\"required name=search_term_string\"}],\"inLanguage\":\"pt-BR\"},{\"@type\":\"Organization\",\"@id\":\"https:\/\/www.pm.pb.gov.br\/portal\/#organization\",\"name\":\"Pol\u00edcia Militar da Para\u00edba\",\"url\":\"https:\/\/www.pm.pb.gov.br\/portal\/\",\"logo\":{\"@type\":\"ImageObject\",\"inLanguage\":\"pt-BR\",\"@id\":\"https:\/\/www.pm.pb.gov.br\/portal\/#\/schema\/logo\/image\/\",\"url\":\"https:\/\/www.pm.pb.gov.br\/portal\/wp-content\/uploads\/2025\/03\/cropped-logo-site-mag2-1.png\",\"contentUrl\":\"https:\/\/www.pm.pb.gov.br\/portal\/wp-content\/uploads\/2025\/03\/cropped-logo-site-mag2-1.png\",\"width\":320,\"height\":90,\"caption\":\"Pol\u00edcia Militar da Para\u00edba\"},\"image\":{\"@id\":\"https:\/\/www.pm.pb.gov.br\/portal\/#\/schema\/logo\/image\/\"}},{\"@type\":\"Person\",\"@id\":\"https:\/\/www.pm.pb.gov.br\/portal\/#\/schema\/person\/e8454f46651c3ecf0e1ba3c1666d9947\",\"name\":\"Assessoria de Imprensa da PMPB\",\"image\":{\"@type\":\"ImageObject\",\"inLanguage\":\"pt-BR\",\"@id\":\"https:\/\/www.pm.pb.gov.br\/portal\/#\/schema\/person\/image\/\",\"url\":\"https:\/\/secure.gravatar.com\/avatar\/2efe197438265d1e90bd98c4c8e1acf8?s=96&d=mm&r=g\",\"contentUrl\":\"https:\/\/secure.gravatar.com\/avatar\/2efe197438265d1e90bd98c4c8e1acf8?s=96&d=mm&r=g\",\"caption\":\"Assessoria de Imprensa da PMPB\"},\"url\":\"https:\/\/www.pm.pb.gov.br\/portal\/author\/assessoria\/\"}]}<\/script>\n<!-- \/ Yoast SEO plugin. -->","yoast_head_json":{"title":"Policiais da 2\u00aa CIPM realizam pris\u00f5es em Mamanguape - Pol\u00edcia Militar da Para\u00edba","robots":{"index":"index","follow":"follow","max-snippet":"max-snippet:-1","max-image-preview":"max-image-preview:large","max-video-preview":"max-video-preview:-1"},"canonical":"https:\/\/www.pm.pb.gov.br\/portal\/2013\/08\/02\/policiais_da_2_cipm_realizam_prisoes_em_mamanguape\/","og_locale":"pt_BR","og_type":"article","og_title":"Policiais da 2\u00aa CIPM realizam pris\u00f5es em Mamanguape - Pol\u00edcia Militar da Para\u00edba","og_description":"Policiais da 2\u00aa CIPM em Mamanguape-PB, realizaram na tarde desta \u00faltima quinta-feira (01) a pris\u00e3o de Marcone Manuel, acusado de","og_url":"https:\/\/www.pm.pb.gov.br\/portal\/2013\/08\/02\/policiais_da_2_cipm_realizam_prisoes_em_mamanguape\/","og_site_name":"Pol\u00edcia Militar da Para\u00edba","article_published_time":"2013-08-02T14:08:44+00:00","og_image":[{"width":500,"height":373,"url":"https:\/\/www.pm.pb.gov.br\/portal\/wp-content\/uploads\/2013\/08\/8351_10920.jpg","type":"image\/jpeg"}],"author":"Assessoria de Imprensa da PMPB","twitter_card":"summary_large_image","twitter_misc":{"Escrito por":"Assessoria de Imprensa da PMPB","Est. tempo de leitura":"2 minutos"},"schema":{"@context":"https:\/\/schema.org","@graph":[{"@type":"Article","@id":"https:\/\/www.pm.pb.gov.br\/portal\/2013\/08\/02\/policiais_da_2_cipm_realizam_prisoes_em_mamanguape\/#article","isPartOf":{"@id":"https:\/\/www.pm.pb.gov.br\/portal\/2013\/08\/02\/policiais_da_2_cipm_realizam_prisoes_em_mamanguape\/"},"author":{"name":"Assessoria de Imprensa da PMPB","@id":"https:\/\/www.pm.pb.gov.br\/portal\/#\/schema\/person\/e8454f46651c3ecf0e1ba3c1666d9947"},"headline":"Policiais da 2\u00aa CIPM realizam pris\u00f5es em Mamanguape","datePublished":"2013-08-02T14:08:44+00:00","dateModified":"2013-08-02T14:08:44+00:00","mainEntityOfPage":{"@id":"https:\/\/www.pm.pb.gov.br\/portal\/2013\/08\/02\/policiais_da_2_cipm_realizam_prisoes_em_mamanguape\/"},"wordCount":342,"publisher":{"@id":"https:\/\/www.pm.pb.gov.br\/portal\/#organization"},"articleSection":["A\u00e7\u00f5es Policiais"],"inLanguage":"pt-BR"},{"@type":"WebPage","@id":"https:\/\/www.pm.pb.gov.br\/portal\/2013\/08\/02\/policiais_da_2_cipm_realizam_prisoes_em_mamanguape\/","url":"https:\/\/www.pm.pb.gov.br\/portal\/2013\/08\/02\/policiais_da_2_cipm_realizam_prisoes_em_mamanguape\/","name":"Policiais da 2\u00aa CIPM realizam pris\u00f5es em Mamanguape - Pol\u00edcia Militar da Para\u00edba","isPartOf":{"@id":"https:\/\/www.pm.pb.gov.br\/portal\/#website"},"datePublished":"2013-08-02T14:08:44+00:00","dateModified":"2013-08-02T14:08:44+00:00","breadcrumb":{"@id":"https:\/\/www.pm.pb.gov.br\/portal\/2013\/08\/02\/policiais_da_2_cipm_realizam_prisoes_em_mamanguape\/#breadcrumb"},"inLanguage":"pt-BR","potentialAction":[{"@type":"ReadAction","target":["https:\/\/www.pm.pb.gov.br\/portal\/2013\/08\/02\/policiais_da_2_cipm_realizam_prisoes_em_mamanguape\/"]}]},{"@type":"BreadcrumbList","@id":"https:\/\/www.pm.pb.gov.br\/portal\/2013\/08\/02\/policiais_da_2_cipm_realizam_prisoes_em_mamanguape\/#breadcrumb","itemListElement":[{"@type":"ListItem","position":1,"name":"In\u00edcio","item":"https:\/\/www.pm.pb.gov.br\/portal\/"},{"@type":"ListItem","position":2,"name":"Policiais da 2\u00aa CIPM realizam pris\u00f5es em Mamanguape"}]},{"@type":"WebSite","@id":"https:\/\/www.pm.pb.gov.br\/portal\/#website","url":"https:\/\/www.pm.pb.gov.br\/portal\/","name":"Pol\u00edcia Militar da Para\u00edba","description":"","publisher":{"@id":"https:\/\/www.pm.pb.gov.br\/portal\/#organization"},"potentialAction":[{"@type":"SearchAction","target":{"@type":"EntryPoint","urlTemplate":"https:\/\/www.pm.pb.gov.br\/portal\/?s={search_term_string}"},"query-input":"required name=search_term_string"}],"inLanguage":"pt-BR"},{"@type":"Organization","@id":"https:\/\/www.pm.pb.gov.br\/portal\/#organization","name":"Pol\u00edcia Militar da Para\u00edba","url":"https:\/\/www.pm.pb.gov.br\/portal\/","logo":{"@type":"ImageObject","inLanguage":"pt-BR","@id":"https:\/\/www.pm.pb.gov.br\/portal\/#\/schema\/logo\/image\/","url":"https:\/\/www.pm.pb.gov.br\/portal\/wp-content\/uploads\/2025\/03\/cropped-logo-site-mag2-1.png","contentUrl":"https:\/\/www.pm.pb.gov.br\/portal\/wp-content\/uploads\/2025\/03\/cropped-logo-site-mag2-1.png","width":320,"height":90,"caption":"Pol\u00edcia Militar da Para\u00edba"},"image":{"@id":"https:\/\/www.pm.pb.gov.br\/portal\/#\/schema\/logo\/image\/"}},{"@type":"Person","@id":"https:\/\/www.pm.pb.gov.br\/portal\/#\/schema\/person\/e8454f46651c3ecf0e1ba3c1666d9947","name":"Assessoria de Imprensa da PMPB","image":{"@type":"ImageObject","inLanguage":"pt-BR","@id":"https:\/\/www.pm.pb.gov.br\/portal\/#\/schema\/person\/image\/","url":"https:\/\/secure.gravatar.com\/avatar\/2efe197438265d1e90bd98c4c8e1acf8?s=96&d=mm&r=g","contentUrl":"https:\/\/secure.gravatar.com\/avatar\/2efe197438265d1e90bd98c4c8e1acf8?s=96&d=mm&r=g","caption":"Assessoria de Imprensa da PMPB"},"url":"https:\/\/www.pm.pb.gov.br\/portal\/author\/assessoria\/"}]}},"_links":{"self":[{"href":"https:\/\/www.pm.pb.gov.br\/portal\/wp-json\/wp\/v2\/posts\/892153"}],"collection":[{"href":"https:\/\/www.pm.pb.gov.br\/portal\/wp-json\/wp\/v2\/posts"}],"about":[{"href":"https:\/\/www.pm.pb.gov.br\/portal\/wp-json\/wp\/v2\/types\/post"}],"author":[{"embeddable":true,"href":"https:\/\/www.pm.pb.gov.br\/portal\/wp-json\/wp\/v2\/users\/5"}],"replies":[{"embeddable":true,"href":"https:\/\/www.pm.pb.gov.br\/portal\/wp-json\/wp\/v2\/comments?post=892153"}],"version-history":[{"count":0,"href":"https:\/\/www.pm.pb.gov.br\/portal\/wp-json\/wp\/v2\/posts\/892153\/revisions"}],"wp:featuredmedia":[{"embeddable":true,"href":"https:\/\/www.pm.pb.gov.br\/portal\/wp-json\/wp\/v2\/media\/10920"}],"wp:attachment":[{"href":"https:\/\/www.pm.pb.gov.br\/portal\/wp-json\/wp\/v2\/media?parent=892153"}],"wp:term":[{"taxonomy":"category","embeddable":true,"href":"https:\/\/www.pm.pb.gov.br\/portal\/wp-json\/wp\/v2\/categories?post=892153"},{"taxonomy":"post_tag","embeddable":true,"href":"https:\/\/www.pm.pb.gov.br\/portal\/wp-json\/wp\/v2\/tags?post=892153"}],"curies":[{"name":"wp","href":"https:\/\/api.w.org\/{rel}","templated":true}]}}