{"id":892150,"date":"2013-07-31T11:07:03","date_gmt":"2013-07-31T14:07:03","guid":{"rendered":"http:\/\/www.pm.pb.gov.br\/portal\/2013\/07\/6_bpm_realiza_curso_de_taticas_policiais_em_dupla\/"},"modified":"2013-07-31T11:07:03","modified_gmt":"2013-07-31T14:07:03","slug":"6_bpm_realiza_curso_de_taticas_policiais_em_dupla","status":"publish","type":"post","link":"https:\/\/www.pm.pb.gov.br\/portal\/2013\/07\/31\/6_bpm_realiza_curso_de_taticas_policiais_em_dupla\/","title":{"rendered":"6\u00ba BPM realiza curso de T\u00e1ticas Policiais em Dupla"},"content":{"rendered":"<figure style=\"width: 500px\" class=\"wp-caption alignnone\"><img decoding=\"async\" class=\"alignnone size-medium\" src=\"http:\/\/www.pm.pb.gov.br\/portal\/wp-content\/uploads\/2013\/07\/8344_10911.jpg\" title=\"O treinamento encerrar\u00e1 na noite desta quarta (31).\" width=\"100%\" \/><figcaption class=\"wp-caption-text\">O treinamento encerrar\u00e1 na noite desta quarta (31).<\/figcaption><\/figure>\n<div style=\"text-align: justify;\">\nNa manh\u00e3 desta ter\u00e7a-feira (30), teve in\u00edcio o Curso de T\u00e1ticas Policiais em Dupla, ministrado ao 6\u00ba BPM, em Cajazeiras, pelo Centro de Educa\u00e7\u00e3o.<\/p>\n<p>O treinamento, que tem como instrutores o Capit\u00e3o \u00c1lvaro Cavalcante, Sargento Aguiar e Soldado Arruda, se estender\u00e1 at\u00e9 a noite desta quarta (31), e destina-se a instruir os soldados rec\u00e9m-formados do CFSd 2012.2 para o uso de pistolas semiautom\u00e1ticas e submetralhadoras em diversas situa\u00e7\u00f5es de tiro.<\/p>\n<p>O tenente-coronel Jos\u00e9 Ronildo, comandante da unidade, que tamb\u00e9m participa dos treinamentos, solicitou esta capacita\u00e7\u00e3o com o fim de aumentar a capacidade t\u00e9cnica dos novos policiais que estar\u00e3o melhor preparados nos casos em que seja necess\u00e1rio um confronto armado.<\/p>\n<p>\u0093Recentemente, os mesmos policiais participaram do Curso de Promotor de Pol\u00edcia Comunit\u00e1ria, que os habilitou para intera\u00e7\u00e3o mais pr\u00f3xima com a comunidade. Contudo, os pacificadores sociais devem estar prontos para agir tanto preventiva quanto repressivamente\u0094. Frisou o comandante do 6\u00ba BPM.<\/p>\n<div class=\"row\" align=\"center\"><a href=\"http:\/\/www.pm.pb.gov.br\/exportacao\/fotos_noticias\/8344_10912.jpg\"><figure style=\"width: 500px\" class=\"wp-caption alignnone\"><img decoding=\"async\" class=\"image-responsive\" src=\"http:\/\/www.pm.pb.gov.br\/exportacao\/fotos_noticias\/8344_10912.jpg\" title=\"O tenente-coronel Jos\u00e9 Ronildo, Comandante do 6\u00ba BPM, tamb\u00e9m participou dos treinamentos\" width=\"100%\" \/><figcaption class=\"wp-caption-text\">O tenente-coronel Jos\u00e9 Ronildo, Comandante do 6\u00ba BPM, tamb\u00e9m participou dos treinamentos<\/figcaption><\/figure><\/a><a href=\"http:\/\/www.pm.pb.gov.br\/portal\/wp-content\/uploads\/2013\/07\/8344_10913.jpg\"><figure style=\"width: 500px\" class=\"wp-caption alignnone\"><img decoding=\"async\" class=\"image-responsive\" src=\"http:\/\/www.pm.pb.gov.br\/portal\/wp-content\/uploads\/2013\/07\/8344_10913.jpg\" title=\"Os alunos foram instru\u00eddos no uso de pistolas e submetralhadoras.\" width=\"100%\" \/><figcaption class=\"wp-caption-text\">Os alunos foram instru\u00eddos no uso de pistolas e submetralhadoras.<\/figcaption><\/figure><\/a><\/div>\n<\/div>\n","protected":false},"excerpt":{"rendered":"<p>Na manh\u00e3 desta ter\u00e7a-feira (30), teve in\u00edcio o Curso de T\u00e1ticas Policiais em Dupla, ministrado ao 6\u00ba BPM, em Cajazeiras,<\/p>\n","protected":false},"author":5,"featured_media":10911,"comment_status":"closed","ping_status":"closed","sticky":false,"template":"","format":"standard","meta":{"_exactmetrics_skip_tracking":false,"_exactmetrics_sitenote_active":false,"_exactmetrics_sitenote_note":"","_exactmetrics_sitenote_category":0,"footnotes":""},"categories":[6],"tags":[],"yoast_head":"<!-- This site is optimized with the Yoast SEO plugin v22.0 - https:\/\/yoast.com\/wordpress\/plugins\/seo\/ -->\n<title>6\u00ba BPM realiza curso de T\u00e1ticas Policiais em Dupla - Pol\u00edcia Militar da Para\u00edba<\/title>\n<meta name=\"robots\" content=\"index, follow, max-snippet:-1, max-image-preview:large, max-video-preview:-1\" \/>\n<link rel=\"canonical\" href=\"https:\/\/www.pm.pb.gov.br\/portal\/2013\/07\/31\/6_bpm_realiza_curso_de_taticas_policiais_em_dupla\/\" \/>\n<meta property=\"og:locale\" content=\"pt_BR\" \/>\n<meta property=\"og:type\" content=\"article\" \/>\n<meta property=\"og:title\" content=\"6\u00ba BPM realiza curso de T\u00e1ticas Policiais em Dupla - Pol\u00edcia Militar da Para\u00edba\" \/>\n<meta property=\"og:description\" content=\"Na manh\u00e3 desta ter\u00e7a-feira (30), teve in\u00edcio o Curso de T\u00e1ticas Policiais em Dupla, ministrado ao 6\u00ba BPM, em Cajazeiras,\" \/>\n<meta property=\"og:url\" content=\"https:\/\/www.pm.pb.gov.br\/portal\/2013\/07\/31\/6_bpm_realiza_curso_de_taticas_policiais_em_dupla\/\" \/>\n<meta property=\"og:site_name\" content=\"Pol\u00edcia Militar da Para\u00edba\" \/>\n<meta property=\"article:published_time\" content=\"2013-07-31T14:07:03+00:00\" \/>\n<meta property=\"og:image\" content=\"https:\/\/www.pm.pb.gov.br\/portal\/wp-content\/uploads\/2013\/07\/8344_10911.jpg\" \/>\n\t<meta property=\"og:image:width\" content=\"500\" \/>\n\t<meta property=\"og:image:height\" content=\"375\" \/>\n\t<meta property=\"og:image:type\" content=\"image\/jpeg\" \/>\n<meta name=\"author\" content=\"Assessoria de Imprensa da PMPB\" \/>\n<meta name=\"twitter:card\" content=\"summary_large_image\" \/>\n<meta name=\"twitter:label1\" content=\"Escrito por\" \/>\n\t<meta name=\"twitter:data1\" content=\"Assessoria de Imprensa da PMPB\" \/>\n\t<meta name=\"twitter:label2\" content=\"Est. tempo de leitura\" \/>\n\t<meta name=\"twitter:data2\" content=\"1 minuto\" \/>\n<script type=\"application\/ld+json\" class=\"yoast-schema-graph\">{\"@context\":\"https:\/\/schema.org\",\"@graph\":[{\"@type\":\"Article\",\"@id\":\"https:\/\/www.pm.pb.gov.br\/portal\/2013\/07\/31\/6_bpm_realiza_curso_de_taticas_policiais_em_dupla\/#article\",\"isPartOf\":{\"@id\":\"https:\/\/www.pm.pb.gov.br\/portal\/2013\/07\/31\/6_bpm_realiza_curso_de_taticas_policiais_em_dupla\/\"},\"author\":{\"name\":\"Assessoria de Imprensa da PMPB\",\"@id\":\"https:\/\/www.pm.pb.gov.br\/portal\/#\/schema\/person\/e8454f46651c3ecf0e1ba3c1666d9947\"},\"headline\":\"6\u00ba BPM realiza curso de T\u00e1ticas Policiais em Dupla\",\"datePublished\":\"2013-07-31T14:07:03+00:00\",\"dateModified\":\"2013-07-31T14:07:03+00:00\",\"mainEntityOfPage\":{\"@id\":\"https:\/\/www.pm.pb.gov.br\/portal\/2013\/07\/31\/6_bpm_realiza_curso_de_taticas_policiais_em_dupla\/\"},\"wordCount\":219,\"publisher\":{\"@id\":\"https:\/\/www.pm.pb.gov.br\/portal\/#organization\"},\"articleSection\":[\"Cursos\"],\"inLanguage\":\"pt-BR\"},{\"@type\":\"WebPage\",\"@id\":\"https:\/\/www.pm.pb.gov.br\/portal\/2013\/07\/31\/6_bpm_realiza_curso_de_taticas_policiais_em_dupla\/\",\"url\":\"https:\/\/www.pm.pb.gov.br\/portal\/2013\/07\/31\/6_bpm_realiza_curso_de_taticas_policiais_em_dupla\/\",\"name\":\"6\u00ba BPM realiza curso de T\u00e1ticas Policiais em Dupla - Pol\u00edcia Militar da Para\u00edba\",\"isPartOf\":{\"@id\":\"https:\/\/www.pm.pb.gov.br\/portal\/#website\"},\"datePublished\":\"2013-07-31T14:07:03+00:00\",\"dateModified\":\"2013-07-31T14:07:03+00:00\",\"breadcrumb\":{\"@id\":\"https:\/\/www.pm.pb.gov.br\/portal\/2013\/07\/31\/6_bpm_realiza_curso_de_taticas_policiais_em_dupla\/#breadcrumb\"},\"inLanguage\":\"pt-BR\",\"potentialAction\":[{\"@type\":\"ReadAction\",\"target\":[\"https:\/\/www.pm.pb.gov.br\/portal\/2013\/07\/31\/6_bpm_realiza_curso_de_taticas_policiais_em_dupla\/\"]}]},{\"@type\":\"BreadcrumbList\",\"@id\":\"https:\/\/www.pm.pb.gov.br\/portal\/2013\/07\/31\/6_bpm_realiza_curso_de_taticas_policiais_em_dupla\/#breadcrumb\",\"itemListElement\":[{\"@type\":\"ListItem\",\"position\":1,\"name\":\"In\u00edcio\",\"item\":\"https:\/\/www.pm.pb.gov.br\/portal\/\"},{\"@type\":\"ListItem\",\"position\":2,\"name\":\"6\u00ba BPM realiza curso de T\u00e1ticas Policiais em Dupla\"}]},{\"@type\":\"WebSite\",\"@id\":\"https:\/\/www.pm.pb.gov.br\/portal\/#website\",\"url\":\"https:\/\/www.pm.pb.gov.br\/portal\/\",\"name\":\"Pol\u00edcia Militar da Para\u00edba\",\"description\":\"\",\"publisher\":{\"@id\":\"https:\/\/www.pm.pb.gov.br\/portal\/#organization\"},\"potentialAction\":[{\"@type\":\"SearchAction\",\"target\":{\"@type\":\"EntryPoint\",\"urlTemplate\":\"https:\/\/www.pm.pb.gov.br\/portal\/?s={search_term_string}\"},\"query-input\":\"required name=search_term_string\"}],\"inLanguage\":\"pt-BR\"},{\"@type\":\"Organization\",\"@id\":\"https:\/\/www.pm.pb.gov.br\/portal\/#organization\",\"name\":\"Pol\u00edcia Militar da Para\u00edba\",\"url\":\"https:\/\/www.pm.pb.gov.br\/portal\/\",\"logo\":{\"@type\":\"ImageObject\",\"inLanguage\":\"pt-BR\",\"@id\":\"https:\/\/www.pm.pb.gov.br\/portal\/#\/schema\/logo\/image\/\",\"url\":\"https:\/\/www.pm.pb.gov.br\/portal\/wp-content\/uploads\/2025\/03\/cropped-logo-site-mag2-1.png\",\"contentUrl\":\"https:\/\/www.pm.pb.gov.br\/portal\/wp-content\/uploads\/2025\/03\/cropped-logo-site-mag2-1.png\",\"width\":320,\"height\":90,\"caption\":\"Pol\u00edcia Militar da Para\u00edba\"},\"image\":{\"@id\":\"https:\/\/www.pm.pb.gov.br\/portal\/#\/schema\/logo\/image\/\"}},{\"@type\":\"Person\",\"@id\":\"https:\/\/www.pm.pb.gov.br\/portal\/#\/schema\/person\/e8454f46651c3ecf0e1ba3c1666d9947\",\"name\":\"Assessoria de Imprensa da PMPB\",\"image\":{\"@type\":\"ImageObject\",\"inLanguage\":\"pt-BR\",\"@id\":\"https:\/\/www.pm.pb.gov.br\/portal\/#\/schema\/person\/image\/\",\"url\":\"https:\/\/secure.gravatar.com\/avatar\/2efe197438265d1e90bd98c4c8e1acf8?s=96&d=mm&r=g\",\"contentUrl\":\"https:\/\/secure.gravatar.com\/avatar\/2efe197438265d1e90bd98c4c8e1acf8?s=96&d=mm&r=g\",\"caption\":\"Assessoria de Imprensa da PMPB\"},\"url\":\"https:\/\/www.pm.pb.gov.br\/portal\/author\/assessoria\/\"}]}<\/script>\n<!-- \/ Yoast SEO plugin. -->","yoast_head_json":{"title":"6\u00ba BPM realiza curso de T\u00e1ticas Policiais em Dupla - Pol\u00edcia Militar da Para\u00edba","robots":{"index":"index","follow":"follow","max-snippet":"max-snippet:-1","max-image-preview":"max-image-preview:large","max-video-preview":"max-video-preview:-1"},"canonical":"https:\/\/www.pm.pb.gov.br\/portal\/2013\/07\/31\/6_bpm_realiza_curso_de_taticas_policiais_em_dupla\/","og_locale":"pt_BR","og_type":"article","og_title":"6\u00ba BPM realiza curso de T\u00e1ticas Policiais em Dupla - Pol\u00edcia Militar da Para\u00edba","og_description":"Na manh\u00e3 desta ter\u00e7a-feira (30), teve in\u00edcio o Curso de T\u00e1ticas Policiais em Dupla, ministrado ao 6\u00ba BPM, em Cajazeiras,","og_url":"https:\/\/www.pm.pb.gov.br\/portal\/2013\/07\/31\/6_bpm_realiza_curso_de_taticas_policiais_em_dupla\/","og_site_name":"Pol\u00edcia Militar da Para\u00edba","article_published_time":"2013-07-31T14:07:03+00:00","og_image":[{"width":500,"height":375,"url":"https:\/\/www.pm.pb.gov.br\/portal\/wp-content\/uploads\/2013\/07\/8344_10911.jpg","type":"image\/jpeg"}],"author":"Assessoria de Imprensa da PMPB","twitter_card":"summary_large_image","twitter_misc":{"Escrito por":"Assessoria de Imprensa da PMPB","Est. tempo de leitura":"1 minuto"},"schema":{"@context":"https:\/\/schema.org","@graph":[{"@type":"Article","@id":"https:\/\/www.pm.pb.gov.br\/portal\/2013\/07\/31\/6_bpm_realiza_curso_de_taticas_policiais_em_dupla\/#article","isPartOf":{"@id":"https:\/\/www.pm.pb.gov.br\/portal\/2013\/07\/31\/6_bpm_realiza_curso_de_taticas_policiais_em_dupla\/"},"author":{"name":"Assessoria de Imprensa da PMPB","@id":"https:\/\/www.pm.pb.gov.br\/portal\/#\/schema\/person\/e8454f46651c3ecf0e1ba3c1666d9947"},"headline":"6\u00ba BPM realiza curso de T\u00e1ticas Policiais em Dupla","datePublished":"2013-07-31T14:07:03+00:00","dateModified":"2013-07-31T14:07:03+00:00","mainEntityOfPage":{"@id":"https:\/\/www.pm.pb.gov.br\/portal\/2013\/07\/31\/6_bpm_realiza_curso_de_taticas_policiais_em_dupla\/"},"wordCount":219,"publisher":{"@id":"https:\/\/www.pm.pb.gov.br\/portal\/#organization"},"articleSection":["Cursos"],"inLanguage":"pt-BR"},{"@type":"WebPage","@id":"https:\/\/www.pm.pb.gov.br\/portal\/2013\/07\/31\/6_bpm_realiza_curso_de_taticas_policiais_em_dupla\/","url":"https:\/\/www.pm.pb.gov.br\/portal\/2013\/07\/31\/6_bpm_realiza_curso_de_taticas_policiais_em_dupla\/","name":"6\u00ba BPM realiza curso de T\u00e1ticas Policiais em Dupla - Pol\u00edcia Militar da Para\u00edba","isPartOf":{"@id":"https:\/\/www.pm.pb.gov.br\/portal\/#website"},"datePublished":"2013-07-31T14:07:03+00:00","dateModified":"2013-07-31T14:07:03+00:00","breadcrumb":{"@id":"https:\/\/www.pm.pb.gov.br\/portal\/2013\/07\/31\/6_bpm_realiza_curso_de_taticas_policiais_em_dupla\/#breadcrumb"},"inLanguage":"pt-BR","potentialAction":[{"@type":"ReadAction","target":["https:\/\/www.pm.pb.gov.br\/portal\/2013\/07\/31\/6_bpm_realiza_curso_de_taticas_policiais_em_dupla\/"]}]},{"@type":"BreadcrumbList","@id":"https:\/\/www.pm.pb.gov.br\/portal\/2013\/07\/31\/6_bpm_realiza_curso_de_taticas_policiais_em_dupla\/#breadcrumb","itemListElement":[{"@type":"ListItem","position":1,"name":"In\u00edcio","item":"https:\/\/www.pm.pb.gov.br\/portal\/"},{"@type":"ListItem","position":2,"name":"6\u00ba BPM realiza curso de T\u00e1ticas Policiais em Dupla"}]},{"@type":"WebSite","@id":"https:\/\/www.pm.pb.gov.br\/portal\/#website","url":"https:\/\/www.pm.pb.gov.br\/portal\/","name":"Pol\u00edcia Militar da Para\u00edba","description":"","publisher":{"@id":"https:\/\/www.pm.pb.gov.br\/portal\/#organization"},"potentialAction":[{"@type":"SearchAction","target":{"@type":"EntryPoint","urlTemplate":"https:\/\/www.pm.pb.gov.br\/portal\/?s={search_term_string}"},"query-input":"required name=search_term_string"}],"inLanguage":"pt-BR"},{"@type":"Organization","@id":"https:\/\/www.pm.pb.gov.br\/portal\/#organization","name":"Pol\u00edcia Militar da Para\u00edba","url":"https:\/\/www.pm.pb.gov.br\/portal\/","logo":{"@type":"ImageObject","inLanguage":"pt-BR","@id":"https:\/\/www.pm.pb.gov.br\/portal\/#\/schema\/logo\/image\/","url":"https:\/\/www.pm.pb.gov.br\/portal\/wp-content\/uploads\/2025\/03\/cropped-logo-site-mag2-1.png","contentUrl":"https:\/\/www.pm.pb.gov.br\/portal\/wp-content\/uploads\/2025\/03\/cropped-logo-site-mag2-1.png","width":320,"height":90,"caption":"Pol\u00edcia Militar da Para\u00edba"},"image":{"@id":"https:\/\/www.pm.pb.gov.br\/portal\/#\/schema\/logo\/image\/"}},{"@type":"Person","@id":"https:\/\/www.pm.pb.gov.br\/portal\/#\/schema\/person\/e8454f46651c3ecf0e1ba3c1666d9947","name":"Assessoria de Imprensa da PMPB","image":{"@type":"ImageObject","inLanguage":"pt-BR","@id":"https:\/\/www.pm.pb.gov.br\/portal\/#\/schema\/person\/image\/","url":"https:\/\/secure.gravatar.com\/avatar\/2efe197438265d1e90bd98c4c8e1acf8?s=96&d=mm&r=g","contentUrl":"https:\/\/secure.gravatar.com\/avatar\/2efe197438265d1e90bd98c4c8e1acf8?s=96&d=mm&r=g","caption":"Assessoria de Imprensa da PMPB"},"url":"https:\/\/www.pm.pb.gov.br\/portal\/author\/assessoria\/"}]}},"_links":{"self":[{"href":"https:\/\/www.pm.pb.gov.br\/portal\/wp-json\/wp\/v2\/posts\/892150"}],"collection":[{"href":"https:\/\/www.pm.pb.gov.br\/portal\/wp-json\/wp\/v2\/posts"}],"about":[{"href":"https:\/\/www.pm.pb.gov.br\/portal\/wp-json\/wp\/v2\/types\/post"}],"author":[{"embeddable":true,"href":"https:\/\/www.pm.pb.gov.br\/portal\/wp-json\/wp\/v2\/users\/5"}],"replies":[{"embeddable":true,"href":"https:\/\/www.pm.pb.gov.br\/portal\/wp-json\/wp\/v2\/comments?post=892150"}],"version-history":[{"count":0,"href":"https:\/\/www.pm.pb.gov.br\/portal\/wp-json\/wp\/v2\/posts\/892150\/revisions"}],"wp:featuredmedia":[{"embeddable":true,"href":"https:\/\/www.pm.pb.gov.br\/portal\/wp-json\/wp\/v2\/media\/10911"}],"wp:attachment":[{"href":"https:\/\/www.pm.pb.gov.br\/portal\/wp-json\/wp\/v2\/media?parent=892150"}],"wp:term":[{"taxonomy":"category","embeddable":true,"href":"https:\/\/www.pm.pb.gov.br\/portal\/wp-json\/wp\/v2\/categories?post=892150"},{"taxonomy":"post_tag","embeddable":true,"href":"https:\/\/www.pm.pb.gov.br\/portal\/wp-json\/wp\/v2\/tags?post=892150"}],"curies":[{"name":"wp","href":"https:\/\/api.w.org\/{rel}","templated":true}]}}