{"id":892130,"date":"2013-07-22T22:07:13","date_gmt":"2013-07-23T01:07:13","guid":{"rendered":"http:\/\/www.pm.pb.gov.br\/portal\/2013\/07\/policiais_do_cprm_apreendem_adolescentes_assaltando_onibus_em_jp\/"},"modified":"2013-07-22T22:07:13","modified_gmt":"2013-07-23T01:07:13","slug":"policiais_do_cprm_apreendem_adolescentes_assaltando_onibus_em_jp","status":"publish","type":"post","link":"https:\/\/www.pm.pb.gov.br\/portal\/2013\/07\/22\/policiais_do_cprm_apreendem_adolescentes_assaltando_onibus_em_jp\/","title":{"rendered":"Policiais do CPRM apreendem adolescentes assaltando \u00f4nibus em JP"},"content":{"rendered":"<figure style=\"width: 500px\" class=\"wp-caption alignnone\"><img decoding=\"async\" class=\"alignnone size-medium\" src=\"http:\/\/www.pm.pb.gov.br\/portal\/wp-content\/uploads\/2013\/07\/8306_10850.jpg\" title=\"A sede do CPRM fica no Quartel do Comando Geral da PM\" width=\"100%\" \/><figcaption class=\"wp-caption-text\">A sede do CPRM fica no Quartel do Comando Geral da PM<\/figcaption><\/figure>\n<div style=\"text-align: justify;\">Policiais do Comando do Policiamento Regional Metropolitano agiram r\u00e1pido e conseguiram apreender em flagrante, nesta segunda-feira (22), tr\u00eas adolescentes que tinham acabado de assaltar, no bairro da Torre, um \u00f4nibus que faz a linha 3107 (Mangabeira \u0096 Cidade Verde). A viatura do CPRM fazia rondas no Parque S\u00f3lon de Lucena quando foi acionada pelo motorista do coletivo e realizou a apreens\u00e3o dos tr\u00eas menores.<\/p>\n<p>Segundo informa\u00e7\u00f5es do Cabo Bruce, o assalto foi realizado na Avenida J\u00falia Freire, na Torre, e os adolescentes seguiram viagem para descer e fugir no ponto de \u00f4nibus do Parque S\u00f3lon de Lucena, no Centro de Jo\u00e3o Pessoa. \u0093Neste momento n\u00f3s percebemos o motorista fazendo sinal e prontamente interceptamos os tr\u00eas e realizamos a apreens\u00e3o\u0094, contou.<\/p>\n<p>Os jovens tinham utilizado uma chave de moto para simular uma arma e realizar o assalto. Os tr\u00eas foram levados para a Delegacia da Inf\u00e2ncia e Juventude, no Centro de Jo\u00e3o Pessoa. Todos eles j\u00e1 tinham passagem pela pol\u00edcia tamb\u00e9m por roubo.<\/p>\n<p>O Comandante do CPRM, Tenente Coronel Jeferson Pereira, destacou que agora o Comando Metropolitano est\u00e1 dando um refor\u00e7o maior aos Batalh\u00f5es, principalmente nos hor\u00e1rios de movimenta\u00e7\u00e3o intensa de pessoas. \u0093Estamos com um refor\u00e7o de policiais no CPRM e isso vai nos possibilitar a dar esse apoio maior aos Batalh\u00f5es e conseguir fazer interven\u00e7\u00f5es como a desta segunda-feira (22), onde dentro da opera\u00e7\u00e3o Cidade Segura foram retirados de circula\u00e7\u00e3o mais tr\u00eas suspeitos de assaltos a \u00f4nibus\u0094, lembrou o Tenente Coronel.<\/p>\n<div class=\"row\" align=\"center\"><\/div>\n<\/div>\n","protected":false},"excerpt":{"rendered":"<p>Policiais do Comando do Policiamento Regional Metropolitano agiram r\u00e1pido e conseguiram apreender em flagrante, nesta segunda-feira (22), tr\u00eas adolescentes que<\/p>\n","protected":false},"author":5,"featured_media":10850,"comment_status":"closed","ping_status":"closed","sticky":false,"template":"","format":"standard","meta":{"_exactmetrics_skip_tracking":false,"_exactmetrics_sitenote_active":false,"_exactmetrics_sitenote_note":"","_exactmetrics_sitenote_category":0,"footnotes":""},"categories":[4],"tags":[],"yoast_head":"<!-- This site is optimized with the Yoast SEO plugin v22.0 - https:\/\/yoast.com\/wordpress\/plugins\/seo\/ -->\n<title>Policiais do CPRM apreendem adolescentes assaltando \u00f4nibus em JP - Pol\u00edcia Militar da Para\u00edba<\/title>\n<meta name=\"robots\" content=\"index, follow, max-snippet:-1, max-image-preview:large, max-video-preview:-1\" \/>\n<link rel=\"canonical\" href=\"https:\/\/www.pm.pb.gov.br\/portal\/2013\/07\/22\/policiais_do_cprm_apreendem_adolescentes_assaltando_onibus_em_jp\/\" \/>\n<meta property=\"og:locale\" content=\"pt_BR\" \/>\n<meta property=\"og:type\" content=\"article\" \/>\n<meta property=\"og:title\" content=\"Policiais do CPRM apreendem adolescentes assaltando \u00f4nibus em JP - Pol\u00edcia Militar da Para\u00edba\" \/>\n<meta property=\"og:description\" content=\"Policiais do Comando do Policiamento Regional Metropolitano agiram r\u00e1pido e conseguiram apreender em flagrante, nesta segunda-feira (22), tr\u00eas adolescentes que\" \/>\n<meta property=\"og:url\" content=\"https:\/\/www.pm.pb.gov.br\/portal\/2013\/07\/22\/policiais_do_cprm_apreendem_adolescentes_assaltando_onibus_em_jp\/\" \/>\n<meta property=\"og:site_name\" content=\"Pol\u00edcia Militar da Para\u00edba\" \/>\n<meta property=\"article:published_time\" content=\"2013-07-23T01:07:13+00:00\" \/>\n<meta property=\"og:image\" content=\"https:\/\/www.pm.pb.gov.br\/portal\/wp-content\/uploads\/2013\/07\/8306_10850.jpg\" \/>\n\t<meta property=\"og:image:width\" content=\"500\" \/>\n\t<meta property=\"og:image:height\" content=\"366\" \/>\n\t<meta property=\"og:image:type\" content=\"image\/jpeg\" \/>\n<meta name=\"author\" content=\"Assessoria de Imprensa da PMPB\" \/>\n<meta name=\"twitter:card\" content=\"summary_large_image\" \/>\n<meta name=\"twitter:label1\" content=\"Escrito por\" \/>\n\t<meta name=\"twitter:data1\" content=\"Assessoria de Imprensa da PMPB\" \/>\n\t<meta name=\"twitter:label2\" content=\"Est. tempo de leitura\" \/>\n\t<meta name=\"twitter:data2\" content=\"1 minuto\" \/>\n<script type=\"application\/ld+json\" class=\"yoast-schema-graph\">{\"@context\":\"https:\/\/schema.org\",\"@graph\":[{\"@type\":\"Article\",\"@id\":\"https:\/\/www.pm.pb.gov.br\/portal\/2013\/07\/22\/policiais_do_cprm_apreendem_adolescentes_assaltando_onibus_em_jp\/#article\",\"isPartOf\":{\"@id\":\"https:\/\/www.pm.pb.gov.br\/portal\/2013\/07\/22\/policiais_do_cprm_apreendem_adolescentes_assaltando_onibus_em_jp\/\"},\"author\":{\"name\":\"Assessoria de Imprensa da PMPB\",\"@id\":\"https:\/\/www.pm.pb.gov.br\/portal\/#\/schema\/person\/e8454f46651c3ecf0e1ba3c1666d9947\"},\"headline\":\"Policiais do CPRM apreendem adolescentes assaltando \u00f4nibus em JP\",\"datePublished\":\"2013-07-23T01:07:13+00:00\",\"dateModified\":\"2013-07-23T01:07:13+00:00\",\"mainEntityOfPage\":{\"@id\":\"https:\/\/www.pm.pb.gov.br\/portal\/2013\/07\/22\/policiais_do_cprm_apreendem_adolescentes_assaltando_onibus_em_jp\/\"},\"wordCount\":291,\"publisher\":{\"@id\":\"https:\/\/www.pm.pb.gov.br\/portal\/#organization\"},\"articleSection\":[\"A\u00e7\u00f5es Policiais\"],\"inLanguage\":\"pt-BR\"},{\"@type\":\"WebPage\",\"@id\":\"https:\/\/www.pm.pb.gov.br\/portal\/2013\/07\/22\/policiais_do_cprm_apreendem_adolescentes_assaltando_onibus_em_jp\/\",\"url\":\"https:\/\/www.pm.pb.gov.br\/portal\/2013\/07\/22\/policiais_do_cprm_apreendem_adolescentes_assaltando_onibus_em_jp\/\",\"name\":\"Policiais do CPRM apreendem adolescentes assaltando \u00f4nibus em JP - Pol\u00edcia Militar da Para\u00edba\",\"isPartOf\":{\"@id\":\"https:\/\/www.pm.pb.gov.br\/portal\/#website\"},\"datePublished\":\"2013-07-23T01:07:13+00:00\",\"dateModified\":\"2013-07-23T01:07:13+00:00\",\"breadcrumb\":{\"@id\":\"https:\/\/www.pm.pb.gov.br\/portal\/2013\/07\/22\/policiais_do_cprm_apreendem_adolescentes_assaltando_onibus_em_jp\/#breadcrumb\"},\"inLanguage\":\"pt-BR\",\"potentialAction\":[{\"@type\":\"ReadAction\",\"target\":[\"https:\/\/www.pm.pb.gov.br\/portal\/2013\/07\/22\/policiais_do_cprm_apreendem_adolescentes_assaltando_onibus_em_jp\/\"]}]},{\"@type\":\"BreadcrumbList\",\"@id\":\"https:\/\/www.pm.pb.gov.br\/portal\/2013\/07\/22\/policiais_do_cprm_apreendem_adolescentes_assaltando_onibus_em_jp\/#breadcrumb\",\"itemListElement\":[{\"@type\":\"ListItem\",\"position\":1,\"name\":\"In\u00edcio\",\"item\":\"https:\/\/www.pm.pb.gov.br\/portal\/\"},{\"@type\":\"ListItem\",\"position\":2,\"name\":\"Policiais do CPRM apreendem adolescentes assaltando \u00f4nibus em JP\"}]},{\"@type\":\"WebSite\",\"@id\":\"https:\/\/www.pm.pb.gov.br\/portal\/#website\",\"url\":\"https:\/\/www.pm.pb.gov.br\/portal\/\",\"name\":\"Pol\u00edcia Militar da Para\u00edba\",\"description\":\"\",\"publisher\":{\"@id\":\"https:\/\/www.pm.pb.gov.br\/portal\/#organization\"},\"potentialAction\":[{\"@type\":\"SearchAction\",\"target\":{\"@type\":\"EntryPoint\",\"urlTemplate\":\"https:\/\/www.pm.pb.gov.br\/portal\/?s={search_term_string}\"},\"query-input\":\"required name=search_term_string\"}],\"inLanguage\":\"pt-BR\"},{\"@type\":\"Organization\",\"@id\":\"https:\/\/www.pm.pb.gov.br\/portal\/#organization\",\"name\":\"Pol\u00edcia Militar da Para\u00edba\",\"url\":\"https:\/\/www.pm.pb.gov.br\/portal\/\",\"logo\":{\"@type\":\"ImageObject\",\"inLanguage\":\"pt-BR\",\"@id\":\"https:\/\/www.pm.pb.gov.br\/portal\/#\/schema\/logo\/image\/\",\"url\":\"https:\/\/www.pm.pb.gov.br\/portal\/wp-content\/uploads\/2025\/03\/cropped-logo-site-mag2-1.png\",\"contentUrl\":\"https:\/\/www.pm.pb.gov.br\/portal\/wp-content\/uploads\/2025\/03\/cropped-logo-site-mag2-1.png\",\"width\":320,\"height\":90,\"caption\":\"Pol\u00edcia Militar da Para\u00edba\"},\"image\":{\"@id\":\"https:\/\/www.pm.pb.gov.br\/portal\/#\/schema\/logo\/image\/\"}},{\"@type\":\"Person\",\"@id\":\"https:\/\/www.pm.pb.gov.br\/portal\/#\/schema\/person\/e8454f46651c3ecf0e1ba3c1666d9947\",\"name\":\"Assessoria de Imprensa da PMPB\",\"image\":{\"@type\":\"ImageObject\",\"inLanguage\":\"pt-BR\",\"@id\":\"https:\/\/www.pm.pb.gov.br\/portal\/#\/schema\/person\/image\/\",\"url\":\"https:\/\/secure.gravatar.com\/avatar\/2efe197438265d1e90bd98c4c8e1acf8?s=96&d=mm&r=g\",\"contentUrl\":\"https:\/\/secure.gravatar.com\/avatar\/2efe197438265d1e90bd98c4c8e1acf8?s=96&d=mm&r=g\",\"caption\":\"Assessoria de Imprensa da PMPB\"},\"url\":\"https:\/\/www.pm.pb.gov.br\/portal\/author\/assessoria\/\"}]}<\/script>\n<!-- \/ Yoast SEO plugin. -->","yoast_head_json":{"title":"Policiais do CPRM apreendem adolescentes assaltando \u00f4nibus em JP - Pol\u00edcia Militar da Para\u00edba","robots":{"index":"index","follow":"follow","max-snippet":"max-snippet:-1","max-image-preview":"max-image-preview:large","max-video-preview":"max-video-preview:-1"},"canonical":"https:\/\/www.pm.pb.gov.br\/portal\/2013\/07\/22\/policiais_do_cprm_apreendem_adolescentes_assaltando_onibus_em_jp\/","og_locale":"pt_BR","og_type":"article","og_title":"Policiais do CPRM apreendem adolescentes assaltando \u00f4nibus em JP - Pol\u00edcia Militar da Para\u00edba","og_description":"Policiais do Comando do Policiamento Regional Metropolitano agiram r\u00e1pido e conseguiram apreender em flagrante, nesta segunda-feira (22), tr\u00eas adolescentes que","og_url":"https:\/\/www.pm.pb.gov.br\/portal\/2013\/07\/22\/policiais_do_cprm_apreendem_adolescentes_assaltando_onibus_em_jp\/","og_site_name":"Pol\u00edcia Militar da Para\u00edba","article_published_time":"2013-07-23T01:07:13+00:00","og_image":[{"width":500,"height":366,"url":"https:\/\/www.pm.pb.gov.br\/portal\/wp-content\/uploads\/2013\/07\/8306_10850.jpg","type":"image\/jpeg"}],"author":"Assessoria de Imprensa da PMPB","twitter_card":"summary_large_image","twitter_misc":{"Escrito por":"Assessoria de Imprensa da PMPB","Est. tempo de leitura":"1 minuto"},"schema":{"@context":"https:\/\/schema.org","@graph":[{"@type":"Article","@id":"https:\/\/www.pm.pb.gov.br\/portal\/2013\/07\/22\/policiais_do_cprm_apreendem_adolescentes_assaltando_onibus_em_jp\/#article","isPartOf":{"@id":"https:\/\/www.pm.pb.gov.br\/portal\/2013\/07\/22\/policiais_do_cprm_apreendem_adolescentes_assaltando_onibus_em_jp\/"},"author":{"name":"Assessoria de Imprensa da PMPB","@id":"https:\/\/www.pm.pb.gov.br\/portal\/#\/schema\/person\/e8454f46651c3ecf0e1ba3c1666d9947"},"headline":"Policiais do CPRM apreendem adolescentes assaltando \u00f4nibus em JP","datePublished":"2013-07-23T01:07:13+00:00","dateModified":"2013-07-23T01:07:13+00:00","mainEntityOfPage":{"@id":"https:\/\/www.pm.pb.gov.br\/portal\/2013\/07\/22\/policiais_do_cprm_apreendem_adolescentes_assaltando_onibus_em_jp\/"},"wordCount":291,"publisher":{"@id":"https:\/\/www.pm.pb.gov.br\/portal\/#organization"},"articleSection":["A\u00e7\u00f5es Policiais"],"inLanguage":"pt-BR"},{"@type":"WebPage","@id":"https:\/\/www.pm.pb.gov.br\/portal\/2013\/07\/22\/policiais_do_cprm_apreendem_adolescentes_assaltando_onibus_em_jp\/","url":"https:\/\/www.pm.pb.gov.br\/portal\/2013\/07\/22\/policiais_do_cprm_apreendem_adolescentes_assaltando_onibus_em_jp\/","name":"Policiais do CPRM apreendem adolescentes assaltando \u00f4nibus em JP - Pol\u00edcia Militar da Para\u00edba","isPartOf":{"@id":"https:\/\/www.pm.pb.gov.br\/portal\/#website"},"datePublished":"2013-07-23T01:07:13+00:00","dateModified":"2013-07-23T01:07:13+00:00","breadcrumb":{"@id":"https:\/\/www.pm.pb.gov.br\/portal\/2013\/07\/22\/policiais_do_cprm_apreendem_adolescentes_assaltando_onibus_em_jp\/#breadcrumb"},"inLanguage":"pt-BR","potentialAction":[{"@type":"ReadAction","target":["https:\/\/www.pm.pb.gov.br\/portal\/2013\/07\/22\/policiais_do_cprm_apreendem_adolescentes_assaltando_onibus_em_jp\/"]}]},{"@type":"BreadcrumbList","@id":"https:\/\/www.pm.pb.gov.br\/portal\/2013\/07\/22\/policiais_do_cprm_apreendem_adolescentes_assaltando_onibus_em_jp\/#breadcrumb","itemListElement":[{"@type":"ListItem","position":1,"name":"In\u00edcio","item":"https:\/\/www.pm.pb.gov.br\/portal\/"},{"@type":"ListItem","position":2,"name":"Policiais do CPRM apreendem adolescentes assaltando \u00f4nibus em JP"}]},{"@type":"WebSite","@id":"https:\/\/www.pm.pb.gov.br\/portal\/#website","url":"https:\/\/www.pm.pb.gov.br\/portal\/","name":"Pol\u00edcia Militar da Para\u00edba","description":"","publisher":{"@id":"https:\/\/www.pm.pb.gov.br\/portal\/#organization"},"potentialAction":[{"@type":"SearchAction","target":{"@type":"EntryPoint","urlTemplate":"https:\/\/www.pm.pb.gov.br\/portal\/?s={search_term_string}"},"query-input":"required name=search_term_string"}],"inLanguage":"pt-BR"},{"@type":"Organization","@id":"https:\/\/www.pm.pb.gov.br\/portal\/#organization","name":"Pol\u00edcia Militar da Para\u00edba","url":"https:\/\/www.pm.pb.gov.br\/portal\/","logo":{"@type":"ImageObject","inLanguage":"pt-BR","@id":"https:\/\/www.pm.pb.gov.br\/portal\/#\/schema\/logo\/image\/","url":"https:\/\/www.pm.pb.gov.br\/portal\/wp-content\/uploads\/2025\/03\/cropped-logo-site-mag2-1.png","contentUrl":"https:\/\/www.pm.pb.gov.br\/portal\/wp-content\/uploads\/2025\/03\/cropped-logo-site-mag2-1.png","width":320,"height":90,"caption":"Pol\u00edcia Militar da Para\u00edba"},"image":{"@id":"https:\/\/www.pm.pb.gov.br\/portal\/#\/schema\/logo\/image\/"}},{"@type":"Person","@id":"https:\/\/www.pm.pb.gov.br\/portal\/#\/schema\/person\/e8454f46651c3ecf0e1ba3c1666d9947","name":"Assessoria de Imprensa da PMPB","image":{"@type":"ImageObject","inLanguage":"pt-BR","@id":"https:\/\/www.pm.pb.gov.br\/portal\/#\/schema\/person\/image\/","url":"https:\/\/secure.gravatar.com\/avatar\/2efe197438265d1e90bd98c4c8e1acf8?s=96&d=mm&r=g","contentUrl":"https:\/\/secure.gravatar.com\/avatar\/2efe197438265d1e90bd98c4c8e1acf8?s=96&d=mm&r=g","caption":"Assessoria de Imprensa da PMPB"},"url":"https:\/\/www.pm.pb.gov.br\/portal\/author\/assessoria\/"}]}},"_links":{"self":[{"href":"https:\/\/www.pm.pb.gov.br\/portal\/wp-json\/wp\/v2\/posts\/892130"}],"collection":[{"href":"https:\/\/www.pm.pb.gov.br\/portal\/wp-json\/wp\/v2\/posts"}],"about":[{"href":"https:\/\/www.pm.pb.gov.br\/portal\/wp-json\/wp\/v2\/types\/post"}],"author":[{"embeddable":true,"href":"https:\/\/www.pm.pb.gov.br\/portal\/wp-json\/wp\/v2\/users\/5"}],"replies":[{"embeddable":true,"href":"https:\/\/www.pm.pb.gov.br\/portal\/wp-json\/wp\/v2\/comments?post=892130"}],"version-history":[{"count":0,"href":"https:\/\/www.pm.pb.gov.br\/portal\/wp-json\/wp\/v2\/posts\/892130\/revisions"}],"wp:featuredmedia":[{"embeddable":true,"href":"https:\/\/www.pm.pb.gov.br\/portal\/wp-json\/wp\/v2\/media\/10850"}],"wp:attachment":[{"href":"https:\/\/www.pm.pb.gov.br\/portal\/wp-json\/wp\/v2\/media?parent=892130"}],"wp:term":[{"taxonomy":"category","embeddable":true,"href":"https:\/\/www.pm.pb.gov.br\/portal\/wp-json\/wp\/v2\/categories?post=892130"},{"taxonomy":"post_tag","embeddable":true,"href":"https:\/\/www.pm.pb.gov.br\/portal\/wp-json\/wp\/v2\/tags?post=892130"}],"curies":[{"name":"wp","href":"https:\/\/api.w.org\/{rel}","templated":true}]}}