{"id":892122,"date":"2013-07-19T20:07:33","date_gmt":"2013-07-19T23:07:33","guid":{"rendered":"http:\/\/www.pm.pb.gov.br\/portal\/2013\/07\/comandante_do_10_bpm_recebe_titulo_honroso\/"},"modified":"2013-07-19T20:07:33","modified_gmt":"2013-07-19T23:07:33","slug":"comandante_do_10_bpm_recebe_titulo_honroso","status":"publish","type":"post","link":"https:\/\/www.pm.pb.gov.br\/portal\/2013\/07\/19\/comandante_do_10_bpm_recebe_titulo_honroso\/","title":{"rendered":"Comandante do 10\u00ba BPM recebe t\u00edtulo honroso"},"content":{"rendered":"<figure style=\"width: 500px\" class=\"wp-caption alignnone\"><img decoding=\"async\" class=\"alignnone size-medium\" src=\"http:\/\/www.pm.pb.gov.br\/portal\/wp-content\/uploads\/2013\/07\/8297_10837.jpg\" title=\"O Comandante do 10\u00ba BPM recebeu o t\u00edtulo de 'Amigo da ESA\"\" width=\"100%\" \/><figcaption class=\"wp-caption-text\">O Comandante do 10\u00ba BPM recebeu o t\u00edtulo de &#8216;Amigo da ESA&#8221;<\/figcaption><\/figure>\n<div style=\"text-align: justify;\">O Tenente Coronel Ysmar Mota, atual comandante do 10\u00ba BPM recebeu recentemente o t\u00edtulo de \u0093Amigo da ESA\u0094 das m\u00e3os do advogado Manoel C\u00e9sar de Alencar Neto, Coordenador da Escola Superior de Advocacia (ESA) Subse\u00e7\u00e3o Guarabira.<\/p>\n<p>O Dr. Manoel C\u00e9sar, ao entregar o t\u00edtulo, ressaltou o grande apoio prestado pelo Tenente Coronel Ysmar a Escola, durante o per\u00edodo que comandou o 4\u00ba BPM em Guarabira-PB, atrav\u00e9s da realiza\u00e7\u00e3o de a\u00e7\u00f5es em parceria com a UEPB e a ESA.<\/p>\n<p>\u0093Fico surpreso e emocionado com esta homenagem, pois tudo que fiz foi por compreender a import\u00e2ncia do ensino na qualifica\u00e7\u00e3o dos policiais militares e que em institui\u00e7\u00f5es como a ESA se encontra a ess\u00eancia do saber jur\u00eddico, fundamental na forma\u00e7\u00e3o policial\u0094. Declarou Ysmar.<\/p>\n<div class=\"row\" align=\"center\"><\/div>\n<\/div>\n","protected":false},"excerpt":{"rendered":"<p>O Tenente Coronel Ysmar Mota, atual comandante do 10\u00ba BPM recebeu recentemente o t\u00edtulo de \u0093Amigo da ESA\u0094 das m\u00e3os<\/p>\n","protected":false},"author":5,"featured_media":10837,"comment_status":"closed","ping_status":"closed","sticky":false,"template":"","format":"standard","meta":{"_exactmetrics_skip_tracking":false,"_exactmetrics_sitenote_active":false,"_exactmetrics_sitenote_note":"","_exactmetrics_sitenote_category":0,"footnotes":""},"categories":[5],"tags":[],"yoast_head":"<!-- This site is optimized with the Yoast SEO plugin v22.0 - https:\/\/yoast.com\/wordpress\/plugins\/seo\/ -->\n<title>Comandante do 10\u00ba BPM recebe t\u00edtulo honroso - Pol\u00edcia Militar da Para\u00edba<\/title>\n<meta name=\"robots\" content=\"index, follow, max-snippet:-1, max-image-preview:large, max-video-preview:-1\" \/>\n<link rel=\"canonical\" href=\"https:\/\/www.pm.pb.gov.br\/portal\/2013\/07\/19\/comandante_do_10_bpm_recebe_titulo_honroso\/\" \/>\n<meta property=\"og:locale\" content=\"pt_BR\" \/>\n<meta property=\"og:type\" content=\"article\" \/>\n<meta property=\"og:title\" content=\"Comandante do 10\u00ba BPM recebe t\u00edtulo honroso - Pol\u00edcia Militar da Para\u00edba\" \/>\n<meta property=\"og:description\" content=\"O Tenente Coronel Ysmar Mota, atual comandante do 10\u00ba BPM recebeu recentemente o t\u00edtulo de \u0093Amigo da ESA\u0094 das m\u00e3os\" \/>\n<meta property=\"og:url\" content=\"https:\/\/www.pm.pb.gov.br\/portal\/2013\/07\/19\/comandante_do_10_bpm_recebe_titulo_honroso\/\" \/>\n<meta property=\"og:site_name\" content=\"Pol\u00edcia Militar da Para\u00edba\" \/>\n<meta property=\"article:published_time\" content=\"2013-07-19T23:07:33+00:00\" \/>\n<meta property=\"og:image\" content=\"https:\/\/www.pm.pb.gov.br\/portal\/wp-content\/uploads\/2013\/07\/8297_10837.jpg\" \/>\n\t<meta property=\"og:image:width\" content=\"500\" \/>\n\t<meta property=\"og:image:height\" content=\"375\" \/>\n\t<meta property=\"og:image:type\" content=\"image\/jpeg\" \/>\n<meta name=\"author\" content=\"Assessoria de Imprensa da PMPB\" \/>\n<meta name=\"twitter:card\" content=\"summary_large_image\" \/>\n<meta name=\"twitter:label1\" content=\"Escrito por\" \/>\n\t<meta name=\"twitter:data1\" content=\"Assessoria de Imprensa da PMPB\" \/>\n<script type=\"application\/ld+json\" class=\"yoast-schema-graph\">{\"@context\":\"https:\/\/schema.org\",\"@graph\":[{\"@type\":\"Article\",\"@id\":\"https:\/\/www.pm.pb.gov.br\/portal\/2013\/07\/19\/comandante_do_10_bpm_recebe_titulo_honroso\/#article\",\"isPartOf\":{\"@id\":\"https:\/\/www.pm.pb.gov.br\/portal\/2013\/07\/19\/comandante_do_10_bpm_recebe_titulo_honroso\/\"},\"author\":{\"name\":\"Assessoria de Imprensa da PMPB\",\"@id\":\"https:\/\/www.pm.pb.gov.br\/portal\/#\/schema\/person\/e8454f46651c3ecf0e1ba3c1666d9947\"},\"headline\":\"Comandante do 10\u00ba BPM recebe t\u00edtulo honroso\",\"datePublished\":\"2013-07-19T23:07:33+00:00\",\"dateModified\":\"2013-07-19T23:07:33+00:00\",\"mainEntityOfPage\":{\"@id\":\"https:\/\/www.pm.pb.gov.br\/portal\/2013\/07\/19\/comandante_do_10_bpm_recebe_titulo_honroso\/\"},\"wordCount\":12,\"publisher\":{\"@id\":\"https:\/\/www.pm.pb.gov.br\/portal\/#organization\"},\"articleSection\":[\"Homenagens\"],\"inLanguage\":\"pt-BR\"},{\"@type\":\"WebPage\",\"@id\":\"https:\/\/www.pm.pb.gov.br\/portal\/2013\/07\/19\/comandante_do_10_bpm_recebe_titulo_honroso\/\",\"url\":\"https:\/\/www.pm.pb.gov.br\/portal\/2013\/07\/19\/comandante_do_10_bpm_recebe_titulo_honroso\/\",\"name\":\"Comandante do 10\u00ba BPM recebe t\u00edtulo honroso - Pol\u00edcia Militar da Para\u00edba\",\"isPartOf\":{\"@id\":\"https:\/\/www.pm.pb.gov.br\/portal\/#website\"},\"datePublished\":\"2013-07-19T23:07:33+00:00\",\"dateModified\":\"2013-07-19T23:07:33+00:00\",\"breadcrumb\":{\"@id\":\"https:\/\/www.pm.pb.gov.br\/portal\/2013\/07\/19\/comandante_do_10_bpm_recebe_titulo_honroso\/#breadcrumb\"},\"inLanguage\":\"pt-BR\",\"potentialAction\":[{\"@type\":\"ReadAction\",\"target\":[\"https:\/\/www.pm.pb.gov.br\/portal\/2013\/07\/19\/comandante_do_10_bpm_recebe_titulo_honroso\/\"]}]},{\"@type\":\"BreadcrumbList\",\"@id\":\"https:\/\/www.pm.pb.gov.br\/portal\/2013\/07\/19\/comandante_do_10_bpm_recebe_titulo_honroso\/#breadcrumb\",\"itemListElement\":[{\"@type\":\"ListItem\",\"position\":1,\"name\":\"In\u00edcio\",\"item\":\"https:\/\/www.pm.pb.gov.br\/portal\/\"},{\"@type\":\"ListItem\",\"position\":2,\"name\":\"Comandante do 10\u00ba BPM recebe t\u00edtulo honroso\"}]},{\"@type\":\"WebSite\",\"@id\":\"https:\/\/www.pm.pb.gov.br\/portal\/#website\",\"url\":\"https:\/\/www.pm.pb.gov.br\/portal\/\",\"name\":\"Pol\u00edcia Militar da Para\u00edba\",\"description\":\"\",\"publisher\":{\"@id\":\"https:\/\/www.pm.pb.gov.br\/portal\/#organization\"},\"potentialAction\":[{\"@type\":\"SearchAction\",\"target\":{\"@type\":\"EntryPoint\",\"urlTemplate\":\"https:\/\/www.pm.pb.gov.br\/portal\/?s={search_term_string}\"},\"query-input\":\"required name=search_term_string\"}],\"inLanguage\":\"pt-BR\"},{\"@type\":\"Organization\",\"@id\":\"https:\/\/www.pm.pb.gov.br\/portal\/#organization\",\"name\":\"Pol\u00edcia Militar da Para\u00edba\",\"url\":\"https:\/\/www.pm.pb.gov.br\/portal\/\",\"logo\":{\"@type\":\"ImageObject\",\"inLanguage\":\"pt-BR\",\"@id\":\"https:\/\/www.pm.pb.gov.br\/portal\/#\/schema\/logo\/image\/\",\"url\":\"https:\/\/www.pm.pb.gov.br\/portal\/wp-content\/uploads\/2025\/03\/cropped-logo-site-mag2-1.png\",\"contentUrl\":\"https:\/\/www.pm.pb.gov.br\/portal\/wp-content\/uploads\/2025\/03\/cropped-logo-site-mag2-1.png\",\"width\":320,\"height\":90,\"caption\":\"Pol\u00edcia Militar da Para\u00edba\"},\"image\":{\"@id\":\"https:\/\/www.pm.pb.gov.br\/portal\/#\/schema\/logo\/image\/\"}},{\"@type\":\"Person\",\"@id\":\"https:\/\/www.pm.pb.gov.br\/portal\/#\/schema\/person\/e8454f46651c3ecf0e1ba3c1666d9947\",\"name\":\"Assessoria de Imprensa da PMPB\",\"image\":{\"@type\":\"ImageObject\",\"inLanguage\":\"pt-BR\",\"@id\":\"https:\/\/www.pm.pb.gov.br\/portal\/#\/schema\/person\/image\/\",\"url\":\"https:\/\/secure.gravatar.com\/avatar\/2efe197438265d1e90bd98c4c8e1acf8?s=96&d=mm&r=g\",\"contentUrl\":\"https:\/\/secure.gravatar.com\/avatar\/2efe197438265d1e90bd98c4c8e1acf8?s=96&d=mm&r=g\",\"caption\":\"Assessoria de Imprensa da PMPB\"},\"url\":\"https:\/\/www.pm.pb.gov.br\/portal\/author\/assessoria\/\"}]}<\/script>\n<!-- \/ Yoast SEO plugin. -->","yoast_head_json":{"title":"Comandante do 10\u00ba BPM recebe t\u00edtulo honroso - Pol\u00edcia Militar da Para\u00edba","robots":{"index":"index","follow":"follow","max-snippet":"max-snippet:-1","max-image-preview":"max-image-preview:large","max-video-preview":"max-video-preview:-1"},"canonical":"https:\/\/www.pm.pb.gov.br\/portal\/2013\/07\/19\/comandante_do_10_bpm_recebe_titulo_honroso\/","og_locale":"pt_BR","og_type":"article","og_title":"Comandante do 10\u00ba BPM recebe t\u00edtulo honroso - Pol\u00edcia Militar da Para\u00edba","og_description":"O Tenente Coronel Ysmar Mota, atual comandante do 10\u00ba BPM recebeu recentemente o t\u00edtulo de \u0093Amigo da ESA\u0094 das m\u00e3os","og_url":"https:\/\/www.pm.pb.gov.br\/portal\/2013\/07\/19\/comandante_do_10_bpm_recebe_titulo_honroso\/","og_site_name":"Pol\u00edcia Militar da Para\u00edba","article_published_time":"2013-07-19T23:07:33+00:00","og_image":[{"width":500,"height":375,"url":"https:\/\/www.pm.pb.gov.br\/portal\/wp-content\/uploads\/2013\/07\/8297_10837.jpg","type":"image\/jpeg"}],"author":"Assessoria de Imprensa da PMPB","twitter_card":"summary_large_image","twitter_misc":{"Escrito por":"Assessoria de Imprensa da PMPB"},"schema":{"@context":"https:\/\/schema.org","@graph":[{"@type":"Article","@id":"https:\/\/www.pm.pb.gov.br\/portal\/2013\/07\/19\/comandante_do_10_bpm_recebe_titulo_honroso\/#article","isPartOf":{"@id":"https:\/\/www.pm.pb.gov.br\/portal\/2013\/07\/19\/comandante_do_10_bpm_recebe_titulo_honroso\/"},"author":{"name":"Assessoria de Imprensa da PMPB","@id":"https:\/\/www.pm.pb.gov.br\/portal\/#\/schema\/person\/e8454f46651c3ecf0e1ba3c1666d9947"},"headline":"Comandante do 10\u00ba BPM recebe t\u00edtulo honroso","datePublished":"2013-07-19T23:07:33+00:00","dateModified":"2013-07-19T23:07:33+00:00","mainEntityOfPage":{"@id":"https:\/\/www.pm.pb.gov.br\/portal\/2013\/07\/19\/comandante_do_10_bpm_recebe_titulo_honroso\/"},"wordCount":12,"publisher":{"@id":"https:\/\/www.pm.pb.gov.br\/portal\/#organization"},"articleSection":["Homenagens"],"inLanguage":"pt-BR"},{"@type":"WebPage","@id":"https:\/\/www.pm.pb.gov.br\/portal\/2013\/07\/19\/comandante_do_10_bpm_recebe_titulo_honroso\/","url":"https:\/\/www.pm.pb.gov.br\/portal\/2013\/07\/19\/comandante_do_10_bpm_recebe_titulo_honroso\/","name":"Comandante do 10\u00ba BPM recebe t\u00edtulo honroso - Pol\u00edcia Militar da Para\u00edba","isPartOf":{"@id":"https:\/\/www.pm.pb.gov.br\/portal\/#website"},"datePublished":"2013-07-19T23:07:33+00:00","dateModified":"2013-07-19T23:07:33+00:00","breadcrumb":{"@id":"https:\/\/www.pm.pb.gov.br\/portal\/2013\/07\/19\/comandante_do_10_bpm_recebe_titulo_honroso\/#breadcrumb"},"inLanguage":"pt-BR","potentialAction":[{"@type":"ReadAction","target":["https:\/\/www.pm.pb.gov.br\/portal\/2013\/07\/19\/comandante_do_10_bpm_recebe_titulo_honroso\/"]}]},{"@type":"BreadcrumbList","@id":"https:\/\/www.pm.pb.gov.br\/portal\/2013\/07\/19\/comandante_do_10_bpm_recebe_titulo_honroso\/#breadcrumb","itemListElement":[{"@type":"ListItem","position":1,"name":"In\u00edcio","item":"https:\/\/www.pm.pb.gov.br\/portal\/"},{"@type":"ListItem","position":2,"name":"Comandante do 10\u00ba BPM recebe t\u00edtulo honroso"}]},{"@type":"WebSite","@id":"https:\/\/www.pm.pb.gov.br\/portal\/#website","url":"https:\/\/www.pm.pb.gov.br\/portal\/","name":"Pol\u00edcia Militar da Para\u00edba","description":"","publisher":{"@id":"https:\/\/www.pm.pb.gov.br\/portal\/#organization"},"potentialAction":[{"@type":"SearchAction","target":{"@type":"EntryPoint","urlTemplate":"https:\/\/www.pm.pb.gov.br\/portal\/?s={search_term_string}"},"query-input":"required name=search_term_string"}],"inLanguage":"pt-BR"},{"@type":"Organization","@id":"https:\/\/www.pm.pb.gov.br\/portal\/#organization","name":"Pol\u00edcia Militar da Para\u00edba","url":"https:\/\/www.pm.pb.gov.br\/portal\/","logo":{"@type":"ImageObject","inLanguage":"pt-BR","@id":"https:\/\/www.pm.pb.gov.br\/portal\/#\/schema\/logo\/image\/","url":"https:\/\/www.pm.pb.gov.br\/portal\/wp-content\/uploads\/2025\/03\/cropped-logo-site-mag2-1.png","contentUrl":"https:\/\/www.pm.pb.gov.br\/portal\/wp-content\/uploads\/2025\/03\/cropped-logo-site-mag2-1.png","width":320,"height":90,"caption":"Pol\u00edcia Militar da Para\u00edba"},"image":{"@id":"https:\/\/www.pm.pb.gov.br\/portal\/#\/schema\/logo\/image\/"}},{"@type":"Person","@id":"https:\/\/www.pm.pb.gov.br\/portal\/#\/schema\/person\/e8454f46651c3ecf0e1ba3c1666d9947","name":"Assessoria de Imprensa da PMPB","image":{"@type":"ImageObject","inLanguage":"pt-BR","@id":"https:\/\/www.pm.pb.gov.br\/portal\/#\/schema\/person\/image\/","url":"https:\/\/secure.gravatar.com\/avatar\/2efe197438265d1e90bd98c4c8e1acf8?s=96&d=mm&r=g","contentUrl":"https:\/\/secure.gravatar.com\/avatar\/2efe197438265d1e90bd98c4c8e1acf8?s=96&d=mm&r=g","caption":"Assessoria de Imprensa da PMPB"},"url":"https:\/\/www.pm.pb.gov.br\/portal\/author\/assessoria\/"}]}},"_links":{"self":[{"href":"https:\/\/www.pm.pb.gov.br\/portal\/wp-json\/wp\/v2\/posts\/892122"}],"collection":[{"href":"https:\/\/www.pm.pb.gov.br\/portal\/wp-json\/wp\/v2\/posts"}],"about":[{"href":"https:\/\/www.pm.pb.gov.br\/portal\/wp-json\/wp\/v2\/types\/post"}],"author":[{"embeddable":true,"href":"https:\/\/www.pm.pb.gov.br\/portal\/wp-json\/wp\/v2\/users\/5"}],"replies":[{"embeddable":true,"href":"https:\/\/www.pm.pb.gov.br\/portal\/wp-json\/wp\/v2\/comments?post=892122"}],"version-history":[{"count":0,"href":"https:\/\/www.pm.pb.gov.br\/portal\/wp-json\/wp\/v2\/posts\/892122\/revisions"}],"wp:featuredmedia":[{"embeddable":true,"href":"https:\/\/www.pm.pb.gov.br\/portal\/wp-json\/wp\/v2\/media\/10837"}],"wp:attachment":[{"href":"https:\/\/www.pm.pb.gov.br\/portal\/wp-json\/wp\/v2\/media?parent=892122"}],"wp:term":[{"taxonomy":"category","embeddable":true,"href":"https:\/\/www.pm.pb.gov.br\/portal\/wp-json\/wp\/v2\/categories?post=892122"},{"taxonomy":"post_tag","embeddable":true,"href":"https:\/\/www.pm.pb.gov.br\/portal\/wp-json\/wp\/v2\/tags?post=892122"}],"curies":[{"name":"wp","href":"https:\/\/api.w.org\/{rel}","templated":true}]}}