{"id":892120,"date":"2013-07-19T13:07:05","date_gmt":"2013-07-19T16:07:05","guid":{"rendered":"http:\/\/www.pm.pb.gov.br\/portal\/2013\/07\/operacao_detem_sete_pessoas_e_apreende_arma_e_drogas\/"},"modified":"2013-07-19T13:07:05","modified_gmt":"2013-07-19T16:07:05","slug":"operacao_detem_sete_pessoas_e_apreende_arma_e_drogas","status":"publish","type":"post","link":"https:\/\/www.pm.pb.gov.br\/portal\/2013\/07\/19\/operacao_detem_sete_pessoas_e_apreende_arma_e_drogas\/","title":{"rendered":"Opera\u00e7\u00e3o det\u00e9m sete pessoas e apreende arma e drogas"},"content":{"rendered":"<figure style=\"width: 500px\" class=\"wp-caption alignnone\"><img decoding=\"async\" class=\"alignnone size-medium\" src=\"http:\/\/www.pm.pb.gov.br\/portal\/wp-content\/uploads\/2013\/07\/8293_10819.jpg\" title=\"Presos foram levados para a Delegacia de Santa Rita e encaminhados para exame no IPC\" width=\"100%\" \/><figcaption class=\"wp-caption-text\">Presos foram levados para a Delegacia de Santa Rita e encaminhados para exame no IPC<\/figcaption><\/figure>\n<div style=\"text-align: justify;\">Uma opera\u00e7\u00e3o conjunta das Pol\u00edcias Civil e Militar, desencadeada nas primeiras horas desta sexta-feira (19), resultou na pris\u00e3o de sete pessoas (entre elas tr\u00eas mulheres) envolvidas nos crimes de tr\u00e1fico de drogas e homic\u00eddios, nos bairros de Marcos Moura e Alto das Populares \u0096 em Santa Rita.<\/p>\n<p>Na a\u00e7\u00e3o, intitulada \u0091Opera\u00e7\u00e3o Integrada\u0092 e fruto de cinco meses de investiga\u00e7\u00e3o, ainda foram apreendidos um rifle e aproximadamente dois quilos de drogas \u0096 sendo um quilo de maconha e um quilo de crack. No total, foram 16 mandados de busca e apreens\u00e3o e de pris\u00e3o expedidos pela 5\u00aa Vara de Santa Rita, dos quais sete foram cumpridos nesta madrugada. Os policiais continuam nas ruas a fim de efetuar mais deten\u00e7\u00f5es.<\/p>\n<p>Conforme o comandante do 7\u00ba Batalh\u00e3o da Pol\u00edcia Militar da Para\u00edba (ligada a 1\u00aa Regi\u00e3o Integrada de Seguran\u00e7a P\u00fablica), tenente coronel Eduardo Jorge, a coleta de informa\u00e7\u00f5es por parte das pol\u00edcias come\u00e7ou em mar\u00e7o e contou, sobretudo, com a ajuda da popula\u00e7\u00e3o. V\u00e1rias den\u00fancias foram recebidas pelo Disque Den\u00fancia (197) e o Centro Integrado de Opera\u00e7\u00f5es Policiais (190).<\/p>\n<p>\u0093Juntamos todas essas informa\u00e7\u00f5es, catalogamos, fizemos um triagem e desencadeamos a opera\u00e7\u00e3o\u0094, contou Eduardo Jorge, ao citar que dos sete presos, um foi liberado por pagamento de fian\u00e7a e os demais se encontram \u00e0 disposi\u00e7\u00e3o de Justi\u00e7a. A arma e as drogas apreendidass foram levadas para o Instituto de Pol\u00edcia Cient\u00edfica para serem periciadas, conforme informou o oficial, que acompanhou toda a opera\u00e7\u00e3o \u0091in loco\u0092 junto com o delegado geral da Pol\u00edcia Civil, Carlos Alberto , e a delegada titular da 6\u00aa Delegacia Distrital de Santa Rita, Maria Solidade de Sousa.<\/p>\n<p>Conforme Solidade, no acumulado dos cinco meses de investiga\u00e7\u00f5es o n\u00famero de pessoas detidas , nos bairros alvos da opera\u00e7\u00e3o  (e Marcos Moura e Alto das Populares), chegou a 29, sendo 17 maiores de idades e 12 adolescentes apreendidos.<\/p>\n<p>\u0093Temos em Santa Rita uma parceria fundamental com a popula\u00e7\u00e3o, que diariamente nos comunica sobre fatos delituosos. N\u00f3s trabalhamos muito, mas a ajuda da popula\u00e7\u00e3o potencializa os nossos resultados, fazendo com que realizemos pris\u00f5es quase todos os dias\u0094, destacou a delegada, ao citar que a DD possui uma liga\u00e7\u00e3o e comunica\u00e7\u00e3o estreita com o 7\u00ba BPM. \u0093Quando a delegacia ou a unidade militar recebe uma den\u00fancia, de imediato nos comunicamos e come\u00e7amos o trabalho conjunto\u0094, contou.<\/p>\n<p>Confira os nomes dos presos na \u0091Opera\u00e7\u00e3o Integra\u00e7\u00e3o\u0092<\/p>\n<p>\u0095\tArthur Felipe Correia da Silva, 19 anos<br \/>\n\u0095\tJos\u00e9 de Arimat\u00e9ia da Silva, 19 anos<br \/>\n\u0095\tPaulo Pereira de Melo, 22 anos<br \/>\n\u0095\tCristina Augusta da Silva, 32 anos<br \/>\n\u0095\tEduardo Moura da Silva, 20 anos<br \/>\n\u0095      Fabiana da Silva Paiva, 25 anos<br \/>\n\u0095\tPaulo Francisco da Silva J\u00fanior, 30 anos<\/p>\n<div class=\"row\" align=\"center\"><a href=\"http:\/\/www.pm.pb.gov.br\/exportacao\/fotos_noticias\/8293_10820.jpg\"><figure style=\"width: 500px\" class=\"wp-caption alignnone\"><img decoding=\"async\" class=\"image-responsive\" src=\"http:\/\/www.pm.pb.gov.br\/exportacao\/fotos_noticias\/8293_10820.jpg\" title=\"Foram apreendidos dois quilos de drogas\" width=\"100%\" \/><figcaption class=\"wp-caption-text\">Foram apreendidos dois quilos de drogas<\/figcaption><\/figure><\/a><a href=\"http:\/\/www.pm.pb.gov.br\/portal\/wp-content\/uploads\/2013\/07\/8293_10821.jpg\"><figure style=\"width: 500px\" class=\"wp-caption alignnone\"><img decoding=\"async\" class=\"image-responsive\" src=\"http:\/\/www.pm.pb.gov.br\/portal\/wp-content\/uploads\/2013\/07\/8293_10821.jpg\" title=\"Opera\u00e7\u00e3o conjunta foi acompanhada pela delegada Solidade e o tenente coronel Jorge\" width=\"100%\" \/><figcaption class=\"wp-caption-text\">Opera\u00e7\u00e3o conjunta foi acompanhada pela delegada Solidade e o tenente coronel Jorge<\/figcaption><\/figure><\/a><\/div>\n<\/div>\n","protected":false},"excerpt":{"rendered":"<p>Uma opera\u00e7\u00e3o conjunta das Pol\u00edcias Civil e Militar, desencadeada nas primeiras horas desta sexta-feira (19), resultou na pris\u00e3o de sete<\/p>\n","protected":false},"author":5,"featured_media":10819,"comment_status":"closed","ping_status":"closed","sticky":false,"template":"","format":"standard","meta":{"_exactmetrics_skip_tracking":false,"_exactmetrics_sitenote_active":false,"_exactmetrics_sitenote_note":"","_exactmetrics_sitenote_category":0,"footnotes":""},"categories":[4],"tags":[],"yoast_head":"<!-- This site is optimized with the Yoast SEO plugin v22.0 - https:\/\/yoast.com\/wordpress\/plugins\/seo\/ -->\n<title>Opera\u00e7\u00e3o det\u00e9m sete pessoas e apreende arma e drogas - Pol\u00edcia Militar da Para\u00edba<\/title>\n<meta name=\"robots\" content=\"index, follow, max-snippet:-1, max-image-preview:large, max-video-preview:-1\" \/>\n<link rel=\"canonical\" href=\"https:\/\/www.pm.pb.gov.br\/portal\/2013\/07\/19\/operacao_detem_sete_pessoas_e_apreende_arma_e_drogas\/\" \/>\n<meta property=\"og:locale\" content=\"pt_BR\" \/>\n<meta property=\"og:type\" content=\"article\" \/>\n<meta property=\"og:title\" content=\"Opera\u00e7\u00e3o det\u00e9m sete pessoas e apreende arma e drogas - Pol\u00edcia Militar da Para\u00edba\" \/>\n<meta property=\"og:description\" content=\"Uma opera\u00e7\u00e3o conjunta das Pol\u00edcias Civil e Militar, desencadeada nas primeiras horas desta sexta-feira (19), resultou na pris\u00e3o de sete\" \/>\n<meta property=\"og:url\" content=\"https:\/\/www.pm.pb.gov.br\/portal\/2013\/07\/19\/operacao_detem_sete_pessoas_e_apreende_arma_e_drogas\/\" \/>\n<meta property=\"og:site_name\" content=\"Pol\u00edcia Militar da Para\u00edba\" \/>\n<meta property=\"article:published_time\" content=\"2013-07-19T16:07:05+00:00\" \/>\n<meta property=\"og:image\" content=\"https:\/\/www.pm.pb.gov.br\/portal\/wp-content\/uploads\/2013\/07\/8293_10819.jpg\" \/>\n\t<meta property=\"og:image:width\" content=\"500\" \/>\n\t<meta property=\"og:image:height\" content=\"334\" \/>\n\t<meta property=\"og:image:type\" content=\"image\/jpeg\" \/>\n<meta name=\"author\" content=\"Assessoria de Imprensa da PMPB\" \/>\n<meta name=\"twitter:card\" content=\"summary_large_image\" \/>\n<meta name=\"twitter:label1\" content=\"Escrito por\" \/>\n\t<meta name=\"twitter:data1\" content=\"Assessoria de Imprensa da PMPB\" \/>\n\t<meta name=\"twitter:label2\" content=\"Est. tempo de leitura\" \/>\n\t<meta name=\"twitter:data2\" content=\"3 minutos\" \/>\n<script type=\"application\/ld+json\" class=\"yoast-schema-graph\">{\"@context\":\"https:\/\/schema.org\",\"@graph\":[{\"@type\":\"Article\",\"@id\":\"https:\/\/www.pm.pb.gov.br\/portal\/2013\/07\/19\/operacao_detem_sete_pessoas_e_apreende_arma_e_drogas\/#article\",\"isPartOf\":{\"@id\":\"https:\/\/www.pm.pb.gov.br\/portal\/2013\/07\/19\/operacao_detem_sete_pessoas_e_apreende_arma_e_drogas\/\"},\"author\":{\"name\":\"Assessoria de Imprensa da PMPB\",\"@id\":\"https:\/\/www.pm.pb.gov.br\/portal\/#\/schema\/person\/e8454f46651c3ecf0e1ba3c1666d9947\"},\"headline\":\"Opera\u00e7\u00e3o det\u00e9m sete pessoas e apreende arma e drogas\",\"datePublished\":\"2013-07-19T16:07:05+00:00\",\"dateModified\":\"2013-07-19T16:07:05+00:00\",\"mainEntityOfPage\":{\"@id\":\"https:\/\/www.pm.pb.gov.br\/portal\/2013\/07\/19\/operacao_detem_sete_pessoas_e_apreende_arma_e_drogas\/\"},\"wordCount\":525,\"publisher\":{\"@id\":\"https:\/\/www.pm.pb.gov.br\/portal\/#organization\"},\"articleSection\":[\"A\u00e7\u00f5es Policiais\"],\"inLanguage\":\"pt-BR\"},{\"@type\":\"WebPage\",\"@id\":\"https:\/\/www.pm.pb.gov.br\/portal\/2013\/07\/19\/operacao_detem_sete_pessoas_e_apreende_arma_e_drogas\/\",\"url\":\"https:\/\/www.pm.pb.gov.br\/portal\/2013\/07\/19\/operacao_detem_sete_pessoas_e_apreende_arma_e_drogas\/\",\"name\":\"Opera\u00e7\u00e3o det\u00e9m sete pessoas e apreende arma e drogas - Pol\u00edcia Militar da Para\u00edba\",\"isPartOf\":{\"@id\":\"https:\/\/www.pm.pb.gov.br\/portal\/#website\"},\"datePublished\":\"2013-07-19T16:07:05+00:00\",\"dateModified\":\"2013-07-19T16:07:05+00:00\",\"breadcrumb\":{\"@id\":\"https:\/\/www.pm.pb.gov.br\/portal\/2013\/07\/19\/operacao_detem_sete_pessoas_e_apreende_arma_e_drogas\/#breadcrumb\"},\"inLanguage\":\"pt-BR\",\"potentialAction\":[{\"@type\":\"ReadAction\",\"target\":[\"https:\/\/www.pm.pb.gov.br\/portal\/2013\/07\/19\/operacao_detem_sete_pessoas_e_apreende_arma_e_drogas\/\"]}]},{\"@type\":\"BreadcrumbList\",\"@id\":\"https:\/\/www.pm.pb.gov.br\/portal\/2013\/07\/19\/operacao_detem_sete_pessoas_e_apreende_arma_e_drogas\/#breadcrumb\",\"itemListElement\":[{\"@type\":\"ListItem\",\"position\":1,\"name\":\"In\u00edcio\",\"item\":\"https:\/\/www.pm.pb.gov.br\/portal\/\"},{\"@type\":\"ListItem\",\"position\":2,\"name\":\"Opera\u00e7\u00e3o det\u00e9m sete pessoas e apreende arma e drogas\"}]},{\"@type\":\"WebSite\",\"@id\":\"https:\/\/www.pm.pb.gov.br\/portal\/#website\",\"url\":\"https:\/\/www.pm.pb.gov.br\/portal\/\",\"name\":\"Pol\u00edcia Militar da Para\u00edba\",\"description\":\"\",\"publisher\":{\"@id\":\"https:\/\/www.pm.pb.gov.br\/portal\/#organization\"},\"potentialAction\":[{\"@type\":\"SearchAction\",\"target\":{\"@type\":\"EntryPoint\",\"urlTemplate\":\"https:\/\/www.pm.pb.gov.br\/portal\/?s={search_term_string}\"},\"query-input\":\"required name=search_term_string\"}],\"inLanguage\":\"pt-BR\"},{\"@type\":\"Organization\",\"@id\":\"https:\/\/www.pm.pb.gov.br\/portal\/#organization\",\"name\":\"Pol\u00edcia Militar da Para\u00edba\",\"url\":\"https:\/\/www.pm.pb.gov.br\/portal\/\",\"logo\":{\"@type\":\"ImageObject\",\"inLanguage\":\"pt-BR\",\"@id\":\"https:\/\/www.pm.pb.gov.br\/portal\/#\/schema\/logo\/image\/\",\"url\":\"https:\/\/www.pm.pb.gov.br\/portal\/wp-content\/uploads\/2025\/03\/cropped-logo-site-mag2-1.png\",\"contentUrl\":\"https:\/\/www.pm.pb.gov.br\/portal\/wp-content\/uploads\/2025\/03\/cropped-logo-site-mag2-1.png\",\"width\":320,\"height\":90,\"caption\":\"Pol\u00edcia Militar da Para\u00edba\"},\"image\":{\"@id\":\"https:\/\/www.pm.pb.gov.br\/portal\/#\/schema\/logo\/image\/\"}},{\"@type\":\"Person\",\"@id\":\"https:\/\/www.pm.pb.gov.br\/portal\/#\/schema\/person\/e8454f46651c3ecf0e1ba3c1666d9947\",\"name\":\"Assessoria de Imprensa da PMPB\",\"image\":{\"@type\":\"ImageObject\",\"inLanguage\":\"pt-BR\",\"@id\":\"https:\/\/www.pm.pb.gov.br\/portal\/#\/schema\/person\/image\/\",\"url\":\"https:\/\/secure.gravatar.com\/avatar\/2efe197438265d1e90bd98c4c8e1acf8?s=96&d=mm&r=g\",\"contentUrl\":\"https:\/\/secure.gravatar.com\/avatar\/2efe197438265d1e90bd98c4c8e1acf8?s=96&d=mm&r=g\",\"caption\":\"Assessoria de Imprensa da PMPB\"},\"url\":\"https:\/\/www.pm.pb.gov.br\/portal\/author\/assessoria\/\"}]}<\/script>\n<!-- \/ Yoast SEO plugin. -->","yoast_head_json":{"title":"Opera\u00e7\u00e3o det\u00e9m sete pessoas e apreende arma e drogas - Pol\u00edcia Militar da Para\u00edba","robots":{"index":"index","follow":"follow","max-snippet":"max-snippet:-1","max-image-preview":"max-image-preview:large","max-video-preview":"max-video-preview:-1"},"canonical":"https:\/\/www.pm.pb.gov.br\/portal\/2013\/07\/19\/operacao_detem_sete_pessoas_e_apreende_arma_e_drogas\/","og_locale":"pt_BR","og_type":"article","og_title":"Opera\u00e7\u00e3o det\u00e9m sete pessoas e apreende arma e drogas - Pol\u00edcia Militar da Para\u00edba","og_description":"Uma opera\u00e7\u00e3o conjunta das Pol\u00edcias Civil e Militar, desencadeada nas primeiras horas desta sexta-feira (19), resultou na pris\u00e3o de sete","og_url":"https:\/\/www.pm.pb.gov.br\/portal\/2013\/07\/19\/operacao_detem_sete_pessoas_e_apreende_arma_e_drogas\/","og_site_name":"Pol\u00edcia Militar da Para\u00edba","article_published_time":"2013-07-19T16:07:05+00:00","og_image":[{"width":500,"height":334,"url":"https:\/\/www.pm.pb.gov.br\/portal\/wp-content\/uploads\/2013\/07\/8293_10819.jpg","type":"image\/jpeg"}],"author":"Assessoria de Imprensa da PMPB","twitter_card":"summary_large_image","twitter_misc":{"Escrito por":"Assessoria de Imprensa da PMPB","Est. tempo de leitura":"3 minutos"},"schema":{"@context":"https:\/\/schema.org","@graph":[{"@type":"Article","@id":"https:\/\/www.pm.pb.gov.br\/portal\/2013\/07\/19\/operacao_detem_sete_pessoas_e_apreende_arma_e_drogas\/#article","isPartOf":{"@id":"https:\/\/www.pm.pb.gov.br\/portal\/2013\/07\/19\/operacao_detem_sete_pessoas_e_apreende_arma_e_drogas\/"},"author":{"name":"Assessoria de Imprensa da PMPB","@id":"https:\/\/www.pm.pb.gov.br\/portal\/#\/schema\/person\/e8454f46651c3ecf0e1ba3c1666d9947"},"headline":"Opera\u00e7\u00e3o det\u00e9m sete pessoas e apreende arma e drogas","datePublished":"2013-07-19T16:07:05+00:00","dateModified":"2013-07-19T16:07:05+00:00","mainEntityOfPage":{"@id":"https:\/\/www.pm.pb.gov.br\/portal\/2013\/07\/19\/operacao_detem_sete_pessoas_e_apreende_arma_e_drogas\/"},"wordCount":525,"publisher":{"@id":"https:\/\/www.pm.pb.gov.br\/portal\/#organization"},"articleSection":["A\u00e7\u00f5es Policiais"],"inLanguage":"pt-BR"},{"@type":"WebPage","@id":"https:\/\/www.pm.pb.gov.br\/portal\/2013\/07\/19\/operacao_detem_sete_pessoas_e_apreende_arma_e_drogas\/","url":"https:\/\/www.pm.pb.gov.br\/portal\/2013\/07\/19\/operacao_detem_sete_pessoas_e_apreende_arma_e_drogas\/","name":"Opera\u00e7\u00e3o det\u00e9m sete pessoas e apreende arma e drogas - Pol\u00edcia Militar da Para\u00edba","isPartOf":{"@id":"https:\/\/www.pm.pb.gov.br\/portal\/#website"},"datePublished":"2013-07-19T16:07:05+00:00","dateModified":"2013-07-19T16:07:05+00:00","breadcrumb":{"@id":"https:\/\/www.pm.pb.gov.br\/portal\/2013\/07\/19\/operacao_detem_sete_pessoas_e_apreende_arma_e_drogas\/#breadcrumb"},"inLanguage":"pt-BR","potentialAction":[{"@type":"ReadAction","target":["https:\/\/www.pm.pb.gov.br\/portal\/2013\/07\/19\/operacao_detem_sete_pessoas_e_apreende_arma_e_drogas\/"]}]},{"@type":"BreadcrumbList","@id":"https:\/\/www.pm.pb.gov.br\/portal\/2013\/07\/19\/operacao_detem_sete_pessoas_e_apreende_arma_e_drogas\/#breadcrumb","itemListElement":[{"@type":"ListItem","position":1,"name":"In\u00edcio","item":"https:\/\/www.pm.pb.gov.br\/portal\/"},{"@type":"ListItem","position":2,"name":"Opera\u00e7\u00e3o det\u00e9m sete pessoas e apreende arma e drogas"}]},{"@type":"WebSite","@id":"https:\/\/www.pm.pb.gov.br\/portal\/#website","url":"https:\/\/www.pm.pb.gov.br\/portal\/","name":"Pol\u00edcia Militar da Para\u00edba","description":"","publisher":{"@id":"https:\/\/www.pm.pb.gov.br\/portal\/#organization"},"potentialAction":[{"@type":"SearchAction","target":{"@type":"EntryPoint","urlTemplate":"https:\/\/www.pm.pb.gov.br\/portal\/?s={search_term_string}"},"query-input":"required name=search_term_string"}],"inLanguage":"pt-BR"},{"@type":"Organization","@id":"https:\/\/www.pm.pb.gov.br\/portal\/#organization","name":"Pol\u00edcia Militar da Para\u00edba","url":"https:\/\/www.pm.pb.gov.br\/portal\/","logo":{"@type":"ImageObject","inLanguage":"pt-BR","@id":"https:\/\/www.pm.pb.gov.br\/portal\/#\/schema\/logo\/image\/","url":"https:\/\/www.pm.pb.gov.br\/portal\/wp-content\/uploads\/2025\/03\/cropped-logo-site-mag2-1.png","contentUrl":"https:\/\/www.pm.pb.gov.br\/portal\/wp-content\/uploads\/2025\/03\/cropped-logo-site-mag2-1.png","width":320,"height":90,"caption":"Pol\u00edcia Militar da Para\u00edba"},"image":{"@id":"https:\/\/www.pm.pb.gov.br\/portal\/#\/schema\/logo\/image\/"}},{"@type":"Person","@id":"https:\/\/www.pm.pb.gov.br\/portal\/#\/schema\/person\/e8454f46651c3ecf0e1ba3c1666d9947","name":"Assessoria de Imprensa da PMPB","image":{"@type":"ImageObject","inLanguage":"pt-BR","@id":"https:\/\/www.pm.pb.gov.br\/portal\/#\/schema\/person\/image\/","url":"https:\/\/secure.gravatar.com\/avatar\/2efe197438265d1e90bd98c4c8e1acf8?s=96&d=mm&r=g","contentUrl":"https:\/\/secure.gravatar.com\/avatar\/2efe197438265d1e90bd98c4c8e1acf8?s=96&d=mm&r=g","caption":"Assessoria de Imprensa da PMPB"},"url":"https:\/\/www.pm.pb.gov.br\/portal\/author\/assessoria\/"}]}},"_links":{"self":[{"href":"https:\/\/www.pm.pb.gov.br\/portal\/wp-json\/wp\/v2\/posts\/892120"}],"collection":[{"href":"https:\/\/www.pm.pb.gov.br\/portal\/wp-json\/wp\/v2\/posts"}],"about":[{"href":"https:\/\/www.pm.pb.gov.br\/portal\/wp-json\/wp\/v2\/types\/post"}],"author":[{"embeddable":true,"href":"https:\/\/www.pm.pb.gov.br\/portal\/wp-json\/wp\/v2\/users\/5"}],"replies":[{"embeddable":true,"href":"https:\/\/www.pm.pb.gov.br\/portal\/wp-json\/wp\/v2\/comments?post=892120"}],"version-history":[{"count":0,"href":"https:\/\/www.pm.pb.gov.br\/portal\/wp-json\/wp\/v2\/posts\/892120\/revisions"}],"wp:featuredmedia":[{"embeddable":true,"href":"https:\/\/www.pm.pb.gov.br\/portal\/wp-json\/wp\/v2\/media\/10819"}],"wp:attachment":[{"href":"https:\/\/www.pm.pb.gov.br\/portal\/wp-json\/wp\/v2\/media?parent=892120"}],"wp:term":[{"taxonomy":"category","embeddable":true,"href":"https:\/\/www.pm.pb.gov.br\/portal\/wp-json\/wp\/v2\/categories?post=892120"},{"taxonomy":"post_tag","embeddable":true,"href":"https:\/\/www.pm.pb.gov.br\/portal\/wp-json\/wp\/v2\/tags?post=892120"}],"curies":[{"name":"wp","href":"https:\/\/api.w.org\/{rel}","templated":true}]}}