{"id":892113,"date":"2013-07-19T08:07:40","date_gmt":"2013-07-19T11:07:40","guid":{"rendered":"http:\/\/www.pm.pb.gov.br\/portal\/2013\/07\/encontro_comando_da_pm_e_fundac_planejam_projetos_conjuntos\/"},"modified":"2013-07-19T08:07:40","modified_gmt":"2013-07-19T11:07:40","slug":"encontro_comando_da_pm_e_fundac_planejam_projetos_conjuntos","status":"publish","type":"post","link":"https:\/\/www.pm.pb.gov.br\/portal\/2013\/07\/19\/encontro_comando_da_pm_e_fundac_planejam_projetos_conjuntos\/","title":{"rendered":"Encontro: Comando da PM e Fundac planejam projetos conjuntos"},"content":{"rendered":"<figure style=\"width: 500px\" class=\"wp-caption alignnone\"><img decoding=\"async\" class=\"alignnone size-medium\" src=\"http:\/\/www.pm.pb.gov.br\/portal\/wp-content\/uploads\/2013\/07\/8286_10813.jpg\" title=\"Reuni\u00e3o no gabinete do Comando estreitou la\u00e7os entre as duas corpora\u00e7\u00f5es (Fotos: Werneck Moreno)\" width=\"100%\" \/><figcaption class=\"wp-caption-text\">Reuni\u00e3o no gabinete do Comando estreitou la\u00e7os entre as duas corpora\u00e7\u00f5es (Fotos: Werneck Moreno)<\/figcaption><\/figure>\n<div style=\"text-align: justify;\">O Programa Educacional de Resist\u00eancias \u00e0s Drogas (Proerd)  da Pol\u00edcia Militar da Para\u00edba (PMPB) pode ser implantado em algumas das sete unidades de ressocializa\u00e7\u00e3o de adolescentes existentes no Estado.  A proposta foi feita pelo comandante geral da corpora\u00e7\u00e3o, coronel Euller Chaves, durante reuni\u00e3o no Quartel do Comando Geral (na capital) &#8211; nesta quinta (18) , com a presidente da Funda\u00e7\u00e3o de Desenvolvimento da Crian\u00e7a e do Adolescente (Fundac), Sandra Marrocos, e os diretores das unidades citadas.<\/p>\n<p>Na ocasi\u00e3o, Euller sugeriu que o programa, que j\u00e1 beneficiou 85 mil crian\u00e7as em todo o Estado \u0096 trabalhando a conscientiza\u00e7\u00e3o e o combate \u00e0s drogas, seja ampliado para as unidades educacionais e ajude na ressocializa\u00e7\u00e3o dos adolescentes.  \u0093Essa proposta \u00e9 \u00f3tima e com certeza vamos buscar meios para  trazer esse programa para os nossos Centros Educacionais\u0094, comentou Sandra, que durante a reuni\u00e3o tamb\u00e9m discutiu outras pautas com o comando.<\/p>\n<p>\u0093Queremos construir uma escala de escoltas dos adolescentes que precisam se deslocar das unidades at\u00e9 os locais onde acontecem as suas audi\u00eancias. A ideia \u00e9 montar um calend\u00e1rio com datas e hor\u00e1rios desses eventos e enviar antecipadamente aos batalh\u00f5es para que possamos ter a seguran\u00e7a da PM durante esse deslocamento\u0094, disse Sandra,  ao elogiar a abertura do comando em dialogar e trabalhar junto com a Fundac.<\/p>\n<p>\u0093O sucesso da Fundac \u00e9 o nosso sucesso. Eu j\u00e1 vinha planejando  convocar essa reuni\u00e3o e s\u00f3 tenho que agradecer essa iniciativa de voc\u00eas\u0094,  respondeu Euller, ao afirmar  ainda nque ir\u00e1 encaminhar of\u00edcios aos comandos de todos os Batalh\u00f5es do Estado , informando  o posterior contato e solicita\u00e7\u00f5es da Fundac quanto  \u00e0 escolta de adolescentes.<\/p>\n<p>O comandante geral ainda se comprometeu a repassar para Fundac, mediante of\u00edcio, todos os contatos dos respons\u00e1veis pelas unidades militares distribu\u00eddas em toda a Para\u00edba e assim facilitar a comunica\u00e7\u00e3o entre as duas entidades.  \u0093Sabemos que os adolescentes s\u00e3o alvo constante da viol\u00eancia (seja de forma passiva ou ativa) e faremos o poss\u00edvel para ajudar na ressocializa\u00e7\u00e3o e prote\u00e7\u00e3o desses meninos e meninas, beneficiando assim toda a sociedade\u0094, completou Euller.<\/p>\n<p>Humaniza\u00e7\u00e3o &#8211; Presente na reuni\u00e3o, o diretor do Centro Educacional do Adolescente (CEA) de Jo\u00e3o Pessoa, Rildo Lima, elogiou a vis\u00e3o do comando geral e o processo de humaniza\u00e7\u00e3o que vem tomando conta das atividades da PM. \u0093Eu me surpreendi com as falas e as pr\u00e1ticas do comandante, que s\u00e3o altamente humanistas\u0094, contou. \u0093Saiu daqui revigorado e feliz em saber que est\u00e1 havendo uma quebra de paradigma na abordagem policial\u0094, acrescentou.<\/p>\n<p>A presidente da Fundac, Sandra Marrocos, tamb\u00e9m avaliou positivamente a audi\u00eancia com o comando. \u0093A Funda\u00e7\u00e3o leva daqui o sentimento de que temos hoje um comando e um comandante que tem os Direitos Humanos presente na sua conduta\u0094, frisou.<\/p>\n<p>Durante a reuni\u00e3o, ainda foi discutida a amplia\u00e7\u00e3o do policiamento externo das unidades educacionais e a instala\u00e7\u00e3o do monitoramento por c\u00e2meras nas maiores unidades.<\/p>\n<p>Saiba Mais sobre o Proerd<\/p>\n<p>O Programa<\/p>\n<p>O Proerd \u00e9 executado h\u00e1 cerca de 12 anos e nesse per\u00edodo j\u00e1<br \/>\nbeneficiou mais de 85 mil crian\u00e7as, ensinando a preven\u00e7\u00e3o e o combate \u00e0s drogas. Atualmente, j\u00e1 s\u00e3o mais de 50 cidades que tem escolas beneficiadas .<\/p>\n<p>A capacita\u00e7\u00e3o<\/p>\n<p>Para trabalhar no Proerd, junto \u00e0s escolas, os policiais militares passam pro uma capacita\u00e7\u00e3o diferenciadas. Nesse sentido, h\u00e1 tr\u00eas n\u00edveis de forma\u00e7\u00e3o profissional : tem o instrutor, que trabalha diretamente com as crian\u00e7as, o mentor, respons\u00e1vel pela forma\u00e7\u00e3o e acompanhamento dos instrutores e, acima desses, o m\u00e1ster (capacita\u00e7\u00e3o para formar mentores e planejar a aplica\u00e7\u00e3o do programa).<\/p>\n<p>Atualmente, a PM possui quase 200 policiais capacitados no Proerd.<\/p>\n<p>A preven\u00e7\u00e3o<\/p>\n<p>O trabalho de combate \u00e0s drogas \u00e9 feito em doze encontros em cada escola. Um policial militar fica respons\u00e1vel por organizar, junto a escola, as atividades pedag\u00f3gica e l\u00fadicas que fazem parte da grade do programa. Ao final do ciclo, \u00e9 feita uma formatura relembrando as li\u00e7\u00f5es que foram apreendidas ao longo das aulas.<\/p>\n<div class=\"row\" align=\"center\"><a href=\"http:\/\/www.pm.pb.gov.br\/portal\/wp-content\/uploads\/2013\/07\/8286_10814.jpg\"><figure style=\"width: 500px\" class=\"wp-caption alignnone\"><img decoding=\"async\" class=\"image-responsive\" src=\"http:\/\/www.pm.pb.gov.br\/portal\/wp-content\/uploads\/2013\/07\/8286_10814.jpg\" title=\"Coronel Euller e Sandra Marrocos avaliaram positivamente a reuni\u00e3o\" width=\"100%\" \/><figcaption class=\"wp-caption-text\">Coronel Euller e Sandra Marrocos avaliaram positivamente a reuni\u00e3o<\/figcaption><\/figure><\/a><\/div>\n<\/div>\n","protected":false},"excerpt":{"rendered":"<p>O Programa Educacional de Resist\u00eancias \u00e0s Drogas (Proerd) da Pol\u00edcia Militar da Para\u00edba (PMPB) pode ser implantado em algumas das<\/p>\n","protected":false},"author":5,"featured_media":10813,"comment_status":"closed","ping_status":"closed","sticky":false,"template":"","format":"standard","meta":{"_exactmetrics_skip_tracking":false,"_exactmetrics_sitenote_active":false,"_exactmetrics_sitenote_note":"","_exactmetrics_sitenote_category":0,"footnotes":""},"categories":[4],"tags":[],"yoast_head":"<!-- This site is optimized with the Yoast SEO plugin v22.0 - https:\/\/yoast.com\/wordpress\/plugins\/seo\/ -->\n<title>Encontro: Comando da PM e Fundac planejam projetos conjuntos - Pol\u00edcia Militar da Para\u00edba<\/title>\n<meta name=\"robots\" content=\"index, follow, max-snippet:-1, max-image-preview:large, max-video-preview:-1\" \/>\n<link rel=\"canonical\" href=\"https:\/\/www.pm.pb.gov.br\/portal\/2013\/07\/19\/encontro_comando_da_pm_e_fundac_planejam_projetos_conjuntos\/\" \/>\n<meta property=\"og:locale\" content=\"pt_BR\" \/>\n<meta property=\"og:type\" content=\"article\" \/>\n<meta property=\"og:title\" content=\"Encontro: Comando da PM e Fundac planejam projetos conjuntos - Pol\u00edcia Militar da Para\u00edba\" \/>\n<meta property=\"og:description\" content=\"O Programa Educacional de Resist\u00eancias \u00e0s Drogas (Proerd) da Pol\u00edcia Militar da Para\u00edba (PMPB) pode ser implantado em algumas das\" \/>\n<meta property=\"og:url\" content=\"https:\/\/www.pm.pb.gov.br\/portal\/2013\/07\/19\/encontro_comando_da_pm_e_fundac_planejam_projetos_conjuntos\/\" \/>\n<meta property=\"og:site_name\" content=\"Pol\u00edcia Militar da Para\u00edba\" \/>\n<meta property=\"article:published_time\" content=\"2013-07-19T11:07:40+00:00\" \/>\n<meta property=\"og:image\" content=\"https:\/\/www.pm.pb.gov.br\/portal\/wp-content\/uploads\/2013\/07\/8286_10813.jpg\" \/>\n\t<meta property=\"og:image:width\" content=\"500\" \/>\n\t<meta property=\"og:image:height\" content=\"332\" \/>\n\t<meta property=\"og:image:type\" content=\"image\/jpeg\" \/>\n<meta name=\"author\" content=\"Assessoria de Imprensa da PMPB\" \/>\n<meta name=\"twitter:card\" content=\"summary_large_image\" \/>\n<meta name=\"twitter:label1\" content=\"Escrito por\" \/>\n\t<meta name=\"twitter:data1\" content=\"Assessoria de Imprensa da PMPB\" \/>\n\t<meta name=\"twitter:label2\" content=\"Est. tempo de leitura\" \/>\n\t<meta name=\"twitter:data2\" content=\"4 minutos\" \/>\n<script type=\"application\/ld+json\" class=\"yoast-schema-graph\">{\"@context\":\"https:\/\/schema.org\",\"@graph\":[{\"@type\":\"Article\",\"@id\":\"https:\/\/www.pm.pb.gov.br\/portal\/2013\/07\/19\/encontro_comando_da_pm_e_fundac_planejam_projetos_conjuntos\/#article\",\"isPartOf\":{\"@id\":\"https:\/\/www.pm.pb.gov.br\/portal\/2013\/07\/19\/encontro_comando_da_pm_e_fundac_planejam_projetos_conjuntos\/\"},\"author\":{\"name\":\"Assessoria de Imprensa da PMPB\",\"@id\":\"https:\/\/www.pm.pb.gov.br\/portal\/#\/schema\/person\/e8454f46651c3ecf0e1ba3c1666d9947\"},\"headline\":\"Encontro: Comando da PM e Fundac planejam projetos conjuntos\",\"datePublished\":\"2013-07-19T11:07:40+00:00\",\"dateModified\":\"2013-07-19T11:07:40+00:00\",\"mainEntityOfPage\":{\"@id\":\"https:\/\/www.pm.pb.gov.br\/portal\/2013\/07\/19\/encontro_comando_da_pm_e_fundac_planejam_projetos_conjuntos\/\"},\"wordCount\":740,\"publisher\":{\"@id\":\"https:\/\/www.pm.pb.gov.br\/portal\/#organization\"},\"articleSection\":[\"A\u00e7\u00f5es Policiais\"],\"inLanguage\":\"pt-BR\"},{\"@type\":\"WebPage\",\"@id\":\"https:\/\/www.pm.pb.gov.br\/portal\/2013\/07\/19\/encontro_comando_da_pm_e_fundac_planejam_projetos_conjuntos\/\",\"url\":\"https:\/\/www.pm.pb.gov.br\/portal\/2013\/07\/19\/encontro_comando_da_pm_e_fundac_planejam_projetos_conjuntos\/\",\"name\":\"Encontro: Comando da PM e Fundac planejam projetos conjuntos - Pol\u00edcia Militar da Para\u00edba\",\"isPartOf\":{\"@id\":\"https:\/\/www.pm.pb.gov.br\/portal\/#website\"},\"datePublished\":\"2013-07-19T11:07:40+00:00\",\"dateModified\":\"2013-07-19T11:07:40+00:00\",\"breadcrumb\":{\"@id\":\"https:\/\/www.pm.pb.gov.br\/portal\/2013\/07\/19\/encontro_comando_da_pm_e_fundac_planejam_projetos_conjuntos\/#breadcrumb\"},\"inLanguage\":\"pt-BR\",\"potentialAction\":[{\"@type\":\"ReadAction\",\"target\":[\"https:\/\/www.pm.pb.gov.br\/portal\/2013\/07\/19\/encontro_comando_da_pm_e_fundac_planejam_projetos_conjuntos\/\"]}]},{\"@type\":\"BreadcrumbList\",\"@id\":\"https:\/\/www.pm.pb.gov.br\/portal\/2013\/07\/19\/encontro_comando_da_pm_e_fundac_planejam_projetos_conjuntos\/#breadcrumb\",\"itemListElement\":[{\"@type\":\"ListItem\",\"position\":1,\"name\":\"In\u00edcio\",\"item\":\"https:\/\/www.pm.pb.gov.br\/portal\/\"},{\"@type\":\"ListItem\",\"position\":2,\"name\":\"Encontro: Comando da PM e Fundac planejam projetos conjuntos\"}]},{\"@type\":\"WebSite\",\"@id\":\"https:\/\/www.pm.pb.gov.br\/portal\/#website\",\"url\":\"https:\/\/www.pm.pb.gov.br\/portal\/\",\"name\":\"Pol\u00edcia Militar da Para\u00edba\",\"description\":\"\",\"publisher\":{\"@id\":\"https:\/\/www.pm.pb.gov.br\/portal\/#organization\"},\"potentialAction\":[{\"@type\":\"SearchAction\",\"target\":{\"@type\":\"EntryPoint\",\"urlTemplate\":\"https:\/\/www.pm.pb.gov.br\/portal\/?s={search_term_string}\"},\"query-input\":\"required name=search_term_string\"}],\"inLanguage\":\"pt-BR\"},{\"@type\":\"Organization\",\"@id\":\"https:\/\/www.pm.pb.gov.br\/portal\/#organization\",\"name\":\"Pol\u00edcia Militar da Para\u00edba\",\"url\":\"https:\/\/www.pm.pb.gov.br\/portal\/\",\"logo\":{\"@type\":\"ImageObject\",\"inLanguage\":\"pt-BR\",\"@id\":\"https:\/\/www.pm.pb.gov.br\/portal\/#\/schema\/logo\/image\/\",\"url\":\"https:\/\/www.pm.pb.gov.br\/portal\/wp-content\/uploads\/2025\/03\/cropped-logo-site-mag2-1.png\",\"contentUrl\":\"https:\/\/www.pm.pb.gov.br\/portal\/wp-content\/uploads\/2025\/03\/cropped-logo-site-mag2-1.png\",\"width\":320,\"height\":90,\"caption\":\"Pol\u00edcia Militar da Para\u00edba\"},\"image\":{\"@id\":\"https:\/\/www.pm.pb.gov.br\/portal\/#\/schema\/logo\/image\/\"}},{\"@type\":\"Person\",\"@id\":\"https:\/\/www.pm.pb.gov.br\/portal\/#\/schema\/person\/e8454f46651c3ecf0e1ba3c1666d9947\",\"name\":\"Assessoria de Imprensa da PMPB\",\"image\":{\"@type\":\"ImageObject\",\"inLanguage\":\"pt-BR\",\"@id\":\"https:\/\/www.pm.pb.gov.br\/portal\/#\/schema\/person\/image\/\",\"url\":\"https:\/\/secure.gravatar.com\/avatar\/2efe197438265d1e90bd98c4c8e1acf8?s=96&d=mm&r=g\",\"contentUrl\":\"https:\/\/secure.gravatar.com\/avatar\/2efe197438265d1e90bd98c4c8e1acf8?s=96&d=mm&r=g\",\"caption\":\"Assessoria de Imprensa da PMPB\"},\"url\":\"https:\/\/www.pm.pb.gov.br\/portal\/author\/assessoria\/\"}]}<\/script>\n<!-- \/ Yoast SEO plugin. -->","yoast_head_json":{"title":"Encontro: Comando da PM e Fundac planejam projetos conjuntos - Pol\u00edcia Militar da Para\u00edba","robots":{"index":"index","follow":"follow","max-snippet":"max-snippet:-1","max-image-preview":"max-image-preview:large","max-video-preview":"max-video-preview:-1"},"canonical":"https:\/\/www.pm.pb.gov.br\/portal\/2013\/07\/19\/encontro_comando_da_pm_e_fundac_planejam_projetos_conjuntos\/","og_locale":"pt_BR","og_type":"article","og_title":"Encontro: Comando da PM e Fundac planejam projetos conjuntos - Pol\u00edcia Militar da Para\u00edba","og_description":"O Programa Educacional de Resist\u00eancias \u00e0s Drogas (Proerd) da Pol\u00edcia Militar da Para\u00edba (PMPB) pode ser implantado em algumas das","og_url":"https:\/\/www.pm.pb.gov.br\/portal\/2013\/07\/19\/encontro_comando_da_pm_e_fundac_planejam_projetos_conjuntos\/","og_site_name":"Pol\u00edcia Militar da Para\u00edba","article_published_time":"2013-07-19T11:07:40+00:00","og_image":[{"width":500,"height":332,"url":"https:\/\/www.pm.pb.gov.br\/portal\/wp-content\/uploads\/2013\/07\/8286_10813.jpg","type":"image\/jpeg"}],"author":"Assessoria de Imprensa da PMPB","twitter_card":"summary_large_image","twitter_misc":{"Escrito por":"Assessoria de Imprensa da PMPB","Est. tempo de leitura":"4 minutos"},"schema":{"@context":"https:\/\/schema.org","@graph":[{"@type":"Article","@id":"https:\/\/www.pm.pb.gov.br\/portal\/2013\/07\/19\/encontro_comando_da_pm_e_fundac_planejam_projetos_conjuntos\/#article","isPartOf":{"@id":"https:\/\/www.pm.pb.gov.br\/portal\/2013\/07\/19\/encontro_comando_da_pm_e_fundac_planejam_projetos_conjuntos\/"},"author":{"name":"Assessoria de Imprensa da PMPB","@id":"https:\/\/www.pm.pb.gov.br\/portal\/#\/schema\/person\/e8454f46651c3ecf0e1ba3c1666d9947"},"headline":"Encontro: Comando da PM e Fundac planejam projetos conjuntos","datePublished":"2013-07-19T11:07:40+00:00","dateModified":"2013-07-19T11:07:40+00:00","mainEntityOfPage":{"@id":"https:\/\/www.pm.pb.gov.br\/portal\/2013\/07\/19\/encontro_comando_da_pm_e_fundac_planejam_projetos_conjuntos\/"},"wordCount":740,"publisher":{"@id":"https:\/\/www.pm.pb.gov.br\/portal\/#organization"},"articleSection":["A\u00e7\u00f5es Policiais"],"inLanguage":"pt-BR"},{"@type":"WebPage","@id":"https:\/\/www.pm.pb.gov.br\/portal\/2013\/07\/19\/encontro_comando_da_pm_e_fundac_planejam_projetos_conjuntos\/","url":"https:\/\/www.pm.pb.gov.br\/portal\/2013\/07\/19\/encontro_comando_da_pm_e_fundac_planejam_projetos_conjuntos\/","name":"Encontro: Comando da PM e Fundac planejam projetos conjuntos - Pol\u00edcia Militar da Para\u00edba","isPartOf":{"@id":"https:\/\/www.pm.pb.gov.br\/portal\/#website"},"datePublished":"2013-07-19T11:07:40+00:00","dateModified":"2013-07-19T11:07:40+00:00","breadcrumb":{"@id":"https:\/\/www.pm.pb.gov.br\/portal\/2013\/07\/19\/encontro_comando_da_pm_e_fundac_planejam_projetos_conjuntos\/#breadcrumb"},"inLanguage":"pt-BR","potentialAction":[{"@type":"ReadAction","target":["https:\/\/www.pm.pb.gov.br\/portal\/2013\/07\/19\/encontro_comando_da_pm_e_fundac_planejam_projetos_conjuntos\/"]}]},{"@type":"BreadcrumbList","@id":"https:\/\/www.pm.pb.gov.br\/portal\/2013\/07\/19\/encontro_comando_da_pm_e_fundac_planejam_projetos_conjuntos\/#breadcrumb","itemListElement":[{"@type":"ListItem","position":1,"name":"In\u00edcio","item":"https:\/\/www.pm.pb.gov.br\/portal\/"},{"@type":"ListItem","position":2,"name":"Encontro: Comando da PM e Fundac planejam projetos conjuntos"}]},{"@type":"WebSite","@id":"https:\/\/www.pm.pb.gov.br\/portal\/#website","url":"https:\/\/www.pm.pb.gov.br\/portal\/","name":"Pol\u00edcia Militar da Para\u00edba","description":"","publisher":{"@id":"https:\/\/www.pm.pb.gov.br\/portal\/#organization"},"potentialAction":[{"@type":"SearchAction","target":{"@type":"EntryPoint","urlTemplate":"https:\/\/www.pm.pb.gov.br\/portal\/?s={search_term_string}"},"query-input":"required name=search_term_string"}],"inLanguage":"pt-BR"},{"@type":"Organization","@id":"https:\/\/www.pm.pb.gov.br\/portal\/#organization","name":"Pol\u00edcia Militar da Para\u00edba","url":"https:\/\/www.pm.pb.gov.br\/portal\/","logo":{"@type":"ImageObject","inLanguage":"pt-BR","@id":"https:\/\/www.pm.pb.gov.br\/portal\/#\/schema\/logo\/image\/","url":"https:\/\/www.pm.pb.gov.br\/portal\/wp-content\/uploads\/2025\/03\/cropped-logo-site-mag2-1.png","contentUrl":"https:\/\/www.pm.pb.gov.br\/portal\/wp-content\/uploads\/2025\/03\/cropped-logo-site-mag2-1.png","width":320,"height":90,"caption":"Pol\u00edcia Militar da Para\u00edba"},"image":{"@id":"https:\/\/www.pm.pb.gov.br\/portal\/#\/schema\/logo\/image\/"}},{"@type":"Person","@id":"https:\/\/www.pm.pb.gov.br\/portal\/#\/schema\/person\/e8454f46651c3ecf0e1ba3c1666d9947","name":"Assessoria de Imprensa da PMPB","image":{"@type":"ImageObject","inLanguage":"pt-BR","@id":"https:\/\/www.pm.pb.gov.br\/portal\/#\/schema\/person\/image\/","url":"https:\/\/secure.gravatar.com\/avatar\/2efe197438265d1e90bd98c4c8e1acf8?s=96&d=mm&r=g","contentUrl":"https:\/\/secure.gravatar.com\/avatar\/2efe197438265d1e90bd98c4c8e1acf8?s=96&d=mm&r=g","caption":"Assessoria de Imprensa da PMPB"},"url":"https:\/\/www.pm.pb.gov.br\/portal\/author\/assessoria\/"}]}},"_links":{"self":[{"href":"https:\/\/www.pm.pb.gov.br\/portal\/wp-json\/wp\/v2\/posts\/892113"}],"collection":[{"href":"https:\/\/www.pm.pb.gov.br\/portal\/wp-json\/wp\/v2\/posts"}],"about":[{"href":"https:\/\/www.pm.pb.gov.br\/portal\/wp-json\/wp\/v2\/types\/post"}],"author":[{"embeddable":true,"href":"https:\/\/www.pm.pb.gov.br\/portal\/wp-json\/wp\/v2\/users\/5"}],"replies":[{"embeddable":true,"href":"https:\/\/www.pm.pb.gov.br\/portal\/wp-json\/wp\/v2\/comments?post=892113"}],"version-history":[{"count":0,"href":"https:\/\/www.pm.pb.gov.br\/portal\/wp-json\/wp\/v2\/posts\/892113\/revisions"}],"wp:featuredmedia":[{"embeddable":true,"href":"https:\/\/www.pm.pb.gov.br\/portal\/wp-json\/wp\/v2\/media\/10813"}],"wp:attachment":[{"href":"https:\/\/www.pm.pb.gov.br\/portal\/wp-json\/wp\/v2\/media?parent=892113"}],"wp:term":[{"taxonomy":"category","embeddable":true,"href":"https:\/\/www.pm.pb.gov.br\/portal\/wp-json\/wp\/v2\/categories?post=892113"},{"taxonomy":"post_tag","embeddable":true,"href":"https:\/\/www.pm.pb.gov.br\/portal\/wp-json\/wp\/v2\/tags?post=892113"}],"curies":[{"name":"wp","href":"https:\/\/api.w.org\/{rel}","templated":true}]}}