{"id":892106,"date":"2013-07-17T09:07:28","date_gmt":"2013-07-17T12:07:28","guid":{"rendered":"http:\/\/www.pm.pb.gov.br\/portal\/2013\/07\/policia_abre_vagas_para_qualificacao_em_educacao_fisica\/"},"modified":"2013-07-17T09:07:28","modified_gmt":"2013-07-17T12:07:28","slug":"policia_abre_vagas_para_qualificacao_em_educacao_fisica","status":"publish","type":"post","link":"https:\/\/www.pm.pb.gov.br\/portal\/2013\/07\/17\/policia_abre_vagas_para_qualificacao_em_educacao_fisica\/","title":{"rendered":"Pol\u00edcia abre vagas para qualifica\u00e7\u00e3o em Educa\u00e7\u00e3o F\u00edsica"},"content":{"rendered":"<figure style=\"width: 500px\" class=\"wp-caption alignnone\"><img decoding=\"async\" class=\"alignnone size-medium\" src=\"http:\/\/www.pm.pb.gov.br\/portal\/wp-content\/uploads\/2013\/07\/8279_10804.jpg\" title=\"Aulas ser\u00e3o ministradas no Centro de Educa\u00e7\u00e3o, no bairro de Mangabeira, em Jo\u00e3o Pessoa\" width=\"100%\" \/><figcaption class=\"wp-caption-text\">Aulas ser\u00e3o ministradas no Centro de Educa\u00e7\u00e3o, no bairro de Mangabeira, em Jo\u00e3o Pessoa<\/figcaption><\/figure>\n<div style=\"text-align: justify;\">Melhorar a qualidade de vida dos policiais, por meio de atividades f\u00edsicas peri\u00f3dicas. Esse \u00e9 o objetivo de um projeto da Pol\u00edcia Militar, ainda em andamento, e que prev\u00ea a qualifica\u00e7\u00e3o inicialmente de 25 agentes de seguran\u00e7a p\u00fablica para atuar como instrutores de Educa\u00e7\u00e3o F\u00edsica.  O curso, promovido pelo Centro de Educa\u00e7\u00e3o da PM com o apoio da Secretaria Nacional de Seguran\u00e7a P\u00fablica (Senasp), tem inscri\u00e7\u00f5es abertas at\u00e9 a pr\u00f3xima sexta (19).<\/p>\n<p>Conforme o coordenador de Educa\u00e7\u00e3o F\u00edsica do Centro de Educa\u00e7\u00e3o (CE), major Juce\u00edlton Soares, a qualifica\u00e7\u00e3o tem dura\u00e7\u00e3o m\u00e9dia de quatro meses, perfazendo um total de 670 horas aula. Todas as instru\u00e7\u00f5es ser\u00e3o ministradas no CE (localizado em Mangabeira, na capital), onde os candidatos tamb\u00e9m devem realizar sua inscri\u00e7\u00e3o presencial. \u0093Das 25 vagas, sete s\u00e3o reservadas para os Bombeiros, quatro para policiais civis e uma para o Instituto de Pol\u00edcia Cient\u00edfica\u0094, detalhou o major, ao destacar que no caso da PM s\u00f3 podem disputar uma vaga sargentos e oficiais com posto at\u00e9 o de capit\u00e3o.<\/p>\n<p>Um teste de aptid\u00e3o f\u00edsica (com exerc\u00edcios de flex\u00e3o na barra e corrida) ser\u00e1 usado como crit\u00e9rio de sele\u00e7\u00e3o dos candidatos.  \u0093Todo o curso ser\u00e1 ministrado em parceria com a Maur\u00edcio de Nassau e o Unip\u00ea, que est\u00e3o disponibilizando profissionais de Educa\u00e7\u00e3o F\u00edsica altamente capacitados. Todos possuem mestrado ou doutorado\u0094, citou Juce\u00edlton.<\/p>\n<p>Ainda conforme o policial, a ideia \u00e9 que ap\u00f3s a forma\u00e7\u00e3o da primeira turma os policiais militares qualificados sejam designados para atuarem como coordenadores de Educa\u00e7\u00e3o F\u00edsica nos batalh\u00f5es da PM, desenvolvendo atividades esportivas e promovendo os cuidados com a sa\u00fade junto \u00e0 tropa. D\u00favidas e mais informa\u00e7\u00f5es sobre o curso podem ser obtidas atrav\u00e9s dos telefones : 8831-1319 ou 3213-9213.<\/p>\n<div class=\"row\" align=\"center\"><\/div>\n<\/div>\n","protected":false},"excerpt":{"rendered":"<p>Melhorar a qualidade de vida dos policiais, por meio de atividades f\u00edsicas peri\u00f3dicas. Esse \u00e9 o objetivo de um projeto<\/p>\n","protected":false},"author":5,"featured_media":10804,"comment_status":"closed","ping_status":"closed","sticky":false,"template":"","format":"standard","meta":{"_exactmetrics_skip_tracking":false,"_exactmetrics_sitenote_active":false,"_exactmetrics_sitenote_note":"","_exactmetrics_sitenote_category":0,"footnotes":""},"categories":[6],"tags":[],"yoast_head":"<!-- This site is optimized with the Yoast SEO plugin v22.0 - https:\/\/yoast.com\/wordpress\/plugins\/seo\/ -->\n<title>Pol\u00edcia abre vagas para qualifica\u00e7\u00e3o em Educa\u00e7\u00e3o F\u00edsica - Pol\u00edcia Militar da Para\u00edba<\/title>\n<meta name=\"robots\" content=\"index, follow, max-snippet:-1, max-image-preview:large, max-video-preview:-1\" \/>\n<link rel=\"canonical\" href=\"https:\/\/www.pm.pb.gov.br\/portal\/2013\/07\/17\/policia_abre_vagas_para_qualificacao_em_educacao_fisica\/\" \/>\n<meta property=\"og:locale\" content=\"pt_BR\" \/>\n<meta property=\"og:type\" content=\"article\" \/>\n<meta property=\"og:title\" content=\"Pol\u00edcia abre vagas para qualifica\u00e7\u00e3o em Educa\u00e7\u00e3o F\u00edsica - Pol\u00edcia Militar da Para\u00edba\" \/>\n<meta property=\"og:description\" content=\"Melhorar a qualidade de vida dos policiais, por meio de atividades f\u00edsicas peri\u00f3dicas. Esse \u00e9 o objetivo de um projeto\" \/>\n<meta property=\"og:url\" content=\"https:\/\/www.pm.pb.gov.br\/portal\/2013\/07\/17\/policia_abre_vagas_para_qualificacao_em_educacao_fisica\/\" \/>\n<meta property=\"og:site_name\" content=\"Pol\u00edcia Militar da Para\u00edba\" \/>\n<meta property=\"article:published_time\" content=\"2013-07-17T12:07:28+00:00\" \/>\n<meta property=\"og:image\" content=\"https:\/\/www.pm.pb.gov.br\/portal\/wp-content\/uploads\/2013\/07\/8279_10804.jpg\" \/>\n\t<meta property=\"og:image:width\" content=\"500\" \/>\n\t<meta property=\"og:image:height\" content=\"332\" \/>\n\t<meta property=\"og:image:type\" content=\"image\/jpeg\" \/>\n<meta name=\"author\" content=\"Assessoria de Imprensa da PMPB\" \/>\n<meta name=\"twitter:card\" content=\"summary_large_image\" \/>\n<meta name=\"twitter:label1\" content=\"Escrito por\" \/>\n\t<meta name=\"twitter:data1\" content=\"Assessoria de Imprensa da PMPB\" \/>\n\t<meta name=\"twitter:label2\" content=\"Est. tempo de leitura\" \/>\n\t<meta name=\"twitter:data2\" content=\"2 minutos\" \/>\n<script type=\"application\/ld+json\" class=\"yoast-schema-graph\">{\"@context\":\"https:\/\/schema.org\",\"@graph\":[{\"@type\":\"Article\",\"@id\":\"https:\/\/www.pm.pb.gov.br\/portal\/2013\/07\/17\/policia_abre_vagas_para_qualificacao_em_educacao_fisica\/#article\",\"isPartOf\":{\"@id\":\"https:\/\/www.pm.pb.gov.br\/portal\/2013\/07\/17\/policia_abre_vagas_para_qualificacao_em_educacao_fisica\/\"},\"author\":{\"name\":\"Assessoria de Imprensa da PMPB\",\"@id\":\"https:\/\/www.pm.pb.gov.br\/portal\/#\/schema\/person\/e8454f46651c3ecf0e1ba3c1666d9947\"},\"headline\":\"Pol\u00edcia abre vagas para qualifica\u00e7\u00e3o em Educa\u00e7\u00e3o F\u00edsica\",\"datePublished\":\"2013-07-17T12:07:28+00:00\",\"dateModified\":\"2013-07-17T12:07:28+00:00\",\"mainEntityOfPage\":{\"@id\":\"https:\/\/www.pm.pb.gov.br\/portal\/2013\/07\/17\/policia_abre_vagas_para_qualificacao_em_educacao_fisica\/\"},\"wordCount\":355,\"publisher\":{\"@id\":\"https:\/\/www.pm.pb.gov.br\/portal\/#organization\"},\"articleSection\":[\"Cursos\"],\"inLanguage\":\"pt-BR\"},{\"@type\":\"WebPage\",\"@id\":\"https:\/\/www.pm.pb.gov.br\/portal\/2013\/07\/17\/policia_abre_vagas_para_qualificacao_em_educacao_fisica\/\",\"url\":\"https:\/\/www.pm.pb.gov.br\/portal\/2013\/07\/17\/policia_abre_vagas_para_qualificacao_em_educacao_fisica\/\",\"name\":\"Pol\u00edcia abre vagas para qualifica\u00e7\u00e3o em Educa\u00e7\u00e3o F\u00edsica - Pol\u00edcia Militar da Para\u00edba\",\"isPartOf\":{\"@id\":\"https:\/\/www.pm.pb.gov.br\/portal\/#website\"},\"datePublished\":\"2013-07-17T12:07:28+00:00\",\"dateModified\":\"2013-07-17T12:07:28+00:00\",\"breadcrumb\":{\"@id\":\"https:\/\/www.pm.pb.gov.br\/portal\/2013\/07\/17\/policia_abre_vagas_para_qualificacao_em_educacao_fisica\/#breadcrumb\"},\"inLanguage\":\"pt-BR\",\"potentialAction\":[{\"@type\":\"ReadAction\",\"target\":[\"https:\/\/www.pm.pb.gov.br\/portal\/2013\/07\/17\/policia_abre_vagas_para_qualificacao_em_educacao_fisica\/\"]}]},{\"@type\":\"BreadcrumbList\",\"@id\":\"https:\/\/www.pm.pb.gov.br\/portal\/2013\/07\/17\/policia_abre_vagas_para_qualificacao_em_educacao_fisica\/#breadcrumb\",\"itemListElement\":[{\"@type\":\"ListItem\",\"position\":1,\"name\":\"In\u00edcio\",\"item\":\"https:\/\/www.pm.pb.gov.br\/portal\/\"},{\"@type\":\"ListItem\",\"position\":2,\"name\":\"Pol\u00edcia abre vagas para qualifica\u00e7\u00e3o em Educa\u00e7\u00e3o F\u00edsica\"}]},{\"@type\":\"WebSite\",\"@id\":\"https:\/\/www.pm.pb.gov.br\/portal\/#website\",\"url\":\"https:\/\/www.pm.pb.gov.br\/portal\/\",\"name\":\"Pol\u00edcia Militar da Para\u00edba\",\"description\":\"\",\"publisher\":{\"@id\":\"https:\/\/www.pm.pb.gov.br\/portal\/#organization\"},\"potentialAction\":[{\"@type\":\"SearchAction\",\"target\":{\"@type\":\"EntryPoint\",\"urlTemplate\":\"https:\/\/www.pm.pb.gov.br\/portal\/?s={search_term_string}\"},\"query-input\":\"required name=search_term_string\"}],\"inLanguage\":\"pt-BR\"},{\"@type\":\"Organization\",\"@id\":\"https:\/\/www.pm.pb.gov.br\/portal\/#organization\",\"name\":\"Pol\u00edcia Militar da Para\u00edba\",\"url\":\"https:\/\/www.pm.pb.gov.br\/portal\/\",\"logo\":{\"@type\":\"ImageObject\",\"inLanguage\":\"pt-BR\",\"@id\":\"https:\/\/www.pm.pb.gov.br\/portal\/#\/schema\/logo\/image\/\",\"url\":\"https:\/\/www.pm.pb.gov.br\/portal\/wp-content\/uploads\/2025\/03\/cropped-logo-site-mag2-1.png\",\"contentUrl\":\"https:\/\/www.pm.pb.gov.br\/portal\/wp-content\/uploads\/2025\/03\/cropped-logo-site-mag2-1.png\",\"width\":320,\"height\":90,\"caption\":\"Pol\u00edcia Militar da Para\u00edba\"},\"image\":{\"@id\":\"https:\/\/www.pm.pb.gov.br\/portal\/#\/schema\/logo\/image\/\"}},{\"@type\":\"Person\",\"@id\":\"https:\/\/www.pm.pb.gov.br\/portal\/#\/schema\/person\/e8454f46651c3ecf0e1ba3c1666d9947\",\"name\":\"Assessoria de Imprensa da PMPB\",\"image\":{\"@type\":\"ImageObject\",\"inLanguage\":\"pt-BR\",\"@id\":\"https:\/\/www.pm.pb.gov.br\/portal\/#\/schema\/person\/image\/\",\"url\":\"https:\/\/secure.gravatar.com\/avatar\/2efe197438265d1e90bd98c4c8e1acf8?s=96&d=mm&r=g\",\"contentUrl\":\"https:\/\/secure.gravatar.com\/avatar\/2efe197438265d1e90bd98c4c8e1acf8?s=96&d=mm&r=g\",\"caption\":\"Assessoria de Imprensa da PMPB\"},\"url\":\"https:\/\/www.pm.pb.gov.br\/portal\/author\/assessoria\/\"}]}<\/script>\n<!-- \/ Yoast SEO plugin. -->","yoast_head_json":{"title":"Pol\u00edcia abre vagas para qualifica\u00e7\u00e3o em Educa\u00e7\u00e3o F\u00edsica - Pol\u00edcia Militar da Para\u00edba","robots":{"index":"index","follow":"follow","max-snippet":"max-snippet:-1","max-image-preview":"max-image-preview:large","max-video-preview":"max-video-preview:-1"},"canonical":"https:\/\/www.pm.pb.gov.br\/portal\/2013\/07\/17\/policia_abre_vagas_para_qualificacao_em_educacao_fisica\/","og_locale":"pt_BR","og_type":"article","og_title":"Pol\u00edcia abre vagas para qualifica\u00e7\u00e3o em Educa\u00e7\u00e3o F\u00edsica - Pol\u00edcia Militar da Para\u00edba","og_description":"Melhorar a qualidade de vida dos policiais, por meio de atividades f\u00edsicas peri\u00f3dicas. Esse \u00e9 o objetivo de um projeto","og_url":"https:\/\/www.pm.pb.gov.br\/portal\/2013\/07\/17\/policia_abre_vagas_para_qualificacao_em_educacao_fisica\/","og_site_name":"Pol\u00edcia Militar da Para\u00edba","article_published_time":"2013-07-17T12:07:28+00:00","og_image":[{"width":500,"height":332,"url":"https:\/\/www.pm.pb.gov.br\/portal\/wp-content\/uploads\/2013\/07\/8279_10804.jpg","type":"image\/jpeg"}],"author":"Assessoria de Imprensa da PMPB","twitter_card":"summary_large_image","twitter_misc":{"Escrito por":"Assessoria de Imprensa da PMPB","Est. tempo de leitura":"2 minutos"},"schema":{"@context":"https:\/\/schema.org","@graph":[{"@type":"Article","@id":"https:\/\/www.pm.pb.gov.br\/portal\/2013\/07\/17\/policia_abre_vagas_para_qualificacao_em_educacao_fisica\/#article","isPartOf":{"@id":"https:\/\/www.pm.pb.gov.br\/portal\/2013\/07\/17\/policia_abre_vagas_para_qualificacao_em_educacao_fisica\/"},"author":{"name":"Assessoria de Imprensa da PMPB","@id":"https:\/\/www.pm.pb.gov.br\/portal\/#\/schema\/person\/e8454f46651c3ecf0e1ba3c1666d9947"},"headline":"Pol\u00edcia abre vagas para qualifica\u00e7\u00e3o em Educa\u00e7\u00e3o F\u00edsica","datePublished":"2013-07-17T12:07:28+00:00","dateModified":"2013-07-17T12:07:28+00:00","mainEntityOfPage":{"@id":"https:\/\/www.pm.pb.gov.br\/portal\/2013\/07\/17\/policia_abre_vagas_para_qualificacao_em_educacao_fisica\/"},"wordCount":355,"publisher":{"@id":"https:\/\/www.pm.pb.gov.br\/portal\/#organization"},"articleSection":["Cursos"],"inLanguage":"pt-BR"},{"@type":"WebPage","@id":"https:\/\/www.pm.pb.gov.br\/portal\/2013\/07\/17\/policia_abre_vagas_para_qualificacao_em_educacao_fisica\/","url":"https:\/\/www.pm.pb.gov.br\/portal\/2013\/07\/17\/policia_abre_vagas_para_qualificacao_em_educacao_fisica\/","name":"Pol\u00edcia abre vagas para qualifica\u00e7\u00e3o em Educa\u00e7\u00e3o F\u00edsica - Pol\u00edcia Militar da Para\u00edba","isPartOf":{"@id":"https:\/\/www.pm.pb.gov.br\/portal\/#website"},"datePublished":"2013-07-17T12:07:28+00:00","dateModified":"2013-07-17T12:07:28+00:00","breadcrumb":{"@id":"https:\/\/www.pm.pb.gov.br\/portal\/2013\/07\/17\/policia_abre_vagas_para_qualificacao_em_educacao_fisica\/#breadcrumb"},"inLanguage":"pt-BR","potentialAction":[{"@type":"ReadAction","target":["https:\/\/www.pm.pb.gov.br\/portal\/2013\/07\/17\/policia_abre_vagas_para_qualificacao_em_educacao_fisica\/"]}]},{"@type":"BreadcrumbList","@id":"https:\/\/www.pm.pb.gov.br\/portal\/2013\/07\/17\/policia_abre_vagas_para_qualificacao_em_educacao_fisica\/#breadcrumb","itemListElement":[{"@type":"ListItem","position":1,"name":"In\u00edcio","item":"https:\/\/www.pm.pb.gov.br\/portal\/"},{"@type":"ListItem","position":2,"name":"Pol\u00edcia abre vagas para qualifica\u00e7\u00e3o em Educa\u00e7\u00e3o F\u00edsica"}]},{"@type":"WebSite","@id":"https:\/\/www.pm.pb.gov.br\/portal\/#website","url":"https:\/\/www.pm.pb.gov.br\/portal\/","name":"Pol\u00edcia Militar da Para\u00edba","description":"","publisher":{"@id":"https:\/\/www.pm.pb.gov.br\/portal\/#organization"},"potentialAction":[{"@type":"SearchAction","target":{"@type":"EntryPoint","urlTemplate":"https:\/\/www.pm.pb.gov.br\/portal\/?s={search_term_string}"},"query-input":"required name=search_term_string"}],"inLanguage":"pt-BR"},{"@type":"Organization","@id":"https:\/\/www.pm.pb.gov.br\/portal\/#organization","name":"Pol\u00edcia Militar da Para\u00edba","url":"https:\/\/www.pm.pb.gov.br\/portal\/","logo":{"@type":"ImageObject","inLanguage":"pt-BR","@id":"https:\/\/www.pm.pb.gov.br\/portal\/#\/schema\/logo\/image\/","url":"https:\/\/www.pm.pb.gov.br\/portal\/wp-content\/uploads\/2025\/03\/cropped-logo-site-mag2-1.png","contentUrl":"https:\/\/www.pm.pb.gov.br\/portal\/wp-content\/uploads\/2025\/03\/cropped-logo-site-mag2-1.png","width":320,"height":90,"caption":"Pol\u00edcia Militar da Para\u00edba"},"image":{"@id":"https:\/\/www.pm.pb.gov.br\/portal\/#\/schema\/logo\/image\/"}},{"@type":"Person","@id":"https:\/\/www.pm.pb.gov.br\/portal\/#\/schema\/person\/e8454f46651c3ecf0e1ba3c1666d9947","name":"Assessoria de Imprensa da PMPB","image":{"@type":"ImageObject","inLanguage":"pt-BR","@id":"https:\/\/www.pm.pb.gov.br\/portal\/#\/schema\/person\/image\/","url":"https:\/\/secure.gravatar.com\/avatar\/2efe197438265d1e90bd98c4c8e1acf8?s=96&d=mm&r=g","contentUrl":"https:\/\/secure.gravatar.com\/avatar\/2efe197438265d1e90bd98c4c8e1acf8?s=96&d=mm&r=g","caption":"Assessoria de Imprensa da PMPB"},"url":"https:\/\/www.pm.pb.gov.br\/portal\/author\/assessoria\/"}]}},"_links":{"self":[{"href":"https:\/\/www.pm.pb.gov.br\/portal\/wp-json\/wp\/v2\/posts\/892106"}],"collection":[{"href":"https:\/\/www.pm.pb.gov.br\/portal\/wp-json\/wp\/v2\/posts"}],"about":[{"href":"https:\/\/www.pm.pb.gov.br\/portal\/wp-json\/wp\/v2\/types\/post"}],"author":[{"embeddable":true,"href":"https:\/\/www.pm.pb.gov.br\/portal\/wp-json\/wp\/v2\/users\/5"}],"replies":[{"embeddable":true,"href":"https:\/\/www.pm.pb.gov.br\/portal\/wp-json\/wp\/v2\/comments?post=892106"}],"version-history":[{"count":0,"href":"https:\/\/www.pm.pb.gov.br\/portal\/wp-json\/wp\/v2\/posts\/892106\/revisions"}],"wp:featuredmedia":[{"embeddable":true,"href":"https:\/\/www.pm.pb.gov.br\/portal\/wp-json\/wp\/v2\/media\/10804"}],"wp:attachment":[{"href":"https:\/\/www.pm.pb.gov.br\/portal\/wp-json\/wp\/v2\/media?parent=892106"}],"wp:term":[{"taxonomy":"category","embeddable":true,"href":"https:\/\/www.pm.pb.gov.br\/portal\/wp-json\/wp\/v2\/categories?post=892106"},{"taxonomy":"post_tag","embeddable":true,"href":"https:\/\/www.pm.pb.gov.br\/portal\/wp-json\/wp\/v2\/tags?post=892106"}],"curies":[{"name":"wp","href":"https:\/\/api.w.org\/{rel}","templated":true}]}}