{"id":892103,"date":"2013-07-17T09:07:31","date_gmt":"2013-07-17T12:07:31","guid":{"rendered":"http:\/\/www.pm.pb.gov.br\/portal\/2013\/07\/solenidade_militar_formaliza_passagem_de_comandos\/"},"modified":"2013-07-17T09:07:31","modified_gmt":"2013-07-17T12:07:31","slug":"solenidade_militar_formaliza_passagem_de_comandos","status":"publish","type":"post","link":"https:\/\/www.pm.pb.gov.br\/portal\/2013\/07\/17\/solenidade_militar_formaliza_passagem_de_comandos\/","title":{"rendered":"Solenidade militar formaliza passagem de comandos"},"content":{"rendered":"<figure style=\"width: 500px\" class=\"wp-caption alignnone\"><img decoding=\"async\" class=\"alignnone size-medium\" src=\"http:\/\/www.pm.pb.gov.br\/portal\/wp-content\/uploads\/2013\/07\/8275_10796.jpg\" title=\"Solenidade teve a presen\u00e7a  do Secret\u00e1rio de Seguran\u00e7a, Cl\u00e1udio Lima, e do comandante geral da PM, coronel Euller Chaves (Fotos: Werneck Moreno)\" width=\"100%\" \/><figcaption class=\"wp-caption-text\">Solenidade teve a presen\u00e7a  do Secret\u00e1rio de Seguran\u00e7a, Cl\u00e1udio Lima, e do comandante geral da PM, coronel Euller Chaves (Fotos: Werneck Moreno)<\/figcaption><\/figure>\n<div style=\"text-align: justify;\">Solenidade militar realizada na sede do Quartel do Comando Geral (no Centro de Jo\u00e3o Pessoa), na manh\u00e3 desta ter\u00e7a (16), marcou a passagem de comando dos quatro batalh\u00f5es e uma companhia da Pol\u00edcia Militar que receberam novos comandantes. O ato governamental que oficializou as mudan\u00e7as foi publicado no Di\u00e1rio Oficial do Estado (DOE) da \u00faltima sexta (12), nas p\u00e1ginas 6 e 7.<\/p>\n<p>\u0093Esse processo de renova\u00e7\u00e3o \u00e9 normal e importante, principalmente em uma gest\u00e3o que busca sempre melhorar seus resultados. Esses comandantes deixam suas antigas fun\u00e7\u00f5es, tendo cumprindo a miss\u00e3o que receberam, e assumem agora outro desafio\u0094, afirmou o secret\u00e1rio de Estado da Seguran\u00e7a P\u00fablica e Defesa Social, Cl\u00e1udio Lima, durante a cerim\u00f4nia.<\/p>\n<p>O gestor lembrou, ainda, que as exonera\u00e7\u00f5es e nomea\u00e7\u00f5es publicadas no DOE, que tamb\u00e9m aconteceram no \u00e2mbito da Pol\u00edcia Civil, visam \u00e0 adequa\u00e7\u00e3o da Lei Complementar 111 (de 2012), que faz a compatibiliza\u00e7\u00e3o das \u00e1reas integradas de seguran\u00e7a (criando 20 \u00e1reas) e remodela a divis\u00e3o territorial do Estado (para o planejamento e gest\u00e3o interna da Seguran\u00e7a P\u00fablica).<\/p>\n<p>\u0093Tudo dentro desse novo modelo de gest\u00e3o que implantamos desde 2011, focado em an\u00e1lises estat\u00edsticas e busca por resultados\u0094, completou o secret\u00e1rio. O comandante geral da PM, coronel Euller Chaves, tamb\u00e9m destacou que a renova\u00e7\u00e3o \u00e9 importante e a busca \u00e9 por cada vez mais integrar as a\u00e7\u00f5es das pol\u00edcias militar e civil. \u0093\u00c9 preciso nos integrar internamente, com a Pol\u00edcia Civil e com todos os \u00f3rg\u00e3os de defesa social, pois a viol\u00eancia \u00e9 um problema sist\u00eamico e que requer o empenho de todos\u0094, pontuou Euller.<\/p>\n<p>Durante a solenidade, ele homenageou quatro oficiais com a medalha de \u009120 anos de servi\u00e7o\u0092, que \u00e9 concedida \u00e0queles que prestaram relevante trabalho \u00e0 Pol\u00edcia Militar, garantindo a ordem e seguran\u00e7a do Estado.<\/p>\n<p>Foram agraciados o tenente coronel L\u00edvio Delgado (que deixou o comando do 5\u00ba Batalh\u00e3o e assumiu o sub-comando de Policiamento Regional Metropolitano); o tenente coronel Adielson Pereira (que saiu do comando do Batalh\u00e3o Ambiental e assumiu o 1\u00ba BPM); tenente coronel Paulo S\u00e9rgio (ex-comandante do Batalh\u00e3o de Tr\u00e2nsito e nomeado para o comando do Batalh\u00e3o Ambiental) e o major Carlos Roberto Silva de Sena (que deixou a 3\u00aa Companhia de Pol\u00edcia e assumiu o comando do 5\u00ba Batalh\u00e3o).<\/p>\n<p>As mudan\u00e7as ainda inclu\u00edram a desonera\u00e7\u00e3o do tenente coronel Paulo Almeida Martins, que saiu do 1\u00ba BPM e passou a comandar o Batalh\u00e3o de Tr\u00e2nsito, e a nomea\u00e7\u00e3o do major Pablo Nascimento da Cunha  para o comando da 3\u00aa Companhia de Cabedelo.  O primeiro j\u00e1 foi agraciado anteriormente com a medalha de \u009220 anos de servi\u00e7o\u0092 e o \u00faltimo ainda n\u00e3o completou o tempo requerido para a concess\u00e3o da medalha.<\/p>\n<div class=\"row\" align=\"center\"><a href=\"http:\/\/www.pm.pb.gov.br\/exportacao\/fotos_noticias\/8275_10797.jpg\"><figure style=\"width: 500px\" class=\"wp-caption alignnone\"><img decoding=\"async\" class=\"image-responsive\" src=\"http:\/\/www.pm.pb.gov.br\/exportacao\/fotos_noticias\/8275_10797.jpg\" title=\"Tenente coronel Almeida e tenente coronel Adielson representaram, em nome de todos os substitu\u00eddos e os substitutos, o rito de passagem de comando\" width=\"100%\" \/><figcaption class=\"wp-caption-text\">Tenente coronel Almeida e tenente coronel Adielson representaram, em nome de todos os substitu\u00eddos e os substitutos, o rito de passagem de comando<\/figcaption><\/figure><\/a><a href=\"http:\/\/www.pm.pb.gov.br\/exportacao\/fotos_noticias\/8275_10798.jpg\"><figure style=\"width: 500px\" class=\"wp-caption alignnone\"><img decoding=\"async\" class=\"image-responsive\" src=\"http:\/\/www.pm.pb.gov.br\/exportacao\/fotos_noticias\/8275_10798.jpg\" title=\"Oficiais foram homenageados com a medalha '20 anos de servi\u00e7o'\" width=\"100%\" \/><figcaption class=\"wp-caption-text\">Oficiais foram homenageados com a medalha &#8217;20 anos de servi\u00e7o&#8217;<\/figcaption><\/figure><\/a><a href=\"http:\/\/www.pm.pb.gov.br\/exportacao\/fotos_noticias\/8275_10799.jpg\"><figure style=\"width: 500px\" class=\"wp-caption alignnone\"><img decoding=\"async\" class=\"image-responsive\" src=\"http:\/\/www.pm.pb.gov.br\/exportacao\/fotos_noticias\/8275_10799.jpg\" title=\"tenente coronel L\u00edvio falou em nome dos substitu\u00eddos\" width=\"100%\" \/><figcaption class=\"wp-caption-text\">tenente coronel L\u00edvio falou em nome dos substitu\u00eddos<\/figcaption><\/figure><\/a><a href=\"http:\/\/www.pm.pb.gov.br\/portal\/wp-content\/uploads\/2013\/07\/8275_10800.jpg\"><figure style=\"width: 500px\" class=\"wp-caption alignnone\"><img decoding=\"async\" class=\"image-responsive\" src=\"http:\/\/www.pm.pb.gov.br\/portal\/wp-content\/uploads\/2013\/07\/8275_10800.jpg\" title=\"secret\u00e1rio Cl\u00e1udio Lima destacou a import\u00e2ncia da gest\u00e3o integrada\" width=\"100%\" \/><figcaption class=\"wp-caption-text\">secret\u00e1rio Cl\u00e1udio Lima destacou a import\u00e2ncia da gest\u00e3o integrada<\/figcaption><\/figure><\/a><\/div>\n<\/div>\n","protected":false},"excerpt":{"rendered":"<p>Solenidade militar realizada na sede do Quartel do Comando Geral (no Centro de Jo\u00e3o Pessoa), na manh\u00e3 desta ter\u00e7a (16),<\/p>\n","protected":false},"author":5,"featured_media":10796,"comment_status":"closed","ping_status":"closed","sticky":false,"template":"","format":"standard","meta":{"_exactmetrics_skip_tracking":false,"_exactmetrics_sitenote_active":false,"_exactmetrics_sitenote_note":"","_exactmetrics_sitenote_category":0,"footnotes":""},"categories":[4],"tags":[],"yoast_head":"<!-- This site is optimized with the Yoast SEO plugin v22.0 - https:\/\/yoast.com\/wordpress\/plugins\/seo\/ -->\n<title>Solenidade militar formaliza passagem de comandos - Pol\u00edcia Militar da Para\u00edba<\/title>\n<meta name=\"robots\" content=\"index, follow, max-snippet:-1, max-image-preview:large, max-video-preview:-1\" \/>\n<link rel=\"canonical\" href=\"https:\/\/www.pm.pb.gov.br\/portal\/2013\/07\/17\/solenidade_militar_formaliza_passagem_de_comandos\/\" \/>\n<meta property=\"og:locale\" content=\"pt_BR\" \/>\n<meta property=\"og:type\" content=\"article\" \/>\n<meta property=\"og:title\" content=\"Solenidade militar formaliza passagem de comandos - Pol\u00edcia Militar da Para\u00edba\" \/>\n<meta property=\"og:description\" content=\"Solenidade militar realizada na sede do Quartel do Comando Geral (no Centro de Jo\u00e3o Pessoa), na manh\u00e3 desta ter\u00e7a (16),\" \/>\n<meta property=\"og:url\" content=\"https:\/\/www.pm.pb.gov.br\/portal\/2013\/07\/17\/solenidade_militar_formaliza_passagem_de_comandos\/\" \/>\n<meta property=\"og:site_name\" content=\"Pol\u00edcia Militar da Para\u00edba\" \/>\n<meta property=\"article:published_time\" content=\"2013-07-17T12:07:31+00:00\" \/>\n<meta property=\"og:image\" content=\"https:\/\/www.pm.pb.gov.br\/portal\/wp-content\/uploads\/2013\/07\/8275_10796.jpg\" \/>\n\t<meta property=\"og:image:width\" content=\"500\" \/>\n\t<meta property=\"og:image:height\" content=\"332\" \/>\n\t<meta property=\"og:image:type\" content=\"image\/jpeg\" \/>\n<meta name=\"author\" content=\"Assessoria de Imprensa da PMPB\" \/>\n<meta name=\"twitter:card\" content=\"summary_large_image\" \/>\n<meta name=\"twitter:label1\" content=\"Escrito por\" \/>\n\t<meta name=\"twitter:data1\" content=\"Assessoria de Imprensa da PMPB\" \/>\n\t<meta name=\"twitter:label2\" content=\"Est. tempo de leitura\" \/>\n\t<meta name=\"twitter:data2\" content=\"3 minutos\" \/>\n<script type=\"application\/ld+json\" class=\"yoast-schema-graph\">{\"@context\":\"https:\/\/schema.org\",\"@graph\":[{\"@type\":\"Article\",\"@id\":\"https:\/\/www.pm.pb.gov.br\/portal\/2013\/07\/17\/solenidade_militar_formaliza_passagem_de_comandos\/#article\",\"isPartOf\":{\"@id\":\"https:\/\/www.pm.pb.gov.br\/portal\/2013\/07\/17\/solenidade_militar_formaliza_passagem_de_comandos\/\"},\"author\":{\"name\":\"Assessoria de Imprensa da PMPB\",\"@id\":\"https:\/\/www.pm.pb.gov.br\/portal\/#\/schema\/person\/e8454f46651c3ecf0e1ba3c1666d9947\"},\"headline\":\"Solenidade militar formaliza passagem de comandos\",\"datePublished\":\"2013-07-17T12:07:31+00:00\",\"dateModified\":\"2013-07-17T12:07:31+00:00\",\"mainEntityOfPage\":{\"@id\":\"https:\/\/www.pm.pb.gov.br\/portal\/2013\/07\/17\/solenidade_militar_formaliza_passagem_de_comandos\/\"},\"wordCount\":593,\"publisher\":{\"@id\":\"https:\/\/www.pm.pb.gov.br\/portal\/#organization\"},\"articleSection\":[\"A\u00e7\u00f5es Policiais\"],\"inLanguage\":\"pt-BR\"},{\"@type\":\"WebPage\",\"@id\":\"https:\/\/www.pm.pb.gov.br\/portal\/2013\/07\/17\/solenidade_militar_formaliza_passagem_de_comandos\/\",\"url\":\"https:\/\/www.pm.pb.gov.br\/portal\/2013\/07\/17\/solenidade_militar_formaliza_passagem_de_comandos\/\",\"name\":\"Solenidade militar formaliza passagem de comandos - Pol\u00edcia Militar da Para\u00edba\",\"isPartOf\":{\"@id\":\"https:\/\/www.pm.pb.gov.br\/portal\/#website\"},\"datePublished\":\"2013-07-17T12:07:31+00:00\",\"dateModified\":\"2013-07-17T12:07:31+00:00\",\"breadcrumb\":{\"@id\":\"https:\/\/www.pm.pb.gov.br\/portal\/2013\/07\/17\/solenidade_militar_formaliza_passagem_de_comandos\/#breadcrumb\"},\"inLanguage\":\"pt-BR\",\"potentialAction\":[{\"@type\":\"ReadAction\",\"target\":[\"https:\/\/www.pm.pb.gov.br\/portal\/2013\/07\/17\/solenidade_militar_formaliza_passagem_de_comandos\/\"]}]},{\"@type\":\"BreadcrumbList\",\"@id\":\"https:\/\/www.pm.pb.gov.br\/portal\/2013\/07\/17\/solenidade_militar_formaliza_passagem_de_comandos\/#breadcrumb\",\"itemListElement\":[{\"@type\":\"ListItem\",\"position\":1,\"name\":\"In\u00edcio\",\"item\":\"https:\/\/www.pm.pb.gov.br\/portal\/\"},{\"@type\":\"ListItem\",\"position\":2,\"name\":\"Solenidade militar formaliza passagem de comandos\"}]},{\"@type\":\"WebSite\",\"@id\":\"https:\/\/www.pm.pb.gov.br\/portal\/#website\",\"url\":\"https:\/\/www.pm.pb.gov.br\/portal\/\",\"name\":\"Pol\u00edcia Militar da Para\u00edba\",\"description\":\"\",\"publisher\":{\"@id\":\"https:\/\/www.pm.pb.gov.br\/portal\/#organization\"},\"potentialAction\":[{\"@type\":\"SearchAction\",\"target\":{\"@type\":\"EntryPoint\",\"urlTemplate\":\"https:\/\/www.pm.pb.gov.br\/portal\/?s={search_term_string}\"},\"query-input\":\"required name=search_term_string\"}],\"inLanguage\":\"pt-BR\"},{\"@type\":\"Organization\",\"@id\":\"https:\/\/www.pm.pb.gov.br\/portal\/#organization\",\"name\":\"Pol\u00edcia Militar da Para\u00edba\",\"url\":\"https:\/\/www.pm.pb.gov.br\/portal\/\",\"logo\":{\"@type\":\"ImageObject\",\"inLanguage\":\"pt-BR\",\"@id\":\"https:\/\/www.pm.pb.gov.br\/portal\/#\/schema\/logo\/image\/\",\"url\":\"https:\/\/www.pm.pb.gov.br\/portal\/wp-content\/uploads\/2025\/03\/cropped-logo-site-mag2-1.png\",\"contentUrl\":\"https:\/\/www.pm.pb.gov.br\/portal\/wp-content\/uploads\/2025\/03\/cropped-logo-site-mag2-1.png\",\"width\":320,\"height\":90,\"caption\":\"Pol\u00edcia Militar da Para\u00edba\"},\"image\":{\"@id\":\"https:\/\/www.pm.pb.gov.br\/portal\/#\/schema\/logo\/image\/\"}},{\"@type\":\"Person\",\"@id\":\"https:\/\/www.pm.pb.gov.br\/portal\/#\/schema\/person\/e8454f46651c3ecf0e1ba3c1666d9947\",\"name\":\"Assessoria de Imprensa da PMPB\",\"image\":{\"@type\":\"ImageObject\",\"inLanguage\":\"pt-BR\",\"@id\":\"https:\/\/www.pm.pb.gov.br\/portal\/#\/schema\/person\/image\/\",\"url\":\"https:\/\/secure.gravatar.com\/avatar\/2efe197438265d1e90bd98c4c8e1acf8?s=96&d=mm&r=g\",\"contentUrl\":\"https:\/\/secure.gravatar.com\/avatar\/2efe197438265d1e90bd98c4c8e1acf8?s=96&d=mm&r=g\",\"caption\":\"Assessoria de Imprensa da PMPB\"},\"url\":\"https:\/\/www.pm.pb.gov.br\/portal\/author\/assessoria\/\"}]}<\/script>\n<!-- \/ Yoast SEO plugin. -->","yoast_head_json":{"title":"Solenidade militar formaliza passagem de comandos - Pol\u00edcia Militar da Para\u00edba","robots":{"index":"index","follow":"follow","max-snippet":"max-snippet:-1","max-image-preview":"max-image-preview:large","max-video-preview":"max-video-preview:-1"},"canonical":"https:\/\/www.pm.pb.gov.br\/portal\/2013\/07\/17\/solenidade_militar_formaliza_passagem_de_comandos\/","og_locale":"pt_BR","og_type":"article","og_title":"Solenidade militar formaliza passagem de comandos - Pol\u00edcia Militar da Para\u00edba","og_description":"Solenidade militar realizada na sede do Quartel do Comando Geral (no Centro de Jo\u00e3o Pessoa), na manh\u00e3 desta ter\u00e7a (16),","og_url":"https:\/\/www.pm.pb.gov.br\/portal\/2013\/07\/17\/solenidade_militar_formaliza_passagem_de_comandos\/","og_site_name":"Pol\u00edcia Militar da Para\u00edba","article_published_time":"2013-07-17T12:07:31+00:00","og_image":[{"width":500,"height":332,"url":"https:\/\/www.pm.pb.gov.br\/portal\/wp-content\/uploads\/2013\/07\/8275_10796.jpg","type":"image\/jpeg"}],"author":"Assessoria de Imprensa da PMPB","twitter_card":"summary_large_image","twitter_misc":{"Escrito por":"Assessoria de Imprensa da PMPB","Est. tempo de leitura":"3 minutos"},"schema":{"@context":"https:\/\/schema.org","@graph":[{"@type":"Article","@id":"https:\/\/www.pm.pb.gov.br\/portal\/2013\/07\/17\/solenidade_militar_formaliza_passagem_de_comandos\/#article","isPartOf":{"@id":"https:\/\/www.pm.pb.gov.br\/portal\/2013\/07\/17\/solenidade_militar_formaliza_passagem_de_comandos\/"},"author":{"name":"Assessoria de Imprensa da PMPB","@id":"https:\/\/www.pm.pb.gov.br\/portal\/#\/schema\/person\/e8454f46651c3ecf0e1ba3c1666d9947"},"headline":"Solenidade militar formaliza passagem de comandos","datePublished":"2013-07-17T12:07:31+00:00","dateModified":"2013-07-17T12:07:31+00:00","mainEntityOfPage":{"@id":"https:\/\/www.pm.pb.gov.br\/portal\/2013\/07\/17\/solenidade_militar_formaliza_passagem_de_comandos\/"},"wordCount":593,"publisher":{"@id":"https:\/\/www.pm.pb.gov.br\/portal\/#organization"},"articleSection":["A\u00e7\u00f5es Policiais"],"inLanguage":"pt-BR"},{"@type":"WebPage","@id":"https:\/\/www.pm.pb.gov.br\/portal\/2013\/07\/17\/solenidade_militar_formaliza_passagem_de_comandos\/","url":"https:\/\/www.pm.pb.gov.br\/portal\/2013\/07\/17\/solenidade_militar_formaliza_passagem_de_comandos\/","name":"Solenidade militar formaliza passagem de comandos - Pol\u00edcia Militar da Para\u00edba","isPartOf":{"@id":"https:\/\/www.pm.pb.gov.br\/portal\/#website"},"datePublished":"2013-07-17T12:07:31+00:00","dateModified":"2013-07-17T12:07:31+00:00","breadcrumb":{"@id":"https:\/\/www.pm.pb.gov.br\/portal\/2013\/07\/17\/solenidade_militar_formaliza_passagem_de_comandos\/#breadcrumb"},"inLanguage":"pt-BR","potentialAction":[{"@type":"ReadAction","target":["https:\/\/www.pm.pb.gov.br\/portal\/2013\/07\/17\/solenidade_militar_formaliza_passagem_de_comandos\/"]}]},{"@type":"BreadcrumbList","@id":"https:\/\/www.pm.pb.gov.br\/portal\/2013\/07\/17\/solenidade_militar_formaliza_passagem_de_comandos\/#breadcrumb","itemListElement":[{"@type":"ListItem","position":1,"name":"In\u00edcio","item":"https:\/\/www.pm.pb.gov.br\/portal\/"},{"@type":"ListItem","position":2,"name":"Solenidade militar formaliza passagem de comandos"}]},{"@type":"WebSite","@id":"https:\/\/www.pm.pb.gov.br\/portal\/#website","url":"https:\/\/www.pm.pb.gov.br\/portal\/","name":"Pol\u00edcia Militar da Para\u00edba","description":"","publisher":{"@id":"https:\/\/www.pm.pb.gov.br\/portal\/#organization"},"potentialAction":[{"@type":"SearchAction","target":{"@type":"EntryPoint","urlTemplate":"https:\/\/www.pm.pb.gov.br\/portal\/?s={search_term_string}"},"query-input":"required name=search_term_string"}],"inLanguage":"pt-BR"},{"@type":"Organization","@id":"https:\/\/www.pm.pb.gov.br\/portal\/#organization","name":"Pol\u00edcia Militar da Para\u00edba","url":"https:\/\/www.pm.pb.gov.br\/portal\/","logo":{"@type":"ImageObject","inLanguage":"pt-BR","@id":"https:\/\/www.pm.pb.gov.br\/portal\/#\/schema\/logo\/image\/","url":"https:\/\/www.pm.pb.gov.br\/portal\/wp-content\/uploads\/2025\/03\/cropped-logo-site-mag2-1.png","contentUrl":"https:\/\/www.pm.pb.gov.br\/portal\/wp-content\/uploads\/2025\/03\/cropped-logo-site-mag2-1.png","width":320,"height":90,"caption":"Pol\u00edcia Militar da Para\u00edba"},"image":{"@id":"https:\/\/www.pm.pb.gov.br\/portal\/#\/schema\/logo\/image\/"}},{"@type":"Person","@id":"https:\/\/www.pm.pb.gov.br\/portal\/#\/schema\/person\/e8454f46651c3ecf0e1ba3c1666d9947","name":"Assessoria de Imprensa da PMPB","image":{"@type":"ImageObject","inLanguage":"pt-BR","@id":"https:\/\/www.pm.pb.gov.br\/portal\/#\/schema\/person\/image\/","url":"https:\/\/secure.gravatar.com\/avatar\/2efe197438265d1e90bd98c4c8e1acf8?s=96&d=mm&r=g","contentUrl":"https:\/\/secure.gravatar.com\/avatar\/2efe197438265d1e90bd98c4c8e1acf8?s=96&d=mm&r=g","caption":"Assessoria de Imprensa da PMPB"},"url":"https:\/\/www.pm.pb.gov.br\/portal\/author\/assessoria\/"}]}},"_links":{"self":[{"href":"https:\/\/www.pm.pb.gov.br\/portal\/wp-json\/wp\/v2\/posts\/892103"}],"collection":[{"href":"https:\/\/www.pm.pb.gov.br\/portal\/wp-json\/wp\/v2\/posts"}],"about":[{"href":"https:\/\/www.pm.pb.gov.br\/portal\/wp-json\/wp\/v2\/types\/post"}],"author":[{"embeddable":true,"href":"https:\/\/www.pm.pb.gov.br\/portal\/wp-json\/wp\/v2\/users\/5"}],"replies":[{"embeddable":true,"href":"https:\/\/www.pm.pb.gov.br\/portal\/wp-json\/wp\/v2\/comments?post=892103"}],"version-history":[{"count":0,"href":"https:\/\/www.pm.pb.gov.br\/portal\/wp-json\/wp\/v2\/posts\/892103\/revisions"}],"wp:featuredmedia":[{"embeddable":true,"href":"https:\/\/www.pm.pb.gov.br\/portal\/wp-json\/wp\/v2\/media\/10796"}],"wp:attachment":[{"href":"https:\/\/www.pm.pb.gov.br\/portal\/wp-json\/wp\/v2\/media?parent=892103"}],"wp:term":[{"taxonomy":"category","embeddable":true,"href":"https:\/\/www.pm.pb.gov.br\/portal\/wp-json\/wp\/v2\/categories?post=892103"},{"taxonomy":"post_tag","embeddable":true,"href":"https:\/\/www.pm.pb.gov.br\/portal\/wp-json\/wp\/v2\/tags?post=892103"}],"curies":[{"name":"wp","href":"https:\/\/api.w.org\/{rel}","templated":true}]}}