{"id":892091,"date":"2013-07-10T09:07:01","date_gmt":"2013-07-10T12:07:01","guid":{"rendered":"http:\/\/www.pm.pb.gov.br\/portal\/2013\/07\/policia_desarticula_quadrilha_acusada_de_assalto_e_trafico\/"},"modified":"2013-07-10T09:07:01","modified_gmt":"2013-07-10T12:07:01","slug":"policia_desarticula_quadrilha_acusada_de_assalto_e_trafico","status":"publish","type":"post","link":"https:\/\/www.pm.pb.gov.br\/portal\/2013\/07\/10\/policia_desarticula_quadrilha_acusada_de_assalto_e_trafico\/","title":{"rendered":"Pol\u00edcia desarticula quadrilha acusada de assalto e tr\u00e1fico"},"content":{"rendered":"<figure style=\"width: 500px\" class=\"wp-caption alignnone\"><img decoding=\"async\" class=\"alignnone size-medium\" src=\"http:\/\/www.pm.pb.gov.br\/portal\/wp-content\/uploads\/2013\/07\/8252_10745.jpg\" title=\"Material apreendido com quadrilha foi levado para a Central de Pol\u00edcia\" width=\"100%\" \/><figcaption class=\"wp-caption-text\">Material apreendido com quadrilha foi levado para a Central de Pol\u00edcia<\/figcaption><\/figure>\n<div style=\"text-align: justify;\">Uma quadrilha composta por oito pessoas foi desarticulada, na noite dessa ter\u00e7a-feira (9), na cidade de Campina Grande. O grupo \u00e9 apontado como respons\u00e1vel por v\u00e1rios assaltos, furtos de ve\u00edculos e tr\u00e1fico de drogas. Foram presos V\u00e1gner Richelli Barbosa, 19; Israel de Ara\u00fajo Barbosa, 25; Andr\u00e9 Paulo da Silva J\u00fanior, 19; Claudete de Sousa Figueiroa, 46; e apreendidos quatro adolescentes de 17 anos.<\/p>\n<p>A pris\u00e3o foi realizada pela equipe do 2\u00ba Batalh\u00e3o da Pol\u00edcia Militar, sob o comando do tenente coronel Souza Neto. O trabalho come\u00e7ou com a abordagem a dois jovens que estavam com duas motocicletas roubadas, nas proximidades da localidade conhecida por S\u00edtio Cardoso.<\/p>\n<p>A dupla informou o endere\u00e7o onde os comparsas poderiam ser encontrados e ent\u00e3o, os policiais seguiram para a Rua Paran\u00e1, no bairro Santo Ant\u00f4nio. Na casa de Claudete de Sousa, os demais integrantes da quadrilha foram localizados. Eles planejavam realizar mais um assalto, desta vez, a uma farm\u00e1cia. A dona da casa foi apontada como comandante do tr\u00e1fico de drogas, os demais criminosos confessaram que praticavam os assaltos.<\/p>\n<p>No local foram apreendidas duas motocicletas com registro de roubo, celulares, drogas, dinheiro, muni\u00e7\u00f5es, armas de fogo e um notebook. Os acusados e todo material encontrado foram levados para a Central de Pol\u00edcia. O grupo deve responder por forma\u00e7\u00e3o de quadrilha, recepta\u00e7\u00e3o de produtos roubados, tr\u00e1fico de drogas e porte ilegal de arma<\/p>\n<div class=\"row\" align=\"center\"><a href=\"http:\/\/www.pm.pb.gov.br\/portal\/wp-content\/uploads\/2013\/07\/8252_10746.jpg\"><figure style=\"width: 500px\" class=\"wp-caption alignnone\"><img decoding=\"async\" class=\"image-responsive\" src=\"http:\/\/www.pm.pb.gov.br\/portal\/wp-content\/uploads\/2013\/07\/8252_10746.jpg\" title=\"Duas motos foram recuperada com o grupo\" width=\"100%\" \/><figcaption class=\"wp-caption-text\">Duas motos foram recuperada com o grupo<\/figcaption><\/figure><\/a><\/div>\n<\/div>\n","protected":false},"excerpt":{"rendered":"<p>Uma quadrilha composta por oito pessoas foi desarticulada, na noite dessa ter\u00e7a-feira (9), na cidade de Campina Grande. O grupo<\/p>\n","protected":false},"author":5,"featured_media":10745,"comment_status":"closed","ping_status":"closed","sticky":false,"template":"","format":"standard","meta":{"_exactmetrics_skip_tracking":false,"_exactmetrics_sitenote_active":false,"_exactmetrics_sitenote_note":"","_exactmetrics_sitenote_category":0,"footnotes":""},"categories":[4],"tags":[],"yoast_head":"<!-- This site is optimized with the Yoast SEO plugin v22.0 - https:\/\/yoast.com\/wordpress\/plugins\/seo\/ -->\n<title>Pol\u00edcia desarticula quadrilha acusada de assalto e tr\u00e1fico - Pol\u00edcia Militar da Para\u00edba<\/title>\n<meta name=\"robots\" content=\"index, follow, max-snippet:-1, max-image-preview:large, max-video-preview:-1\" \/>\n<link rel=\"canonical\" href=\"https:\/\/www.pm.pb.gov.br\/portal\/2013\/07\/10\/policia_desarticula_quadrilha_acusada_de_assalto_e_trafico\/\" \/>\n<meta property=\"og:locale\" content=\"pt_BR\" \/>\n<meta property=\"og:type\" content=\"article\" \/>\n<meta property=\"og:title\" content=\"Pol\u00edcia desarticula quadrilha acusada de assalto e tr\u00e1fico - Pol\u00edcia Militar da Para\u00edba\" \/>\n<meta property=\"og:description\" content=\"Uma quadrilha composta por oito pessoas foi desarticulada, na noite dessa ter\u00e7a-feira (9), na cidade de Campina Grande. O grupo\" \/>\n<meta property=\"og:url\" content=\"https:\/\/www.pm.pb.gov.br\/portal\/2013\/07\/10\/policia_desarticula_quadrilha_acusada_de_assalto_e_trafico\/\" \/>\n<meta property=\"og:site_name\" content=\"Pol\u00edcia Militar da Para\u00edba\" \/>\n<meta property=\"article:published_time\" content=\"2013-07-10T12:07:01+00:00\" \/>\n<meta property=\"og:image\" content=\"https:\/\/www.pm.pb.gov.br\/portal\/wp-content\/uploads\/2013\/07\/8252_10745.jpg\" \/>\n\t<meta property=\"og:image:width\" content=\"500\" \/>\n\t<meta property=\"og:image:height\" content=\"375\" \/>\n\t<meta property=\"og:image:type\" content=\"image\/jpeg\" \/>\n<meta name=\"author\" content=\"Assessoria de Imprensa da PMPB\" \/>\n<meta name=\"twitter:card\" content=\"summary_large_image\" \/>\n<meta name=\"twitter:label1\" content=\"Escrito por\" \/>\n\t<meta name=\"twitter:data1\" content=\"Assessoria de Imprensa da PMPB\" \/>\n\t<meta name=\"twitter:label2\" content=\"Est. tempo de leitura\" \/>\n\t<meta name=\"twitter:data2\" content=\"1 minuto\" \/>\n<script type=\"application\/ld+json\" class=\"yoast-schema-graph\">{\"@context\":\"https:\/\/schema.org\",\"@graph\":[{\"@type\":\"Article\",\"@id\":\"https:\/\/www.pm.pb.gov.br\/portal\/2013\/07\/10\/policia_desarticula_quadrilha_acusada_de_assalto_e_trafico\/#article\",\"isPartOf\":{\"@id\":\"https:\/\/www.pm.pb.gov.br\/portal\/2013\/07\/10\/policia_desarticula_quadrilha_acusada_de_assalto_e_trafico\/\"},\"author\":{\"name\":\"Assessoria de Imprensa da PMPB\",\"@id\":\"https:\/\/www.pm.pb.gov.br\/portal\/#\/schema\/person\/e8454f46651c3ecf0e1ba3c1666d9947\"},\"headline\":\"Pol\u00edcia desarticula quadrilha acusada de assalto e tr\u00e1fico\",\"datePublished\":\"2013-07-10T12:07:01+00:00\",\"dateModified\":\"2013-07-10T12:07:01+00:00\",\"mainEntityOfPage\":{\"@id\":\"https:\/\/www.pm.pb.gov.br\/portal\/2013\/07\/10\/policia_desarticula_quadrilha_acusada_de_assalto_e_trafico\/\"},\"wordCount\":283,\"publisher\":{\"@id\":\"https:\/\/www.pm.pb.gov.br\/portal\/#organization\"},\"articleSection\":[\"A\u00e7\u00f5es Policiais\"],\"inLanguage\":\"pt-BR\"},{\"@type\":\"WebPage\",\"@id\":\"https:\/\/www.pm.pb.gov.br\/portal\/2013\/07\/10\/policia_desarticula_quadrilha_acusada_de_assalto_e_trafico\/\",\"url\":\"https:\/\/www.pm.pb.gov.br\/portal\/2013\/07\/10\/policia_desarticula_quadrilha_acusada_de_assalto_e_trafico\/\",\"name\":\"Pol\u00edcia desarticula quadrilha acusada de assalto e tr\u00e1fico - Pol\u00edcia Militar da Para\u00edba\",\"isPartOf\":{\"@id\":\"https:\/\/www.pm.pb.gov.br\/portal\/#website\"},\"datePublished\":\"2013-07-10T12:07:01+00:00\",\"dateModified\":\"2013-07-10T12:07:01+00:00\",\"breadcrumb\":{\"@id\":\"https:\/\/www.pm.pb.gov.br\/portal\/2013\/07\/10\/policia_desarticula_quadrilha_acusada_de_assalto_e_trafico\/#breadcrumb\"},\"inLanguage\":\"pt-BR\",\"potentialAction\":[{\"@type\":\"ReadAction\",\"target\":[\"https:\/\/www.pm.pb.gov.br\/portal\/2013\/07\/10\/policia_desarticula_quadrilha_acusada_de_assalto_e_trafico\/\"]}]},{\"@type\":\"BreadcrumbList\",\"@id\":\"https:\/\/www.pm.pb.gov.br\/portal\/2013\/07\/10\/policia_desarticula_quadrilha_acusada_de_assalto_e_trafico\/#breadcrumb\",\"itemListElement\":[{\"@type\":\"ListItem\",\"position\":1,\"name\":\"In\u00edcio\",\"item\":\"https:\/\/www.pm.pb.gov.br\/portal\/\"},{\"@type\":\"ListItem\",\"position\":2,\"name\":\"Pol\u00edcia desarticula quadrilha acusada de assalto e tr\u00e1fico\"}]},{\"@type\":\"WebSite\",\"@id\":\"https:\/\/www.pm.pb.gov.br\/portal\/#website\",\"url\":\"https:\/\/www.pm.pb.gov.br\/portal\/\",\"name\":\"Pol\u00edcia Militar da Para\u00edba\",\"description\":\"\",\"publisher\":{\"@id\":\"https:\/\/www.pm.pb.gov.br\/portal\/#organization\"},\"potentialAction\":[{\"@type\":\"SearchAction\",\"target\":{\"@type\":\"EntryPoint\",\"urlTemplate\":\"https:\/\/www.pm.pb.gov.br\/portal\/?s={search_term_string}\"},\"query-input\":\"required name=search_term_string\"}],\"inLanguage\":\"pt-BR\"},{\"@type\":\"Organization\",\"@id\":\"https:\/\/www.pm.pb.gov.br\/portal\/#organization\",\"name\":\"Pol\u00edcia Militar da Para\u00edba\",\"url\":\"https:\/\/www.pm.pb.gov.br\/portal\/\",\"logo\":{\"@type\":\"ImageObject\",\"inLanguage\":\"pt-BR\",\"@id\":\"https:\/\/www.pm.pb.gov.br\/portal\/#\/schema\/logo\/image\/\",\"url\":\"https:\/\/www.pm.pb.gov.br\/portal\/wp-content\/uploads\/2025\/03\/cropped-logo-site-mag2-1.png\",\"contentUrl\":\"https:\/\/www.pm.pb.gov.br\/portal\/wp-content\/uploads\/2025\/03\/cropped-logo-site-mag2-1.png\",\"width\":320,\"height\":90,\"caption\":\"Pol\u00edcia Militar da Para\u00edba\"},\"image\":{\"@id\":\"https:\/\/www.pm.pb.gov.br\/portal\/#\/schema\/logo\/image\/\"}},{\"@type\":\"Person\",\"@id\":\"https:\/\/www.pm.pb.gov.br\/portal\/#\/schema\/person\/e8454f46651c3ecf0e1ba3c1666d9947\",\"name\":\"Assessoria de Imprensa da PMPB\",\"image\":{\"@type\":\"ImageObject\",\"inLanguage\":\"pt-BR\",\"@id\":\"https:\/\/www.pm.pb.gov.br\/portal\/#\/schema\/person\/image\/\",\"url\":\"https:\/\/secure.gravatar.com\/avatar\/2efe197438265d1e90bd98c4c8e1acf8?s=96&d=mm&r=g\",\"contentUrl\":\"https:\/\/secure.gravatar.com\/avatar\/2efe197438265d1e90bd98c4c8e1acf8?s=96&d=mm&r=g\",\"caption\":\"Assessoria de Imprensa da PMPB\"},\"url\":\"https:\/\/www.pm.pb.gov.br\/portal\/author\/assessoria\/\"}]}<\/script>\n<!-- \/ Yoast SEO plugin. -->","yoast_head_json":{"title":"Pol\u00edcia desarticula quadrilha acusada de assalto e tr\u00e1fico - Pol\u00edcia Militar da Para\u00edba","robots":{"index":"index","follow":"follow","max-snippet":"max-snippet:-1","max-image-preview":"max-image-preview:large","max-video-preview":"max-video-preview:-1"},"canonical":"https:\/\/www.pm.pb.gov.br\/portal\/2013\/07\/10\/policia_desarticula_quadrilha_acusada_de_assalto_e_trafico\/","og_locale":"pt_BR","og_type":"article","og_title":"Pol\u00edcia desarticula quadrilha acusada de assalto e tr\u00e1fico - Pol\u00edcia Militar da Para\u00edba","og_description":"Uma quadrilha composta por oito pessoas foi desarticulada, na noite dessa ter\u00e7a-feira (9), na cidade de Campina Grande. O grupo","og_url":"https:\/\/www.pm.pb.gov.br\/portal\/2013\/07\/10\/policia_desarticula_quadrilha_acusada_de_assalto_e_trafico\/","og_site_name":"Pol\u00edcia Militar da Para\u00edba","article_published_time":"2013-07-10T12:07:01+00:00","og_image":[{"width":500,"height":375,"url":"https:\/\/www.pm.pb.gov.br\/portal\/wp-content\/uploads\/2013\/07\/8252_10745.jpg","type":"image\/jpeg"}],"author":"Assessoria de Imprensa da PMPB","twitter_card":"summary_large_image","twitter_misc":{"Escrito por":"Assessoria de Imprensa da PMPB","Est. tempo de leitura":"1 minuto"},"schema":{"@context":"https:\/\/schema.org","@graph":[{"@type":"Article","@id":"https:\/\/www.pm.pb.gov.br\/portal\/2013\/07\/10\/policia_desarticula_quadrilha_acusada_de_assalto_e_trafico\/#article","isPartOf":{"@id":"https:\/\/www.pm.pb.gov.br\/portal\/2013\/07\/10\/policia_desarticula_quadrilha_acusada_de_assalto_e_trafico\/"},"author":{"name":"Assessoria de Imprensa da PMPB","@id":"https:\/\/www.pm.pb.gov.br\/portal\/#\/schema\/person\/e8454f46651c3ecf0e1ba3c1666d9947"},"headline":"Pol\u00edcia desarticula quadrilha acusada de assalto e tr\u00e1fico","datePublished":"2013-07-10T12:07:01+00:00","dateModified":"2013-07-10T12:07:01+00:00","mainEntityOfPage":{"@id":"https:\/\/www.pm.pb.gov.br\/portal\/2013\/07\/10\/policia_desarticula_quadrilha_acusada_de_assalto_e_trafico\/"},"wordCount":283,"publisher":{"@id":"https:\/\/www.pm.pb.gov.br\/portal\/#organization"},"articleSection":["A\u00e7\u00f5es Policiais"],"inLanguage":"pt-BR"},{"@type":"WebPage","@id":"https:\/\/www.pm.pb.gov.br\/portal\/2013\/07\/10\/policia_desarticula_quadrilha_acusada_de_assalto_e_trafico\/","url":"https:\/\/www.pm.pb.gov.br\/portal\/2013\/07\/10\/policia_desarticula_quadrilha_acusada_de_assalto_e_trafico\/","name":"Pol\u00edcia desarticula quadrilha acusada de assalto e tr\u00e1fico - Pol\u00edcia Militar da Para\u00edba","isPartOf":{"@id":"https:\/\/www.pm.pb.gov.br\/portal\/#website"},"datePublished":"2013-07-10T12:07:01+00:00","dateModified":"2013-07-10T12:07:01+00:00","breadcrumb":{"@id":"https:\/\/www.pm.pb.gov.br\/portal\/2013\/07\/10\/policia_desarticula_quadrilha_acusada_de_assalto_e_trafico\/#breadcrumb"},"inLanguage":"pt-BR","potentialAction":[{"@type":"ReadAction","target":["https:\/\/www.pm.pb.gov.br\/portal\/2013\/07\/10\/policia_desarticula_quadrilha_acusada_de_assalto_e_trafico\/"]}]},{"@type":"BreadcrumbList","@id":"https:\/\/www.pm.pb.gov.br\/portal\/2013\/07\/10\/policia_desarticula_quadrilha_acusada_de_assalto_e_trafico\/#breadcrumb","itemListElement":[{"@type":"ListItem","position":1,"name":"In\u00edcio","item":"https:\/\/www.pm.pb.gov.br\/portal\/"},{"@type":"ListItem","position":2,"name":"Pol\u00edcia desarticula quadrilha acusada de assalto e tr\u00e1fico"}]},{"@type":"WebSite","@id":"https:\/\/www.pm.pb.gov.br\/portal\/#website","url":"https:\/\/www.pm.pb.gov.br\/portal\/","name":"Pol\u00edcia Militar da Para\u00edba","description":"","publisher":{"@id":"https:\/\/www.pm.pb.gov.br\/portal\/#organization"},"potentialAction":[{"@type":"SearchAction","target":{"@type":"EntryPoint","urlTemplate":"https:\/\/www.pm.pb.gov.br\/portal\/?s={search_term_string}"},"query-input":"required name=search_term_string"}],"inLanguage":"pt-BR"},{"@type":"Organization","@id":"https:\/\/www.pm.pb.gov.br\/portal\/#organization","name":"Pol\u00edcia Militar da Para\u00edba","url":"https:\/\/www.pm.pb.gov.br\/portal\/","logo":{"@type":"ImageObject","inLanguage":"pt-BR","@id":"https:\/\/www.pm.pb.gov.br\/portal\/#\/schema\/logo\/image\/","url":"https:\/\/www.pm.pb.gov.br\/portal\/wp-content\/uploads\/2025\/03\/cropped-logo-site-mag2-1.png","contentUrl":"https:\/\/www.pm.pb.gov.br\/portal\/wp-content\/uploads\/2025\/03\/cropped-logo-site-mag2-1.png","width":320,"height":90,"caption":"Pol\u00edcia Militar da Para\u00edba"},"image":{"@id":"https:\/\/www.pm.pb.gov.br\/portal\/#\/schema\/logo\/image\/"}},{"@type":"Person","@id":"https:\/\/www.pm.pb.gov.br\/portal\/#\/schema\/person\/e8454f46651c3ecf0e1ba3c1666d9947","name":"Assessoria de Imprensa da PMPB","image":{"@type":"ImageObject","inLanguage":"pt-BR","@id":"https:\/\/www.pm.pb.gov.br\/portal\/#\/schema\/person\/image\/","url":"https:\/\/secure.gravatar.com\/avatar\/2efe197438265d1e90bd98c4c8e1acf8?s=96&d=mm&r=g","contentUrl":"https:\/\/secure.gravatar.com\/avatar\/2efe197438265d1e90bd98c4c8e1acf8?s=96&d=mm&r=g","caption":"Assessoria de Imprensa da PMPB"},"url":"https:\/\/www.pm.pb.gov.br\/portal\/author\/assessoria\/"}]}},"_links":{"self":[{"href":"https:\/\/www.pm.pb.gov.br\/portal\/wp-json\/wp\/v2\/posts\/892091"}],"collection":[{"href":"https:\/\/www.pm.pb.gov.br\/portal\/wp-json\/wp\/v2\/posts"}],"about":[{"href":"https:\/\/www.pm.pb.gov.br\/portal\/wp-json\/wp\/v2\/types\/post"}],"author":[{"embeddable":true,"href":"https:\/\/www.pm.pb.gov.br\/portal\/wp-json\/wp\/v2\/users\/5"}],"replies":[{"embeddable":true,"href":"https:\/\/www.pm.pb.gov.br\/portal\/wp-json\/wp\/v2\/comments?post=892091"}],"version-history":[{"count":0,"href":"https:\/\/www.pm.pb.gov.br\/portal\/wp-json\/wp\/v2\/posts\/892091\/revisions"}],"wp:featuredmedia":[{"embeddable":true,"href":"https:\/\/www.pm.pb.gov.br\/portal\/wp-json\/wp\/v2\/media\/10745"}],"wp:attachment":[{"href":"https:\/\/www.pm.pb.gov.br\/portal\/wp-json\/wp\/v2\/media?parent=892091"}],"wp:term":[{"taxonomy":"category","embeddable":true,"href":"https:\/\/www.pm.pb.gov.br\/portal\/wp-json\/wp\/v2\/categories?post=892091"},{"taxonomy":"post_tag","embeddable":true,"href":"https:\/\/www.pm.pb.gov.br\/portal\/wp-json\/wp\/v2\/tags?post=892091"}],"curies":[{"name":"wp","href":"https:\/\/api.w.org\/{rel}","templated":true}]}}