{"id":892084,"date":"2013-07-02T12:07:43","date_gmt":"2013-07-02T15:07:43","guid":{"rendered":"http:\/\/www.pm.pb.gov.br\/portal\/2013\/07\/policia_intervem_rapido_e_evita_suicidio_em_joao_pessoa\/"},"modified":"2013-07-02T12:07:43","modified_gmt":"2013-07-02T15:07:43","slug":"policia_intervem_rapido_e_evita_suicidio_em_joao_pessoa","status":"publish","type":"post","link":"https:\/\/www.pm.pb.gov.br\/portal\/2013\/07\/02\/policia_intervem_rapido_e_evita_suicidio_em_joao_pessoa\/","title":{"rendered":"Pol\u00edcia interv\u00e9m r\u00e1pido e evita suic\u00eddio em Jo\u00e3o Pessoa"},"content":{"rendered":"<figure style=\"width: 500px\" class=\"wp-caption alignnone\"><img decoding=\"async\" class=\"alignnone size-medium\" src=\"http:\/\/www.pm.pb.gov.br\/portal\/wp-content\/uploads\/2013\/07\/8232_10707.jpg\" title=\"Policiais iniciaram as negocia\u00e7\u00f5es e conseguiram convencer o carpinteiro a entregar as armas e sair de casa\" width=\"100%\" \/><figcaption class=\"wp-caption-text\">Policiais iniciaram as negocia\u00e7\u00f5es e conseguiram convencer o carpinteiro a entregar as armas e sair de casa<\/figcaption><\/figure>\n<div style=\"text-align: justify;\">Policiais militares que faziam rondas de rotina no bairro da Torre, em Jo\u00e3o Pessoa, foram acionados por populares e evitaram que um carpinteiro aposentado, de posse de armas brancas, cometesse suic\u00eddio e amea\u00e7asse a seguran\u00e7a de vizinhos. O caso foi registrado por volta das 11h desta ter\u00e7a-feira (02), na Vila Patriarca.<\/p>\n<p>Segundo o comandante do 1\u00ba Batalh\u00e3o (1\u00ba BPM), tenente coronel Almeida Martins, a viatura que ele coordenava foi a primeira a chegar ao local e iniciar o gerenciamento de crise. Foi pedido refor\u00e7o e integrantes do Choque chegaram para isolar a \u00e1rea. \u0093O homem cortou o fio do botij\u00e3o de g\u00e1s e amea\u00e7ou por fogo em toda a casa, o que poderia afetar as resid\u00eancias vizinhas j\u00e1 que a comunidade possui edifica\u00e7\u00f5es bem pr\u00f3ximas umas das outras\u0094, contou Almeida.<\/p>\n<p>Segundo a fam\u00edlia, o carpinteiro aposentado Remo Batista de Moraes, 42 anos, tem problemas mentais e chegou a ser internado em unidades psiqui\u00e1tricas diversas vezes. Passava um per\u00edodo em casa, quando teve mais uma crise nesta manh\u00e3. Como a pol\u00edcia militar passava pelo local e deu uma pronta-resposta, o rapaz acabou saindo de casa sem nenhum ferimento.<\/p>\n<p> Conforme o tenente coronel Almeida, um major PM, integrante da Diretoria de Sa\u00fade da corpora\u00e7\u00e3o, foi chamado para ajudar nas negocia\u00e7\u00f5es com o carpinteiro. \u0093O PM \u00e9 amigo do rapaz, que exigiu que ele estivesse presente para a negocia\u00e7\u00e3o\u0094, contou. Ap\u00f3s meia hora trancado dentro de casa, o carpinteiro permitiu que o major e outros PMs entrassem no local.<\/p>\n<p>\u0093Convencemos o carpinteiro a entregar as armas e sair de casa, o que aconteceu por volta das 12h, quando ele foi levado para uma ambul\u00e2ncia do Servi\u00e7o de Atendimento M\u00f3vel de Urg\u00eancia, que j\u00e1 estava no local esperando para fazer um poss\u00edvel atendimento\u0094, detalhou Almeida, ao destacar que tudo terminou bem. O carpinteiro \u00e9 casado e tem filhos, mas colocou toda a fam\u00edlia para fora de casa antes de iniciar as amea\u00e7as a si mesmo e aos vizinhos. Cerca de 15 policiais militares participaram da ocorr\u00eancia, al\u00e9m de oito Bombeiros e equipes do Samu.<\/p>\n<div class=\"row\" align=\"center\"><a href=\"http:\/\/www.pm.pb.gov.br\/exportacao\/fotos_noticias\/8232_10708.jpg\"><figure style=\"width: 500px\" class=\"wp-caption alignnone\"><img decoding=\"async\" class=\"image-responsive\" src=\"http:\/\/www.pm.pb.gov.br\/exportacao\/fotos_noticias\/8232_10708.jpg\" title=\"Ocorr\u00eancia foi registrada na Vila Patriarca, na Torre\" width=\"100%\" \/><figcaption class=\"wp-caption-text\">Ocorr\u00eancia foi registrada na Vila Patriarca, na Torre<\/figcaption><\/figure><\/a><a href=\"http:\/\/www.pm.pb.gov.br\/portal\/wp-content\/uploads\/2013\/07\/8232_10709.jpg\"><figure style=\"width: 500px\" class=\"wp-caption alignnone\"><img decoding=\"async\" class=\"image-responsive\" src=\"http:\/\/www.pm.pb.gov.br\/portal\/wp-content\/uploads\/2013\/07\/8232_10709.jpg\" title=\"Choque foi chamado para dar apoio\" width=\"100%\" \/><figcaption class=\"wp-caption-text\">Choque foi chamado para dar apoio<\/figcaption><\/figure><\/a><\/div>\n<\/div>\n","protected":false},"excerpt":{"rendered":"<p>Policiais militares que faziam rondas de rotina no bairro da Torre, em Jo\u00e3o Pessoa, foram acionados por populares e evitaram<\/p>\n","protected":false},"author":5,"featured_media":10707,"comment_status":"closed","ping_status":"closed","sticky":false,"template":"","format":"standard","meta":{"_exactmetrics_skip_tracking":false,"_exactmetrics_sitenote_active":false,"_exactmetrics_sitenote_note":"","_exactmetrics_sitenote_category":0,"footnotes":""},"categories":[4],"tags":[],"yoast_head":"<!-- This site is optimized with the Yoast SEO plugin v22.0 - https:\/\/yoast.com\/wordpress\/plugins\/seo\/ -->\n<title>Pol\u00edcia interv\u00e9m r\u00e1pido e evita suic\u00eddio em Jo\u00e3o Pessoa - Pol\u00edcia Militar da Para\u00edba<\/title>\n<meta name=\"robots\" content=\"index, follow, max-snippet:-1, max-image-preview:large, max-video-preview:-1\" \/>\n<link rel=\"canonical\" href=\"https:\/\/www.pm.pb.gov.br\/portal\/2013\/07\/02\/policia_intervem_rapido_e_evita_suicidio_em_joao_pessoa\/\" \/>\n<meta property=\"og:locale\" content=\"pt_BR\" \/>\n<meta property=\"og:type\" content=\"article\" \/>\n<meta property=\"og:title\" content=\"Pol\u00edcia interv\u00e9m r\u00e1pido e evita suic\u00eddio em Jo\u00e3o Pessoa - Pol\u00edcia Militar da Para\u00edba\" \/>\n<meta property=\"og:description\" content=\"Policiais militares que faziam rondas de rotina no bairro da Torre, em Jo\u00e3o Pessoa, foram acionados por populares e evitaram\" \/>\n<meta property=\"og:url\" content=\"https:\/\/www.pm.pb.gov.br\/portal\/2013\/07\/02\/policia_intervem_rapido_e_evita_suicidio_em_joao_pessoa\/\" \/>\n<meta property=\"og:site_name\" content=\"Pol\u00edcia Militar da Para\u00edba\" \/>\n<meta property=\"article:published_time\" content=\"2013-07-02T15:07:43+00:00\" \/>\n<meta property=\"og:image\" content=\"https:\/\/www.pm.pb.gov.br\/portal\/wp-content\/uploads\/2013\/07\/8232_10707.jpg\" \/>\n\t<meta property=\"og:image:width\" content=\"500\" \/>\n\t<meta property=\"og:image:height\" content=\"375\" \/>\n\t<meta property=\"og:image:type\" content=\"image\/jpeg\" \/>\n<meta name=\"author\" content=\"Assessoria de Imprensa da PMPB\" \/>\n<meta name=\"twitter:card\" content=\"summary_large_image\" \/>\n<meta name=\"twitter:label1\" content=\"Escrito por\" \/>\n\t<meta name=\"twitter:data1\" content=\"Assessoria de Imprensa da PMPB\" \/>\n\t<meta name=\"twitter:label2\" content=\"Est. tempo de leitura\" \/>\n\t<meta name=\"twitter:data2\" content=\"2 minutos\" \/>\n<script type=\"application\/ld+json\" class=\"yoast-schema-graph\">{\"@context\":\"https:\/\/schema.org\",\"@graph\":[{\"@type\":\"Article\",\"@id\":\"https:\/\/www.pm.pb.gov.br\/portal\/2013\/07\/02\/policia_intervem_rapido_e_evita_suicidio_em_joao_pessoa\/#article\",\"isPartOf\":{\"@id\":\"https:\/\/www.pm.pb.gov.br\/portal\/2013\/07\/02\/policia_intervem_rapido_e_evita_suicidio_em_joao_pessoa\/\"},\"author\":{\"name\":\"Assessoria de Imprensa da PMPB\",\"@id\":\"https:\/\/www.pm.pb.gov.br\/portal\/#\/schema\/person\/e8454f46651c3ecf0e1ba3c1666d9947\"},\"headline\":\"Pol\u00edcia interv\u00e9m r\u00e1pido e evita suic\u00eddio em Jo\u00e3o Pessoa\",\"datePublished\":\"2013-07-02T15:07:43+00:00\",\"dateModified\":\"2013-07-02T15:07:43+00:00\",\"mainEntityOfPage\":{\"@id\":\"https:\/\/www.pm.pb.gov.br\/portal\/2013\/07\/02\/policia_intervem_rapido_e_evita_suicidio_em_joao_pessoa\/\"},\"wordCount\":429,\"publisher\":{\"@id\":\"https:\/\/www.pm.pb.gov.br\/portal\/#organization\"},\"articleSection\":[\"A\u00e7\u00f5es Policiais\"],\"inLanguage\":\"pt-BR\"},{\"@type\":\"WebPage\",\"@id\":\"https:\/\/www.pm.pb.gov.br\/portal\/2013\/07\/02\/policia_intervem_rapido_e_evita_suicidio_em_joao_pessoa\/\",\"url\":\"https:\/\/www.pm.pb.gov.br\/portal\/2013\/07\/02\/policia_intervem_rapido_e_evita_suicidio_em_joao_pessoa\/\",\"name\":\"Pol\u00edcia interv\u00e9m r\u00e1pido e evita suic\u00eddio em Jo\u00e3o Pessoa - Pol\u00edcia Militar da Para\u00edba\",\"isPartOf\":{\"@id\":\"https:\/\/www.pm.pb.gov.br\/portal\/#website\"},\"datePublished\":\"2013-07-02T15:07:43+00:00\",\"dateModified\":\"2013-07-02T15:07:43+00:00\",\"breadcrumb\":{\"@id\":\"https:\/\/www.pm.pb.gov.br\/portal\/2013\/07\/02\/policia_intervem_rapido_e_evita_suicidio_em_joao_pessoa\/#breadcrumb\"},\"inLanguage\":\"pt-BR\",\"potentialAction\":[{\"@type\":\"ReadAction\",\"target\":[\"https:\/\/www.pm.pb.gov.br\/portal\/2013\/07\/02\/policia_intervem_rapido_e_evita_suicidio_em_joao_pessoa\/\"]}]},{\"@type\":\"BreadcrumbList\",\"@id\":\"https:\/\/www.pm.pb.gov.br\/portal\/2013\/07\/02\/policia_intervem_rapido_e_evita_suicidio_em_joao_pessoa\/#breadcrumb\",\"itemListElement\":[{\"@type\":\"ListItem\",\"position\":1,\"name\":\"In\u00edcio\",\"item\":\"https:\/\/www.pm.pb.gov.br\/portal\/\"},{\"@type\":\"ListItem\",\"position\":2,\"name\":\"Pol\u00edcia interv\u00e9m r\u00e1pido e evita suic\u00eddio em Jo\u00e3o Pessoa\"}]},{\"@type\":\"WebSite\",\"@id\":\"https:\/\/www.pm.pb.gov.br\/portal\/#website\",\"url\":\"https:\/\/www.pm.pb.gov.br\/portal\/\",\"name\":\"Pol\u00edcia Militar da Para\u00edba\",\"description\":\"\",\"publisher\":{\"@id\":\"https:\/\/www.pm.pb.gov.br\/portal\/#organization\"},\"potentialAction\":[{\"@type\":\"SearchAction\",\"target\":{\"@type\":\"EntryPoint\",\"urlTemplate\":\"https:\/\/www.pm.pb.gov.br\/portal\/?s={search_term_string}\"},\"query-input\":\"required name=search_term_string\"}],\"inLanguage\":\"pt-BR\"},{\"@type\":\"Organization\",\"@id\":\"https:\/\/www.pm.pb.gov.br\/portal\/#organization\",\"name\":\"Pol\u00edcia Militar da Para\u00edba\",\"url\":\"https:\/\/www.pm.pb.gov.br\/portal\/\",\"logo\":{\"@type\":\"ImageObject\",\"inLanguage\":\"pt-BR\",\"@id\":\"https:\/\/www.pm.pb.gov.br\/portal\/#\/schema\/logo\/image\/\",\"url\":\"https:\/\/www.pm.pb.gov.br\/portal\/wp-content\/uploads\/2025\/03\/cropped-logo-site-mag2-1.png\",\"contentUrl\":\"https:\/\/www.pm.pb.gov.br\/portal\/wp-content\/uploads\/2025\/03\/cropped-logo-site-mag2-1.png\",\"width\":320,\"height\":90,\"caption\":\"Pol\u00edcia Militar da Para\u00edba\"},\"image\":{\"@id\":\"https:\/\/www.pm.pb.gov.br\/portal\/#\/schema\/logo\/image\/\"}},{\"@type\":\"Person\",\"@id\":\"https:\/\/www.pm.pb.gov.br\/portal\/#\/schema\/person\/e8454f46651c3ecf0e1ba3c1666d9947\",\"name\":\"Assessoria de Imprensa da PMPB\",\"image\":{\"@type\":\"ImageObject\",\"inLanguage\":\"pt-BR\",\"@id\":\"https:\/\/www.pm.pb.gov.br\/portal\/#\/schema\/person\/image\/\",\"url\":\"https:\/\/secure.gravatar.com\/avatar\/2efe197438265d1e90bd98c4c8e1acf8?s=96&d=mm&r=g\",\"contentUrl\":\"https:\/\/secure.gravatar.com\/avatar\/2efe197438265d1e90bd98c4c8e1acf8?s=96&d=mm&r=g\",\"caption\":\"Assessoria de Imprensa da PMPB\"},\"url\":\"https:\/\/www.pm.pb.gov.br\/portal\/author\/assessoria\/\"}]}<\/script>\n<!-- \/ Yoast SEO plugin. -->","yoast_head_json":{"title":"Pol\u00edcia interv\u00e9m r\u00e1pido e evita suic\u00eddio em Jo\u00e3o Pessoa - Pol\u00edcia Militar da Para\u00edba","robots":{"index":"index","follow":"follow","max-snippet":"max-snippet:-1","max-image-preview":"max-image-preview:large","max-video-preview":"max-video-preview:-1"},"canonical":"https:\/\/www.pm.pb.gov.br\/portal\/2013\/07\/02\/policia_intervem_rapido_e_evita_suicidio_em_joao_pessoa\/","og_locale":"pt_BR","og_type":"article","og_title":"Pol\u00edcia interv\u00e9m r\u00e1pido e evita suic\u00eddio em Jo\u00e3o Pessoa - Pol\u00edcia Militar da Para\u00edba","og_description":"Policiais militares que faziam rondas de rotina no bairro da Torre, em Jo\u00e3o Pessoa, foram acionados por populares e evitaram","og_url":"https:\/\/www.pm.pb.gov.br\/portal\/2013\/07\/02\/policia_intervem_rapido_e_evita_suicidio_em_joao_pessoa\/","og_site_name":"Pol\u00edcia Militar da Para\u00edba","article_published_time":"2013-07-02T15:07:43+00:00","og_image":[{"width":500,"height":375,"url":"https:\/\/www.pm.pb.gov.br\/portal\/wp-content\/uploads\/2013\/07\/8232_10707.jpg","type":"image\/jpeg"}],"author":"Assessoria de Imprensa da PMPB","twitter_card":"summary_large_image","twitter_misc":{"Escrito por":"Assessoria de Imprensa da PMPB","Est. tempo de leitura":"2 minutos"},"schema":{"@context":"https:\/\/schema.org","@graph":[{"@type":"Article","@id":"https:\/\/www.pm.pb.gov.br\/portal\/2013\/07\/02\/policia_intervem_rapido_e_evita_suicidio_em_joao_pessoa\/#article","isPartOf":{"@id":"https:\/\/www.pm.pb.gov.br\/portal\/2013\/07\/02\/policia_intervem_rapido_e_evita_suicidio_em_joao_pessoa\/"},"author":{"name":"Assessoria de Imprensa da PMPB","@id":"https:\/\/www.pm.pb.gov.br\/portal\/#\/schema\/person\/e8454f46651c3ecf0e1ba3c1666d9947"},"headline":"Pol\u00edcia interv\u00e9m r\u00e1pido e evita suic\u00eddio em Jo\u00e3o Pessoa","datePublished":"2013-07-02T15:07:43+00:00","dateModified":"2013-07-02T15:07:43+00:00","mainEntityOfPage":{"@id":"https:\/\/www.pm.pb.gov.br\/portal\/2013\/07\/02\/policia_intervem_rapido_e_evita_suicidio_em_joao_pessoa\/"},"wordCount":429,"publisher":{"@id":"https:\/\/www.pm.pb.gov.br\/portal\/#organization"},"articleSection":["A\u00e7\u00f5es Policiais"],"inLanguage":"pt-BR"},{"@type":"WebPage","@id":"https:\/\/www.pm.pb.gov.br\/portal\/2013\/07\/02\/policia_intervem_rapido_e_evita_suicidio_em_joao_pessoa\/","url":"https:\/\/www.pm.pb.gov.br\/portal\/2013\/07\/02\/policia_intervem_rapido_e_evita_suicidio_em_joao_pessoa\/","name":"Pol\u00edcia interv\u00e9m r\u00e1pido e evita suic\u00eddio em Jo\u00e3o Pessoa - Pol\u00edcia Militar da Para\u00edba","isPartOf":{"@id":"https:\/\/www.pm.pb.gov.br\/portal\/#website"},"datePublished":"2013-07-02T15:07:43+00:00","dateModified":"2013-07-02T15:07:43+00:00","breadcrumb":{"@id":"https:\/\/www.pm.pb.gov.br\/portal\/2013\/07\/02\/policia_intervem_rapido_e_evita_suicidio_em_joao_pessoa\/#breadcrumb"},"inLanguage":"pt-BR","potentialAction":[{"@type":"ReadAction","target":["https:\/\/www.pm.pb.gov.br\/portal\/2013\/07\/02\/policia_intervem_rapido_e_evita_suicidio_em_joao_pessoa\/"]}]},{"@type":"BreadcrumbList","@id":"https:\/\/www.pm.pb.gov.br\/portal\/2013\/07\/02\/policia_intervem_rapido_e_evita_suicidio_em_joao_pessoa\/#breadcrumb","itemListElement":[{"@type":"ListItem","position":1,"name":"In\u00edcio","item":"https:\/\/www.pm.pb.gov.br\/portal\/"},{"@type":"ListItem","position":2,"name":"Pol\u00edcia interv\u00e9m r\u00e1pido e evita suic\u00eddio em Jo\u00e3o Pessoa"}]},{"@type":"WebSite","@id":"https:\/\/www.pm.pb.gov.br\/portal\/#website","url":"https:\/\/www.pm.pb.gov.br\/portal\/","name":"Pol\u00edcia Militar da Para\u00edba","description":"","publisher":{"@id":"https:\/\/www.pm.pb.gov.br\/portal\/#organization"},"potentialAction":[{"@type":"SearchAction","target":{"@type":"EntryPoint","urlTemplate":"https:\/\/www.pm.pb.gov.br\/portal\/?s={search_term_string}"},"query-input":"required name=search_term_string"}],"inLanguage":"pt-BR"},{"@type":"Organization","@id":"https:\/\/www.pm.pb.gov.br\/portal\/#organization","name":"Pol\u00edcia Militar da Para\u00edba","url":"https:\/\/www.pm.pb.gov.br\/portal\/","logo":{"@type":"ImageObject","inLanguage":"pt-BR","@id":"https:\/\/www.pm.pb.gov.br\/portal\/#\/schema\/logo\/image\/","url":"https:\/\/www.pm.pb.gov.br\/portal\/wp-content\/uploads\/2025\/03\/cropped-logo-site-mag2-1.png","contentUrl":"https:\/\/www.pm.pb.gov.br\/portal\/wp-content\/uploads\/2025\/03\/cropped-logo-site-mag2-1.png","width":320,"height":90,"caption":"Pol\u00edcia Militar da Para\u00edba"},"image":{"@id":"https:\/\/www.pm.pb.gov.br\/portal\/#\/schema\/logo\/image\/"}},{"@type":"Person","@id":"https:\/\/www.pm.pb.gov.br\/portal\/#\/schema\/person\/e8454f46651c3ecf0e1ba3c1666d9947","name":"Assessoria de Imprensa da PMPB","image":{"@type":"ImageObject","inLanguage":"pt-BR","@id":"https:\/\/www.pm.pb.gov.br\/portal\/#\/schema\/person\/image\/","url":"https:\/\/secure.gravatar.com\/avatar\/2efe197438265d1e90bd98c4c8e1acf8?s=96&d=mm&r=g","contentUrl":"https:\/\/secure.gravatar.com\/avatar\/2efe197438265d1e90bd98c4c8e1acf8?s=96&d=mm&r=g","caption":"Assessoria de Imprensa da PMPB"},"url":"https:\/\/www.pm.pb.gov.br\/portal\/author\/assessoria\/"}]}},"_links":{"self":[{"href":"https:\/\/www.pm.pb.gov.br\/portal\/wp-json\/wp\/v2\/posts\/892084"}],"collection":[{"href":"https:\/\/www.pm.pb.gov.br\/portal\/wp-json\/wp\/v2\/posts"}],"about":[{"href":"https:\/\/www.pm.pb.gov.br\/portal\/wp-json\/wp\/v2\/types\/post"}],"author":[{"embeddable":true,"href":"https:\/\/www.pm.pb.gov.br\/portal\/wp-json\/wp\/v2\/users\/5"}],"replies":[{"embeddable":true,"href":"https:\/\/www.pm.pb.gov.br\/portal\/wp-json\/wp\/v2\/comments?post=892084"}],"version-history":[{"count":0,"href":"https:\/\/www.pm.pb.gov.br\/portal\/wp-json\/wp\/v2\/posts\/892084\/revisions"}],"wp:featuredmedia":[{"embeddable":true,"href":"https:\/\/www.pm.pb.gov.br\/portal\/wp-json\/wp\/v2\/media\/10707"}],"wp:attachment":[{"href":"https:\/\/www.pm.pb.gov.br\/portal\/wp-json\/wp\/v2\/media?parent=892084"}],"wp:term":[{"taxonomy":"category","embeddable":true,"href":"https:\/\/www.pm.pb.gov.br\/portal\/wp-json\/wp\/v2\/categories?post=892084"},{"taxonomy":"post_tag","embeddable":true,"href":"https:\/\/www.pm.pb.gov.br\/portal\/wp-json\/wp\/v2\/tags?post=892084"}],"curies":[{"name":"wp","href":"https:\/\/api.w.org\/{rel}","templated":true}]}}