{"id":892063,"date":"2013-06-13T12:06:26","date_gmt":"2013-06-13T15:06:26","guid":{"rendered":"http:\/\/www.pm.pb.gov.br\/portal\/2013\/06\/policiais_evitam_assalto_a_motoristas_e_apreendem_adolescentes\/"},"modified":"2013-06-13T12:06:26","modified_gmt":"2013-06-13T15:06:26","slug":"policiais_evitam_assalto_a_motoristas_e_apreendem_adolescentes","status":"publish","type":"post","link":"https:\/\/www.pm.pb.gov.br\/portal\/2013\/06\/13\/policiais_evitam_assalto_a_motoristas_e_apreendem_adolescentes\/","title":{"rendered":"Policiais evitam assalto a motoristas e apreendem adolescentes"},"content":{"rendered":"<figure style=\"width: 500px\" class=\"wp-caption alignnone\"><img decoding=\"async\" class=\"alignnone size-medium\" src=\"http:\/\/www.pm.pb.gov.br\/portal\/wp-content\/uploads\/2013\/06\/8182_10624.jpg\" title=\"Material apreendido\" width=\"100%\" \/><figcaption class=\"wp-caption-text\">Material apreendido<\/figcaption><\/figure>\n<div style=\"text-align: justify;\">Os policiais do 5\u00ba Batalh\u00e3o de Pol\u00edcia Militar apreenderam, na tarde desta quarta-feira (12), dois adolescentes (de 16 anos cada) que estavam em uma moto furtada tentando assaltar os motociclistas que passavam pela Avenida Hilton Souto Maior, no bairro do Jos\u00e9 Am\u00e9rico. Toda a a\u00e7\u00e3o foi percebida pelo soldado recruta Ivan Teot\u00f4nio, que solicitou apoio policial e seguiu os dois suspeitos.<\/p>\n<p>Poucos minutos depois, a viatura comandada pelo Subtenente Daniel Alves chegou ao local e fez a abordagem aos dois. Com eles foi encontrado um rev\u00f3lver calibre 38 e recuperada a moto em que eles estavam \u0096 que foi furtada h\u00e1 dois meses no bairro dos Banc\u00e1rios.<\/p>\n<p>Eles tamb\u00e9m s\u00e3o suspeitos de assaltar uma loja de frutas e verduras, no mesmo dia, no bairro de Mana\u00edra. A dupla foi levada para a Delegacia da Inf\u00e2ncia e Juventude, no Centro da Capital. Um dos jovens j\u00e1 responde por roubo.<\/p>\n<p>O Comandante do 5\u00ba BPM, Tenente Coronel L\u00edvio Delgado destacou a atitude do futuro soldado. \u0093Ele mostrou empenho para servir a sociedade, agiu com cautela e contribuiu significativa para a retirara desses adolescentes de circula\u00e7\u00e3o, o que demonstra a dedica\u00e7\u00e3o dos policiais que logo estar\u00e3o nas ruas atuando conosco para promover a paz social\u0094, frisou.<\/p>\n<div class=\"row\" align=\"center\"><\/div>\n<\/div>\n","protected":false},"excerpt":{"rendered":"<p>Os policiais do 5\u00ba Batalh\u00e3o de Pol\u00edcia Militar apreenderam, na tarde desta quarta-feira (12), dois adolescentes (de 16 anos cada)<\/p>\n","protected":false},"author":5,"featured_media":10624,"comment_status":"closed","ping_status":"closed","sticky":false,"template":"","format":"standard","meta":{"_exactmetrics_skip_tracking":false,"_exactmetrics_sitenote_active":false,"_exactmetrics_sitenote_note":"","_exactmetrics_sitenote_category":0,"footnotes":""},"categories":[4],"tags":[],"yoast_head":"<!-- This site is optimized with the Yoast SEO plugin v22.0 - https:\/\/yoast.com\/wordpress\/plugins\/seo\/ -->\n<title>Policiais evitam assalto a motoristas e apreendem adolescentes - Pol\u00edcia Militar da Para\u00edba<\/title>\n<meta name=\"robots\" content=\"index, follow, max-snippet:-1, max-image-preview:large, max-video-preview:-1\" \/>\n<link rel=\"canonical\" href=\"https:\/\/www.pm.pb.gov.br\/portal\/2013\/06\/13\/policiais_evitam_assalto_a_motoristas_e_apreendem_adolescentes\/\" \/>\n<meta property=\"og:locale\" content=\"pt_BR\" \/>\n<meta property=\"og:type\" content=\"article\" \/>\n<meta property=\"og:title\" content=\"Policiais evitam assalto a motoristas e apreendem adolescentes - Pol\u00edcia Militar da Para\u00edba\" \/>\n<meta property=\"og:description\" content=\"Os policiais do 5\u00ba Batalh\u00e3o de Pol\u00edcia Militar apreenderam, na tarde desta quarta-feira (12), dois adolescentes (de 16 anos cada)\" \/>\n<meta property=\"og:url\" content=\"https:\/\/www.pm.pb.gov.br\/portal\/2013\/06\/13\/policiais_evitam_assalto_a_motoristas_e_apreendem_adolescentes\/\" \/>\n<meta property=\"og:site_name\" content=\"Pol\u00edcia Militar da Para\u00edba\" \/>\n<meta property=\"article:published_time\" content=\"2013-06-13T15:06:26+00:00\" \/>\n<meta property=\"og:image\" content=\"https:\/\/www.pm.pb.gov.br\/portal\/wp-content\/uploads\/2013\/06\/8182_10624.jpg\" \/>\n\t<meta property=\"og:image:width\" content=\"500\" \/>\n\t<meta property=\"og:image:height\" content=\"373\" \/>\n\t<meta property=\"og:image:type\" content=\"image\/jpeg\" \/>\n<meta name=\"author\" content=\"Assessoria de Imprensa da PMPB\" \/>\n<meta name=\"twitter:card\" content=\"summary_large_image\" \/>\n<meta name=\"twitter:label1\" content=\"Escrito por\" \/>\n\t<meta name=\"twitter:data1\" content=\"Assessoria de Imprensa da PMPB\" \/>\n\t<meta name=\"twitter:label2\" content=\"Est. tempo de leitura\" \/>\n\t<meta name=\"twitter:data2\" content=\"1 minuto\" \/>\n<script type=\"application\/ld+json\" class=\"yoast-schema-graph\">{\"@context\":\"https:\/\/schema.org\",\"@graph\":[{\"@type\":\"Article\",\"@id\":\"https:\/\/www.pm.pb.gov.br\/portal\/2013\/06\/13\/policiais_evitam_assalto_a_motoristas_e_apreendem_adolescentes\/#article\",\"isPartOf\":{\"@id\":\"https:\/\/www.pm.pb.gov.br\/portal\/2013\/06\/13\/policiais_evitam_assalto_a_motoristas_e_apreendem_adolescentes\/\"},\"author\":{\"name\":\"Assessoria de Imprensa da PMPB\",\"@id\":\"https:\/\/www.pm.pb.gov.br\/portal\/#\/schema\/person\/e8454f46651c3ecf0e1ba3c1666d9947\"},\"headline\":\"Policiais evitam assalto a motoristas e apreendem adolescentes\",\"datePublished\":\"2013-06-13T15:06:26+00:00\",\"dateModified\":\"2013-06-13T15:06:26+00:00\",\"mainEntityOfPage\":{\"@id\":\"https:\/\/www.pm.pb.gov.br\/portal\/2013\/06\/13\/policiais_evitam_assalto_a_motoristas_e_apreendem_adolescentes\/\"},\"wordCount\":228,\"publisher\":{\"@id\":\"https:\/\/www.pm.pb.gov.br\/portal\/#organization\"},\"articleSection\":[\"A\u00e7\u00f5es Policiais\"],\"inLanguage\":\"pt-BR\"},{\"@type\":\"WebPage\",\"@id\":\"https:\/\/www.pm.pb.gov.br\/portal\/2013\/06\/13\/policiais_evitam_assalto_a_motoristas_e_apreendem_adolescentes\/\",\"url\":\"https:\/\/www.pm.pb.gov.br\/portal\/2013\/06\/13\/policiais_evitam_assalto_a_motoristas_e_apreendem_adolescentes\/\",\"name\":\"Policiais evitam assalto a motoristas e apreendem adolescentes - Pol\u00edcia Militar da Para\u00edba\",\"isPartOf\":{\"@id\":\"https:\/\/www.pm.pb.gov.br\/portal\/#website\"},\"datePublished\":\"2013-06-13T15:06:26+00:00\",\"dateModified\":\"2013-06-13T15:06:26+00:00\",\"breadcrumb\":{\"@id\":\"https:\/\/www.pm.pb.gov.br\/portal\/2013\/06\/13\/policiais_evitam_assalto_a_motoristas_e_apreendem_adolescentes\/#breadcrumb\"},\"inLanguage\":\"pt-BR\",\"potentialAction\":[{\"@type\":\"ReadAction\",\"target\":[\"https:\/\/www.pm.pb.gov.br\/portal\/2013\/06\/13\/policiais_evitam_assalto_a_motoristas_e_apreendem_adolescentes\/\"]}]},{\"@type\":\"BreadcrumbList\",\"@id\":\"https:\/\/www.pm.pb.gov.br\/portal\/2013\/06\/13\/policiais_evitam_assalto_a_motoristas_e_apreendem_adolescentes\/#breadcrumb\",\"itemListElement\":[{\"@type\":\"ListItem\",\"position\":1,\"name\":\"In\u00edcio\",\"item\":\"https:\/\/www.pm.pb.gov.br\/portal\/\"},{\"@type\":\"ListItem\",\"position\":2,\"name\":\"Policiais evitam assalto a motoristas e apreendem adolescentes\"}]},{\"@type\":\"WebSite\",\"@id\":\"https:\/\/www.pm.pb.gov.br\/portal\/#website\",\"url\":\"https:\/\/www.pm.pb.gov.br\/portal\/\",\"name\":\"Pol\u00edcia Militar da Para\u00edba\",\"description\":\"\",\"publisher\":{\"@id\":\"https:\/\/www.pm.pb.gov.br\/portal\/#organization\"},\"potentialAction\":[{\"@type\":\"SearchAction\",\"target\":{\"@type\":\"EntryPoint\",\"urlTemplate\":\"https:\/\/www.pm.pb.gov.br\/portal\/?s={search_term_string}\"},\"query-input\":\"required name=search_term_string\"}],\"inLanguage\":\"pt-BR\"},{\"@type\":\"Organization\",\"@id\":\"https:\/\/www.pm.pb.gov.br\/portal\/#organization\",\"name\":\"Pol\u00edcia Militar da Para\u00edba\",\"url\":\"https:\/\/www.pm.pb.gov.br\/portal\/\",\"logo\":{\"@type\":\"ImageObject\",\"inLanguage\":\"pt-BR\",\"@id\":\"https:\/\/www.pm.pb.gov.br\/portal\/#\/schema\/logo\/image\/\",\"url\":\"https:\/\/www.pm.pb.gov.br\/portal\/wp-content\/uploads\/2025\/03\/cropped-logo-site-mag2-1.png\",\"contentUrl\":\"https:\/\/www.pm.pb.gov.br\/portal\/wp-content\/uploads\/2025\/03\/cropped-logo-site-mag2-1.png\",\"width\":320,\"height\":90,\"caption\":\"Pol\u00edcia Militar da Para\u00edba\"},\"image\":{\"@id\":\"https:\/\/www.pm.pb.gov.br\/portal\/#\/schema\/logo\/image\/\"}},{\"@type\":\"Person\",\"@id\":\"https:\/\/www.pm.pb.gov.br\/portal\/#\/schema\/person\/e8454f46651c3ecf0e1ba3c1666d9947\",\"name\":\"Assessoria de Imprensa da PMPB\",\"image\":{\"@type\":\"ImageObject\",\"inLanguage\":\"pt-BR\",\"@id\":\"https:\/\/www.pm.pb.gov.br\/portal\/#\/schema\/person\/image\/\",\"url\":\"https:\/\/secure.gravatar.com\/avatar\/2efe197438265d1e90bd98c4c8e1acf8?s=96&d=mm&r=g\",\"contentUrl\":\"https:\/\/secure.gravatar.com\/avatar\/2efe197438265d1e90bd98c4c8e1acf8?s=96&d=mm&r=g\",\"caption\":\"Assessoria de Imprensa da PMPB\"},\"url\":\"https:\/\/www.pm.pb.gov.br\/portal\/author\/assessoria\/\"}]}<\/script>\n<!-- \/ Yoast SEO plugin. -->","yoast_head_json":{"title":"Policiais evitam assalto a motoristas e apreendem adolescentes - Pol\u00edcia Militar da Para\u00edba","robots":{"index":"index","follow":"follow","max-snippet":"max-snippet:-1","max-image-preview":"max-image-preview:large","max-video-preview":"max-video-preview:-1"},"canonical":"https:\/\/www.pm.pb.gov.br\/portal\/2013\/06\/13\/policiais_evitam_assalto_a_motoristas_e_apreendem_adolescentes\/","og_locale":"pt_BR","og_type":"article","og_title":"Policiais evitam assalto a motoristas e apreendem adolescentes - Pol\u00edcia Militar da Para\u00edba","og_description":"Os policiais do 5\u00ba Batalh\u00e3o de Pol\u00edcia Militar apreenderam, na tarde desta quarta-feira (12), dois adolescentes (de 16 anos cada)","og_url":"https:\/\/www.pm.pb.gov.br\/portal\/2013\/06\/13\/policiais_evitam_assalto_a_motoristas_e_apreendem_adolescentes\/","og_site_name":"Pol\u00edcia Militar da Para\u00edba","article_published_time":"2013-06-13T15:06:26+00:00","og_image":[{"width":500,"height":373,"url":"https:\/\/www.pm.pb.gov.br\/portal\/wp-content\/uploads\/2013\/06\/8182_10624.jpg","type":"image\/jpeg"}],"author":"Assessoria de Imprensa da PMPB","twitter_card":"summary_large_image","twitter_misc":{"Escrito por":"Assessoria de Imprensa da PMPB","Est. tempo de leitura":"1 minuto"},"schema":{"@context":"https:\/\/schema.org","@graph":[{"@type":"Article","@id":"https:\/\/www.pm.pb.gov.br\/portal\/2013\/06\/13\/policiais_evitam_assalto_a_motoristas_e_apreendem_adolescentes\/#article","isPartOf":{"@id":"https:\/\/www.pm.pb.gov.br\/portal\/2013\/06\/13\/policiais_evitam_assalto_a_motoristas_e_apreendem_adolescentes\/"},"author":{"name":"Assessoria de Imprensa da PMPB","@id":"https:\/\/www.pm.pb.gov.br\/portal\/#\/schema\/person\/e8454f46651c3ecf0e1ba3c1666d9947"},"headline":"Policiais evitam assalto a motoristas e apreendem adolescentes","datePublished":"2013-06-13T15:06:26+00:00","dateModified":"2013-06-13T15:06:26+00:00","mainEntityOfPage":{"@id":"https:\/\/www.pm.pb.gov.br\/portal\/2013\/06\/13\/policiais_evitam_assalto_a_motoristas_e_apreendem_adolescentes\/"},"wordCount":228,"publisher":{"@id":"https:\/\/www.pm.pb.gov.br\/portal\/#organization"},"articleSection":["A\u00e7\u00f5es Policiais"],"inLanguage":"pt-BR"},{"@type":"WebPage","@id":"https:\/\/www.pm.pb.gov.br\/portal\/2013\/06\/13\/policiais_evitam_assalto_a_motoristas_e_apreendem_adolescentes\/","url":"https:\/\/www.pm.pb.gov.br\/portal\/2013\/06\/13\/policiais_evitam_assalto_a_motoristas_e_apreendem_adolescentes\/","name":"Policiais evitam assalto a motoristas e apreendem adolescentes - Pol\u00edcia Militar da Para\u00edba","isPartOf":{"@id":"https:\/\/www.pm.pb.gov.br\/portal\/#website"},"datePublished":"2013-06-13T15:06:26+00:00","dateModified":"2013-06-13T15:06:26+00:00","breadcrumb":{"@id":"https:\/\/www.pm.pb.gov.br\/portal\/2013\/06\/13\/policiais_evitam_assalto_a_motoristas_e_apreendem_adolescentes\/#breadcrumb"},"inLanguage":"pt-BR","potentialAction":[{"@type":"ReadAction","target":["https:\/\/www.pm.pb.gov.br\/portal\/2013\/06\/13\/policiais_evitam_assalto_a_motoristas_e_apreendem_adolescentes\/"]}]},{"@type":"BreadcrumbList","@id":"https:\/\/www.pm.pb.gov.br\/portal\/2013\/06\/13\/policiais_evitam_assalto_a_motoristas_e_apreendem_adolescentes\/#breadcrumb","itemListElement":[{"@type":"ListItem","position":1,"name":"In\u00edcio","item":"https:\/\/www.pm.pb.gov.br\/portal\/"},{"@type":"ListItem","position":2,"name":"Policiais evitam assalto a motoristas e apreendem adolescentes"}]},{"@type":"WebSite","@id":"https:\/\/www.pm.pb.gov.br\/portal\/#website","url":"https:\/\/www.pm.pb.gov.br\/portal\/","name":"Pol\u00edcia Militar da Para\u00edba","description":"","publisher":{"@id":"https:\/\/www.pm.pb.gov.br\/portal\/#organization"},"potentialAction":[{"@type":"SearchAction","target":{"@type":"EntryPoint","urlTemplate":"https:\/\/www.pm.pb.gov.br\/portal\/?s={search_term_string}"},"query-input":"required name=search_term_string"}],"inLanguage":"pt-BR"},{"@type":"Organization","@id":"https:\/\/www.pm.pb.gov.br\/portal\/#organization","name":"Pol\u00edcia Militar da Para\u00edba","url":"https:\/\/www.pm.pb.gov.br\/portal\/","logo":{"@type":"ImageObject","inLanguage":"pt-BR","@id":"https:\/\/www.pm.pb.gov.br\/portal\/#\/schema\/logo\/image\/","url":"https:\/\/www.pm.pb.gov.br\/portal\/wp-content\/uploads\/2025\/03\/cropped-logo-site-mag2-1.png","contentUrl":"https:\/\/www.pm.pb.gov.br\/portal\/wp-content\/uploads\/2025\/03\/cropped-logo-site-mag2-1.png","width":320,"height":90,"caption":"Pol\u00edcia Militar da Para\u00edba"},"image":{"@id":"https:\/\/www.pm.pb.gov.br\/portal\/#\/schema\/logo\/image\/"}},{"@type":"Person","@id":"https:\/\/www.pm.pb.gov.br\/portal\/#\/schema\/person\/e8454f46651c3ecf0e1ba3c1666d9947","name":"Assessoria de Imprensa da PMPB","image":{"@type":"ImageObject","inLanguage":"pt-BR","@id":"https:\/\/www.pm.pb.gov.br\/portal\/#\/schema\/person\/image\/","url":"https:\/\/secure.gravatar.com\/avatar\/2efe197438265d1e90bd98c4c8e1acf8?s=96&d=mm&r=g","contentUrl":"https:\/\/secure.gravatar.com\/avatar\/2efe197438265d1e90bd98c4c8e1acf8?s=96&d=mm&r=g","caption":"Assessoria de Imprensa da PMPB"},"url":"https:\/\/www.pm.pb.gov.br\/portal\/author\/assessoria\/"}]}},"_links":{"self":[{"href":"https:\/\/www.pm.pb.gov.br\/portal\/wp-json\/wp\/v2\/posts\/892063"}],"collection":[{"href":"https:\/\/www.pm.pb.gov.br\/portal\/wp-json\/wp\/v2\/posts"}],"about":[{"href":"https:\/\/www.pm.pb.gov.br\/portal\/wp-json\/wp\/v2\/types\/post"}],"author":[{"embeddable":true,"href":"https:\/\/www.pm.pb.gov.br\/portal\/wp-json\/wp\/v2\/users\/5"}],"replies":[{"embeddable":true,"href":"https:\/\/www.pm.pb.gov.br\/portal\/wp-json\/wp\/v2\/comments?post=892063"}],"version-history":[{"count":0,"href":"https:\/\/www.pm.pb.gov.br\/portal\/wp-json\/wp\/v2\/posts\/892063\/revisions"}],"wp:featuredmedia":[{"embeddable":true,"href":"https:\/\/www.pm.pb.gov.br\/portal\/wp-json\/wp\/v2\/media\/10624"}],"wp:attachment":[{"href":"https:\/\/www.pm.pb.gov.br\/portal\/wp-json\/wp\/v2\/media?parent=892063"}],"wp:term":[{"taxonomy":"category","embeddable":true,"href":"https:\/\/www.pm.pb.gov.br\/portal\/wp-json\/wp\/v2\/categories?post=892063"},{"taxonomy":"post_tag","embeddable":true,"href":"https:\/\/www.pm.pb.gov.br\/portal\/wp-json\/wp\/v2\/tags?post=892063"}],"curies":[{"name":"wp","href":"https:\/\/api.w.org\/{rel}","templated":true}]}}