{"id":892059,"date":"2013-06-13T12:06:29","date_gmt":"2013-06-13T15:06:29","guid":{"rendered":"http:\/\/www.pm.pb.gov.br\/portal\/2013\/06\/policia_intensifica_acoes_e_detem_suspeitos_de_assaltar_onibus\/"},"modified":"2013-06-13T12:06:29","modified_gmt":"2013-06-13T15:06:29","slug":"policia_intensifica_acoes_e_detem_suspeitos_de_assaltar_onibus","status":"publish","type":"post","link":"https:\/\/www.pm.pb.gov.br\/portal\/2013\/06\/13\/policia_intensifica_acoes_e_detem_suspeitos_de_assaltar_onibus\/","title":{"rendered":"Pol\u00edcia intensifica a\u00e7\u00f5es e det\u00e9m suspeitos de assaltar \u00f4nibus"},"content":{"rendered":"<figure style=\"width: 500px\" class=\"wp-caption alignnone\"><img decoding=\"async\" class=\"alignnone size-medium\" src=\"http:\/\/www.pm.pb.gov.br\/portal\/wp-content\/uploads\/2013\/06\/8178_10618.jpg\" title=\"Todo dinheiro dos assaltos foi recuperado\" width=\"100%\" \/><figcaption class=\"wp-caption-text\">Todo dinheiro dos assaltos foi recuperado<\/figcaption><\/figure>\n<div style=\"text-align: justify;\">A Pol\u00edcia Militar prendeu, na tarde desta ter\u00e7a-feira (11), tr\u00eas pessoas e apreendeu dois adolescentes suspeito de assaltar pelo menos quatro \u00f4nibus coletivos nos bairros do Padre Z\u00e9, Tambauzinho e Expedicion\u00e1rios. Os acusados foram \u0091pegos\u0092 logo ap\u00f3s cometerem os crimes e todo o dinheiro e objetos roubados foram recuperados.<\/p>\n<p>Em um dos casos, no bairro Treze de Maio, os policiais da For\u00e7a T\u00e1tica do 1\u00ba Batalh\u00e3o prenderam Roni Carlos Lima da Silva, de 18 anos, que tinha acabado de assaltar dois \u00f4nibus que faz a linha 603 (Bessa-Shopping) e j\u00e1 se preparava para assaltar um terceiro coletivo.<\/p>\n<p>De acordo com o Capit\u00e3o Clecitoni Albuquerque, assim que o primeiro \u00f4nibus foi assalto, na Avenida Tancredo Neves, as viaturas intensificaram as rondas na \u00e1rea e localizaram o acusado em um ponto pr\u00f3ximo ao local, esperando os \u00f4nibus da linha Mandacaru. Com ele foi encontrado todo dinheiro roubado dos dois coletivos. O acusado foi levado para a 2\u00aa Delegacia Distrital, no Centro.<\/p>\n<p>J\u00e1 na avenida Epit\u00e1cio Pessoa, os Policiais do Choque apreenderam dois adolescentes, de 14 e 15 anos, que estavam armados com facas e tinham acabado de assaltar um \u00f4nibus que faz a linha 513 (Tamba\u00fa-Bessa), nas imedia\u00e7\u00f5es do bairro dos Expedicion\u00e1rios. Com eles foi recuperado todo dinheiro dos roubos e ainda seis celulares dos passageiros. Os dois foram levados para a Delegacia da Inf\u00e2ncia e Juventude, no Centro da Capital.<\/p>\n<p>Meia hora depois, o casal Robson Miller Cavalcanti da Silva, de 27 anos, e Maria Gon\u00e7alves da Silva, de 24 anos, foi preso no bairro de Tambauzinho ap\u00f3s assaltar, utilizando uma faca, o \u00f4nibus da linha 1500 (Circular). O dinheiro do assalto foi todo recuperado e os suspeitos foram levados para a 12\u00aa Delegacia Distrital, em Mana\u00edra.<\/p>\n<p>O Comandante do 1\u00ba Batalh\u00e3o de Pol\u00edcia Militar, Tenente Coronel Almeida Martins, adiantou que as a\u00e7\u00f5es ir\u00e3o continuar. \u0093Estamos cumprindo rigorosamente as diretrizes do comando geral para intensificar as a\u00e7\u00f5es contra essas pessoas que praticam assaltos a \u00f4nibus e estaremos fechando o cerco at\u00e9 restabelecer a sensa\u00e7\u00e3o de seguran\u00e7a entre os usu\u00e1rios do transporte coletivo\u0094, garantiu.<\/p>\n<div class=\"row\" align=\"center\"><\/div>\n<\/div>\n","protected":false},"excerpt":{"rendered":"<p>A Pol\u00edcia Militar prendeu, na tarde desta ter\u00e7a-feira (11), tr\u00eas pessoas e apreendeu dois adolescentes suspeito de assaltar pelo menos<\/p>\n","protected":false},"author":5,"featured_media":10618,"comment_status":"closed","ping_status":"closed","sticky":false,"template":"","format":"standard","meta":{"_exactmetrics_skip_tracking":false,"_exactmetrics_sitenote_active":false,"_exactmetrics_sitenote_note":"","_exactmetrics_sitenote_category":0,"footnotes":""},"categories":[4],"tags":[],"yoast_head":"<!-- This site is optimized with the Yoast SEO plugin v22.0 - https:\/\/yoast.com\/wordpress\/plugins\/seo\/ -->\n<title>Pol\u00edcia intensifica a\u00e7\u00f5es e det\u00e9m suspeitos de assaltar \u00f4nibus - Pol\u00edcia Militar da Para\u00edba<\/title>\n<meta name=\"robots\" content=\"index, follow, max-snippet:-1, max-image-preview:large, max-video-preview:-1\" \/>\n<link rel=\"canonical\" href=\"https:\/\/www.pm.pb.gov.br\/portal\/2013\/06\/13\/policia_intensifica_acoes_e_detem_suspeitos_de_assaltar_onibus\/\" \/>\n<meta property=\"og:locale\" content=\"pt_BR\" \/>\n<meta property=\"og:type\" content=\"article\" \/>\n<meta property=\"og:title\" content=\"Pol\u00edcia intensifica a\u00e7\u00f5es e det\u00e9m suspeitos de assaltar \u00f4nibus - Pol\u00edcia Militar da Para\u00edba\" \/>\n<meta property=\"og:description\" content=\"A Pol\u00edcia Militar prendeu, na tarde desta ter\u00e7a-feira (11), tr\u00eas pessoas e apreendeu dois adolescentes suspeito de assaltar pelo menos\" \/>\n<meta property=\"og:url\" content=\"https:\/\/www.pm.pb.gov.br\/portal\/2013\/06\/13\/policia_intensifica_acoes_e_detem_suspeitos_de_assaltar_onibus\/\" \/>\n<meta property=\"og:site_name\" content=\"Pol\u00edcia Militar da Para\u00edba\" \/>\n<meta property=\"article:published_time\" content=\"2013-06-13T15:06:29+00:00\" \/>\n<meta property=\"og:image\" content=\"https:\/\/www.pm.pb.gov.br\/portal\/wp-content\/uploads\/2013\/06\/8178_10618.jpg\" \/>\n\t<meta property=\"og:image:width\" content=\"500\" \/>\n\t<meta property=\"og:image:height\" content=\"375\" \/>\n\t<meta property=\"og:image:type\" content=\"image\/jpeg\" \/>\n<meta name=\"author\" content=\"Assessoria de Imprensa da PMPB\" \/>\n<meta name=\"twitter:card\" content=\"summary_large_image\" \/>\n<meta name=\"twitter:label1\" content=\"Escrito por\" \/>\n\t<meta name=\"twitter:data1\" content=\"Assessoria de Imprensa da PMPB\" \/>\n\t<meta name=\"twitter:label2\" content=\"Est. tempo de leitura\" \/>\n\t<meta name=\"twitter:data2\" content=\"2 minutos\" \/>\n<script type=\"application\/ld+json\" class=\"yoast-schema-graph\">{\"@context\":\"https:\/\/schema.org\",\"@graph\":[{\"@type\":\"Article\",\"@id\":\"https:\/\/www.pm.pb.gov.br\/portal\/2013\/06\/13\/policia_intensifica_acoes_e_detem_suspeitos_de_assaltar_onibus\/#article\",\"isPartOf\":{\"@id\":\"https:\/\/www.pm.pb.gov.br\/portal\/2013\/06\/13\/policia_intensifica_acoes_e_detem_suspeitos_de_assaltar_onibus\/\"},\"author\":{\"name\":\"Assessoria de Imprensa da PMPB\",\"@id\":\"https:\/\/www.pm.pb.gov.br\/portal\/#\/schema\/person\/e8454f46651c3ecf0e1ba3c1666d9947\"},\"headline\":\"Pol\u00edcia intensifica a\u00e7\u00f5es e det\u00e9m suspeitos de assaltar \u00f4nibus\",\"datePublished\":\"2013-06-13T15:06:29+00:00\",\"dateModified\":\"2013-06-13T15:06:29+00:00\",\"mainEntityOfPage\":{\"@id\":\"https:\/\/www.pm.pb.gov.br\/portal\/2013\/06\/13\/policia_intensifica_acoes_e_detem_suspeitos_de_assaltar_onibus\/\"},\"wordCount\":379,\"publisher\":{\"@id\":\"https:\/\/www.pm.pb.gov.br\/portal\/#organization\"},\"articleSection\":[\"A\u00e7\u00f5es Policiais\"],\"inLanguage\":\"pt-BR\"},{\"@type\":\"WebPage\",\"@id\":\"https:\/\/www.pm.pb.gov.br\/portal\/2013\/06\/13\/policia_intensifica_acoes_e_detem_suspeitos_de_assaltar_onibus\/\",\"url\":\"https:\/\/www.pm.pb.gov.br\/portal\/2013\/06\/13\/policia_intensifica_acoes_e_detem_suspeitos_de_assaltar_onibus\/\",\"name\":\"Pol\u00edcia intensifica a\u00e7\u00f5es e det\u00e9m suspeitos de assaltar \u00f4nibus - Pol\u00edcia Militar da Para\u00edba\",\"isPartOf\":{\"@id\":\"https:\/\/www.pm.pb.gov.br\/portal\/#website\"},\"datePublished\":\"2013-06-13T15:06:29+00:00\",\"dateModified\":\"2013-06-13T15:06:29+00:00\",\"breadcrumb\":{\"@id\":\"https:\/\/www.pm.pb.gov.br\/portal\/2013\/06\/13\/policia_intensifica_acoes_e_detem_suspeitos_de_assaltar_onibus\/#breadcrumb\"},\"inLanguage\":\"pt-BR\",\"potentialAction\":[{\"@type\":\"ReadAction\",\"target\":[\"https:\/\/www.pm.pb.gov.br\/portal\/2013\/06\/13\/policia_intensifica_acoes_e_detem_suspeitos_de_assaltar_onibus\/\"]}]},{\"@type\":\"BreadcrumbList\",\"@id\":\"https:\/\/www.pm.pb.gov.br\/portal\/2013\/06\/13\/policia_intensifica_acoes_e_detem_suspeitos_de_assaltar_onibus\/#breadcrumb\",\"itemListElement\":[{\"@type\":\"ListItem\",\"position\":1,\"name\":\"In\u00edcio\",\"item\":\"https:\/\/www.pm.pb.gov.br\/portal\/\"},{\"@type\":\"ListItem\",\"position\":2,\"name\":\"Pol\u00edcia intensifica a\u00e7\u00f5es e det\u00e9m suspeitos de assaltar \u00f4nibus\"}]},{\"@type\":\"WebSite\",\"@id\":\"https:\/\/www.pm.pb.gov.br\/portal\/#website\",\"url\":\"https:\/\/www.pm.pb.gov.br\/portal\/\",\"name\":\"Pol\u00edcia Militar da Para\u00edba\",\"description\":\"\",\"publisher\":{\"@id\":\"https:\/\/www.pm.pb.gov.br\/portal\/#organization\"},\"potentialAction\":[{\"@type\":\"SearchAction\",\"target\":{\"@type\":\"EntryPoint\",\"urlTemplate\":\"https:\/\/www.pm.pb.gov.br\/portal\/?s={search_term_string}\"},\"query-input\":\"required name=search_term_string\"}],\"inLanguage\":\"pt-BR\"},{\"@type\":\"Organization\",\"@id\":\"https:\/\/www.pm.pb.gov.br\/portal\/#organization\",\"name\":\"Pol\u00edcia Militar da Para\u00edba\",\"url\":\"https:\/\/www.pm.pb.gov.br\/portal\/\",\"logo\":{\"@type\":\"ImageObject\",\"inLanguage\":\"pt-BR\",\"@id\":\"https:\/\/www.pm.pb.gov.br\/portal\/#\/schema\/logo\/image\/\",\"url\":\"https:\/\/www.pm.pb.gov.br\/portal\/wp-content\/uploads\/2025\/03\/cropped-logo-site-mag2-1.png\",\"contentUrl\":\"https:\/\/www.pm.pb.gov.br\/portal\/wp-content\/uploads\/2025\/03\/cropped-logo-site-mag2-1.png\",\"width\":320,\"height\":90,\"caption\":\"Pol\u00edcia Militar da Para\u00edba\"},\"image\":{\"@id\":\"https:\/\/www.pm.pb.gov.br\/portal\/#\/schema\/logo\/image\/\"}},{\"@type\":\"Person\",\"@id\":\"https:\/\/www.pm.pb.gov.br\/portal\/#\/schema\/person\/e8454f46651c3ecf0e1ba3c1666d9947\",\"name\":\"Assessoria de Imprensa da PMPB\",\"image\":{\"@type\":\"ImageObject\",\"inLanguage\":\"pt-BR\",\"@id\":\"https:\/\/www.pm.pb.gov.br\/portal\/#\/schema\/person\/image\/\",\"url\":\"https:\/\/secure.gravatar.com\/avatar\/2efe197438265d1e90bd98c4c8e1acf8?s=96&d=mm&r=g\",\"contentUrl\":\"https:\/\/secure.gravatar.com\/avatar\/2efe197438265d1e90bd98c4c8e1acf8?s=96&d=mm&r=g\",\"caption\":\"Assessoria de Imprensa da PMPB\"},\"url\":\"https:\/\/www.pm.pb.gov.br\/portal\/author\/assessoria\/\"}]}<\/script>\n<!-- \/ Yoast SEO plugin. -->","yoast_head_json":{"title":"Pol\u00edcia intensifica a\u00e7\u00f5es e det\u00e9m suspeitos de assaltar \u00f4nibus - Pol\u00edcia Militar da Para\u00edba","robots":{"index":"index","follow":"follow","max-snippet":"max-snippet:-1","max-image-preview":"max-image-preview:large","max-video-preview":"max-video-preview:-1"},"canonical":"https:\/\/www.pm.pb.gov.br\/portal\/2013\/06\/13\/policia_intensifica_acoes_e_detem_suspeitos_de_assaltar_onibus\/","og_locale":"pt_BR","og_type":"article","og_title":"Pol\u00edcia intensifica a\u00e7\u00f5es e det\u00e9m suspeitos de assaltar \u00f4nibus - Pol\u00edcia Militar da Para\u00edba","og_description":"A Pol\u00edcia Militar prendeu, na tarde desta ter\u00e7a-feira (11), tr\u00eas pessoas e apreendeu dois adolescentes suspeito de assaltar pelo menos","og_url":"https:\/\/www.pm.pb.gov.br\/portal\/2013\/06\/13\/policia_intensifica_acoes_e_detem_suspeitos_de_assaltar_onibus\/","og_site_name":"Pol\u00edcia Militar da Para\u00edba","article_published_time":"2013-06-13T15:06:29+00:00","og_image":[{"width":500,"height":375,"url":"https:\/\/www.pm.pb.gov.br\/portal\/wp-content\/uploads\/2013\/06\/8178_10618.jpg","type":"image\/jpeg"}],"author":"Assessoria de Imprensa da PMPB","twitter_card":"summary_large_image","twitter_misc":{"Escrito por":"Assessoria de Imprensa da PMPB","Est. tempo de leitura":"2 minutos"},"schema":{"@context":"https:\/\/schema.org","@graph":[{"@type":"Article","@id":"https:\/\/www.pm.pb.gov.br\/portal\/2013\/06\/13\/policia_intensifica_acoes_e_detem_suspeitos_de_assaltar_onibus\/#article","isPartOf":{"@id":"https:\/\/www.pm.pb.gov.br\/portal\/2013\/06\/13\/policia_intensifica_acoes_e_detem_suspeitos_de_assaltar_onibus\/"},"author":{"name":"Assessoria de Imprensa da PMPB","@id":"https:\/\/www.pm.pb.gov.br\/portal\/#\/schema\/person\/e8454f46651c3ecf0e1ba3c1666d9947"},"headline":"Pol\u00edcia intensifica a\u00e7\u00f5es e det\u00e9m suspeitos de assaltar \u00f4nibus","datePublished":"2013-06-13T15:06:29+00:00","dateModified":"2013-06-13T15:06:29+00:00","mainEntityOfPage":{"@id":"https:\/\/www.pm.pb.gov.br\/portal\/2013\/06\/13\/policia_intensifica_acoes_e_detem_suspeitos_de_assaltar_onibus\/"},"wordCount":379,"publisher":{"@id":"https:\/\/www.pm.pb.gov.br\/portal\/#organization"},"articleSection":["A\u00e7\u00f5es Policiais"],"inLanguage":"pt-BR"},{"@type":"WebPage","@id":"https:\/\/www.pm.pb.gov.br\/portal\/2013\/06\/13\/policia_intensifica_acoes_e_detem_suspeitos_de_assaltar_onibus\/","url":"https:\/\/www.pm.pb.gov.br\/portal\/2013\/06\/13\/policia_intensifica_acoes_e_detem_suspeitos_de_assaltar_onibus\/","name":"Pol\u00edcia intensifica a\u00e7\u00f5es e det\u00e9m suspeitos de assaltar \u00f4nibus - Pol\u00edcia Militar da Para\u00edba","isPartOf":{"@id":"https:\/\/www.pm.pb.gov.br\/portal\/#website"},"datePublished":"2013-06-13T15:06:29+00:00","dateModified":"2013-06-13T15:06:29+00:00","breadcrumb":{"@id":"https:\/\/www.pm.pb.gov.br\/portal\/2013\/06\/13\/policia_intensifica_acoes_e_detem_suspeitos_de_assaltar_onibus\/#breadcrumb"},"inLanguage":"pt-BR","potentialAction":[{"@type":"ReadAction","target":["https:\/\/www.pm.pb.gov.br\/portal\/2013\/06\/13\/policia_intensifica_acoes_e_detem_suspeitos_de_assaltar_onibus\/"]}]},{"@type":"BreadcrumbList","@id":"https:\/\/www.pm.pb.gov.br\/portal\/2013\/06\/13\/policia_intensifica_acoes_e_detem_suspeitos_de_assaltar_onibus\/#breadcrumb","itemListElement":[{"@type":"ListItem","position":1,"name":"In\u00edcio","item":"https:\/\/www.pm.pb.gov.br\/portal\/"},{"@type":"ListItem","position":2,"name":"Pol\u00edcia intensifica a\u00e7\u00f5es e det\u00e9m suspeitos de assaltar \u00f4nibus"}]},{"@type":"WebSite","@id":"https:\/\/www.pm.pb.gov.br\/portal\/#website","url":"https:\/\/www.pm.pb.gov.br\/portal\/","name":"Pol\u00edcia Militar da Para\u00edba","description":"","publisher":{"@id":"https:\/\/www.pm.pb.gov.br\/portal\/#organization"},"potentialAction":[{"@type":"SearchAction","target":{"@type":"EntryPoint","urlTemplate":"https:\/\/www.pm.pb.gov.br\/portal\/?s={search_term_string}"},"query-input":"required name=search_term_string"}],"inLanguage":"pt-BR"},{"@type":"Organization","@id":"https:\/\/www.pm.pb.gov.br\/portal\/#organization","name":"Pol\u00edcia Militar da Para\u00edba","url":"https:\/\/www.pm.pb.gov.br\/portal\/","logo":{"@type":"ImageObject","inLanguage":"pt-BR","@id":"https:\/\/www.pm.pb.gov.br\/portal\/#\/schema\/logo\/image\/","url":"https:\/\/www.pm.pb.gov.br\/portal\/wp-content\/uploads\/2025\/03\/cropped-logo-site-mag2-1.png","contentUrl":"https:\/\/www.pm.pb.gov.br\/portal\/wp-content\/uploads\/2025\/03\/cropped-logo-site-mag2-1.png","width":320,"height":90,"caption":"Pol\u00edcia Militar da Para\u00edba"},"image":{"@id":"https:\/\/www.pm.pb.gov.br\/portal\/#\/schema\/logo\/image\/"}},{"@type":"Person","@id":"https:\/\/www.pm.pb.gov.br\/portal\/#\/schema\/person\/e8454f46651c3ecf0e1ba3c1666d9947","name":"Assessoria de Imprensa da PMPB","image":{"@type":"ImageObject","inLanguage":"pt-BR","@id":"https:\/\/www.pm.pb.gov.br\/portal\/#\/schema\/person\/image\/","url":"https:\/\/secure.gravatar.com\/avatar\/2efe197438265d1e90bd98c4c8e1acf8?s=96&d=mm&r=g","contentUrl":"https:\/\/secure.gravatar.com\/avatar\/2efe197438265d1e90bd98c4c8e1acf8?s=96&d=mm&r=g","caption":"Assessoria de Imprensa da PMPB"},"url":"https:\/\/www.pm.pb.gov.br\/portal\/author\/assessoria\/"}]}},"_links":{"self":[{"href":"https:\/\/www.pm.pb.gov.br\/portal\/wp-json\/wp\/v2\/posts\/892059"}],"collection":[{"href":"https:\/\/www.pm.pb.gov.br\/portal\/wp-json\/wp\/v2\/posts"}],"about":[{"href":"https:\/\/www.pm.pb.gov.br\/portal\/wp-json\/wp\/v2\/types\/post"}],"author":[{"embeddable":true,"href":"https:\/\/www.pm.pb.gov.br\/portal\/wp-json\/wp\/v2\/users\/5"}],"replies":[{"embeddable":true,"href":"https:\/\/www.pm.pb.gov.br\/portal\/wp-json\/wp\/v2\/comments?post=892059"}],"version-history":[{"count":0,"href":"https:\/\/www.pm.pb.gov.br\/portal\/wp-json\/wp\/v2\/posts\/892059\/revisions"}],"wp:featuredmedia":[{"embeddable":true,"href":"https:\/\/www.pm.pb.gov.br\/portal\/wp-json\/wp\/v2\/media\/10618"}],"wp:attachment":[{"href":"https:\/\/www.pm.pb.gov.br\/portal\/wp-json\/wp\/v2\/media?parent=892059"}],"wp:term":[{"taxonomy":"category","embeddable":true,"href":"https:\/\/www.pm.pb.gov.br\/portal\/wp-json\/wp\/v2\/categories?post=892059"},{"taxonomy":"post_tag","embeddable":true,"href":"https:\/\/www.pm.pb.gov.br\/portal\/wp-json\/wp\/v2\/tags?post=892059"}],"curies":[{"name":"wp","href":"https:\/\/api.w.org\/{rel}","templated":true}]}}