{"id":892058,"date":"2013-06-13T12:06:30","date_gmt":"2013-06-13T15:06:30","guid":{"rendered":"http:\/\/www.pm.pb.gov.br\/portal\/2013\/06\/operacao_conjunta_apreende_20_quilos_de_cocaina\/"},"modified":"2013-06-13T12:06:30","modified_gmt":"2013-06-13T15:06:30","slug":"operacao_conjunta_apreende_20_quilos_de_cocaina","status":"publish","type":"post","link":"https:\/\/www.pm.pb.gov.br\/portal\/2013\/06\/13\/operacao_conjunta_apreende_20_quilos_de_cocaina\/","title":{"rendered":"Opera\u00e7\u00e3o conjunta apreende 20 quilos de coca\u00edna"},"content":{"rendered":"<figure style=\"width: 500px\" class=\"wp-caption alignnone\"><img decoding=\"async\" class=\"alignnone size-medium\" src=\"http:\/\/www.pm.pb.gov.br\/portal\/wp-content\/uploads\/2013\/06\/8177_10619.jpg\" title=\"Droga apreendida\" width=\"100%\" \/><figcaption class=\"wp-caption-text\">Droga apreendida<\/figcaption><\/figure>\n<div style=\"text-align: justify;\">Uma opera\u00e7\u00e3o conjunta entre a Pol\u00edcia Federal da Para\u00edba e Policiais Militares da ROTAM (Rondas Ostensivas com Apoio de Motocicletas) do 2\u00ba Batalh\u00e3o interceptou, na noite desta segunda-feira (10), um carro com placas de S\u00e3o Paulo, na BR-104 (que liga Caruaru a Campina Grande), pr\u00f3ximo a cidade de Queimadas, e apreendeu mais de 15 kg de pasta base de coca\u00edna e outros 4 kg da droga em p\u00f3. Os entorpecentes seriam vendidos no S\u00e3o Jo\u00e3o de Campina Grande, conforme as primeiras informa\u00e7\u00f5es da Pol\u00edcia.<\/p>\n<p>Na a\u00e7\u00e3o dois homens foram presos. Eles j\u00e1 vinham sendo monitorados h\u00e1 pelo menos 30 dias. A droga era do Estado de S\u00e3o Paulo e estava vindo de Caruaru para Campina Grande. A a\u00e7\u00e3o teve a frente o Delegado da Pol\u00edcia Federal, Bruno Rodrigues, que vai investigar tamb\u00e9m a participa\u00e7\u00e3o de outras pessoas que formam uma poss\u00edvel quadrilha envolvida no tr\u00e1fico de drogas para a regi\u00e3o.<\/p>\n<p>Um dos presos, segundo a PF, j\u00e1 teria fugido durante uma apreens\u00e3o de 25 kg de Coca\u00edna no Estado de Minas Gerais, realizada este ano, onde ele deixou os documentos e foi identificado.<\/p>\n<p>O comandante do 2\u00ba BPM, Tenente Coronel Souza Neto, ressaltou a parceria com a Pol\u00edcia Federal. \u0093Temos essa rela\u00e7\u00e3o imensur\u00e1vel com a PF aqui em Campina Grande e o resultado disso \u00e9 de extrema import\u00e2ncia para a sociedade, a exemplo dessa apreens\u00e3o de drogas que \u00e9 a maior feita este ano no Estado e a maior da hist\u00f3ria de Campina Grande\u0094, lembrou.<\/p>\n<div class=\"row\" align=\"center\"><\/div>\n<\/div>\n","protected":false},"excerpt":{"rendered":"<p>Uma opera\u00e7\u00e3o conjunta entre a Pol\u00edcia Federal da Para\u00edba e Policiais Militares da ROTAM (Rondas Ostensivas com Apoio de Motocicletas)<\/p>\n","protected":false},"author":5,"featured_media":10619,"comment_status":"closed","ping_status":"closed","sticky":false,"template":"","format":"standard","meta":{"_exactmetrics_skip_tracking":false,"_exactmetrics_sitenote_active":false,"_exactmetrics_sitenote_note":"","_exactmetrics_sitenote_category":0,"footnotes":""},"categories":[4],"tags":[],"yoast_head":"<!-- This site is optimized with the Yoast SEO plugin v22.0 - https:\/\/yoast.com\/wordpress\/plugins\/seo\/ -->\n<title>Opera\u00e7\u00e3o conjunta apreende 20 quilos de coca\u00edna - Pol\u00edcia Militar da Para\u00edba<\/title>\n<meta name=\"robots\" content=\"index, follow, max-snippet:-1, max-image-preview:large, max-video-preview:-1\" \/>\n<link rel=\"canonical\" href=\"https:\/\/www.pm.pb.gov.br\/portal\/2013\/06\/13\/operacao_conjunta_apreende_20_quilos_de_cocaina\/\" \/>\n<meta property=\"og:locale\" content=\"pt_BR\" \/>\n<meta property=\"og:type\" content=\"article\" \/>\n<meta property=\"og:title\" content=\"Opera\u00e7\u00e3o conjunta apreende 20 quilos de coca\u00edna - Pol\u00edcia Militar da Para\u00edba\" \/>\n<meta property=\"og:description\" content=\"Uma opera\u00e7\u00e3o conjunta entre a Pol\u00edcia Federal da Para\u00edba e Policiais Militares da ROTAM (Rondas Ostensivas com Apoio de Motocicletas)\" \/>\n<meta property=\"og:url\" content=\"https:\/\/www.pm.pb.gov.br\/portal\/2013\/06\/13\/operacao_conjunta_apreende_20_quilos_de_cocaina\/\" \/>\n<meta property=\"og:site_name\" content=\"Pol\u00edcia Militar da Para\u00edba\" \/>\n<meta property=\"article:published_time\" content=\"2013-06-13T15:06:30+00:00\" \/>\n<meta property=\"og:image\" content=\"https:\/\/www.pm.pb.gov.br\/portal\/wp-content\/uploads\/2013\/06\/8177_10619.jpg\" \/>\n\t<meta property=\"og:image:width\" content=\"500\" \/>\n\t<meta property=\"og:image:height\" content=\"375\" \/>\n\t<meta property=\"og:image:type\" content=\"image\/jpeg\" \/>\n<meta name=\"author\" content=\"Assessoria de Imprensa da PMPB\" \/>\n<meta name=\"twitter:card\" content=\"summary_large_image\" \/>\n<meta name=\"twitter:label1\" content=\"Escrito por\" \/>\n\t<meta name=\"twitter:data1\" content=\"Assessoria de Imprensa da PMPB\" \/>\n\t<meta name=\"twitter:label2\" content=\"Est. tempo de leitura\" \/>\n\t<meta name=\"twitter:data2\" content=\"1 minuto\" \/>\n<script type=\"application\/ld+json\" class=\"yoast-schema-graph\">{\"@context\":\"https:\/\/schema.org\",\"@graph\":[{\"@type\":\"Article\",\"@id\":\"https:\/\/www.pm.pb.gov.br\/portal\/2013\/06\/13\/operacao_conjunta_apreende_20_quilos_de_cocaina\/#article\",\"isPartOf\":{\"@id\":\"https:\/\/www.pm.pb.gov.br\/portal\/2013\/06\/13\/operacao_conjunta_apreende_20_quilos_de_cocaina\/\"},\"author\":{\"name\":\"Assessoria de Imprensa da PMPB\",\"@id\":\"https:\/\/www.pm.pb.gov.br\/portal\/#\/schema\/person\/e8454f46651c3ecf0e1ba3c1666d9947\"},\"headline\":\"Opera\u00e7\u00e3o conjunta apreende 20 quilos de coca\u00edna\",\"datePublished\":\"2013-06-13T15:06:30+00:00\",\"dateModified\":\"2013-06-13T15:06:30+00:00\",\"mainEntityOfPage\":{\"@id\":\"https:\/\/www.pm.pb.gov.br\/portal\/2013\/06\/13\/operacao_conjunta_apreende_20_quilos_de_cocaina\/\"},\"wordCount\":280,\"publisher\":{\"@id\":\"https:\/\/www.pm.pb.gov.br\/portal\/#organization\"},\"articleSection\":[\"A\u00e7\u00f5es Policiais\"],\"inLanguage\":\"pt-BR\"},{\"@type\":\"WebPage\",\"@id\":\"https:\/\/www.pm.pb.gov.br\/portal\/2013\/06\/13\/operacao_conjunta_apreende_20_quilos_de_cocaina\/\",\"url\":\"https:\/\/www.pm.pb.gov.br\/portal\/2013\/06\/13\/operacao_conjunta_apreende_20_quilos_de_cocaina\/\",\"name\":\"Opera\u00e7\u00e3o conjunta apreende 20 quilos de coca\u00edna - Pol\u00edcia Militar da Para\u00edba\",\"isPartOf\":{\"@id\":\"https:\/\/www.pm.pb.gov.br\/portal\/#website\"},\"datePublished\":\"2013-06-13T15:06:30+00:00\",\"dateModified\":\"2013-06-13T15:06:30+00:00\",\"breadcrumb\":{\"@id\":\"https:\/\/www.pm.pb.gov.br\/portal\/2013\/06\/13\/operacao_conjunta_apreende_20_quilos_de_cocaina\/#breadcrumb\"},\"inLanguage\":\"pt-BR\",\"potentialAction\":[{\"@type\":\"ReadAction\",\"target\":[\"https:\/\/www.pm.pb.gov.br\/portal\/2013\/06\/13\/operacao_conjunta_apreende_20_quilos_de_cocaina\/\"]}]},{\"@type\":\"BreadcrumbList\",\"@id\":\"https:\/\/www.pm.pb.gov.br\/portal\/2013\/06\/13\/operacao_conjunta_apreende_20_quilos_de_cocaina\/#breadcrumb\",\"itemListElement\":[{\"@type\":\"ListItem\",\"position\":1,\"name\":\"In\u00edcio\",\"item\":\"https:\/\/www.pm.pb.gov.br\/portal\/\"},{\"@type\":\"ListItem\",\"position\":2,\"name\":\"Opera\u00e7\u00e3o conjunta apreende 20 quilos de coca\u00edna\"}]},{\"@type\":\"WebSite\",\"@id\":\"https:\/\/www.pm.pb.gov.br\/portal\/#website\",\"url\":\"https:\/\/www.pm.pb.gov.br\/portal\/\",\"name\":\"Pol\u00edcia Militar da Para\u00edba\",\"description\":\"\",\"publisher\":{\"@id\":\"https:\/\/www.pm.pb.gov.br\/portal\/#organization\"},\"potentialAction\":[{\"@type\":\"SearchAction\",\"target\":{\"@type\":\"EntryPoint\",\"urlTemplate\":\"https:\/\/www.pm.pb.gov.br\/portal\/?s={search_term_string}\"},\"query-input\":\"required name=search_term_string\"}],\"inLanguage\":\"pt-BR\"},{\"@type\":\"Organization\",\"@id\":\"https:\/\/www.pm.pb.gov.br\/portal\/#organization\",\"name\":\"Pol\u00edcia Militar da Para\u00edba\",\"url\":\"https:\/\/www.pm.pb.gov.br\/portal\/\",\"logo\":{\"@type\":\"ImageObject\",\"inLanguage\":\"pt-BR\",\"@id\":\"https:\/\/www.pm.pb.gov.br\/portal\/#\/schema\/logo\/image\/\",\"url\":\"https:\/\/www.pm.pb.gov.br\/portal\/wp-content\/uploads\/2025\/03\/cropped-logo-site-mag2-1.png\",\"contentUrl\":\"https:\/\/www.pm.pb.gov.br\/portal\/wp-content\/uploads\/2025\/03\/cropped-logo-site-mag2-1.png\",\"width\":320,\"height\":90,\"caption\":\"Pol\u00edcia Militar da Para\u00edba\"},\"image\":{\"@id\":\"https:\/\/www.pm.pb.gov.br\/portal\/#\/schema\/logo\/image\/\"}},{\"@type\":\"Person\",\"@id\":\"https:\/\/www.pm.pb.gov.br\/portal\/#\/schema\/person\/e8454f46651c3ecf0e1ba3c1666d9947\",\"name\":\"Assessoria de Imprensa da PMPB\",\"image\":{\"@type\":\"ImageObject\",\"inLanguage\":\"pt-BR\",\"@id\":\"https:\/\/www.pm.pb.gov.br\/portal\/#\/schema\/person\/image\/\",\"url\":\"https:\/\/secure.gravatar.com\/avatar\/2efe197438265d1e90bd98c4c8e1acf8?s=96&d=mm&r=g\",\"contentUrl\":\"https:\/\/secure.gravatar.com\/avatar\/2efe197438265d1e90bd98c4c8e1acf8?s=96&d=mm&r=g\",\"caption\":\"Assessoria de Imprensa da PMPB\"},\"url\":\"https:\/\/www.pm.pb.gov.br\/portal\/author\/assessoria\/\"}]}<\/script>\n<!-- \/ Yoast SEO plugin. -->","yoast_head_json":{"title":"Opera\u00e7\u00e3o conjunta apreende 20 quilos de coca\u00edna - Pol\u00edcia Militar da Para\u00edba","robots":{"index":"index","follow":"follow","max-snippet":"max-snippet:-1","max-image-preview":"max-image-preview:large","max-video-preview":"max-video-preview:-1"},"canonical":"https:\/\/www.pm.pb.gov.br\/portal\/2013\/06\/13\/operacao_conjunta_apreende_20_quilos_de_cocaina\/","og_locale":"pt_BR","og_type":"article","og_title":"Opera\u00e7\u00e3o conjunta apreende 20 quilos de coca\u00edna - Pol\u00edcia Militar da Para\u00edba","og_description":"Uma opera\u00e7\u00e3o conjunta entre a Pol\u00edcia Federal da Para\u00edba e Policiais Militares da ROTAM (Rondas Ostensivas com Apoio de Motocicletas)","og_url":"https:\/\/www.pm.pb.gov.br\/portal\/2013\/06\/13\/operacao_conjunta_apreende_20_quilos_de_cocaina\/","og_site_name":"Pol\u00edcia Militar da Para\u00edba","article_published_time":"2013-06-13T15:06:30+00:00","og_image":[{"width":500,"height":375,"url":"https:\/\/www.pm.pb.gov.br\/portal\/wp-content\/uploads\/2013\/06\/8177_10619.jpg","type":"image\/jpeg"}],"author":"Assessoria de Imprensa da PMPB","twitter_card":"summary_large_image","twitter_misc":{"Escrito por":"Assessoria de Imprensa da PMPB","Est. tempo de leitura":"1 minuto"},"schema":{"@context":"https:\/\/schema.org","@graph":[{"@type":"Article","@id":"https:\/\/www.pm.pb.gov.br\/portal\/2013\/06\/13\/operacao_conjunta_apreende_20_quilos_de_cocaina\/#article","isPartOf":{"@id":"https:\/\/www.pm.pb.gov.br\/portal\/2013\/06\/13\/operacao_conjunta_apreende_20_quilos_de_cocaina\/"},"author":{"name":"Assessoria de Imprensa da PMPB","@id":"https:\/\/www.pm.pb.gov.br\/portal\/#\/schema\/person\/e8454f46651c3ecf0e1ba3c1666d9947"},"headline":"Opera\u00e7\u00e3o conjunta apreende 20 quilos de coca\u00edna","datePublished":"2013-06-13T15:06:30+00:00","dateModified":"2013-06-13T15:06:30+00:00","mainEntityOfPage":{"@id":"https:\/\/www.pm.pb.gov.br\/portal\/2013\/06\/13\/operacao_conjunta_apreende_20_quilos_de_cocaina\/"},"wordCount":280,"publisher":{"@id":"https:\/\/www.pm.pb.gov.br\/portal\/#organization"},"articleSection":["A\u00e7\u00f5es Policiais"],"inLanguage":"pt-BR"},{"@type":"WebPage","@id":"https:\/\/www.pm.pb.gov.br\/portal\/2013\/06\/13\/operacao_conjunta_apreende_20_quilos_de_cocaina\/","url":"https:\/\/www.pm.pb.gov.br\/portal\/2013\/06\/13\/operacao_conjunta_apreende_20_quilos_de_cocaina\/","name":"Opera\u00e7\u00e3o conjunta apreende 20 quilos de coca\u00edna - Pol\u00edcia Militar da Para\u00edba","isPartOf":{"@id":"https:\/\/www.pm.pb.gov.br\/portal\/#website"},"datePublished":"2013-06-13T15:06:30+00:00","dateModified":"2013-06-13T15:06:30+00:00","breadcrumb":{"@id":"https:\/\/www.pm.pb.gov.br\/portal\/2013\/06\/13\/operacao_conjunta_apreende_20_quilos_de_cocaina\/#breadcrumb"},"inLanguage":"pt-BR","potentialAction":[{"@type":"ReadAction","target":["https:\/\/www.pm.pb.gov.br\/portal\/2013\/06\/13\/operacao_conjunta_apreende_20_quilos_de_cocaina\/"]}]},{"@type":"BreadcrumbList","@id":"https:\/\/www.pm.pb.gov.br\/portal\/2013\/06\/13\/operacao_conjunta_apreende_20_quilos_de_cocaina\/#breadcrumb","itemListElement":[{"@type":"ListItem","position":1,"name":"In\u00edcio","item":"https:\/\/www.pm.pb.gov.br\/portal\/"},{"@type":"ListItem","position":2,"name":"Opera\u00e7\u00e3o conjunta apreende 20 quilos de coca\u00edna"}]},{"@type":"WebSite","@id":"https:\/\/www.pm.pb.gov.br\/portal\/#website","url":"https:\/\/www.pm.pb.gov.br\/portal\/","name":"Pol\u00edcia Militar da Para\u00edba","description":"","publisher":{"@id":"https:\/\/www.pm.pb.gov.br\/portal\/#organization"},"potentialAction":[{"@type":"SearchAction","target":{"@type":"EntryPoint","urlTemplate":"https:\/\/www.pm.pb.gov.br\/portal\/?s={search_term_string}"},"query-input":"required name=search_term_string"}],"inLanguage":"pt-BR"},{"@type":"Organization","@id":"https:\/\/www.pm.pb.gov.br\/portal\/#organization","name":"Pol\u00edcia Militar da Para\u00edba","url":"https:\/\/www.pm.pb.gov.br\/portal\/","logo":{"@type":"ImageObject","inLanguage":"pt-BR","@id":"https:\/\/www.pm.pb.gov.br\/portal\/#\/schema\/logo\/image\/","url":"https:\/\/www.pm.pb.gov.br\/portal\/wp-content\/uploads\/2025\/03\/cropped-logo-site-mag2-1.png","contentUrl":"https:\/\/www.pm.pb.gov.br\/portal\/wp-content\/uploads\/2025\/03\/cropped-logo-site-mag2-1.png","width":320,"height":90,"caption":"Pol\u00edcia Militar da Para\u00edba"},"image":{"@id":"https:\/\/www.pm.pb.gov.br\/portal\/#\/schema\/logo\/image\/"}},{"@type":"Person","@id":"https:\/\/www.pm.pb.gov.br\/portal\/#\/schema\/person\/e8454f46651c3ecf0e1ba3c1666d9947","name":"Assessoria de Imprensa da PMPB","image":{"@type":"ImageObject","inLanguage":"pt-BR","@id":"https:\/\/www.pm.pb.gov.br\/portal\/#\/schema\/person\/image\/","url":"https:\/\/secure.gravatar.com\/avatar\/2efe197438265d1e90bd98c4c8e1acf8?s=96&d=mm&r=g","contentUrl":"https:\/\/secure.gravatar.com\/avatar\/2efe197438265d1e90bd98c4c8e1acf8?s=96&d=mm&r=g","caption":"Assessoria de Imprensa da PMPB"},"url":"https:\/\/www.pm.pb.gov.br\/portal\/author\/assessoria\/"}]}},"_links":{"self":[{"href":"https:\/\/www.pm.pb.gov.br\/portal\/wp-json\/wp\/v2\/posts\/892058"}],"collection":[{"href":"https:\/\/www.pm.pb.gov.br\/portal\/wp-json\/wp\/v2\/posts"}],"about":[{"href":"https:\/\/www.pm.pb.gov.br\/portal\/wp-json\/wp\/v2\/types\/post"}],"author":[{"embeddable":true,"href":"https:\/\/www.pm.pb.gov.br\/portal\/wp-json\/wp\/v2\/users\/5"}],"replies":[{"embeddable":true,"href":"https:\/\/www.pm.pb.gov.br\/portal\/wp-json\/wp\/v2\/comments?post=892058"}],"version-history":[{"count":0,"href":"https:\/\/www.pm.pb.gov.br\/portal\/wp-json\/wp\/v2\/posts\/892058\/revisions"}],"wp:featuredmedia":[{"embeddable":true,"href":"https:\/\/www.pm.pb.gov.br\/portal\/wp-json\/wp\/v2\/media\/10619"}],"wp:attachment":[{"href":"https:\/\/www.pm.pb.gov.br\/portal\/wp-json\/wp\/v2\/media?parent=892058"}],"wp:term":[{"taxonomy":"category","embeddable":true,"href":"https:\/\/www.pm.pb.gov.br\/portal\/wp-json\/wp\/v2\/categories?post=892058"},{"taxonomy":"post_tag","embeddable":true,"href":"https:\/\/www.pm.pb.gov.br\/portal\/wp-json\/wp\/v2\/tags?post=892058"}],"curies":[{"name":"wp","href":"https:\/\/api.w.org\/{rel}","templated":true}]}}