{"id":892046,"date":"2013-06-13T12:06:37","date_gmt":"2013-06-13T15:06:37","guid":{"rendered":"http:\/\/www.pm.pb.gov.br\/portal\/2013\/06\/casal_e_preso_com_drogas_e_dinheiro_em_pombal\/"},"modified":"2013-06-13T12:06:37","modified_gmt":"2013-06-13T15:06:37","slug":"casal_e_preso_com_drogas_e_dinheiro_em_pombal","status":"publish","type":"post","link":"https:\/\/www.pm.pb.gov.br\/portal\/2013\/06\/13\/casal_e_preso_com_drogas_e_dinheiro_em_pombal\/","title":{"rendered":"Casal \u00e9 preso  com drogas e dinheiro em Pombal"},"content":{"rendered":"<figure style=\"width: 500px\" class=\"wp-caption alignnone\"><img decoding=\"async\" class=\"alignnone size-medium\" src=\"http:\/\/www.pm.pb.gov.br\/portal\/wp-content\/uploads\/2013\/06\/8159_10583.jpg\" title=\"Droga apreendida\" width=\"100%\" \/><figcaption class=\"wp-caption-text\">Droga apreendida<\/figcaption><\/figure>\n<div style=\"text-align: justify;\">Um casal foi detido, nesta quarta-feira (05), ap\u00f3s ser flagrado com quarenta e tr\u00eas pedras de crack e uma quantia em dinheiro trocado, durante rondas dos policiais da For\u00e7a T\u00e1tica da 2\u00aa Companhia do 14\u00ba Batalh\u00e3o, no centro da cidade de Pombal, no Sert\u00e3o do Estado. Rodrigo de Oliveira Ara\u00fajo, de 20 anos, e uma adolescente de 17 j\u00e1 vinham sendo monitorados por serem suspeitos de atuar no tr\u00e1fico de drogas local.<\/p>\n<p>De acordo com o Comandante da 2\u00aa CIA do 14\u00ba BPM, Capit\u00e3o Ismael Cunha Lima, os dois tentaram correr quando foram surpreendidos pela viatura, mas ap\u00f3s persegui\u00e7\u00e3o foram pegos com as drogas. Eles foram levados para a Delegacia da cidade e autuados por tr\u00e1fico de entorpecentes.<\/p>\n<p>O Capit\u00e3o informou ainda que a pris\u00e3o fez parte de um trabalho contra o tr\u00e1fico de drogas que a pol\u00edcia militar est\u00e1 intensificando na cidade. \u0093Temos cumprido todas as determina\u00e7\u00f5es do Comandante Geral e estamos realizando bloqueios nas rotas por onde circulam as drogas, com rondas em bairros onde \u00e9 identificada a comercializa\u00e7\u00e3o e abordagens a toda a v\u00e1rios suspeitos. Essas a\u00e7\u00f5es tem apresentado resultado, tanto que esta \u00e9 a segunda pris\u00e3o de traficante somente neste primeiros dias do m\u00eas de Junho\u0094, lembrou.<\/p>\n<div class=\"row\" align=\"center\"><a href=\"http:\/\/www.pm.pb.gov.br\/portal\/wp-content\/uploads\/2013\/06\/8159_10584.jpg\"><figure style=\"width: 500px\" class=\"wp-caption alignnone\"><img decoding=\"async\" class=\"image-responsive\" src=\"http:\/\/www.pm.pb.gov.br\/portal\/wp-content\/uploads\/2013\/06\/8159_10584.jpg\" title=\"Casal suspeito de tr\u00e1fico\" width=\"100%\" \/><figcaption class=\"wp-caption-text\">Casal suspeito de tr\u00e1fico<\/figcaption><\/figure><\/a><\/div>\n<\/div>\n","protected":false},"excerpt":{"rendered":"<p>Um casal foi detido, nesta quarta-feira (05), ap\u00f3s ser flagrado com quarenta e tr\u00eas pedras de crack e uma quantia<\/p>\n","protected":false},"author":5,"featured_media":10583,"comment_status":"closed","ping_status":"closed","sticky":false,"template":"","format":"standard","meta":{"_exactmetrics_skip_tracking":false,"_exactmetrics_sitenote_active":false,"_exactmetrics_sitenote_note":"","_exactmetrics_sitenote_category":0,"footnotes":""},"categories":[4],"tags":[],"yoast_head":"<!-- This site is optimized with the Yoast SEO plugin v22.0 - https:\/\/yoast.com\/wordpress\/plugins\/seo\/ -->\n<title>Casal \u00e9 preso com drogas e dinheiro em Pombal - Pol\u00edcia Militar da Para\u00edba<\/title>\n<meta name=\"robots\" content=\"index, follow, max-snippet:-1, max-image-preview:large, max-video-preview:-1\" \/>\n<link rel=\"canonical\" href=\"https:\/\/www.pm.pb.gov.br\/portal\/2013\/06\/13\/casal_e_preso_com_drogas_e_dinheiro_em_pombal\/\" \/>\n<meta property=\"og:locale\" content=\"pt_BR\" \/>\n<meta property=\"og:type\" content=\"article\" \/>\n<meta property=\"og:title\" content=\"Casal \u00e9 preso com drogas e dinheiro em Pombal - Pol\u00edcia Militar da Para\u00edba\" \/>\n<meta property=\"og:description\" content=\"Um casal foi detido, nesta quarta-feira (05), ap\u00f3s ser flagrado com quarenta e tr\u00eas pedras de crack e uma quantia\" \/>\n<meta property=\"og:url\" content=\"https:\/\/www.pm.pb.gov.br\/portal\/2013\/06\/13\/casal_e_preso_com_drogas_e_dinheiro_em_pombal\/\" \/>\n<meta property=\"og:site_name\" content=\"Pol\u00edcia Militar da Para\u00edba\" \/>\n<meta property=\"article:published_time\" content=\"2013-06-13T15:06:37+00:00\" \/>\n<meta property=\"og:image\" content=\"https:\/\/www.pm.pb.gov.br\/portal\/wp-content\/uploads\/2013\/06\/8159_10583.jpg\" \/>\n\t<meta property=\"og:image:width\" content=\"500\" \/>\n\t<meta property=\"og:image:height\" content=\"375\" \/>\n\t<meta property=\"og:image:type\" content=\"image\/jpeg\" \/>\n<meta name=\"author\" content=\"Assessoria de Imprensa da PMPB\" \/>\n<meta name=\"twitter:card\" content=\"summary_large_image\" \/>\n<meta name=\"twitter:label1\" content=\"Escrito por\" \/>\n\t<meta name=\"twitter:data1\" content=\"Assessoria de Imprensa da PMPB\" \/>\n\t<meta name=\"twitter:label2\" content=\"Est. tempo de leitura\" \/>\n\t<meta name=\"twitter:data2\" content=\"1 minuto\" \/>\n<script type=\"application\/ld+json\" class=\"yoast-schema-graph\">{\"@context\":\"https:\/\/schema.org\",\"@graph\":[{\"@type\":\"Article\",\"@id\":\"https:\/\/www.pm.pb.gov.br\/portal\/2013\/06\/13\/casal_e_preso_com_drogas_e_dinheiro_em_pombal\/#article\",\"isPartOf\":{\"@id\":\"https:\/\/www.pm.pb.gov.br\/portal\/2013\/06\/13\/casal_e_preso_com_drogas_e_dinheiro_em_pombal\/\"},\"author\":{\"name\":\"Assessoria de Imprensa da PMPB\",\"@id\":\"https:\/\/www.pm.pb.gov.br\/portal\/#\/schema\/person\/e8454f46651c3ecf0e1ba3c1666d9947\"},\"headline\":\"Casal \u00e9 preso com drogas e dinheiro em Pombal\",\"datePublished\":\"2013-06-13T15:06:37+00:00\",\"dateModified\":\"2013-06-13T15:06:37+00:00\",\"mainEntityOfPage\":{\"@id\":\"https:\/\/www.pm.pb.gov.br\/portal\/2013\/06\/13\/casal_e_preso_com_drogas_e_dinheiro_em_pombal\/\"},\"wordCount\":241,\"publisher\":{\"@id\":\"https:\/\/www.pm.pb.gov.br\/portal\/#organization\"},\"articleSection\":[\"A\u00e7\u00f5es Policiais\"],\"inLanguage\":\"pt-BR\"},{\"@type\":\"WebPage\",\"@id\":\"https:\/\/www.pm.pb.gov.br\/portal\/2013\/06\/13\/casal_e_preso_com_drogas_e_dinheiro_em_pombal\/\",\"url\":\"https:\/\/www.pm.pb.gov.br\/portal\/2013\/06\/13\/casal_e_preso_com_drogas_e_dinheiro_em_pombal\/\",\"name\":\"Casal \u00e9 preso com drogas e dinheiro em Pombal - Pol\u00edcia Militar da Para\u00edba\",\"isPartOf\":{\"@id\":\"https:\/\/www.pm.pb.gov.br\/portal\/#website\"},\"datePublished\":\"2013-06-13T15:06:37+00:00\",\"dateModified\":\"2013-06-13T15:06:37+00:00\",\"breadcrumb\":{\"@id\":\"https:\/\/www.pm.pb.gov.br\/portal\/2013\/06\/13\/casal_e_preso_com_drogas_e_dinheiro_em_pombal\/#breadcrumb\"},\"inLanguage\":\"pt-BR\",\"potentialAction\":[{\"@type\":\"ReadAction\",\"target\":[\"https:\/\/www.pm.pb.gov.br\/portal\/2013\/06\/13\/casal_e_preso_com_drogas_e_dinheiro_em_pombal\/\"]}]},{\"@type\":\"BreadcrumbList\",\"@id\":\"https:\/\/www.pm.pb.gov.br\/portal\/2013\/06\/13\/casal_e_preso_com_drogas_e_dinheiro_em_pombal\/#breadcrumb\",\"itemListElement\":[{\"@type\":\"ListItem\",\"position\":1,\"name\":\"In\u00edcio\",\"item\":\"https:\/\/www.pm.pb.gov.br\/portal\/\"},{\"@type\":\"ListItem\",\"position\":2,\"name\":\"Casal \u00e9 preso com drogas e dinheiro em Pombal\"}]},{\"@type\":\"WebSite\",\"@id\":\"https:\/\/www.pm.pb.gov.br\/portal\/#website\",\"url\":\"https:\/\/www.pm.pb.gov.br\/portal\/\",\"name\":\"Pol\u00edcia Militar da Para\u00edba\",\"description\":\"\",\"publisher\":{\"@id\":\"https:\/\/www.pm.pb.gov.br\/portal\/#organization\"},\"potentialAction\":[{\"@type\":\"SearchAction\",\"target\":{\"@type\":\"EntryPoint\",\"urlTemplate\":\"https:\/\/www.pm.pb.gov.br\/portal\/?s={search_term_string}\"},\"query-input\":\"required name=search_term_string\"}],\"inLanguage\":\"pt-BR\"},{\"@type\":\"Organization\",\"@id\":\"https:\/\/www.pm.pb.gov.br\/portal\/#organization\",\"name\":\"Pol\u00edcia Militar da Para\u00edba\",\"url\":\"https:\/\/www.pm.pb.gov.br\/portal\/\",\"logo\":{\"@type\":\"ImageObject\",\"inLanguage\":\"pt-BR\",\"@id\":\"https:\/\/www.pm.pb.gov.br\/portal\/#\/schema\/logo\/image\/\",\"url\":\"https:\/\/www.pm.pb.gov.br\/portal\/wp-content\/uploads\/2025\/03\/cropped-logo-site-mag2-1.png\",\"contentUrl\":\"https:\/\/www.pm.pb.gov.br\/portal\/wp-content\/uploads\/2025\/03\/cropped-logo-site-mag2-1.png\",\"width\":320,\"height\":90,\"caption\":\"Pol\u00edcia Militar da Para\u00edba\"},\"image\":{\"@id\":\"https:\/\/www.pm.pb.gov.br\/portal\/#\/schema\/logo\/image\/\"}},{\"@type\":\"Person\",\"@id\":\"https:\/\/www.pm.pb.gov.br\/portal\/#\/schema\/person\/e8454f46651c3ecf0e1ba3c1666d9947\",\"name\":\"Assessoria de Imprensa da PMPB\",\"image\":{\"@type\":\"ImageObject\",\"inLanguage\":\"pt-BR\",\"@id\":\"https:\/\/www.pm.pb.gov.br\/portal\/#\/schema\/person\/image\/\",\"url\":\"https:\/\/secure.gravatar.com\/avatar\/2efe197438265d1e90bd98c4c8e1acf8?s=96&d=mm&r=g\",\"contentUrl\":\"https:\/\/secure.gravatar.com\/avatar\/2efe197438265d1e90bd98c4c8e1acf8?s=96&d=mm&r=g\",\"caption\":\"Assessoria de Imprensa da PMPB\"},\"url\":\"https:\/\/www.pm.pb.gov.br\/portal\/author\/assessoria\/\"}]}<\/script>\n<!-- \/ Yoast SEO plugin. -->","yoast_head_json":{"title":"Casal \u00e9 preso com drogas e dinheiro em Pombal - Pol\u00edcia Militar da Para\u00edba","robots":{"index":"index","follow":"follow","max-snippet":"max-snippet:-1","max-image-preview":"max-image-preview:large","max-video-preview":"max-video-preview:-1"},"canonical":"https:\/\/www.pm.pb.gov.br\/portal\/2013\/06\/13\/casal_e_preso_com_drogas_e_dinheiro_em_pombal\/","og_locale":"pt_BR","og_type":"article","og_title":"Casal \u00e9 preso com drogas e dinheiro em Pombal - Pol\u00edcia Militar da Para\u00edba","og_description":"Um casal foi detido, nesta quarta-feira (05), ap\u00f3s ser flagrado com quarenta e tr\u00eas pedras de crack e uma quantia","og_url":"https:\/\/www.pm.pb.gov.br\/portal\/2013\/06\/13\/casal_e_preso_com_drogas_e_dinheiro_em_pombal\/","og_site_name":"Pol\u00edcia Militar da Para\u00edba","article_published_time":"2013-06-13T15:06:37+00:00","og_image":[{"width":500,"height":375,"url":"https:\/\/www.pm.pb.gov.br\/portal\/wp-content\/uploads\/2013\/06\/8159_10583.jpg","type":"image\/jpeg"}],"author":"Assessoria de Imprensa da PMPB","twitter_card":"summary_large_image","twitter_misc":{"Escrito por":"Assessoria de Imprensa da PMPB","Est. tempo de leitura":"1 minuto"},"schema":{"@context":"https:\/\/schema.org","@graph":[{"@type":"Article","@id":"https:\/\/www.pm.pb.gov.br\/portal\/2013\/06\/13\/casal_e_preso_com_drogas_e_dinheiro_em_pombal\/#article","isPartOf":{"@id":"https:\/\/www.pm.pb.gov.br\/portal\/2013\/06\/13\/casal_e_preso_com_drogas_e_dinheiro_em_pombal\/"},"author":{"name":"Assessoria de Imprensa da PMPB","@id":"https:\/\/www.pm.pb.gov.br\/portal\/#\/schema\/person\/e8454f46651c3ecf0e1ba3c1666d9947"},"headline":"Casal \u00e9 preso com drogas e dinheiro em Pombal","datePublished":"2013-06-13T15:06:37+00:00","dateModified":"2013-06-13T15:06:37+00:00","mainEntityOfPage":{"@id":"https:\/\/www.pm.pb.gov.br\/portal\/2013\/06\/13\/casal_e_preso_com_drogas_e_dinheiro_em_pombal\/"},"wordCount":241,"publisher":{"@id":"https:\/\/www.pm.pb.gov.br\/portal\/#organization"},"articleSection":["A\u00e7\u00f5es Policiais"],"inLanguage":"pt-BR"},{"@type":"WebPage","@id":"https:\/\/www.pm.pb.gov.br\/portal\/2013\/06\/13\/casal_e_preso_com_drogas_e_dinheiro_em_pombal\/","url":"https:\/\/www.pm.pb.gov.br\/portal\/2013\/06\/13\/casal_e_preso_com_drogas_e_dinheiro_em_pombal\/","name":"Casal \u00e9 preso com drogas e dinheiro em Pombal - Pol\u00edcia Militar da Para\u00edba","isPartOf":{"@id":"https:\/\/www.pm.pb.gov.br\/portal\/#website"},"datePublished":"2013-06-13T15:06:37+00:00","dateModified":"2013-06-13T15:06:37+00:00","breadcrumb":{"@id":"https:\/\/www.pm.pb.gov.br\/portal\/2013\/06\/13\/casal_e_preso_com_drogas_e_dinheiro_em_pombal\/#breadcrumb"},"inLanguage":"pt-BR","potentialAction":[{"@type":"ReadAction","target":["https:\/\/www.pm.pb.gov.br\/portal\/2013\/06\/13\/casal_e_preso_com_drogas_e_dinheiro_em_pombal\/"]}]},{"@type":"BreadcrumbList","@id":"https:\/\/www.pm.pb.gov.br\/portal\/2013\/06\/13\/casal_e_preso_com_drogas_e_dinheiro_em_pombal\/#breadcrumb","itemListElement":[{"@type":"ListItem","position":1,"name":"In\u00edcio","item":"https:\/\/www.pm.pb.gov.br\/portal\/"},{"@type":"ListItem","position":2,"name":"Casal \u00e9 preso com drogas e dinheiro em Pombal"}]},{"@type":"WebSite","@id":"https:\/\/www.pm.pb.gov.br\/portal\/#website","url":"https:\/\/www.pm.pb.gov.br\/portal\/","name":"Pol\u00edcia Militar da Para\u00edba","description":"","publisher":{"@id":"https:\/\/www.pm.pb.gov.br\/portal\/#organization"},"potentialAction":[{"@type":"SearchAction","target":{"@type":"EntryPoint","urlTemplate":"https:\/\/www.pm.pb.gov.br\/portal\/?s={search_term_string}"},"query-input":"required name=search_term_string"}],"inLanguage":"pt-BR"},{"@type":"Organization","@id":"https:\/\/www.pm.pb.gov.br\/portal\/#organization","name":"Pol\u00edcia Militar da Para\u00edba","url":"https:\/\/www.pm.pb.gov.br\/portal\/","logo":{"@type":"ImageObject","inLanguage":"pt-BR","@id":"https:\/\/www.pm.pb.gov.br\/portal\/#\/schema\/logo\/image\/","url":"https:\/\/www.pm.pb.gov.br\/portal\/wp-content\/uploads\/2025\/03\/cropped-logo-site-mag2-1.png","contentUrl":"https:\/\/www.pm.pb.gov.br\/portal\/wp-content\/uploads\/2025\/03\/cropped-logo-site-mag2-1.png","width":320,"height":90,"caption":"Pol\u00edcia Militar da Para\u00edba"},"image":{"@id":"https:\/\/www.pm.pb.gov.br\/portal\/#\/schema\/logo\/image\/"}},{"@type":"Person","@id":"https:\/\/www.pm.pb.gov.br\/portal\/#\/schema\/person\/e8454f46651c3ecf0e1ba3c1666d9947","name":"Assessoria de Imprensa da PMPB","image":{"@type":"ImageObject","inLanguage":"pt-BR","@id":"https:\/\/www.pm.pb.gov.br\/portal\/#\/schema\/person\/image\/","url":"https:\/\/secure.gravatar.com\/avatar\/2efe197438265d1e90bd98c4c8e1acf8?s=96&d=mm&r=g","contentUrl":"https:\/\/secure.gravatar.com\/avatar\/2efe197438265d1e90bd98c4c8e1acf8?s=96&d=mm&r=g","caption":"Assessoria de Imprensa da PMPB"},"url":"https:\/\/www.pm.pb.gov.br\/portal\/author\/assessoria\/"}]}},"_links":{"self":[{"href":"https:\/\/www.pm.pb.gov.br\/portal\/wp-json\/wp\/v2\/posts\/892046"}],"collection":[{"href":"https:\/\/www.pm.pb.gov.br\/portal\/wp-json\/wp\/v2\/posts"}],"about":[{"href":"https:\/\/www.pm.pb.gov.br\/portal\/wp-json\/wp\/v2\/types\/post"}],"author":[{"embeddable":true,"href":"https:\/\/www.pm.pb.gov.br\/portal\/wp-json\/wp\/v2\/users\/5"}],"replies":[{"embeddable":true,"href":"https:\/\/www.pm.pb.gov.br\/portal\/wp-json\/wp\/v2\/comments?post=892046"}],"version-history":[{"count":0,"href":"https:\/\/www.pm.pb.gov.br\/portal\/wp-json\/wp\/v2\/posts\/892046\/revisions"}],"wp:featuredmedia":[{"embeddable":true,"href":"https:\/\/www.pm.pb.gov.br\/portal\/wp-json\/wp\/v2\/media\/10583"}],"wp:attachment":[{"href":"https:\/\/www.pm.pb.gov.br\/portal\/wp-json\/wp\/v2\/media?parent=892046"}],"wp:term":[{"taxonomy":"category","embeddable":true,"href":"https:\/\/www.pm.pb.gov.br\/portal\/wp-json\/wp\/v2\/categories?post=892046"},{"taxonomy":"post_tag","embeddable":true,"href":"https:\/\/www.pm.pb.gov.br\/portal\/wp-json\/wp\/v2\/tags?post=892046"}],"curies":[{"name":"wp","href":"https:\/\/api.w.org\/{rel}","templated":true}]}}