{"id":892031,"date":"2013-06-02T13:06:12","date_gmt":"2013-06-02T16:06:12","guid":{"rendered":"http:\/\/www.pm.pb.gov.br\/portal\/2013\/06\/pms_resgatam_vitimas_de_assaltantes_e_apreendem_material_explosivo\/"},"modified":"2013-06-02T13:06:12","modified_gmt":"2013-06-02T16:06:12","slug":"pms_resgatam_vitimas_de_assaltantes_e_apreendem_material_explosivo","status":"publish","type":"post","link":"https:\/\/www.pm.pb.gov.br\/portal\/2013\/06\/02\/pms_resgatam_vitimas_de_assaltantes_e_apreendem_material_explosivo\/","title":{"rendered":"PMs resgatam v\u00edtimas de assaltantes e apreendem material explosivo"},"content":{"rendered":"<figure style=\"width: 500px\" class=\"wp-caption alignnone\"><img decoding=\"async\" class=\"alignnone size-medium\" src=\"http:\/\/www.pm.pb.gov.br\/portal\/wp-content\/uploads\/2013\/06\/8136_10549.jpg\" title=\"A a\u00e7\u00e3o foi realizada por Policiais militares que fazem a seguran\u00e7a da Vice-Governadoria da Para\u00edba\" width=\"100%\" \/><figcaption class=\"wp-caption-text\">A a\u00e7\u00e3o foi realizada por Policiais militares que fazem a seguran\u00e7a da Vice-Governadoria da Para\u00edba<\/figcaption><\/figure>\n<div style=\"text-align: justify;\">Policiais militares que fazem a seguran\u00e7a da Vice-Governadoria da Para\u00edba apreenderam na noite da \u00faltima sexta-feira (31) vasto material possivelmente utilizado para explodir caixas eletr\u00f4nicos. A apreens\u00e3o aconteceu na BR-230, nas proximidades de Cruz do Esp\u00edrito Santo, quando os policiais se dirigiam de Jo\u00e3o Pessoa a Campina Grande.<\/p>\n<p>Os policiais encontraram nove bananas de dinamite, detonadores, muni\u00e7\u00f5es de fuzil, chaves de fenda, giroflex e r\u00e1dio comunicadores. Todo o material estava dentro de um ve\u00edculo Corsa de cor prata, abandonado na rodovia. Perto dele, outro ve\u00edculo \u0096 um Palio Weekend \u0096 estava capotado \u00e0s margens da BR, com quatro pessoas em seu interior.<\/p>\n<p>De acordo com o cabo Emanuel Diniz, da Pol\u00edcia Militar, foi exatamente no momento em que os policiais socorriam as pessoas do Palio que os objetos foram encontrados no outro ve\u00edculo. \u0093Quando nos aproximamos dessas pessoas aparentemente acidentadas, elas se mostraram muito temerosas, perguntando se n\u00f3s \u00e9ramos policiais, e n\u00f3s dissemos que sim. Em seguida, essas pessoas disseram que o grupo que estava no Corsa abandonado tamb\u00e9m se apresentou como policiais e chegou a disparar para que esse pessoal do Palio parasse o ve\u00edculo, por isso que eles capotaram. Assim, n\u00f3s fomos at\u00e9 o Corsa e constatamos todo o material apreendido\u0094, explicou Emanuel.<\/p>\n<p>Na avalia\u00e7\u00e3o do policial, todos os ind\u00edcios levam \u00e0 conclus\u00e3o de que o Corsa era conduzido por assaltantes que tentaram roubar algum ve\u00edculo naquele trecho da BR-230. \u0093Certamente, o pessoal do Palio foi escolhido como alvo pelos bandidos\u0094, disse o militar.<\/p>\n<p>T\u00e3o logo constataram a exist\u00eancia do material dentro do Corsa, os policiais acionaram a Pol\u00edcia Rodovi\u00e1ria Federal para fazer o registro da ocorr\u00eancia, j\u00e1 que o cen\u00e1rio do crime se trata de uma rodovia federal, sob circunscri\u00e7\u00e3o da PRF.<\/p>\n<div class=\"row\" align=\"center\"><\/div>\n<\/div>\n","protected":false},"excerpt":{"rendered":"<p>Policiais militares que fazem a seguran\u00e7a da Vice-Governadoria da Para\u00edba apreenderam na noite da \u00faltima sexta-feira (31) vasto material possivelmente<\/p>\n","protected":false},"author":5,"featured_media":10549,"comment_status":"closed","ping_status":"closed","sticky":false,"template":"","format":"standard","meta":{"_exactmetrics_skip_tracking":false,"_exactmetrics_sitenote_active":false,"_exactmetrics_sitenote_note":"","_exactmetrics_sitenote_category":0,"footnotes":""},"categories":[4],"tags":[],"yoast_head":"<!-- This site is optimized with the Yoast SEO plugin v22.0 - https:\/\/yoast.com\/wordpress\/plugins\/seo\/ -->\n<title>PMs resgatam v\u00edtimas de assaltantes e apreendem material explosivo - Pol\u00edcia Militar da Para\u00edba<\/title>\n<meta name=\"robots\" content=\"index, follow, max-snippet:-1, max-image-preview:large, max-video-preview:-1\" \/>\n<link rel=\"canonical\" href=\"https:\/\/www.pm.pb.gov.br\/portal\/2013\/06\/02\/pms_resgatam_vitimas_de_assaltantes_e_apreendem_material_explosivo\/\" \/>\n<meta property=\"og:locale\" content=\"pt_BR\" \/>\n<meta property=\"og:type\" content=\"article\" \/>\n<meta property=\"og:title\" content=\"PMs resgatam v\u00edtimas de assaltantes e apreendem material explosivo - Pol\u00edcia Militar da Para\u00edba\" \/>\n<meta property=\"og:description\" content=\"Policiais militares que fazem a seguran\u00e7a da Vice-Governadoria da Para\u00edba apreenderam na noite da \u00faltima sexta-feira (31) vasto material possivelmente\" \/>\n<meta property=\"og:url\" content=\"https:\/\/www.pm.pb.gov.br\/portal\/2013\/06\/02\/pms_resgatam_vitimas_de_assaltantes_e_apreendem_material_explosivo\/\" \/>\n<meta property=\"og:site_name\" content=\"Pol\u00edcia Militar da Para\u00edba\" \/>\n<meta property=\"article:published_time\" content=\"2013-06-02T16:06:12+00:00\" \/>\n<meta property=\"og:image\" content=\"https:\/\/www.pm.pb.gov.br\/portal\/wp-content\/uploads\/2013\/06\/8136_10549.jpg\" \/>\n\t<meta property=\"og:image:width\" content=\"500\" \/>\n\t<meta property=\"og:image:height\" content=\"336\" \/>\n\t<meta property=\"og:image:type\" content=\"image\/jpeg\" \/>\n<meta name=\"author\" content=\"Assessoria de Imprensa da PMPB\" \/>\n<meta name=\"twitter:card\" content=\"summary_large_image\" \/>\n<meta name=\"twitter:label1\" content=\"Escrito por\" \/>\n\t<meta name=\"twitter:data1\" content=\"Assessoria de Imprensa da PMPB\" \/>\n\t<meta name=\"twitter:label2\" content=\"Est. tempo de leitura\" \/>\n\t<meta name=\"twitter:data2\" content=\"2 minutos\" \/>\n<script type=\"application\/ld+json\" class=\"yoast-schema-graph\">{\"@context\":\"https:\/\/schema.org\",\"@graph\":[{\"@type\":\"Article\",\"@id\":\"https:\/\/www.pm.pb.gov.br\/portal\/2013\/06\/02\/pms_resgatam_vitimas_de_assaltantes_e_apreendem_material_explosivo\/#article\",\"isPartOf\":{\"@id\":\"https:\/\/www.pm.pb.gov.br\/portal\/2013\/06\/02\/pms_resgatam_vitimas_de_assaltantes_e_apreendem_material_explosivo\/\"},\"author\":{\"name\":\"Assessoria de Imprensa da PMPB\",\"@id\":\"https:\/\/www.pm.pb.gov.br\/portal\/#\/schema\/person\/e8454f46651c3ecf0e1ba3c1666d9947\"},\"headline\":\"PMs resgatam v\u00edtimas de assaltantes e apreendem material explosivo\",\"datePublished\":\"2013-06-02T16:06:12+00:00\",\"dateModified\":\"2013-06-02T16:06:12+00:00\",\"mainEntityOfPage\":{\"@id\":\"https:\/\/www.pm.pb.gov.br\/portal\/2013\/06\/02\/pms_resgatam_vitimas_de_assaltantes_e_apreendem_material_explosivo\/\"},\"wordCount\":343,\"publisher\":{\"@id\":\"https:\/\/www.pm.pb.gov.br\/portal\/#organization\"},\"articleSection\":[\"A\u00e7\u00f5es Policiais\"],\"inLanguage\":\"pt-BR\"},{\"@type\":\"WebPage\",\"@id\":\"https:\/\/www.pm.pb.gov.br\/portal\/2013\/06\/02\/pms_resgatam_vitimas_de_assaltantes_e_apreendem_material_explosivo\/\",\"url\":\"https:\/\/www.pm.pb.gov.br\/portal\/2013\/06\/02\/pms_resgatam_vitimas_de_assaltantes_e_apreendem_material_explosivo\/\",\"name\":\"PMs resgatam v\u00edtimas de assaltantes e apreendem material explosivo - Pol\u00edcia Militar da Para\u00edba\",\"isPartOf\":{\"@id\":\"https:\/\/www.pm.pb.gov.br\/portal\/#website\"},\"datePublished\":\"2013-06-02T16:06:12+00:00\",\"dateModified\":\"2013-06-02T16:06:12+00:00\",\"breadcrumb\":{\"@id\":\"https:\/\/www.pm.pb.gov.br\/portal\/2013\/06\/02\/pms_resgatam_vitimas_de_assaltantes_e_apreendem_material_explosivo\/#breadcrumb\"},\"inLanguage\":\"pt-BR\",\"potentialAction\":[{\"@type\":\"ReadAction\",\"target\":[\"https:\/\/www.pm.pb.gov.br\/portal\/2013\/06\/02\/pms_resgatam_vitimas_de_assaltantes_e_apreendem_material_explosivo\/\"]}]},{\"@type\":\"BreadcrumbList\",\"@id\":\"https:\/\/www.pm.pb.gov.br\/portal\/2013\/06\/02\/pms_resgatam_vitimas_de_assaltantes_e_apreendem_material_explosivo\/#breadcrumb\",\"itemListElement\":[{\"@type\":\"ListItem\",\"position\":1,\"name\":\"In\u00edcio\",\"item\":\"https:\/\/www.pm.pb.gov.br\/portal\/\"},{\"@type\":\"ListItem\",\"position\":2,\"name\":\"PMs resgatam v\u00edtimas de assaltantes e apreendem material explosivo\"}]},{\"@type\":\"WebSite\",\"@id\":\"https:\/\/www.pm.pb.gov.br\/portal\/#website\",\"url\":\"https:\/\/www.pm.pb.gov.br\/portal\/\",\"name\":\"Pol\u00edcia Militar da Para\u00edba\",\"description\":\"\",\"publisher\":{\"@id\":\"https:\/\/www.pm.pb.gov.br\/portal\/#organization\"},\"potentialAction\":[{\"@type\":\"SearchAction\",\"target\":{\"@type\":\"EntryPoint\",\"urlTemplate\":\"https:\/\/www.pm.pb.gov.br\/portal\/?s={search_term_string}\"},\"query-input\":\"required name=search_term_string\"}],\"inLanguage\":\"pt-BR\"},{\"@type\":\"Organization\",\"@id\":\"https:\/\/www.pm.pb.gov.br\/portal\/#organization\",\"name\":\"Pol\u00edcia Militar da Para\u00edba\",\"url\":\"https:\/\/www.pm.pb.gov.br\/portal\/\",\"logo\":{\"@type\":\"ImageObject\",\"inLanguage\":\"pt-BR\",\"@id\":\"https:\/\/www.pm.pb.gov.br\/portal\/#\/schema\/logo\/image\/\",\"url\":\"https:\/\/www.pm.pb.gov.br\/portal\/wp-content\/uploads\/2025\/03\/cropped-logo-site-mag2-1.png\",\"contentUrl\":\"https:\/\/www.pm.pb.gov.br\/portal\/wp-content\/uploads\/2025\/03\/cropped-logo-site-mag2-1.png\",\"width\":320,\"height\":90,\"caption\":\"Pol\u00edcia Militar da Para\u00edba\"},\"image\":{\"@id\":\"https:\/\/www.pm.pb.gov.br\/portal\/#\/schema\/logo\/image\/\"}},{\"@type\":\"Person\",\"@id\":\"https:\/\/www.pm.pb.gov.br\/portal\/#\/schema\/person\/e8454f46651c3ecf0e1ba3c1666d9947\",\"name\":\"Assessoria de Imprensa da PMPB\",\"image\":{\"@type\":\"ImageObject\",\"inLanguage\":\"pt-BR\",\"@id\":\"https:\/\/www.pm.pb.gov.br\/portal\/#\/schema\/person\/image\/\",\"url\":\"https:\/\/secure.gravatar.com\/avatar\/2efe197438265d1e90bd98c4c8e1acf8?s=96&d=mm&r=g\",\"contentUrl\":\"https:\/\/secure.gravatar.com\/avatar\/2efe197438265d1e90bd98c4c8e1acf8?s=96&d=mm&r=g\",\"caption\":\"Assessoria de Imprensa da PMPB\"},\"url\":\"https:\/\/www.pm.pb.gov.br\/portal\/author\/assessoria\/\"}]}<\/script>\n<!-- \/ Yoast SEO plugin. -->","yoast_head_json":{"title":"PMs resgatam v\u00edtimas de assaltantes e apreendem material explosivo - Pol\u00edcia Militar da Para\u00edba","robots":{"index":"index","follow":"follow","max-snippet":"max-snippet:-1","max-image-preview":"max-image-preview:large","max-video-preview":"max-video-preview:-1"},"canonical":"https:\/\/www.pm.pb.gov.br\/portal\/2013\/06\/02\/pms_resgatam_vitimas_de_assaltantes_e_apreendem_material_explosivo\/","og_locale":"pt_BR","og_type":"article","og_title":"PMs resgatam v\u00edtimas de assaltantes e apreendem material explosivo - Pol\u00edcia Militar da Para\u00edba","og_description":"Policiais militares que fazem a seguran\u00e7a da Vice-Governadoria da Para\u00edba apreenderam na noite da \u00faltima sexta-feira (31) vasto material possivelmente","og_url":"https:\/\/www.pm.pb.gov.br\/portal\/2013\/06\/02\/pms_resgatam_vitimas_de_assaltantes_e_apreendem_material_explosivo\/","og_site_name":"Pol\u00edcia Militar da Para\u00edba","article_published_time":"2013-06-02T16:06:12+00:00","og_image":[{"width":500,"height":336,"url":"https:\/\/www.pm.pb.gov.br\/portal\/wp-content\/uploads\/2013\/06\/8136_10549.jpg","type":"image\/jpeg"}],"author":"Assessoria de Imprensa da PMPB","twitter_card":"summary_large_image","twitter_misc":{"Escrito por":"Assessoria de Imprensa da PMPB","Est. tempo de leitura":"2 minutos"},"schema":{"@context":"https:\/\/schema.org","@graph":[{"@type":"Article","@id":"https:\/\/www.pm.pb.gov.br\/portal\/2013\/06\/02\/pms_resgatam_vitimas_de_assaltantes_e_apreendem_material_explosivo\/#article","isPartOf":{"@id":"https:\/\/www.pm.pb.gov.br\/portal\/2013\/06\/02\/pms_resgatam_vitimas_de_assaltantes_e_apreendem_material_explosivo\/"},"author":{"name":"Assessoria de Imprensa da PMPB","@id":"https:\/\/www.pm.pb.gov.br\/portal\/#\/schema\/person\/e8454f46651c3ecf0e1ba3c1666d9947"},"headline":"PMs resgatam v\u00edtimas de assaltantes e apreendem material explosivo","datePublished":"2013-06-02T16:06:12+00:00","dateModified":"2013-06-02T16:06:12+00:00","mainEntityOfPage":{"@id":"https:\/\/www.pm.pb.gov.br\/portal\/2013\/06\/02\/pms_resgatam_vitimas_de_assaltantes_e_apreendem_material_explosivo\/"},"wordCount":343,"publisher":{"@id":"https:\/\/www.pm.pb.gov.br\/portal\/#organization"},"articleSection":["A\u00e7\u00f5es Policiais"],"inLanguage":"pt-BR"},{"@type":"WebPage","@id":"https:\/\/www.pm.pb.gov.br\/portal\/2013\/06\/02\/pms_resgatam_vitimas_de_assaltantes_e_apreendem_material_explosivo\/","url":"https:\/\/www.pm.pb.gov.br\/portal\/2013\/06\/02\/pms_resgatam_vitimas_de_assaltantes_e_apreendem_material_explosivo\/","name":"PMs resgatam v\u00edtimas de assaltantes e apreendem material explosivo - Pol\u00edcia Militar da Para\u00edba","isPartOf":{"@id":"https:\/\/www.pm.pb.gov.br\/portal\/#website"},"datePublished":"2013-06-02T16:06:12+00:00","dateModified":"2013-06-02T16:06:12+00:00","breadcrumb":{"@id":"https:\/\/www.pm.pb.gov.br\/portal\/2013\/06\/02\/pms_resgatam_vitimas_de_assaltantes_e_apreendem_material_explosivo\/#breadcrumb"},"inLanguage":"pt-BR","potentialAction":[{"@type":"ReadAction","target":["https:\/\/www.pm.pb.gov.br\/portal\/2013\/06\/02\/pms_resgatam_vitimas_de_assaltantes_e_apreendem_material_explosivo\/"]}]},{"@type":"BreadcrumbList","@id":"https:\/\/www.pm.pb.gov.br\/portal\/2013\/06\/02\/pms_resgatam_vitimas_de_assaltantes_e_apreendem_material_explosivo\/#breadcrumb","itemListElement":[{"@type":"ListItem","position":1,"name":"In\u00edcio","item":"https:\/\/www.pm.pb.gov.br\/portal\/"},{"@type":"ListItem","position":2,"name":"PMs resgatam v\u00edtimas de assaltantes e apreendem material explosivo"}]},{"@type":"WebSite","@id":"https:\/\/www.pm.pb.gov.br\/portal\/#website","url":"https:\/\/www.pm.pb.gov.br\/portal\/","name":"Pol\u00edcia Militar da Para\u00edba","description":"","publisher":{"@id":"https:\/\/www.pm.pb.gov.br\/portal\/#organization"},"potentialAction":[{"@type":"SearchAction","target":{"@type":"EntryPoint","urlTemplate":"https:\/\/www.pm.pb.gov.br\/portal\/?s={search_term_string}"},"query-input":"required name=search_term_string"}],"inLanguage":"pt-BR"},{"@type":"Organization","@id":"https:\/\/www.pm.pb.gov.br\/portal\/#organization","name":"Pol\u00edcia Militar da Para\u00edba","url":"https:\/\/www.pm.pb.gov.br\/portal\/","logo":{"@type":"ImageObject","inLanguage":"pt-BR","@id":"https:\/\/www.pm.pb.gov.br\/portal\/#\/schema\/logo\/image\/","url":"https:\/\/www.pm.pb.gov.br\/portal\/wp-content\/uploads\/2025\/03\/cropped-logo-site-mag2-1.png","contentUrl":"https:\/\/www.pm.pb.gov.br\/portal\/wp-content\/uploads\/2025\/03\/cropped-logo-site-mag2-1.png","width":320,"height":90,"caption":"Pol\u00edcia Militar da Para\u00edba"},"image":{"@id":"https:\/\/www.pm.pb.gov.br\/portal\/#\/schema\/logo\/image\/"}},{"@type":"Person","@id":"https:\/\/www.pm.pb.gov.br\/portal\/#\/schema\/person\/e8454f46651c3ecf0e1ba3c1666d9947","name":"Assessoria de Imprensa da PMPB","image":{"@type":"ImageObject","inLanguage":"pt-BR","@id":"https:\/\/www.pm.pb.gov.br\/portal\/#\/schema\/person\/image\/","url":"https:\/\/secure.gravatar.com\/avatar\/2efe197438265d1e90bd98c4c8e1acf8?s=96&d=mm&r=g","contentUrl":"https:\/\/secure.gravatar.com\/avatar\/2efe197438265d1e90bd98c4c8e1acf8?s=96&d=mm&r=g","caption":"Assessoria de Imprensa da PMPB"},"url":"https:\/\/www.pm.pb.gov.br\/portal\/author\/assessoria\/"}]}},"_links":{"self":[{"href":"https:\/\/www.pm.pb.gov.br\/portal\/wp-json\/wp\/v2\/posts\/892031"}],"collection":[{"href":"https:\/\/www.pm.pb.gov.br\/portal\/wp-json\/wp\/v2\/posts"}],"about":[{"href":"https:\/\/www.pm.pb.gov.br\/portal\/wp-json\/wp\/v2\/types\/post"}],"author":[{"embeddable":true,"href":"https:\/\/www.pm.pb.gov.br\/portal\/wp-json\/wp\/v2\/users\/5"}],"replies":[{"embeddable":true,"href":"https:\/\/www.pm.pb.gov.br\/portal\/wp-json\/wp\/v2\/comments?post=892031"}],"version-history":[{"count":0,"href":"https:\/\/www.pm.pb.gov.br\/portal\/wp-json\/wp\/v2\/posts\/892031\/revisions"}],"wp:featuredmedia":[{"embeddable":true,"href":"https:\/\/www.pm.pb.gov.br\/portal\/wp-json\/wp\/v2\/media\/10549"}],"wp:attachment":[{"href":"https:\/\/www.pm.pb.gov.br\/portal\/wp-json\/wp\/v2\/media?parent=892031"}],"wp:term":[{"taxonomy":"category","embeddable":true,"href":"https:\/\/www.pm.pb.gov.br\/portal\/wp-json\/wp\/v2\/categories?post=892031"},{"taxonomy":"post_tag","embeddable":true,"href":"https:\/\/www.pm.pb.gov.br\/portal\/wp-json\/wp\/v2\/tags?post=892031"}],"curies":[{"name":"wp","href":"https:\/\/api.w.org\/{rel}","templated":true}]}}