{"id":892005,"date":"2013-05-22T11:05:00","date_gmt":"2013-05-22T14:05:00","guid":{"rendered":"http:\/\/www.pm.pb.gov.br\/portal\/2013\/05\/7_bpm_apreende_armas_e_quadrilha_suspeita_de_assaltos\/"},"modified":"2013-05-22T11:05:00","modified_gmt":"2013-05-22T14:05:00","slug":"7_bpm_apreende_armas_e_quadrilha_suspeita_de_assaltos","status":"publish","type":"post","link":"https:\/\/www.pm.pb.gov.br\/portal\/2013\/05\/22\/7_bpm_apreende_armas_e_quadrilha_suspeita_de_assaltos\/","title":{"rendered":"7\u00ba BPM apreende armas e quadrilha suspeita de assaltos"},"content":{"rendered":"<figure style=\"width: 500px\" class=\"wp-caption alignnone\"><img decoding=\"async\" class=\"alignnone size-medium\" src=\"http:\/\/www.pm.pb.gov.br\/portal\/wp-content\/uploads\/2013\/05\/8095_10470.jpg\" title=\"Rev\u00f3lver calibre 38 foi apreendido com a dupla\" width=\"100%\" \/><figcaption class=\"wp-caption-text\">Rev\u00f3lver calibre 38 foi apreendido com a dupla<\/figcaption><\/figure>\n<div style=\"text-align: justify;\">Policiais da For\u00e7a T\u00e1tica do 7\u00ba Batalh\u00e3o, em Santa Rita, prenderam na noite desta ter\u00e7a uma dupla suspeita de tentativa de homic\u00eddios e porte ilegal de arma. Com Leandro Santana Francelino da Silva e Elisandro de Lima, a pol\u00edcia apreendeu um rev\u00f3lver calibre 38. Eles foram flagrados com a arma no bairro do Tibiri, na noite de ter\u00e7a (21) e encaminhados para a Delegacia de Homic\u00eddios de Jo\u00e3o Pessoa.<\/p>\n<p>Ainda na ter\u00e7a, policiais militares da unidade recapturaram um foragido da Justi\u00e7a. Luiz Carlos de Albuquerque (\u0091conhecido como Birilo\u0092), 23 anos, foi pego em Santa Rita e conduzido para a 6\u00ba Delegacia Distrital. Ele \u00e9 apenado na Penitenci\u00e1ria S\u00edlvio Porto, localizada em Mangabeira, na capital.<\/p>\n<p>Litoral Norte<\/p>\n<p>No munic\u00edpio de Lucena, Policiais Militares do Patrulhamento Rural da 1\u00aa Companhia do 7\u00ba BPM prenderam uma quadrilha suspeita de realizar v\u00e1rios assaltos a estabelecimentos comerciais de Lucena. Com Clebson Flor\u00eancio Dorneles, 20 anos; Claudemberg Cirilo de Oliveira, 19, e dois adolescentes de 16 e 17 anos, a pol\u00edcia apreendeu duas armas de fogo, sendo uma pistola calibre 380 e um rev\u00f3lver calibre 38; al\u00e9m de uma quantia em dinheiro suspostamente fruto dos roubos.<\/p>\n<p>As armas, o dinheiro e os acusados foram conduzido a Delegacia do Municipio de Lucena e colocados a disposi\u00e7\u00e3o do Delegado de plant\u00e3o.<\/p>\n<div class=\"row\" align=\"center\"><a href=\"http:\/\/www.pm.pb.gov.br\/portal\/wp-content\/uploads\/2013\/05\/8095_10471.jpg\"><figure style=\"width: 500px\" class=\"wp-caption alignnone\"><img decoding=\"async\" class=\"image-responsive\" src=\"http:\/\/www.pm.pb.gov.br\/portal\/wp-content\/uploads\/2013\/05\/8095_10471.jpg\" title=\"PMs prenderam em flagrante o grupo suspeito de assaltos\" width=\"100%\" \/><figcaption class=\"wp-caption-text\">PMs prenderam em flagrante o grupo suspeito de assaltos<\/figcaption><\/figure><\/a><\/div>\n<\/div>\n","protected":false},"excerpt":{"rendered":"<p>Policiais da For\u00e7a T\u00e1tica do 7\u00ba Batalh\u00e3o, em Santa Rita, prenderam na noite desta ter\u00e7a uma dupla suspeita de tentativa<\/p>\n","protected":false},"author":5,"featured_media":10470,"comment_status":"closed","ping_status":"closed","sticky":false,"template":"","format":"standard","meta":{"_exactmetrics_skip_tracking":false,"_exactmetrics_sitenote_active":false,"_exactmetrics_sitenote_note":"","_exactmetrics_sitenote_category":0,"footnotes":""},"categories":[4],"tags":[],"yoast_head":"<!-- This site is optimized with the Yoast SEO plugin v22.0 - https:\/\/yoast.com\/wordpress\/plugins\/seo\/ -->\n<title>7\u00ba BPM apreende armas e quadrilha suspeita de assaltos - Pol\u00edcia Militar da Para\u00edba<\/title>\n<meta name=\"robots\" content=\"index, follow, max-snippet:-1, max-image-preview:large, max-video-preview:-1\" \/>\n<link rel=\"canonical\" href=\"https:\/\/www.pm.pb.gov.br\/portal\/2013\/05\/22\/7_bpm_apreende_armas_e_quadrilha_suspeita_de_assaltos\/\" \/>\n<meta property=\"og:locale\" content=\"pt_BR\" \/>\n<meta property=\"og:type\" content=\"article\" \/>\n<meta property=\"og:title\" content=\"7\u00ba BPM apreende armas e quadrilha suspeita de assaltos - Pol\u00edcia Militar da Para\u00edba\" \/>\n<meta property=\"og:description\" content=\"Policiais da For\u00e7a T\u00e1tica do 7\u00ba Batalh\u00e3o, em Santa Rita, prenderam na noite desta ter\u00e7a uma dupla suspeita de tentativa\" \/>\n<meta property=\"og:url\" content=\"https:\/\/www.pm.pb.gov.br\/portal\/2013\/05\/22\/7_bpm_apreende_armas_e_quadrilha_suspeita_de_assaltos\/\" \/>\n<meta property=\"og:site_name\" content=\"Pol\u00edcia Militar da Para\u00edba\" \/>\n<meta property=\"article:published_time\" content=\"2013-05-22T14:05:00+00:00\" \/>\n<meta property=\"og:image\" content=\"https:\/\/www.pm.pb.gov.br\/portal\/wp-content\/uploads\/2013\/05\/8095_10470.jpg\" \/>\n\t<meta property=\"og:image:width\" content=\"500\" \/>\n\t<meta property=\"og:image:height\" content=\"375\" \/>\n\t<meta property=\"og:image:type\" content=\"image\/jpeg\" \/>\n<meta name=\"author\" content=\"Assessoria de Imprensa da PMPB\" \/>\n<meta name=\"twitter:card\" content=\"summary_large_image\" \/>\n<meta name=\"twitter:label1\" content=\"Escrito por\" \/>\n\t<meta name=\"twitter:data1\" content=\"Assessoria de Imprensa da PMPB\" \/>\n\t<meta name=\"twitter:label2\" content=\"Est. tempo de leitura\" \/>\n\t<meta name=\"twitter:data2\" content=\"1 minuto\" \/>\n<script type=\"application\/ld+json\" class=\"yoast-schema-graph\">{\"@context\":\"https:\/\/schema.org\",\"@graph\":[{\"@type\":\"Article\",\"@id\":\"https:\/\/www.pm.pb.gov.br\/portal\/2013\/05\/22\/7_bpm_apreende_armas_e_quadrilha_suspeita_de_assaltos\/#article\",\"isPartOf\":{\"@id\":\"https:\/\/www.pm.pb.gov.br\/portal\/2013\/05\/22\/7_bpm_apreende_armas_e_quadrilha_suspeita_de_assaltos\/\"},\"author\":{\"name\":\"Assessoria de Imprensa da PMPB\",\"@id\":\"https:\/\/www.pm.pb.gov.br\/portal\/#\/schema\/person\/e8454f46651c3ecf0e1ba3c1666d9947\"},\"headline\":\"7\u00ba BPM apreende armas e quadrilha suspeita de assaltos\",\"datePublished\":\"2013-05-22T14:05:00+00:00\",\"dateModified\":\"2013-05-22T14:05:00+00:00\",\"mainEntityOfPage\":{\"@id\":\"https:\/\/www.pm.pb.gov.br\/portal\/2013\/05\/22\/7_bpm_apreende_armas_e_quadrilha_suspeita_de_assaltos\/\"},\"wordCount\":258,\"publisher\":{\"@id\":\"https:\/\/www.pm.pb.gov.br\/portal\/#organization\"},\"articleSection\":[\"A\u00e7\u00f5es Policiais\"],\"inLanguage\":\"pt-BR\"},{\"@type\":\"WebPage\",\"@id\":\"https:\/\/www.pm.pb.gov.br\/portal\/2013\/05\/22\/7_bpm_apreende_armas_e_quadrilha_suspeita_de_assaltos\/\",\"url\":\"https:\/\/www.pm.pb.gov.br\/portal\/2013\/05\/22\/7_bpm_apreende_armas_e_quadrilha_suspeita_de_assaltos\/\",\"name\":\"7\u00ba BPM apreende armas e quadrilha suspeita de assaltos - Pol\u00edcia Militar da Para\u00edba\",\"isPartOf\":{\"@id\":\"https:\/\/www.pm.pb.gov.br\/portal\/#website\"},\"datePublished\":\"2013-05-22T14:05:00+00:00\",\"dateModified\":\"2013-05-22T14:05:00+00:00\",\"breadcrumb\":{\"@id\":\"https:\/\/www.pm.pb.gov.br\/portal\/2013\/05\/22\/7_bpm_apreende_armas_e_quadrilha_suspeita_de_assaltos\/#breadcrumb\"},\"inLanguage\":\"pt-BR\",\"potentialAction\":[{\"@type\":\"ReadAction\",\"target\":[\"https:\/\/www.pm.pb.gov.br\/portal\/2013\/05\/22\/7_bpm_apreende_armas_e_quadrilha_suspeita_de_assaltos\/\"]}]},{\"@type\":\"BreadcrumbList\",\"@id\":\"https:\/\/www.pm.pb.gov.br\/portal\/2013\/05\/22\/7_bpm_apreende_armas_e_quadrilha_suspeita_de_assaltos\/#breadcrumb\",\"itemListElement\":[{\"@type\":\"ListItem\",\"position\":1,\"name\":\"In\u00edcio\",\"item\":\"https:\/\/www.pm.pb.gov.br\/portal\/\"},{\"@type\":\"ListItem\",\"position\":2,\"name\":\"7\u00ba BPM apreende armas e quadrilha suspeita de assaltos\"}]},{\"@type\":\"WebSite\",\"@id\":\"https:\/\/www.pm.pb.gov.br\/portal\/#website\",\"url\":\"https:\/\/www.pm.pb.gov.br\/portal\/\",\"name\":\"Pol\u00edcia Militar da Para\u00edba\",\"description\":\"\",\"publisher\":{\"@id\":\"https:\/\/www.pm.pb.gov.br\/portal\/#organization\"},\"potentialAction\":[{\"@type\":\"SearchAction\",\"target\":{\"@type\":\"EntryPoint\",\"urlTemplate\":\"https:\/\/www.pm.pb.gov.br\/portal\/?s={search_term_string}\"},\"query-input\":\"required name=search_term_string\"}],\"inLanguage\":\"pt-BR\"},{\"@type\":\"Organization\",\"@id\":\"https:\/\/www.pm.pb.gov.br\/portal\/#organization\",\"name\":\"Pol\u00edcia Militar da Para\u00edba\",\"url\":\"https:\/\/www.pm.pb.gov.br\/portal\/\",\"logo\":{\"@type\":\"ImageObject\",\"inLanguage\":\"pt-BR\",\"@id\":\"https:\/\/www.pm.pb.gov.br\/portal\/#\/schema\/logo\/image\/\",\"url\":\"https:\/\/www.pm.pb.gov.br\/portal\/wp-content\/uploads\/2025\/03\/cropped-logo-site-mag2-1.png\",\"contentUrl\":\"https:\/\/www.pm.pb.gov.br\/portal\/wp-content\/uploads\/2025\/03\/cropped-logo-site-mag2-1.png\",\"width\":320,\"height\":90,\"caption\":\"Pol\u00edcia Militar da Para\u00edba\"},\"image\":{\"@id\":\"https:\/\/www.pm.pb.gov.br\/portal\/#\/schema\/logo\/image\/\"}},{\"@type\":\"Person\",\"@id\":\"https:\/\/www.pm.pb.gov.br\/portal\/#\/schema\/person\/e8454f46651c3ecf0e1ba3c1666d9947\",\"name\":\"Assessoria de Imprensa da PMPB\",\"image\":{\"@type\":\"ImageObject\",\"inLanguage\":\"pt-BR\",\"@id\":\"https:\/\/www.pm.pb.gov.br\/portal\/#\/schema\/person\/image\/\",\"url\":\"https:\/\/secure.gravatar.com\/avatar\/2efe197438265d1e90bd98c4c8e1acf8?s=96&d=mm&r=g\",\"contentUrl\":\"https:\/\/secure.gravatar.com\/avatar\/2efe197438265d1e90bd98c4c8e1acf8?s=96&d=mm&r=g\",\"caption\":\"Assessoria de Imprensa da PMPB\"},\"url\":\"https:\/\/www.pm.pb.gov.br\/portal\/author\/assessoria\/\"}]}<\/script>\n<!-- \/ Yoast SEO plugin. -->","yoast_head_json":{"title":"7\u00ba BPM apreende armas e quadrilha suspeita de assaltos - Pol\u00edcia Militar da Para\u00edba","robots":{"index":"index","follow":"follow","max-snippet":"max-snippet:-1","max-image-preview":"max-image-preview:large","max-video-preview":"max-video-preview:-1"},"canonical":"https:\/\/www.pm.pb.gov.br\/portal\/2013\/05\/22\/7_bpm_apreende_armas_e_quadrilha_suspeita_de_assaltos\/","og_locale":"pt_BR","og_type":"article","og_title":"7\u00ba BPM apreende armas e quadrilha suspeita de assaltos - Pol\u00edcia Militar da Para\u00edba","og_description":"Policiais da For\u00e7a T\u00e1tica do 7\u00ba Batalh\u00e3o, em Santa Rita, prenderam na noite desta ter\u00e7a uma dupla suspeita de tentativa","og_url":"https:\/\/www.pm.pb.gov.br\/portal\/2013\/05\/22\/7_bpm_apreende_armas_e_quadrilha_suspeita_de_assaltos\/","og_site_name":"Pol\u00edcia Militar da Para\u00edba","article_published_time":"2013-05-22T14:05:00+00:00","og_image":[{"width":500,"height":375,"url":"https:\/\/www.pm.pb.gov.br\/portal\/wp-content\/uploads\/2013\/05\/8095_10470.jpg","type":"image\/jpeg"}],"author":"Assessoria de Imprensa da PMPB","twitter_card":"summary_large_image","twitter_misc":{"Escrito por":"Assessoria de Imprensa da PMPB","Est. tempo de leitura":"1 minuto"},"schema":{"@context":"https:\/\/schema.org","@graph":[{"@type":"Article","@id":"https:\/\/www.pm.pb.gov.br\/portal\/2013\/05\/22\/7_bpm_apreende_armas_e_quadrilha_suspeita_de_assaltos\/#article","isPartOf":{"@id":"https:\/\/www.pm.pb.gov.br\/portal\/2013\/05\/22\/7_bpm_apreende_armas_e_quadrilha_suspeita_de_assaltos\/"},"author":{"name":"Assessoria de Imprensa da PMPB","@id":"https:\/\/www.pm.pb.gov.br\/portal\/#\/schema\/person\/e8454f46651c3ecf0e1ba3c1666d9947"},"headline":"7\u00ba BPM apreende armas e quadrilha suspeita de assaltos","datePublished":"2013-05-22T14:05:00+00:00","dateModified":"2013-05-22T14:05:00+00:00","mainEntityOfPage":{"@id":"https:\/\/www.pm.pb.gov.br\/portal\/2013\/05\/22\/7_bpm_apreende_armas_e_quadrilha_suspeita_de_assaltos\/"},"wordCount":258,"publisher":{"@id":"https:\/\/www.pm.pb.gov.br\/portal\/#organization"},"articleSection":["A\u00e7\u00f5es Policiais"],"inLanguage":"pt-BR"},{"@type":"WebPage","@id":"https:\/\/www.pm.pb.gov.br\/portal\/2013\/05\/22\/7_bpm_apreende_armas_e_quadrilha_suspeita_de_assaltos\/","url":"https:\/\/www.pm.pb.gov.br\/portal\/2013\/05\/22\/7_bpm_apreende_armas_e_quadrilha_suspeita_de_assaltos\/","name":"7\u00ba BPM apreende armas e quadrilha suspeita de assaltos - Pol\u00edcia Militar da Para\u00edba","isPartOf":{"@id":"https:\/\/www.pm.pb.gov.br\/portal\/#website"},"datePublished":"2013-05-22T14:05:00+00:00","dateModified":"2013-05-22T14:05:00+00:00","breadcrumb":{"@id":"https:\/\/www.pm.pb.gov.br\/portal\/2013\/05\/22\/7_bpm_apreende_armas_e_quadrilha_suspeita_de_assaltos\/#breadcrumb"},"inLanguage":"pt-BR","potentialAction":[{"@type":"ReadAction","target":["https:\/\/www.pm.pb.gov.br\/portal\/2013\/05\/22\/7_bpm_apreende_armas_e_quadrilha_suspeita_de_assaltos\/"]}]},{"@type":"BreadcrumbList","@id":"https:\/\/www.pm.pb.gov.br\/portal\/2013\/05\/22\/7_bpm_apreende_armas_e_quadrilha_suspeita_de_assaltos\/#breadcrumb","itemListElement":[{"@type":"ListItem","position":1,"name":"In\u00edcio","item":"https:\/\/www.pm.pb.gov.br\/portal\/"},{"@type":"ListItem","position":2,"name":"7\u00ba BPM apreende armas e quadrilha suspeita de assaltos"}]},{"@type":"WebSite","@id":"https:\/\/www.pm.pb.gov.br\/portal\/#website","url":"https:\/\/www.pm.pb.gov.br\/portal\/","name":"Pol\u00edcia Militar da Para\u00edba","description":"","publisher":{"@id":"https:\/\/www.pm.pb.gov.br\/portal\/#organization"},"potentialAction":[{"@type":"SearchAction","target":{"@type":"EntryPoint","urlTemplate":"https:\/\/www.pm.pb.gov.br\/portal\/?s={search_term_string}"},"query-input":"required name=search_term_string"}],"inLanguage":"pt-BR"},{"@type":"Organization","@id":"https:\/\/www.pm.pb.gov.br\/portal\/#organization","name":"Pol\u00edcia Militar da Para\u00edba","url":"https:\/\/www.pm.pb.gov.br\/portal\/","logo":{"@type":"ImageObject","inLanguage":"pt-BR","@id":"https:\/\/www.pm.pb.gov.br\/portal\/#\/schema\/logo\/image\/","url":"https:\/\/www.pm.pb.gov.br\/portal\/wp-content\/uploads\/2025\/03\/cropped-logo-site-mag2-1.png","contentUrl":"https:\/\/www.pm.pb.gov.br\/portal\/wp-content\/uploads\/2025\/03\/cropped-logo-site-mag2-1.png","width":320,"height":90,"caption":"Pol\u00edcia Militar da Para\u00edba"},"image":{"@id":"https:\/\/www.pm.pb.gov.br\/portal\/#\/schema\/logo\/image\/"}},{"@type":"Person","@id":"https:\/\/www.pm.pb.gov.br\/portal\/#\/schema\/person\/e8454f46651c3ecf0e1ba3c1666d9947","name":"Assessoria de Imprensa da PMPB","image":{"@type":"ImageObject","inLanguage":"pt-BR","@id":"https:\/\/www.pm.pb.gov.br\/portal\/#\/schema\/person\/image\/","url":"https:\/\/secure.gravatar.com\/avatar\/2efe197438265d1e90bd98c4c8e1acf8?s=96&d=mm&r=g","contentUrl":"https:\/\/secure.gravatar.com\/avatar\/2efe197438265d1e90bd98c4c8e1acf8?s=96&d=mm&r=g","caption":"Assessoria de Imprensa da PMPB"},"url":"https:\/\/www.pm.pb.gov.br\/portal\/author\/assessoria\/"}]}},"_links":{"self":[{"href":"https:\/\/www.pm.pb.gov.br\/portal\/wp-json\/wp\/v2\/posts\/892005"}],"collection":[{"href":"https:\/\/www.pm.pb.gov.br\/portal\/wp-json\/wp\/v2\/posts"}],"about":[{"href":"https:\/\/www.pm.pb.gov.br\/portal\/wp-json\/wp\/v2\/types\/post"}],"author":[{"embeddable":true,"href":"https:\/\/www.pm.pb.gov.br\/portal\/wp-json\/wp\/v2\/users\/5"}],"replies":[{"embeddable":true,"href":"https:\/\/www.pm.pb.gov.br\/portal\/wp-json\/wp\/v2\/comments?post=892005"}],"version-history":[{"count":0,"href":"https:\/\/www.pm.pb.gov.br\/portal\/wp-json\/wp\/v2\/posts\/892005\/revisions"}],"wp:featuredmedia":[{"embeddable":true,"href":"https:\/\/www.pm.pb.gov.br\/portal\/wp-json\/wp\/v2\/media\/10470"}],"wp:attachment":[{"href":"https:\/\/www.pm.pb.gov.br\/portal\/wp-json\/wp\/v2\/media?parent=892005"}],"wp:term":[{"taxonomy":"category","embeddable":true,"href":"https:\/\/www.pm.pb.gov.br\/portal\/wp-json\/wp\/v2\/categories?post=892005"},{"taxonomy":"post_tag","embeddable":true,"href":"https:\/\/www.pm.pb.gov.br\/portal\/wp-json\/wp\/v2\/tags?post=892005"}],"curies":[{"name":"wp","href":"https:\/\/api.w.org\/{rel}","templated":true}]}}