{"id":892000,"date":"2013-05-22T00:05:08","date_gmt":"2013-05-22T03:05:08","guid":{"rendered":"http:\/\/www.pm.pb.gov.br\/portal\/2013\/05\/policia_apresenta_acusados_de_matar_idosa_em_massaranduba\/"},"modified":"2013-05-22T00:05:08","modified_gmt":"2013-05-22T03:05:08","slug":"policia_apresenta_acusados_de_matar_idosa_em_massaranduba","status":"publish","type":"post","link":"https:\/\/www.pm.pb.gov.br\/portal\/2013\/05\/22\/policia_apresenta_acusados_de_matar_idosa_em_massaranduba\/","title":{"rendered":"Pol\u00edcia apresenta acusados de matar idosa em Massaranduba"},"content":{"rendered":"<figure style=\"width: 500px\" class=\"wp-caption alignnone\"><img decoding=\"async\" class=\"alignnone size-medium\" src=\"http:\/\/www.pm.pb.gov.br\/portal\/wp-content\/uploads\/2013\/05\/8090_10464.jpg\" title=\"Apresenta\u00e7\u00e3o dos acusados durante coletiva de imprensa\" width=\"100%\" \/><figcaption class=\"wp-caption-text\">Apresenta\u00e7\u00e3o dos acusados durante coletiva de imprensa<\/figcaption><\/figure>\n<div style=\"text-align: justify;\">As pol\u00edcias Civil e Militar apresentaram, na manh\u00e3 desta ter\u00e7a-feira (21), tr\u00eas acusados de participar do latroc\u00ednio (roubo seguido de morte) da aposentada Cec\u00edlia Silva Santos, 64 anos, durante um assalto a um \u00f4nibus na zona rural de Massaranduba. O crime aconteceu na \u00faltima quinta-feira (16).<\/p>\n<p>Patr\u00edcio dos Santos Souza, 19 anos; Milton F\u00e9lix de Araujo Filho, 19 anos; e Iran Barbosa da Silva, 22 anos, foram apresentados na sede da 2\u00aa Delegacia Regional de Pol\u00edcia Civil, em Campina Grande. Eles foram presos no domingo (19). Continua foragido Fernando F\u00e9lix de Souza, 21 anos.<\/p>\n<p>De acordo com a delegada Cassandra Duarte, o grupo entrou no \u00f4nibus no ponto que fica em frente \u00e0 faculdade de Direito, nas proximidades da feira central de Campina Grande. \u0093Como a gente tinha as imagens antes do grupo entrar no \u00f4nibus, o nosso objetivo era encontrar pelo menos as roupas usadas durante o crime, ou seja, uma prova material para que a gente possa concluir o inqu\u00e9rito de forma consistente\u0094, disse a delegada.<\/p>\n<p>Durante a coletiva, a pol\u00edcia apresentou roupas, cal\u00e7ados e um bon\u00e9 usados pelos acusados. Uma arma tamb\u00e9m foi apreendida.<\/p>\n<p>O comandante do 10\u00ba Batalh\u00e3o de Pol\u00edcia Militar, tenente-coronel Ismar Soares, informou que a ajuda da popula\u00e7\u00e3o, atrav\u00e9s de den\u00fancias an\u00f4nimas, contribuiu para que os acusados fossem presos. \u0093Obtivemos informa\u00e7\u00f5es de que o grupo n\u00e3o era da \u00e1rea de Massaranduba e sim de Lagoa Seca. Da\u00ed, passamos a fazer buscas, junto com a delegacia local, at\u00e9 chegarmos ao primeiro suspeito\u0094, declarou Ismar.<\/p>\n<p>Os tr\u00eas acusados v\u00e3o responder por latroc\u00ednio e forma\u00e7\u00e3o de quadrilha. De acordo com a delegada Cassandra Duarte, eles podem pegar de 20 a 30 anos de pris\u00e3o.<\/p>\n<div class=\"row\" align=\"center\"><\/div>\n<\/div>\n","protected":false},"excerpt":{"rendered":"<p>As pol\u00edcias Civil e Militar apresentaram, na manh\u00e3 desta ter\u00e7a-feira (21), tr\u00eas acusados de participar do latroc\u00ednio (roubo seguido de<\/p>\n","protected":false},"author":5,"featured_media":10464,"comment_status":"closed","ping_status":"closed","sticky":false,"template":"","format":"standard","meta":{"_exactmetrics_skip_tracking":false,"_exactmetrics_sitenote_active":false,"_exactmetrics_sitenote_note":"","_exactmetrics_sitenote_category":0,"footnotes":""},"categories":[4],"tags":[],"yoast_head":"<!-- This site is optimized with the Yoast SEO plugin v22.0 - https:\/\/yoast.com\/wordpress\/plugins\/seo\/ -->\n<title>Pol\u00edcia apresenta acusados de matar idosa em Massaranduba - Pol\u00edcia Militar da Para\u00edba<\/title>\n<meta name=\"robots\" content=\"index, follow, max-snippet:-1, max-image-preview:large, max-video-preview:-1\" \/>\n<link rel=\"canonical\" href=\"https:\/\/www.pm.pb.gov.br\/portal\/2013\/05\/22\/policia_apresenta_acusados_de_matar_idosa_em_massaranduba\/\" \/>\n<meta property=\"og:locale\" content=\"pt_BR\" \/>\n<meta property=\"og:type\" content=\"article\" \/>\n<meta property=\"og:title\" content=\"Pol\u00edcia apresenta acusados de matar idosa em Massaranduba - Pol\u00edcia Militar da Para\u00edba\" \/>\n<meta property=\"og:description\" content=\"As pol\u00edcias Civil e Militar apresentaram, na manh\u00e3 desta ter\u00e7a-feira (21), tr\u00eas acusados de participar do latroc\u00ednio (roubo seguido de\" \/>\n<meta property=\"og:url\" content=\"https:\/\/www.pm.pb.gov.br\/portal\/2013\/05\/22\/policia_apresenta_acusados_de_matar_idosa_em_massaranduba\/\" \/>\n<meta property=\"og:site_name\" content=\"Pol\u00edcia Militar da Para\u00edba\" \/>\n<meta property=\"article:published_time\" content=\"2013-05-22T03:05:08+00:00\" \/>\n<meta property=\"og:image\" content=\"https:\/\/www.pm.pb.gov.br\/portal\/wp-content\/uploads\/2013\/05\/8090_10464.jpg\" \/>\n\t<meta property=\"og:image:width\" content=\"500\" \/>\n\t<meta property=\"og:image:height\" content=\"335\" \/>\n\t<meta property=\"og:image:type\" content=\"image\/jpeg\" \/>\n<meta name=\"author\" content=\"Assessoria de Imprensa da PMPB\" \/>\n<meta name=\"twitter:card\" content=\"summary_large_image\" \/>\n<meta name=\"twitter:label1\" content=\"Escrito por\" \/>\n\t<meta name=\"twitter:data1\" content=\"Assessoria de Imprensa da PMPB\" \/>\n\t<meta name=\"twitter:label2\" content=\"Est. tempo de leitura\" \/>\n\t<meta name=\"twitter:data2\" content=\"2 minutos\" \/>\n<script type=\"application\/ld+json\" class=\"yoast-schema-graph\">{\"@context\":\"https:\/\/schema.org\",\"@graph\":[{\"@type\":\"Article\",\"@id\":\"https:\/\/www.pm.pb.gov.br\/portal\/2013\/05\/22\/policia_apresenta_acusados_de_matar_idosa_em_massaranduba\/#article\",\"isPartOf\":{\"@id\":\"https:\/\/www.pm.pb.gov.br\/portal\/2013\/05\/22\/policia_apresenta_acusados_de_matar_idosa_em_massaranduba\/\"},\"author\":{\"name\":\"Assessoria de Imprensa da PMPB\",\"@id\":\"https:\/\/www.pm.pb.gov.br\/portal\/#\/schema\/person\/e8454f46651c3ecf0e1ba3c1666d9947\"},\"headline\":\"Pol\u00edcia apresenta acusados de matar idosa em Massaranduba\",\"datePublished\":\"2013-05-22T03:05:08+00:00\",\"dateModified\":\"2013-05-22T03:05:08+00:00\",\"mainEntityOfPage\":{\"@id\":\"https:\/\/www.pm.pb.gov.br\/portal\/2013\/05\/22\/policia_apresenta_acusados_de_matar_idosa_em_massaranduba\/\"},\"wordCount\":313,\"publisher\":{\"@id\":\"https:\/\/www.pm.pb.gov.br\/portal\/#organization\"},\"articleSection\":[\"A\u00e7\u00f5es Policiais\"],\"inLanguage\":\"pt-BR\"},{\"@type\":\"WebPage\",\"@id\":\"https:\/\/www.pm.pb.gov.br\/portal\/2013\/05\/22\/policia_apresenta_acusados_de_matar_idosa_em_massaranduba\/\",\"url\":\"https:\/\/www.pm.pb.gov.br\/portal\/2013\/05\/22\/policia_apresenta_acusados_de_matar_idosa_em_massaranduba\/\",\"name\":\"Pol\u00edcia apresenta acusados de matar idosa em Massaranduba - Pol\u00edcia Militar da Para\u00edba\",\"isPartOf\":{\"@id\":\"https:\/\/www.pm.pb.gov.br\/portal\/#website\"},\"datePublished\":\"2013-05-22T03:05:08+00:00\",\"dateModified\":\"2013-05-22T03:05:08+00:00\",\"breadcrumb\":{\"@id\":\"https:\/\/www.pm.pb.gov.br\/portal\/2013\/05\/22\/policia_apresenta_acusados_de_matar_idosa_em_massaranduba\/#breadcrumb\"},\"inLanguage\":\"pt-BR\",\"potentialAction\":[{\"@type\":\"ReadAction\",\"target\":[\"https:\/\/www.pm.pb.gov.br\/portal\/2013\/05\/22\/policia_apresenta_acusados_de_matar_idosa_em_massaranduba\/\"]}]},{\"@type\":\"BreadcrumbList\",\"@id\":\"https:\/\/www.pm.pb.gov.br\/portal\/2013\/05\/22\/policia_apresenta_acusados_de_matar_idosa_em_massaranduba\/#breadcrumb\",\"itemListElement\":[{\"@type\":\"ListItem\",\"position\":1,\"name\":\"In\u00edcio\",\"item\":\"https:\/\/www.pm.pb.gov.br\/portal\/\"},{\"@type\":\"ListItem\",\"position\":2,\"name\":\"Pol\u00edcia apresenta acusados de matar idosa em Massaranduba\"}]},{\"@type\":\"WebSite\",\"@id\":\"https:\/\/www.pm.pb.gov.br\/portal\/#website\",\"url\":\"https:\/\/www.pm.pb.gov.br\/portal\/\",\"name\":\"Pol\u00edcia Militar da Para\u00edba\",\"description\":\"\",\"publisher\":{\"@id\":\"https:\/\/www.pm.pb.gov.br\/portal\/#organization\"},\"potentialAction\":[{\"@type\":\"SearchAction\",\"target\":{\"@type\":\"EntryPoint\",\"urlTemplate\":\"https:\/\/www.pm.pb.gov.br\/portal\/?s={search_term_string}\"},\"query-input\":\"required name=search_term_string\"}],\"inLanguage\":\"pt-BR\"},{\"@type\":\"Organization\",\"@id\":\"https:\/\/www.pm.pb.gov.br\/portal\/#organization\",\"name\":\"Pol\u00edcia Militar da Para\u00edba\",\"url\":\"https:\/\/www.pm.pb.gov.br\/portal\/\",\"logo\":{\"@type\":\"ImageObject\",\"inLanguage\":\"pt-BR\",\"@id\":\"https:\/\/www.pm.pb.gov.br\/portal\/#\/schema\/logo\/image\/\",\"url\":\"https:\/\/www.pm.pb.gov.br\/portal\/wp-content\/uploads\/2025\/03\/cropped-logo-site-mag2-1.png\",\"contentUrl\":\"https:\/\/www.pm.pb.gov.br\/portal\/wp-content\/uploads\/2025\/03\/cropped-logo-site-mag2-1.png\",\"width\":320,\"height\":90,\"caption\":\"Pol\u00edcia Militar da Para\u00edba\"},\"image\":{\"@id\":\"https:\/\/www.pm.pb.gov.br\/portal\/#\/schema\/logo\/image\/\"}},{\"@type\":\"Person\",\"@id\":\"https:\/\/www.pm.pb.gov.br\/portal\/#\/schema\/person\/e8454f46651c3ecf0e1ba3c1666d9947\",\"name\":\"Assessoria de Imprensa da PMPB\",\"image\":{\"@type\":\"ImageObject\",\"inLanguage\":\"pt-BR\",\"@id\":\"https:\/\/www.pm.pb.gov.br\/portal\/#\/schema\/person\/image\/\",\"url\":\"https:\/\/secure.gravatar.com\/avatar\/2efe197438265d1e90bd98c4c8e1acf8?s=96&d=mm&r=g\",\"contentUrl\":\"https:\/\/secure.gravatar.com\/avatar\/2efe197438265d1e90bd98c4c8e1acf8?s=96&d=mm&r=g\",\"caption\":\"Assessoria de Imprensa da PMPB\"},\"url\":\"https:\/\/www.pm.pb.gov.br\/portal\/author\/assessoria\/\"}]}<\/script>\n<!-- \/ Yoast SEO plugin. -->","yoast_head_json":{"title":"Pol\u00edcia apresenta acusados de matar idosa em Massaranduba - Pol\u00edcia Militar da Para\u00edba","robots":{"index":"index","follow":"follow","max-snippet":"max-snippet:-1","max-image-preview":"max-image-preview:large","max-video-preview":"max-video-preview:-1"},"canonical":"https:\/\/www.pm.pb.gov.br\/portal\/2013\/05\/22\/policia_apresenta_acusados_de_matar_idosa_em_massaranduba\/","og_locale":"pt_BR","og_type":"article","og_title":"Pol\u00edcia apresenta acusados de matar idosa em Massaranduba - Pol\u00edcia Militar da Para\u00edba","og_description":"As pol\u00edcias Civil e Militar apresentaram, na manh\u00e3 desta ter\u00e7a-feira (21), tr\u00eas acusados de participar do latroc\u00ednio (roubo seguido de","og_url":"https:\/\/www.pm.pb.gov.br\/portal\/2013\/05\/22\/policia_apresenta_acusados_de_matar_idosa_em_massaranduba\/","og_site_name":"Pol\u00edcia Militar da Para\u00edba","article_published_time":"2013-05-22T03:05:08+00:00","og_image":[{"width":500,"height":335,"url":"https:\/\/www.pm.pb.gov.br\/portal\/wp-content\/uploads\/2013\/05\/8090_10464.jpg","type":"image\/jpeg"}],"author":"Assessoria de Imprensa da PMPB","twitter_card":"summary_large_image","twitter_misc":{"Escrito por":"Assessoria de Imprensa da PMPB","Est. tempo de leitura":"2 minutos"},"schema":{"@context":"https:\/\/schema.org","@graph":[{"@type":"Article","@id":"https:\/\/www.pm.pb.gov.br\/portal\/2013\/05\/22\/policia_apresenta_acusados_de_matar_idosa_em_massaranduba\/#article","isPartOf":{"@id":"https:\/\/www.pm.pb.gov.br\/portal\/2013\/05\/22\/policia_apresenta_acusados_de_matar_idosa_em_massaranduba\/"},"author":{"name":"Assessoria de Imprensa da PMPB","@id":"https:\/\/www.pm.pb.gov.br\/portal\/#\/schema\/person\/e8454f46651c3ecf0e1ba3c1666d9947"},"headline":"Pol\u00edcia apresenta acusados de matar idosa em Massaranduba","datePublished":"2013-05-22T03:05:08+00:00","dateModified":"2013-05-22T03:05:08+00:00","mainEntityOfPage":{"@id":"https:\/\/www.pm.pb.gov.br\/portal\/2013\/05\/22\/policia_apresenta_acusados_de_matar_idosa_em_massaranduba\/"},"wordCount":313,"publisher":{"@id":"https:\/\/www.pm.pb.gov.br\/portal\/#organization"},"articleSection":["A\u00e7\u00f5es Policiais"],"inLanguage":"pt-BR"},{"@type":"WebPage","@id":"https:\/\/www.pm.pb.gov.br\/portal\/2013\/05\/22\/policia_apresenta_acusados_de_matar_idosa_em_massaranduba\/","url":"https:\/\/www.pm.pb.gov.br\/portal\/2013\/05\/22\/policia_apresenta_acusados_de_matar_idosa_em_massaranduba\/","name":"Pol\u00edcia apresenta acusados de matar idosa em Massaranduba - Pol\u00edcia Militar da Para\u00edba","isPartOf":{"@id":"https:\/\/www.pm.pb.gov.br\/portal\/#website"},"datePublished":"2013-05-22T03:05:08+00:00","dateModified":"2013-05-22T03:05:08+00:00","breadcrumb":{"@id":"https:\/\/www.pm.pb.gov.br\/portal\/2013\/05\/22\/policia_apresenta_acusados_de_matar_idosa_em_massaranduba\/#breadcrumb"},"inLanguage":"pt-BR","potentialAction":[{"@type":"ReadAction","target":["https:\/\/www.pm.pb.gov.br\/portal\/2013\/05\/22\/policia_apresenta_acusados_de_matar_idosa_em_massaranduba\/"]}]},{"@type":"BreadcrumbList","@id":"https:\/\/www.pm.pb.gov.br\/portal\/2013\/05\/22\/policia_apresenta_acusados_de_matar_idosa_em_massaranduba\/#breadcrumb","itemListElement":[{"@type":"ListItem","position":1,"name":"In\u00edcio","item":"https:\/\/www.pm.pb.gov.br\/portal\/"},{"@type":"ListItem","position":2,"name":"Pol\u00edcia apresenta acusados de matar idosa em Massaranduba"}]},{"@type":"WebSite","@id":"https:\/\/www.pm.pb.gov.br\/portal\/#website","url":"https:\/\/www.pm.pb.gov.br\/portal\/","name":"Pol\u00edcia Militar da Para\u00edba","description":"","publisher":{"@id":"https:\/\/www.pm.pb.gov.br\/portal\/#organization"},"potentialAction":[{"@type":"SearchAction","target":{"@type":"EntryPoint","urlTemplate":"https:\/\/www.pm.pb.gov.br\/portal\/?s={search_term_string}"},"query-input":"required name=search_term_string"}],"inLanguage":"pt-BR"},{"@type":"Organization","@id":"https:\/\/www.pm.pb.gov.br\/portal\/#organization","name":"Pol\u00edcia Militar da Para\u00edba","url":"https:\/\/www.pm.pb.gov.br\/portal\/","logo":{"@type":"ImageObject","inLanguage":"pt-BR","@id":"https:\/\/www.pm.pb.gov.br\/portal\/#\/schema\/logo\/image\/","url":"https:\/\/www.pm.pb.gov.br\/portal\/wp-content\/uploads\/2025\/03\/cropped-logo-site-mag2-1.png","contentUrl":"https:\/\/www.pm.pb.gov.br\/portal\/wp-content\/uploads\/2025\/03\/cropped-logo-site-mag2-1.png","width":320,"height":90,"caption":"Pol\u00edcia Militar da Para\u00edba"},"image":{"@id":"https:\/\/www.pm.pb.gov.br\/portal\/#\/schema\/logo\/image\/"}},{"@type":"Person","@id":"https:\/\/www.pm.pb.gov.br\/portal\/#\/schema\/person\/e8454f46651c3ecf0e1ba3c1666d9947","name":"Assessoria de Imprensa da PMPB","image":{"@type":"ImageObject","inLanguage":"pt-BR","@id":"https:\/\/www.pm.pb.gov.br\/portal\/#\/schema\/person\/image\/","url":"https:\/\/secure.gravatar.com\/avatar\/2efe197438265d1e90bd98c4c8e1acf8?s=96&d=mm&r=g","contentUrl":"https:\/\/secure.gravatar.com\/avatar\/2efe197438265d1e90bd98c4c8e1acf8?s=96&d=mm&r=g","caption":"Assessoria de Imprensa da PMPB"},"url":"https:\/\/www.pm.pb.gov.br\/portal\/author\/assessoria\/"}]}},"_links":{"self":[{"href":"https:\/\/www.pm.pb.gov.br\/portal\/wp-json\/wp\/v2\/posts\/892000"}],"collection":[{"href":"https:\/\/www.pm.pb.gov.br\/portal\/wp-json\/wp\/v2\/posts"}],"about":[{"href":"https:\/\/www.pm.pb.gov.br\/portal\/wp-json\/wp\/v2\/types\/post"}],"author":[{"embeddable":true,"href":"https:\/\/www.pm.pb.gov.br\/portal\/wp-json\/wp\/v2\/users\/5"}],"replies":[{"embeddable":true,"href":"https:\/\/www.pm.pb.gov.br\/portal\/wp-json\/wp\/v2\/comments?post=892000"}],"version-history":[{"count":0,"href":"https:\/\/www.pm.pb.gov.br\/portal\/wp-json\/wp\/v2\/posts\/892000\/revisions"}],"wp:featuredmedia":[{"embeddable":true,"href":"https:\/\/www.pm.pb.gov.br\/portal\/wp-json\/wp\/v2\/media\/10464"}],"wp:attachment":[{"href":"https:\/\/www.pm.pb.gov.br\/portal\/wp-json\/wp\/v2\/media?parent=892000"}],"wp:term":[{"taxonomy":"category","embeddable":true,"href":"https:\/\/www.pm.pb.gov.br\/portal\/wp-json\/wp\/v2\/categories?post=892000"},{"taxonomy":"post_tag","embeddable":true,"href":"https:\/\/www.pm.pb.gov.br\/portal\/wp-json\/wp\/v2\/tags?post=892000"}],"curies":[{"name":"wp","href":"https:\/\/api.w.org\/{rel}","templated":true}]}}