{"id":891998,"date":"2013-05-21T13:05:37","date_gmt":"2013-05-21T16:05:37","guid":{"rendered":"http:\/\/www.pm.pb.gov.br\/portal\/2013\/05\/comandante_geral_recebe_visita_de_vereadores_campinenses\/"},"modified":"2013-05-21T13:05:37","modified_gmt":"2013-05-21T16:05:37","slug":"comandante_geral_recebe_visita_de_vereadores_campinenses","status":"publish","type":"post","link":"https:\/\/www.pm.pb.gov.br\/portal\/2013\/05\/21\/comandante_geral_recebe_visita_de_vereadores_campinenses\/","title":{"rendered":"Comandante geral recebe visita de vereadores campinenses"},"content":{"rendered":"<figure style=\"width: 500px\" class=\"wp-caption alignnone\"><img decoding=\"async\" class=\"alignnone size-medium\" src=\"http:\/\/www.pm.pb.gov.br\/portal\/wp-content\/uploads\/2013\/05\/8088_10461.jpg\" title=\"Oito vereadores visitaram o comandante geral, coronel Euller, na manh\u00e3 desta ter\u00e7a (21) (Fotos: Werneck Moreno)\" width=\"100%\" \/><figcaption class=\"wp-caption-text\">Oito vereadores visitaram o comandante geral, coronel Euller, na manh\u00e3 desta ter\u00e7a (21) (Fotos: Werneck Moreno)<\/figcaption><\/figure>\n<div style=\"text-align: justify;\">O comandante geral da Pol\u00edcia Militar da Para\u00edba, coronel Euller Chaves, recebeu na manh\u00e3 desta ter\u00e7a-feira (21) uma visita de cortesia de oito vereadores da C\u00e2mara Municipal de Campina Grande.  Os pol\u00edticos reuniram-se com o coronel no sentido de externar os pleitos da popula\u00e7\u00e3o campinense, no que diz respeito \u00e0 seguran\u00e7a p\u00fablica.<\/p>\n<p>Entre os pontos levantados, est\u00e3o o policiamento dos mercados p\u00fablicos da cidade, a intensifica\u00e7\u00e3o das Blitz e a instala\u00e7\u00e3o de mais Unidades de Pol\u00edcia Solid\u00e1ria (UPS). Atualmente, Campina conta com duas UPSs; a do Multir\u00e3o e a do Pedregal \u0096 e outra j\u00e1 est\u00e1 em fase de estrutura\u00e7\u00e3o, que \u00e9 a UPS do Jos\u00e9 Pinheiro.<\/p>\n<p>Durante o encontro, ap\u00f3s ouvir as demandas trazidas pelos vereadores, o comandante geral da Pol\u00edcia Militar, coronel Euller Chaves; al\u00e9m do sub-geral, coronel Francisco de Castro, comprometeram-se a avaliar tudo que foi requerido e em conversa mais detalhada com os comandantes locais realizar um planejamento operacional para que as demandas possam ser atendidas.<\/p>\n<p>Todos os requerimentos j\u00e1 foram, inclusive, encaminhados para o comandante do Policiamento Regional I (CPRI) \u0096 que atende Campina e cidades circunvizinhas, coronel Marcos Alexandre Sobreira; e o comandante do 2\u00ba Batalh\u00e3o (2\u00ba BPM), tenente coronel Souza Neto, que foram convidados a participar do encontro entre a corpora\u00e7\u00e3o e os vereadores, nesta manh\u00e3.<\/p>\n<p>Melhor estrutura<\/p>\n<p>Durante o encontro, o comandante geral apresentou aos vereadores alguns dados que comprovam a melhoria estrutural obtida nos \u00faltimos dois anos pelo 2\u00ba BPM em Campina. Em se tratando de viaturas, o n\u00famero mais que dobrou, al\u00e9m de uma s\u00e9rie de investimentos em equipamentos de prote\u00e7\u00e3o individual e fardamento.<\/p>\n<p>Segundo o coronel, tamb\u00e9m houve um incremento no efetivo da unidade, que hoje chega ao n\u00famero de quase 800 homens, sendo 47 deles oficiais e os demais pra\u00e7as.<\/p>\n<p>Presen\u00e7as<\/p>\n<p>Patriciparam do encontro com o coronel Euller, no gabinete do Quartel do Comando Geral (no Centro da capital), os seguintes vereadores: Sargento R\u00e9gis (que \u00e9 subtenente da PM, mas \u00e9 conhecido pelo nome citado), Ol\u00edmpio Oliveira, In\u00e1cio Falc\u00e3o, Marinaldo Cardoso, Nelson \u0091do box\u0092, Joia Germano, Alexandre \u0091do sindicato\u0092 e H\u00e9rcules Lafite.<\/p>\n<div class=\"row\" align=\"center\"><a href=\"http:\/\/www.pm.pb.gov.br\/portal\/wp-content\/uploads\/2013\/05\/8088_10462.jpg\"><figure style=\"width: 500px\" class=\"wp-caption alignnone\"><img decoding=\"async\" class=\"image-responsive\" src=\"http:\/\/www.pm.pb.gov.br\/portal\/wp-content\/uploads\/2013\/05\/8088_10462.jpg\" title=\"Comandantes locais tamb\u00e9m foram convidados a participar do encontro\" width=\"100%\" \/><figcaption class=\"wp-caption-text\">Comandantes locais tamb\u00e9m foram convidados a participar do encontro<\/figcaption><\/figure><\/a><\/div>\n<\/div>\n","protected":false},"excerpt":{"rendered":"<p>O comandante geral da Pol\u00edcia Militar da Para\u00edba, coronel Euller Chaves, recebeu na manh\u00e3 desta ter\u00e7a-feira (21) uma visita de<\/p>\n","protected":false},"author":5,"featured_media":10461,"comment_status":"closed","ping_status":"closed","sticky":false,"template":"","format":"standard","meta":{"_exactmetrics_skip_tracking":false,"_exactmetrics_sitenote_active":false,"_exactmetrics_sitenote_note":"","_exactmetrics_sitenote_category":0,"footnotes":""},"categories":[13],"tags":[],"yoast_head":"<!-- This site is optimized with the Yoast SEO plugin v22.0 - https:\/\/yoast.com\/wordpress\/plugins\/seo\/ -->\n<title>Comandante geral recebe visita de vereadores campinenses - Pol\u00edcia Militar da Para\u00edba<\/title>\n<meta name=\"robots\" content=\"index, follow, max-snippet:-1, max-image-preview:large, max-video-preview:-1\" \/>\n<link rel=\"canonical\" href=\"https:\/\/www.pm.pb.gov.br\/portal\/2013\/05\/21\/comandante_geral_recebe_visita_de_vereadores_campinenses\/\" \/>\n<meta property=\"og:locale\" content=\"pt_BR\" \/>\n<meta property=\"og:type\" content=\"article\" \/>\n<meta property=\"og:title\" content=\"Comandante geral recebe visita de vereadores campinenses - Pol\u00edcia Militar da Para\u00edba\" \/>\n<meta property=\"og:description\" content=\"O comandante geral da Pol\u00edcia Militar da Para\u00edba, coronel Euller Chaves, recebeu na manh\u00e3 desta ter\u00e7a-feira (21) uma visita de\" \/>\n<meta property=\"og:url\" content=\"https:\/\/www.pm.pb.gov.br\/portal\/2013\/05\/21\/comandante_geral_recebe_visita_de_vereadores_campinenses\/\" \/>\n<meta property=\"og:site_name\" content=\"Pol\u00edcia Militar da Para\u00edba\" \/>\n<meta property=\"article:published_time\" content=\"2013-05-21T16:05:37+00:00\" \/>\n<meta property=\"og:image\" content=\"https:\/\/www.pm.pb.gov.br\/portal\/wp-content\/uploads\/2013\/05\/8088_10461.jpg\" \/>\n\t<meta property=\"og:image:width\" content=\"500\" \/>\n\t<meta property=\"og:image:height\" content=\"333\" \/>\n\t<meta property=\"og:image:type\" content=\"image\/jpeg\" \/>\n<meta name=\"author\" content=\"Assessoria de Imprensa da PMPB\" \/>\n<meta name=\"twitter:card\" content=\"summary_large_image\" \/>\n<meta name=\"twitter:label1\" content=\"Escrito por\" \/>\n\t<meta name=\"twitter:data1\" content=\"Assessoria de Imprensa da PMPB\" \/>\n\t<meta name=\"twitter:label2\" content=\"Est. tempo de leitura\" \/>\n\t<meta name=\"twitter:data2\" content=\"2 minutos\" \/>\n<script type=\"application\/ld+json\" class=\"yoast-schema-graph\">{\"@context\":\"https:\/\/schema.org\",\"@graph\":[{\"@type\":\"Article\",\"@id\":\"https:\/\/www.pm.pb.gov.br\/portal\/2013\/05\/21\/comandante_geral_recebe_visita_de_vereadores_campinenses\/#article\",\"isPartOf\":{\"@id\":\"https:\/\/www.pm.pb.gov.br\/portal\/2013\/05\/21\/comandante_geral_recebe_visita_de_vereadores_campinenses\/\"},\"author\":{\"name\":\"Assessoria de Imprensa da PMPB\",\"@id\":\"https:\/\/www.pm.pb.gov.br\/portal\/#\/schema\/person\/e8454f46651c3ecf0e1ba3c1666d9947\"},\"headline\":\"Comandante geral recebe visita de vereadores campinenses\",\"datePublished\":\"2013-05-21T16:05:37+00:00\",\"dateModified\":\"2013-05-21T16:05:37+00:00\",\"mainEntityOfPage\":{\"@id\":\"https:\/\/www.pm.pb.gov.br\/portal\/2013\/05\/21\/comandante_geral_recebe_visita_de_vereadores_campinenses\/\"},\"wordCount\":411,\"publisher\":{\"@id\":\"https:\/\/www.pm.pb.gov.br\/portal\/#organization\"},\"articleSection\":[\"Visitas Especiais\"],\"inLanguage\":\"pt-BR\"},{\"@type\":\"WebPage\",\"@id\":\"https:\/\/www.pm.pb.gov.br\/portal\/2013\/05\/21\/comandante_geral_recebe_visita_de_vereadores_campinenses\/\",\"url\":\"https:\/\/www.pm.pb.gov.br\/portal\/2013\/05\/21\/comandante_geral_recebe_visita_de_vereadores_campinenses\/\",\"name\":\"Comandante geral recebe visita de vereadores campinenses - Pol\u00edcia Militar da Para\u00edba\",\"isPartOf\":{\"@id\":\"https:\/\/www.pm.pb.gov.br\/portal\/#website\"},\"datePublished\":\"2013-05-21T16:05:37+00:00\",\"dateModified\":\"2013-05-21T16:05:37+00:00\",\"breadcrumb\":{\"@id\":\"https:\/\/www.pm.pb.gov.br\/portal\/2013\/05\/21\/comandante_geral_recebe_visita_de_vereadores_campinenses\/#breadcrumb\"},\"inLanguage\":\"pt-BR\",\"potentialAction\":[{\"@type\":\"ReadAction\",\"target\":[\"https:\/\/www.pm.pb.gov.br\/portal\/2013\/05\/21\/comandante_geral_recebe_visita_de_vereadores_campinenses\/\"]}]},{\"@type\":\"BreadcrumbList\",\"@id\":\"https:\/\/www.pm.pb.gov.br\/portal\/2013\/05\/21\/comandante_geral_recebe_visita_de_vereadores_campinenses\/#breadcrumb\",\"itemListElement\":[{\"@type\":\"ListItem\",\"position\":1,\"name\":\"In\u00edcio\",\"item\":\"https:\/\/www.pm.pb.gov.br\/portal\/\"},{\"@type\":\"ListItem\",\"position\":2,\"name\":\"Comandante geral recebe visita de vereadores campinenses\"}]},{\"@type\":\"WebSite\",\"@id\":\"https:\/\/www.pm.pb.gov.br\/portal\/#website\",\"url\":\"https:\/\/www.pm.pb.gov.br\/portal\/\",\"name\":\"Pol\u00edcia Militar da Para\u00edba\",\"description\":\"\",\"publisher\":{\"@id\":\"https:\/\/www.pm.pb.gov.br\/portal\/#organization\"},\"potentialAction\":[{\"@type\":\"SearchAction\",\"target\":{\"@type\":\"EntryPoint\",\"urlTemplate\":\"https:\/\/www.pm.pb.gov.br\/portal\/?s={search_term_string}\"},\"query-input\":\"required name=search_term_string\"}],\"inLanguage\":\"pt-BR\"},{\"@type\":\"Organization\",\"@id\":\"https:\/\/www.pm.pb.gov.br\/portal\/#organization\",\"name\":\"Pol\u00edcia Militar da Para\u00edba\",\"url\":\"https:\/\/www.pm.pb.gov.br\/portal\/\",\"logo\":{\"@type\":\"ImageObject\",\"inLanguage\":\"pt-BR\",\"@id\":\"https:\/\/www.pm.pb.gov.br\/portal\/#\/schema\/logo\/image\/\",\"url\":\"https:\/\/www.pm.pb.gov.br\/portal\/wp-content\/uploads\/2025\/03\/cropped-logo-site-mag2-1.png\",\"contentUrl\":\"https:\/\/www.pm.pb.gov.br\/portal\/wp-content\/uploads\/2025\/03\/cropped-logo-site-mag2-1.png\",\"width\":320,\"height\":90,\"caption\":\"Pol\u00edcia Militar da Para\u00edba\"},\"image\":{\"@id\":\"https:\/\/www.pm.pb.gov.br\/portal\/#\/schema\/logo\/image\/\"}},{\"@type\":\"Person\",\"@id\":\"https:\/\/www.pm.pb.gov.br\/portal\/#\/schema\/person\/e8454f46651c3ecf0e1ba3c1666d9947\",\"name\":\"Assessoria de Imprensa da PMPB\",\"image\":{\"@type\":\"ImageObject\",\"inLanguage\":\"pt-BR\",\"@id\":\"https:\/\/www.pm.pb.gov.br\/portal\/#\/schema\/person\/image\/\",\"url\":\"https:\/\/secure.gravatar.com\/avatar\/2efe197438265d1e90bd98c4c8e1acf8?s=96&d=mm&r=g\",\"contentUrl\":\"https:\/\/secure.gravatar.com\/avatar\/2efe197438265d1e90bd98c4c8e1acf8?s=96&d=mm&r=g\",\"caption\":\"Assessoria de Imprensa da PMPB\"},\"url\":\"https:\/\/www.pm.pb.gov.br\/portal\/author\/assessoria\/\"}]}<\/script>\n<!-- \/ Yoast SEO plugin. -->","yoast_head_json":{"title":"Comandante geral recebe visita de vereadores campinenses - Pol\u00edcia Militar da Para\u00edba","robots":{"index":"index","follow":"follow","max-snippet":"max-snippet:-1","max-image-preview":"max-image-preview:large","max-video-preview":"max-video-preview:-1"},"canonical":"https:\/\/www.pm.pb.gov.br\/portal\/2013\/05\/21\/comandante_geral_recebe_visita_de_vereadores_campinenses\/","og_locale":"pt_BR","og_type":"article","og_title":"Comandante geral recebe visita de vereadores campinenses - Pol\u00edcia Militar da Para\u00edba","og_description":"O comandante geral da Pol\u00edcia Militar da Para\u00edba, coronel Euller Chaves, recebeu na manh\u00e3 desta ter\u00e7a-feira (21) uma visita de","og_url":"https:\/\/www.pm.pb.gov.br\/portal\/2013\/05\/21\/comandante_geral_recebe_visita_de_vereadores_campinenses\/","og_site_name":"Pol\u00edcia Militar da Para\u00edba","article_published_time":"2013-05-21T16:05:37+00:00","og_image":[{"width":500,"height":333,"url":"https:\/\/www.pm.pb.gov.br\/portal\/wp-content\/uploads\/2013\/05\/8088_10461.jpg","type":"image\/jpeg"}],"author":"Assessoria de Imprensa da PMPB","twitter_card":"summary_large_image","twitter_misc":{"Escrito por":"Assessoria de Imprensa da PMPB","Est. tempo de leitura":"2 minutos"},"schema":{"@context":"https:\/\/schema.org","@graph":[{"@type":"Article","@id":"https:\/\/www.pm.pb.gov.br\/portal\/2013\/05\/21\/comandante_geral_recebe_visita_de_vereadores_campinenses\/#article","isPartOf":{"@id":"https:\/\/www.pm.pb.gov.br\/portal\/2013\/05\/21\/comandante_geral_recebe_visita_de_vereadores_campinenses\/"},"author":{"name":"Assessoria de Imprensa da PMPB","@id":"https:\/\/www.pm.pb.gov.br\/portal\/#\/schema\/person\/e8454f46651c3ecf0e1ba3c1666d9947"},"headline":"Comandante geral recebe visita de vereadores campinenses","datePublished":"2013-05-21T16:05:37+00:00","dateModified":"2013-05-21T16:05:37+00:00","mainEntityOfPage":{"@id":"https:\/\/www.pm.pb.gov.br\/portal\/2013\/05\/21\/comandante_geral_recebe_visita_de_vereadores_campinenses\/"},"wordCount":411,"publisher":{"@id":"https:\/\/www.pm.pb.gov.br\/portal\/#organization"},"articleSection":["Visitas Especiais"],"inLanguage":"pt-BR"},{"@type":"WebPage","@id":"https:\/\/www.pm.pb.gov.br\/portal\/2013\/05\/21\/comandante_geral_recebe_visita_de_vereadores_campinenses\/","url":"https:\/\/www.pm.pb.gov.br\/portal\/2013\/05\/21\/comandante_geral_recebe_visita_de_vereadores_campinenses\/","name":"Comandante geral recebe visita de vereadores campinenses - Pol\u00edcia Militar da Para\u00edba","isPartOf":{"@id":"https:\/\/www.pm.pb.gov.br\/portal\/#website"},"datePublished":"2013-05-21T16:05:37+00:00","dateModified":"2013-05-21T16:05:37+00:00","breadcrumb":{"@id":"https:\/\/www.pm.pb.gov.br\/portal\/2013\/05\/21\/comandante_geral_recebe_visita_de_vereadores_campinenses\/#breadcrumb"},"inLanguage":"pt-BR","potentialAction":[{"@type":"ReadAction","target":["https:\/\/www.pm.pb.gov.br\/portal\/2013\/05\/21\/comandante_geral_recebe_visita_de_vereadores_campinenses\/"]}]},{"@type":"BreadcrumbList","@id":"https:\/\/www.pm.pb.gov.br\/portal\/2013\/05\/21\/comandante_geral_recebe_visita_de_vereadores_campinenses\/#breadcrumb","itemListElement":[{"@type":"ListItem","position":1,"name":"In\u00edcio","item":"https:\/\/www.pm.pb.gov.br\/portal\/"},{"@type":"ListItem","position":2,"name":"Comandante geral recebe visita de vereadores campinenses"}]},{"@type":"WebSite","@id":"https:\/\/www.pm.pb.gov.br\/portal\/#website","url":"https:\/\/www.pm.pb.gov.br\/portal\/","name":"Pol\u00edcia Militar da Para\u00edba","description":"","publisher":{"@id":"https:\/\/www.pm.pb.gov.br\/portal\/#organization"},"potentialAction":[{"@type":"SearchAction","target":{"@type":"EntryPoint","urlTemplate":"https:\/\/www.pm.pb.gov.br\/portal\/?s={search_term_string}"},"query-input":"required name=search_term_string"}],"inLanguage":"pt-BR"},{"@type":"Organization","@id":"https:\/\/www.pm.pb.gov.br\/portal\/#organization","name":"Pol\u00edcia Militar da Para\u00edba","url":"https:\/\/www.pm.pb.gov.br\/portal\/","logo":{"@type":"ImageObject","inLanguage":"pt-BR","@id":"https:\/\/www.pm.pb.gov.br\/portal\/#\/schema\/logo\/image\/","url":"https:\/\/www.pm.pb.gov.br\/portal\/wp-content\/uploads\/2025\/03\/cropped-logo-site-mag2-1.png","contentUrl":"https:\/\/www.pm.pb.gov.br\/portal\/wp-content\/uploads\/2025\/03\/cropped-logo-site-mag2-1.png","width":320,"height":90,"caption":"Pol\u00edcia Militar da Para\u00edba"},"image":{"@id":"https:\/\/www.pm.pb.gov.br\/portal\/#\/schema\/logo\/image\/"}},{"@type":"Person","@id":"https:\/\/www.pm.pb.gov.br\/portal\/#\/schema\/person\/e8454f46651c3ecf0e1ba3c1666d9947","name":"Assessoria de Imprensa da PMPB","image":{"@type":"ImageObject","inLanguage":"pt-BR","@id":"https:\/\/www.pm.pb.gov.br\/portal\/#\/schema\/person\/image\/","url":"https:\/\/secure.gravatar.com\/avatar\/2efe197438265d1e90bd98c4c8e1acf8?s=96&d=mm&r=g","contentUrl":"https:\/\/secure.gravatar.com\/avatar\/2efe197438265d1e90bd98c4c8e1acf8?s=96&d=mm&r=g","caption":"Assessoria de Imprensa da PMPB"},"url":"https:\/\/www.pm.pb.gov.br\/portal\/author\/assessoria\/"}]}},"_links":{"self":[{"href":"https:\/\/www.pm.pb.gov.br\/portal\/wp-json\/wp\/v2\/posts\/891998"}],"collection":[{"href":"https:\/\/www.pm.pb.gov.br\/portal\/wp-json\/wp\/v2\/posts"}],"about":[{"href":"https:\/\/www.pm.pb.gov.br\/portal\/wp-json\/wp\/v2\/types\/post"}],"author":[{"embeddable":true,"href":"https:\/\/www.pm.pb.gov.br\/portal\/wp-json\/wp\/v2\/users\/5"}],"replies":[{"embeddable":true,"href":"https:\/\/www.pm.pb.gov.br\/portal\/wp-json\/wp\/v2\/comments?post=891998"}],"version-history":[{"count":0,"href":"https:\/\/www.pm.pb.gov.br\/portal\/wp-json\/wp\/v2\/posts\/891998\/revisions"}],"wp:featuredmedia":[{"embeddable":true,"href":"https:\/\/www.pm.pb.gov.br\/portal\/wp-json\/wp\/v2\/media\/10461"}],"wp:attachment":[{"href":"https:\/\/www.pm.pb.gov.br\/portal\/wp-json\/wp\/v2\/media?parent=891998"}],"wp:term":[{"taxonomy":"category","embeddable":true,"href":"https:\/\/www.pm.pb.gov.br\/portal\/wp-json\/wp\/v2\/categories?post=891998"},{"taxonomy":"post_tag","embeddable":true,"href":"https:\/\/www.pm.pb.gov.br\/portal\/wp-json\/wp\/v2\/tags?post=891998"}],"curies":[{"name":"wp","href":"https:\/\/api.w.org\/{rel}","templated":true}]}}