{"id":891991,"date":"2013-05-20T14:05:56","date_gmt":"2013-05-20T17:05:56","guid":{"rendered":"http:\/\/www.pm.pb.gov.br\/portal\/2013\/05\/operacao_risco_zero_ocupa_bairros_com_acoes_de_seguranca\/"},"modified":"2013-05-20T14:05:56","modified_gmt":"2013-05-20T17:05:56","slug":"operacao_risco_zero_ocupa_bairros_com_acoes_de_seguranca","status":"publish","type":"post","link":"https:\/\/www.pm.pb.gov.br\/portal\/2013\/05\/20\/operacao_risco_zero_ocupa_bairros_com_acoes_de_seguranca\/","title":{"rendered":"Opera\u00e7\u00e3o \u0091Risco Zero\u0092 ocupa bairros com a\u00e7\u00f5es de seguran\u00e7a"},"content":{"rendered":"<figure style=\"width: 500px\" class=\"wp-caption alignnone\"><img decoding=\"async\" class=\"alignnone size-medium\" src=\"http:\/\/www.pm.pb.gov.br\/portal\/wp-content\/uploads\/2013\/05\/8073_10433.jpg\" title=\"Reuni\u00e3o do planejamento que resultou no sucesso da opera\u00e7\u00e3o neste fim de semana \" width=\"100%\" \/><figcaption class=\"wp-caption-text\">Reuni\u00e3o do planejamento que resultou no sucesso da opera\u00e7\u00e3o neste fim de semana<\/figcaption><\/figure>\n<div style=\"text-align: justify;\">Uma opera\u00e7\u00e3o realizada pelo Comando do Policiamento Regional Metropolitano, que envolveu a Pol\u00edcia Civil, Pol\u00edcia Ambiental, 5\u00ba Batalh\u00e3o, Vigil\u00e2ncia Sanit\u00e1ria e Secretaria de Mobilidade Urbana de Jo\u00e3o Pessoa vistoriou, na noite da sexta-feira (16) at\u00e9 a madrugada deste s\u00e1bado (17), dez casas noturnas, abordou quase 250 pessoas, 16 \u00f4nibus coletivos, notificou 12 carros e fechou uma casa de show, no bairro dos Banc\u00e1rios e outra na Comunidade Monsenhor Magno, ambas na Zona Sul de Jo\u00e3o Pessoa.<\/p>\n<p>As equipes sa\u00edram do 5\u00ba Batalh\u00e3o de Pol\u00edcia Militar, no Valentina de Figueiredo, e concentraram as a\u00e7\u00f5es nas \u00e1reas em torno dos bares da Zona sul de Jo\u00e3o Pessoa, que ficam pr\u00f3ximas as \u00e1reas residenciais. Na casa de shows que foi fechada nos Banc\u00e1rios, os integrantes da opera\u00e7\u00e3o encontraram a sa\u00edda de emerg\u00eancia trancada com um cadeado e tamb\u00e9m flagraram alimentos estragados na cozinha do local.<\/p>\n<p>Cerca de 40 policiais militares participaram da opera\u00e7\u00e3o, comandada pelo Tenente Coronel Jeferson Pereira, que adiantou que as a\u00e7\u00f5es v\u00e3o continuar.<\/p>\n<p>\u0093Atendemos aquilo que a secret\u00e1ria de seguran\u00e7a determinou para integrar v\u00e1rios \u00f3rg\u00e3os na \u0091risco zero\u0092 e colhemos resultados muito positivos em rela\u00e7\u00e3o \u00e0 seguran\u00e7a das pessoas. Temos o foco de diminuir o n\u00famero de crimes nesses locais e em torno deles, por isso n\u00e3o mediremos esfor\u00e7os para alcan\u00e7ar essa situa\u00e7\u00e3o de tranq\u00fcilidade que queremos promover para as pessoas\u0094, destacou o Tenente Coronel &#8211; que \u00e9 o Comandante da Regi\u00e3o Metropolitana de Jo\u00e3o Pessoa.<\/p>\n<p>Ainda segundo o CPRM mesmo em fase de princ\u00edpio, a opera\u00e7\u00e3o j\u00e1 tem mostrado resultados. \u0093Verificamos que alguns estabelecimentos j\u00e1 est\u00e3o buscando se adequarem a legisla\u00e7\u00e3o e as condutas de funcionamento\u0094, comentou, referindo-se \u00e0 fiscaliza\u00e7\u00e3o , por meio de cada \u00f3rg\u00e3o compete, das devidas licen\u00e7as e equipamentos para o correto funcionamento do local.<\/p>\n<p>Planejamento \u0096 Sob coordena\u00e7\u00e3o do Comando de Policiamento Regional Metropolitano (CPRM), na manh\u00e3 desta sexta-feira (17), houve uma nova reuni\u00e3o entre os diversos \u00f3rg\u00e3os p\u00fablicos envolvidos na \u0091Opera\u00e7\u00e3o Risco Zero\u0092 , que teve a primeira edi\u00e7\u00e3o no \u00faltimo fim de semana e segue sem data prevista para t\u00e9rmino. Na reuni\u00e3o, que definiu detalhes da opera\u00e7\u00e3o neste fim de semana, participaram representantes da Superintend\u00eancia de Administra\u00e7\u00e3o do Meio Ambiente (Sudema), Vigil\u00e2ncia Sanit\u00e1ria do Estado, Secretaria Municipal de Mobilidade Urbana, Corpo de Bombeiros, Batalh\u00e3o Ambiental, al\u00e9m de  1\u00bae 5\u00ba Batalh\u00f5es.<\/p>\n<p>A opera\u00e7\u00e3o &#8211; A opera\u00e7\u00e3o acontece sempre aos fins de semana e tem o objetivo de visitar bares, restaurante e similares inseridos em \u00e1reas que apresentam \u00edndices criminais preocupantes \u0096 dentro da Regi\u00e3o Metropolitana de Jo\u00e3o Pessoa. Na primeira edi\u00e7\u00e3o, no fim de semana passado (09, 10 e 11), foram apreendidos oito pacotes de coca\u00edna e diversos papelotes de maconha, al\u00e9m de tr\u00eas ve\u00edculos irregulares. Ao todo, 22 estabelecimentos comerciais foram fiscalizados, 110 ve\u00edculos e 560 pessoas abordadas.<\/p>\n<div class=\"row\" align=\"center\"><a href=\"http:\/\/www.pm.pb.gov.br\/portal\/wp-content\/uploads\/2013\/05\/8073_10442.jpg\"><figure style=\"width: 500px\" class=\"wp-caption alignnone\"><img decoding=\"async\" class=\"image-responsive\" src=\"http:\/\/www.pm.pb.gov.br\/portal\/wp-content\/uploads\/2013\/05\/8073_10442.jpg\" title=\"As vistorias foram realizadas em conjunto com outros \u00f3rg\u00e3os\" width=\"100%\" \/><figcaption class=\"wp-caption-text\">As vistorias foram realizadas em conjunto com outros \u00f3rg\u00e3os<\/figcaption><\/figure><\/a><\/div>\n<\/div>\n","protected":false},"excerpt":{"rendered":"<p>Uma opera\u00e7\u00e3o realizada pelo Comando do Policiamento Regional Metropolitano, que envolveu a Pol\u00edcia Civil, Pol\u00edcia Ambiental, 5\u00ba Batalh\u00e3o, Vigil\u00e2ncia Sanit\u00e1ria<\/p>\n","protected":false},"author":5,"featured_media":10433,"comment_status":"closed","ping_status":"closed","sticky":false,"template":"","format":"standard","meta":{"_exactmetrics_skip_tracking":false,"_exactmetrics_sitenote_active":false,"_exactmetrics_sitenote_note":"","_exactmetrics_sitenote_category":0,"footnotes":""},"categories":[4],"tags":[],"yoast_head":"<!-- This site is optimized with the Yoast SEO plugin v22.0 - https:\/\/yoast.com\/wordpress\/plugins\/seo\/ -->\n<title>Opera\u00e7\u00e3o \u0091Risco Zero\u0092 ocupa bairros com a\u00e7\u00f5es de seguran\u00e7a - Pol\u00edcia Militar da Para\u00edba<\/title>\n<meta name=\"robots\" content=\"index, follow, max-snippet:-1, max-image-preview:large, max-video-preview:-1\" \/>\n<link rel=\"canonical\" href=\"https:\/\/www.pm.pb.gov.br\/portal\/2013\/05\/20\/operacao_risco_zero_ocupa_bairros_com_acoes_de_seguranca\/\" \/>\n<meta property=\"og:locale\" content=\"pt_BR\" \/>\n<meta property=\"og:type\" content=\"article\" \/>\n<meta property=\"og:title\" content=\"Opera\u00e7\u00e3o \u0091Risco Zero\u0092 ocupa bairros com a\u00e7\u00f5es de seguran\u00e7a - Pol\u00edcia Militar da Para\u00edba\" \/>\n<meta property=\"og:description\" content=\"Uma opera\u00e7\u00e3o realizada pelo Comando do Policiamento Regional Metropolitano, que envolveu a Pol\u00edcia Civil, Pol\u00edcia Ambiental, 5\u00ba Batalh\u00e3o, Vigil\u00e2ncia Sanit\u00e1ria\" \/>\n<meta property=\"og:url\" content=\"https:\/\/www.pm.pb.gov.br\/portal\/2013\/05\/20\/operacao_risco_zero_ocupa_bairros_com_acoes_de_seguranca\/\" \/>\n<meta property=\"og:site_name\" content=\"Pol\u00edcia Militar da Para\u00edba\" \/>\n<meta property=\"article:published_time\" content=\"2013-05-20T17:05:56+00:00\" \/>\n<meta property=\"og:image\" content=\"https:\/\/www.pm.pb.gov.br\/portal\/wp-content\/uploads\/2013\/05\/8073_10433.jpg\" \/>\n\t<meta property=\"og:image:width\" content=\"500\" \/>\n\t<meta property=\"og:image:height\" content=\"332\" \/>\n\t<meta property=\"og:image:type\" content=\"image\/jpeg\" \/>\n<meta name=\"author\" content=\"Assessoria de Imprensa da PMPB\" \/>\n<meta name=\"twitter:card\" content=\"summary_large_image\" \/>\n<meta name=\"twitter:label1\" content=\"Escrito por\" \/>\n\t<meta name=\"twitter:data1\" content=\"Assessoria de Imprensa da PMPB\" \/>\n\t<meta name=\"twitter:label2\" content=\"Est. tempo de leitura\" \/>\n\t<meta name=\"twitter:data2\" content=\"3 minutos\" \/>\n<script type=\"application\/ld+json\" class=\"yoast-schema-graph\">{\"@context\":\"https:\/\/schema.org\",\"@graph\":[{\"@type\":\"Article\",\"@id\":\"https:\/\/www.pm.pb.gov.br\/portal\/2013\/05\/20\/operacao_risco_zero_ocupa_bairros_com_acoes_de_seguranca\/#article\",\"isPartOf\":{\"@id\":\"https:\/\/www.pm.pb.gov.br\/portal\/2013\/05\/20\/operacao_risco_zero_ocupa_bairros_com_acoes_de_seguranca\/\"},\"author\":{\"name\":\"Assessoria de Imprensa da PMPB\",\"@id\":\"https:\/\/www.pm.pb.gov.br\/portal\/#\/schema\/person\/e8454f46651c3ecf0e1ba3c1666d9947\"},\"headline\":\"Opera\u00e7\u00e3o \u0091Risco Zero\u0092 ocupa bairros com a\u00e7\u00f5es de seguran\u00e7a\",\"datePublished\":\"2013-05-20T17:05:56+00:00\",\"dateModified\":\"2013-05-20T17:05:56+00:00\",\"mainEntityOfPage\":{\"@id\":\"https:\/\/www.pm.pb.gov.br\/portal\/2013\/05\/20\/operacao_risco_zero_ocupa_bairros_com_acoes_de_seguranca\/\"},\"wordCount\":552,\"publisher\":{\"@id\":\"https:\/\/www.pm.pb.gov.br\/portal\/#organization\"},\"articleSection\":[\"A\u00e7\u00f5es Policiais\"],\"inLanguage\":\"pt-BR\"},{\"@type\":\"WebPage\",\"@id\":\"https:\/\/www.pm.pb.gov.br\/portal\/2013\/05\/20\/operacao_risco_zero_ocupa_bairros_com_acoes_de_seguranca\/\",\"url\":\"https:\/\/www.pm.pb.gov.br\/portal\/2013\/05\/20\/operacao_risco_zero_ocupa_bairros_com_acoes_de_seguranca\/\",\"name\":\"Opera\u00e7\u00e3o \u0091Risco Zero\u0092 ocupa bairros com a\u00e7\u00f5es de seguran\u00e7a - Pol\u00edcia Militar da Para\u00edba\",\"isPartOf\":{\"@id\":\"https:\/\/www.pm.pb.gov.br\/portal\/#website\"},\"datePublished\":\"2013-05-20T17:05:56+00:00\",\"dateModified\":\"2013-05-20T17:05:56+00:00\",\"breadcrumb\":{\"@id\":\"https:\/\/www.pm.pb.gov.br\/portal\/2013\/05\/20\/operacao_risco_zero_ocupa_bairros_com_acoes_de_seguranca\/#breadcrumb\"},\"inLanguage\":\"pt-BR\",\"potentialAction\":[{\"@type\":\"ReadAction\",\"target\":[\"https:\/\/www.pm.pb.gov.br\/portal\/2013\/05\/20\/operacao_risco_zero_ocupa_bairros_com_acoes_de_seguranca\/\"]}]},{\"@type\":\"BreadcrumbList\",\"@id\":\"https:\/\/www.pm.pb.gov.br\/portal\/2013\/05\/20\/operacao_risco_zero_ocupa_bairros_com_acoes_de_seguranca\/#breadcrumb\",\"itemListElement\":[{\"@type\":\"ListItem\",\"position\":1,\"name\":\"In\u00edcio\",\"item\":\"https:\/\/www.pm.pb.gov.br\/portal\/\"},{\"@type\":\"ListItem\",\"position\":2,\"name\":\"Opera\u00e7\u00e3o \u0091Risco Zero\u0092 ocupa bairros com a\u00e7\u00f5es de seguran\u00e7a\"}]},{\"@type\":\"WebSite\",\"@id\":\"https:\/\/www.pm.pb.gov.br\/portal\/#website\",\"url\":\"https:\/\/www.pm.pb.gov.br\/portal\/\",\"name\":\"Pol\u00edcia Militar da Para\u00edba\",\"description\":\"\",\"publisher\":{\"@id\":\"https:\/\/www.pm.pb.gov.br\/portal\/#organization\"},\"potentialAction\":[{\"@type\":\"SearchAction\",\"target\":{\"@type\":\"EntryPoint\",\"urlTemplate\":\"https:\/\/www.pm.pb.gov.br\/portal\/?s={search_term_string}\"},\"query-input\":\"required name=search_term_string\"}],\"inLanguage\":\"pt-BR\"},{\"@type\":\"Organization\",\"@id\":\"https:\/\/www.pm.pb.gov.br\/portal\/#organization\",\"name\":\"Pol\u00edcia Militar da Para\u00edba\",\"url\":\"https:\/\/www.pm.pb.gov.br\/portal\/\",\"logo\":{\"@type\":\"ImageObject\",\"inLanguage\":\"pt-BR\",\"@id\":\"https:\/\/www.pm.pb.gov.br\/portal\/#\/schema\/logo\/image\/\",\"url\":\"https:\/\/www.pm.pb.gov.br\/portal\/wp-content\/uploads\/2025\/03\/cropped-logo-site-mag2-1.png\",\"contentUrl\":\"https:\/\/www.pm.pb.gov.br\/portal\/wp-content\/uploads\/2025\/03\/cropped-logo-site-mag2-1.png\",\"width\":320,\"height\":90,\"caption\":\"Pol\u00edcia Militar da Para\u00edba\"},\"image\":{\"@id\":\"https:\/\/www.pm.pb.gov.br\/portal\/#\/schema\/logo\/image\/\"}},{\"@type\":\"Person\",\"@id\":\"https:\/\/www.pm.pb.gov.br\/portal\/#\/schema\/person\/e8454f46651c3ecf0e1ba3c1666d9947\",\"name\":\"Assessoria de Imprensa da PMPB\",\"image\":{\"@type\":\"ImageObject\",\"inLanguage\":\"pt-BR\",\"@id\":\"https:\/\/www.pm.pb.gov.br\/portal\/#\/schema\/person\/image\/\",\"url\":\"https:\/\/secure.gravatar.com\/avatar\/2efe197438265d1e90bd98c4c8e1acf8?s=96&d=mm&r=g\",\"contentUrl\":\"https:\/\/secure.gravatar.com\/avatar\/2efe197438265d1e90bd98c4c8e1acf8?s=96&d=mm&r=g\",\"caption\":\"Assessoria de Imprensa da PMPB\"},\"url\":\"https:\/\/www.pm.pb.gov.br\/portal\/author\/assessoria\/\"}]}<\/script>\n<!-- \/ Yoast SEO plugin. -->","yoast_head_json":{"title":"Opera\u00e7\u00e3o \u0091Risco Zero\u0092 ocupa bairros com a\u00e7\u00f5es de seguran\u00e7a - Pol\u00edcia Militar da Para\u00edba","robots":{"index":"index","follow":"follow","max-snippet":"max-snippet:-1","max-image-preview":"max-image-preview:large","max-video-preview":"max-video-preview:-1"},"canonical":"https:\/\/www.pm.pb.gov.br\/portal\/2013\/05\/20\/operacao_risco_zero_ocupa_bairros_com_acoes_de_seguranca\/","og_locale":"pt_BR","og_type":"article","og_title":"Opera\u00e7\u00e3o \u0091Risco Zero\u0092 ocupa bairros com a\u00e7\u00f5es de seguran\u00e7a - Pol\u00edcia Militar da Para\u00edba","og_description":"Uma opera\u00e7\u00e3o realizada pelo Comando do Policiamento Regional Metropolitano, que envolveu a Pol\u00edcia Civil, Pol\u00edcia Ambiental, 5\u00ba Batalh\u00e3o, Vigil\u00e2ncia Sanit\u00e1ria","og_url":"https:\/\/www.pm.pb.gov.br\/portal\/2013\/05\/20\/operacao_risco_zero_ocupa_bairros_com_acoes_de_seguranca\/","og_site_name":"Pol\u00edcia Militar da Para\u00edba","article_published_time":"2013-05-20T17:05:56+00:00","og_image":[{"width":500,"height":332,"url":"https:\/\/www.pm.pb.gov.br\/portal\/wp-content\/uploads\/2013\/05\/8073_10433.jpg","type":"image\/jpeg"}],"author":"Assessoria de Imprensa da PMPB","twitter_card":"summary_large_image","twitter_misc":{"Escrito por":"Assessoria de Imprensa da PMPB","Est. tempo de leitura":"3 minutos"},"schema":{"@context":"https:\/\/schema.org","@graph":[{"@type":"Article","@id":"https:\/\/www.pm.pb.gov.br\/portal\/2013\/05\/20\/operacao_risco_zero_ocupa_bairros_com_acoes_de_seguranca\/#article","isPartOf":{"@id":"https:\/\/www.pm.pb.gov.br\/portal\/2013\/05\/20\/operacao_risco_zero_ocupa_bairros_com_acoes_de_seguranca\/"},"author":{"name":"Assessoria de Imprensa da PMPB","@id":"https:\/\/www.pm.pb.gov.br\/portal\/#\/schema\/person\/e8454f46651c3ecf0e1ba3c1666d9947"},"headline":"Opera\u00e7\u00e3o \u0091Risco Zero\u0092 ocupa bairros com a\u00e7\u00f5es de seguran\u00e7a","datePublished":"2013-05-20T17:05:56+00:00","dateModified":"2013-05-20T17:05:56+00:00","mainEntityOfPage":{"@id":"https:\/\/www.pm.pb.gov.br\/portal\/2013\/05\/20\/operacao_risco_zero_ocupa_bairros_com_acoes_de_seguranca\/"},"wordCount":552,"publisher":{"@id":"https:\/\/www.pm.pb.gov.br\/portal\/#organization"},"articleSection":["A\u00e7\u00f5es Policiais"],"inLanguage":"pt-BR"},{"@type":"WebPage","@id":"https:\/\/www.pm.pb.gov.br\/portal\/2013\/05\/20\/operacao_risco_zero_ocupa_bairros_com_acoes_de_seguranca\/","url":"https:\/\/www.pm.pb.gov.br\/portal\/2013\/05\/20\/operacao_risco_zero_ocupa_bairros_com_acoes_de_seguranca\/","name":"Opera\u00e7\u00e3o \u0091Risco Zero\u0092 ocupa bairros com a\u00e7\u00f5es de seguran\u00e7a - Pol\u00edcia Militar da Para\u00edba","isPartOf":{"@id":"https:\/\/www.pm.pb.gov.br\/portal\/#website"},"datePublished":"2013-05-20T17:05:56+00:00","dateModified":"2013-05-20T17:05:56+00:00","breadcrumb":{"@id":"https:\/\/www.pm.pb.gov.br\/portal\/2013\/05\/20\/operacao_risco_zero_ocupa_bairros_com_acoes_de_seguranca\/#breadcrumb"},"inLanguage":"pt-BR","potentialAction":[{"@type":"ReadAction","target":["https:\/\/www.pm.pb.gov.br\/portal\/2013\/05\/20\/operacao_risco_zero_ocupa_bairros_com_acoes_de_seguranca\/"]}]},{"@type":"BreadcrumbList","@id":"https:\/\/www.pm.pb.gov.br\/portal\/2013\/05\/20\/operacao_risco_zero_ocupa_bairros_com_acoes_de_seguranca\/#breadcrumb","itemListElement":[{"@type":"ListItem","position":1,"name":"In\u00edcio","item":"https:\/\/www.pm.pb.gov.br\/portal\/"},{"@type":"ListItem","position":2,"name":"Opera\u00e7\u00e3o \u0091Risco Zero\u0092 ocupa bairros com a\u00e7\u00f5es de seguran\u00e7a"}]},{"@type":"WebSite","@id":"https:\/\/www.pm.pb.gov.br\/portal\/#website","url":"https:\/\/www.pm.pb.gov.br\/portal\/","name":"Pol\u00edcia Militar da Para\u00edba","description":"","publisher":{"@id":"https:\/\/www.pm.pb.gov.br\/portal\/#organization"},"potentialAction":[{"@type":"SearchAction","target":{"@type":"EntryPoint","urlTemplate":"https:\/\/www.pm.pb.gov.br\/portal\/?s={search_term_string}"},"query-input":"required name=search_term_string"}],"inLanguage":"pt-BR"},{"@type":"Organization","@id":"https:\/\/www.pm.pb.gov.br\/portal\/#organization","name":"Pol\u00edcia Militar da Para\u00edba","url":"https:\/\/www.pm.pb.gov.br\/portal\/","logo":{"@type":"ImageObject","inLanguage":"pt-BR","@id":"https:\/\/www.pm.pb.gov.br\/portal\/#\/schema\/logo\/image\/","url":"https:\/\/www.pm.pb.gov.br\/portal\/wp-content\/uploads\/2025\/03\/cropped-logo-site-mag2-1.png","contentUrl":"https:\/\/www.pm.pb.gov.br\/portal\/wp-content\/uploads\/2025\/03\/cropped-logo-site-mag2-1.png","width":320,"height":90,"caption":"Pol\u00edcia Militar da Para\u00edba"},"image":{"@id":"https:\/\/www.pm.pb.gov.br\/portal\/#\/schema\/logo\/image\/"}},{"@type":"Person","@id":"https:\/\/www.pm.pb.gov.br\/portal\/#\/schema\/person\/e8454f46651c3ecf0e1ba3c1666d9947","name":"Assessoria de Imprensa da PMPB","image":{"@type":"ImageObject","inLanguage":"pt-BR","@id":"https:\/\/www.pm.pb.gov.br\/portal\/#\/schema\/person\/image\/","url":"https:\/\/secure.gravatar.com\/avatar\/2efe197438265d1e90bd98c4c8e1acf8?s=96&d=mm&r=g","contentUrl":"https:\/\/secure.gravatar.com\/avatar\/2efe197438265d1e90bd98c4c8e1acf8?s=96&d=mm&r=g","caption":"Assessoria de Imprensa da PMPB"},"url":"https:\/\/www.pm.pb.gov.br\/portal\/author\/assessoria\/"}]}},"_links":{"self":[{"href":"https:\/\/www.pm.pb.gov.br\/portal\/wp-json\/wp\/v2\/posts\/891991"}],"collection":[{"href":"https:\/\/www.pm.pb.gov.br\/portal\/wp-json\/wp\/v2\/posts"}],"about":[{"href":"https:\/\/www.pm.pb.gov.br\/portal\/wp-json\/wp\/v2\/types\/post"}],"author":[{"embeddable":true,"href":"https:\/\/www.pm.pb.gov.br\/portal\/wp-json\/wp\/v2\/users\/5"}],"replies":[{"embeddable":true,"href":"https:\/\/www.pm.pb.gov.br\/portal\/wp-json\/wp\/v2\/comments?post=891991"}],"version-history":[{"count":0,"href":"https:\/\/www.pm.pb.gov.br\/portal\/wp-json\/wp\/v2\/posts\/891991\/revisions"}],"wp:featuredmedia":[{"embeddable":true,"href":"https:\/\/www.pm.pb.gov.br\/portal\/wp-json\/wp\/v2\/media\/10433"}],"wp:attachment":[{"href":"https:\/\/www.pm.pb.gov.br\/portal\/wp-json\/wp\/v2\/media?parent=891991"}],"wp:term":[{"taxonomy":"category","embeddable":true,"href":"https:\/\/www.pm.pb.gov.br\/portal\/wp-json\/wp\/v2\/categories?post=891991"},{"taxonomy":"post_tag","embeddable":true,"href":"https:\/\/www.pm.pb.gov.br\/portal\/wp-json\/wp\/v2\/tags?post=891991"}],"curies":[{"name":"wp","href":"https:\/\/api.w.org\/{rel}","templated":true}]}}