{"id":891982,"date":"2013-05-14T11:05:21","date_gmt":"2013-05-14T14:05:21","guid":{"rendered":"http:\/\/www.pm.pb.gov.br\/portal\/2013\/05\/risco_zero_fiscaliza_estabelecimentos_comerciais_da_capital\/"},"modified":"2013-05-14T11:05:21","modified_gmt":"2013-05-14T14:05:21","slug":"risco_zero_fiscaliza_estabelecimentos_comerciais_da_capital","status":"publish","type":"post","link":"https:\/\/www.pm.pb.gov.br\/portal\/2013\/05\/14\/risco_zero_fiscaliza_estabelecimentos_comerciais_da_capital\/","title":{"rendered":"&#8216;Risco Zero&#8217; fiscaliza estabelecimentos comerciais da capital"},"content":{"rendered":"<figure style=\"width: 500px\" class=\"wp-caption alignnone\"><img decoding=\"async\" class=\"alignnone size-medium\" src=\"http:\/\/www.pm.pb.gov.br\/portal\/wp-content\/uploads\/2013\/05\/8059_10406.jpg\" title=\"O comandante do Policiamento Regional Metropolitano, tenente coronel Jefferson Pereira, coordenou a opera\u00e7\u00e3o 'in locu'. (Fotos: Werneck Moreno)\" width=\"100%\" \/><figcaption class=\"wp-caption-text\">O comandante do Policiamento Regional Metropolitano, tenente coronel Jefferson Pereira, coordenou a opera\u00e7\u00e3o &#8216;in locu&#8217;. (Fotos: Werneck Moreno)<\/figcaption><\/figure>\n<div style=\"text-align: justify;\">A Pol\u00edcia Militar, em parceria com policiais civis, e bombeiros militares, fiscalizou 22 estabelecimentos comerciais durante este fim de semana. A a\u00e7\u00e3o fez parte da Opera\u00e7\u00e3o &#8216;Risco Zero&#8217;,  que visa fiscalizar bares localizados em \u00e1reas de maiores \u00edndices criminais.<\/p>\n<p>No \u00faltimo fim de semana, a opera\u00e7\u00e3o aconteceu no Centro da Capital e nos bairros dos Banc\u00e1rios, Mangabeira, Funcion\u00e1rios III e Jacarap\u00e9.<\/p>\n<p>De acordo com o tenente coronel Jefferson Pereira, comandante da regi\u00e3o metropolitana, os dois dias de atua\u00e7\u00e3o resultaram na apreens\u00e3o de oito pacotes de coca\u00edna e diversos papelotes de maconha, al\u00e9m de tr\u00eas ve\u00edculos irregulares. Ao todo, 22 estabelecimentos comerciais foram fiscalizados, 110 ve\u00edculos e 560 pessoas abordadas. Para isso, o efetivo policial empregado foi de 78 agentes de seguran\u00e7a p\u00fablica e 28 viaturas.<\/p>\n<p>O comandante ainda acrescentou que em \u0093todas as \u00e1reas de risco visitadas, muitos estabelecimentos funcionam de forma ilegal, com pouca infraestrutura, favorecendo as pr\u00e1ticas delituosas\u0094.<\/p>\n<p>A opera\u00e7\u00e3o foi um dos temas tratados nesta segunda (13), na reuni\u00e3o de monitoramente entre o governador Ricardo Coutinho e demais autoridades da seguran\u00e7a p\u00fablica do Estado. No encontro, tamb\u00e9m esteve presente o promotor criminal Bertrand Asfora, o secret\u00e1rio Cl\u00e1udio Lima, o comandante geral da PM, Euller Chaves &#8211; que enfatizaramque bares que n\u00e3o atenderem \u00e0 legisla\u00e7\u00e3o vigente quanto \u00e0s autoriza\u00e7\u00f5es necess\u00e1rias ao funcionamento ser\u00e3o fechados.<\/p>\n<p>A reabertura s\u00f3 acontecer\u00e1  medianteassinatura de um Termo de Ajustamento de Conduta (TAC) junto ao Minist\u00e9rio P\u00fablico.<\/p>\n<div class=\"row\" align=\"center\"><a href=\"http:\/\/www.pm.pb.gov.br\/exportacao\/fotos_noticias\/8059_10407.jpg\"><figure style=\"width: 500px\" class=\"wp-caption alignnone\"><img decoding=\"async\" class=\"image-responsive\" src=\"http:\/\/www.pm.pb.gov.br\/exportacao\/fotos_noticias\/8059_10407.jpg\" title=\"Opera\u00e7\u00e3o foi lan\u00e7ada no Centro da capital e se estendeu para outros bairros\" width=\"100%\" \/><figcaption class=\"wp-caption-text\">Opera\u00e7\u00e3o foi lan\u00e7ada no Centro da capital e se estendeu para outros bairros<\/figcaption><\/figure><\/a><a href=\"http:\/\/www.pm.pb.gov.br\/portal\/wp-content\/uploads\/2013\/05\/8059_10408.jpg\"><figure style=\"width: 500px\" class=\"wp-caption alignnone\"><img decoding=\"async\" class=\"image-responsive\" src=\"http:\/\/www.pm.pb.gov.br\/portal\/wp-content\/uploads\/2013\/05\/8059_10408.jpg\" title=\"Policiais e bombeiros militares integraram a opera\u00e7\u00e3o\" width=\"100%\" \/><figcaption class=\"wp-caption-text\">Policiais e bombeiros militares integraram a opera\u00e7\u00e3o<\/figcaption><\/figure><\/a><\/div>\n<\/div>\n","protected":false},"excerpt":{"rendered":"<p>A Pol\u00edcia Militar, em parceria com policiais civis, e bombeiros militares, fiscalizou 22 estabelecimentos comerciais durante este fim de semana.<\/p>\n","protected":false},"author":5,"featured_media":10406,"comment_status":"closed","ping_status":"closed","sticky":false,"template":"","format":"standard","meta":{"_exactmetrics_skip_tracking":false,"_exactmetrics_sitenote_active":false,"_exactmetrics_sitenote_note":"","_exactmetrics_sitenote_category":0,"footnotes":""},"categories":[4],"tags":[],"yoast_head":"<!-- This site is optimized with the Yoast SEO plugin v22.0 - https:\/\/yoast.com\/wordpress\/plugins\/seo\/ -->\n<title>&#039;Risco Zero&#039; fiscaliza estabelecimentos comerciais da capital - Pol\u00edcia Militar da Para\u00edba<\/title>\n<meta name=\"robots\" content=\"index, follow, max-snippet:-1, max-image-preview:large, max-video-preview:-1\" \/>\n<link rel=\"canonical\" href=\"https:\/\/www.pm.pb.gov.br\/portal\/2013\/05\/14\/risco_zero_fiscaliza_estabelecimentos_comerciais_da_capital\/\" \/>\n<meta property=\"og:locale\" content=\"pt_BR\" \/>\n<meta property=\"og:type\" content=\"article\" \/>\n<meta property=\"og:title\" content=\"&#039;Risco Zero&#039; fiscaliza estabelecimentos comerciais da capital - Pol\u00edcia Militar da Para\u00edba\" \/>\n<meta property=\"og:description\" content=\"A Pol\u00edcia Militar, em parceria com policiais civis, e bombeiros militares, fiscalizou 22 estabelecimentos comerciais durante este fim de semana.\" \/>\n<meta property=\"og:url\" content=\"https:\/\/www.pm.pb.gov.br\/portal\/2013\/05\/14\/risco_zero_fiscaliza_estabelecimentos_comerciais_da_capital\/\" \/>\n<meta property=\"og:site_name\" content=\"Pol\u00edcia Militar da Para\u00edba\" \/>\n<meta property=\"article:published_time\" content=\"2013-05-14T14:05:21+00:00\" \/>\n<meta property=\"og:image\" content=\"https:\/\/www.pm.pb.gov.br\/portal\/wp-content\/uploads\/2013\/05\/8059_10406.jpg\" \/>\n\t<meta property=\"og:image:width\" content=\"500\" \/>\n\t<meta property=\"og:image:height\" content=\"333\" \/>\n\t<meta property=\"og:image:type\" content=\"image\/jpeg\" \/>\n<meta name=\"author\" content=\"Assessoria de Imprensa da PMPB\" \/>\n<meta name=\"twitter:card\" content=\"summary_large_image\" \/>\n<meta name=\"twitter:label1\" content=\"Escrito por\" \/>\n\t<meta name=\"twitter:data1\" content=\"Assessoria de Imprensa da PMPB\" \/>\n\t<meta name=\"twitter:label2\" content=\"Est. tempo de leitura\" \/>\n\t<meta name=\"twitter:data2\" content=\"2 minutos\" \/>\n<script type=\"application\/ld+json\" class=\"yoast-schema-graph\">{\"@context\":\"https:\/\/schema.org\",\"@graph\":[{\"@type\":\"Article\",\"@id\":\"https:\/\/www.pm.pb.gov.br\/portal\/2013\/05\/14\/risco_zero_fiscaliza_estabelecimentos_comerciais_da_capital\/#article\",\"isPartOf\":{\"@id\":\"https:\/\/www.pm.pb.gov.br\/portal\/2013\/05\/14\/risco_zero_fiscaliza_estabelecimentos_comerciais_da_capital\/\"},\"author\":{\"name\":\"Assessoria de Imprensa da PMPB\",\"@id\":\"https:\/\/www.pm.pb.gov.br\/portal\/#\/schema\/person\/e8454f46651c3ecf0e1ba3c1666d9947\"},\"headline\":\"&#8216;Risco Zero&#8217; fiscaliza estabelecimentos comerciais da capital\",\"datePublished\":\"2013-05-14T14:05:21+00:00\",\"dateModified\":\"2013-05-14T14:05:21+00:00\",\"mainEntityOfPage\":{\"@id\":\"https:\/\/www.pm.pb.gov.br\/portal\/2013\/05\/14\/risco_zero_fiscaliza_estabelecimentos_comerciais_da_capital\/\"},\"wordCount\":323,\"publisher\":{\"@id\":\"https:\/\/www.pm.pb.gov.br\/portal\/#organization\"},\"articleSection\":[\"A\u00e7\u00f5es Policiais\"],\"inLanguage\":\"pt-BR\"},{\"@type\":\"WebPage\",\"@id\":\"https:\/\/www.pm.pb.gov.br\/portal\/2013\/05\/14\/risco_zero_fiscaliza_estabelecimentos_comerciais_da_capital\/\",\"url\":\"https:\/\/www.pm.pb.gov.br\/portal\/2013\/05\/14\/risco_zero_fiscaliza_estabelecimentos_comerciais_da_capital\/\",\"name\":\"'Risco Zero' fiscaliza estabelecimentos comerciais da capital - Pol\u00edcia Militar da Para\u00edba\",\"isPartOf\":{\"@id\":\"https:\/\/www.pm.pb.gov.br\/portal\/#website\"},\"datePublished\":\"2013-05-14T14:05:21+00:00\",\"dateModified\":\"2013-05-14T14:05:21+00:00\",\"breadcrumb\":{\"@id\":\"https:\/\/www.pm.pb.gov.br\/portal\/2013\/05\/14\/risco_zero_fiscaliza_estabelecimentos_comerciais_da_capital\/#breadcrumb\"},\"inLanguage\":\"pt-BR\",\"potentialAction\":[{\"@type\":\"ReadAction\",\"target\":[\"https:\/\/www.pm.pb.gov.br\/portal\/2013\/05\/14\/risco_zero_fiscaliza_estabelecimentos_comerciais_da_capital\/\"]}]},{\"@type\":\"BreadcrumbList\",\"@id\":\"https:\/\/www.pm.pb.gov.br\/portal\/2013\/05\/14\/risco_zero_fiscaliza_estabelecimentos_comerciais_da_capital\/#breadcrumb\",\"itemListElement\":[{\"@type\":\"ListItem\",\"position\":1,\"name\":\"In\u00edcio\",\"item\":\"https:\/\/www.pm.pb.gov.br\/portal\/\"},{\"@type\":\"ListItem\",\"position\":2,\"name\":\"&#8216;Risco Zero&#8217; fiscaliza estabelecimentos comerciais da capital\"}]},{\"@type\":\"WebSite\",\"@id\":\"https:\/\/www.pm.pb.gov.br\/portal\/#website\",\"url\":\"https:\/\/www.pm.pb.gov.br\/portal\/\",\"name\":\"Pol\u00edcia Militar da Para\u00edba\",\"description\":\"\",\"publisher\":{\"@id\":\"https:\/\/www.pm.pb.gov.br\/portal\/#organization\"},\"potentialAction\":[{\"@type\":\"SearchAction\",\"target\":{\"@type\":\"EntryPoint\",\"urlTemplate\":\"https:\/\/www.pm.pb.gov.br\/portal\/?s={search_term_string}\"},\"query-input\":\"required name=search_term_string\"}],\"inLanguage\":\"pt-BR\"},{\"@type\":\"Organization\",\"@id\":\"https:\/\/www.pm.pb.gov.br\/portal\/#organization\",\"name\":\"Pol\u00edcia Militar da Para\u00edba\",\"url\":\"https:\/\/www.pm.pb.gov.br\/portal\/\",\"logo\":{\"@type\":\"ImageObject\",\"inLanguage\":\"pt-BR\",\"@id\":\"https:\/\/www.pm.pb.gov.br\/portal\/#\/schema\/logo\/image\/\",\"url\":\"https:\/\/www.pm.pb.gov.br\/portal\/wp-content\/uploads\/2025\/03\/cropped-logo-site-mag2-1.png\",\"contentUrl\":\"https:\/\/www.pm.pb.gov.br\/portal\/wp-content\/uploads\/2025\/03\/cropped-logo-site-mag2-1.png\",\"width\":320,\"height\":90,\"caption\":\"Pol\u00edcia Militar da Para\u00edba\"},\"image\":{\"@id\":\"https:\/\/www.pm.pb.gov.br\/portal\/#\/schema\/logo\/image\/\"}},{\"@type\":\"Person\",\"@id\":\"https:\/\/www.pm.pb.gov.br\/portal\/#\/schema\/person\/e8454f46651c3ecf0e1ba3c1666d9947\",\"name\":\"Assessoria de Imprensa da PMPB\",\"image\":{\"@type\":\"ImageObject\",\"inLanguage\":\"pt-BR\",\"@id\":\"https:\/\/www.pm.pb.gov.br\/portal\/#\/schema\/person\/image\/\",\"url\":\"https:\/\/secure.gravatar.com\/avatar\/2efe197438265d1e90bd98c4c8e1acf8?s=96&d=mm&r=g\",\"contentUrl\":\"https:\/\/secure.gravatar.com\/avatar\/2efe197438265d1e90bd98c4c8e1acf8?s=96&d=mm&r=g\",\"caption\":\"Assessoria de Imprensa da PMPB\"},\"url\":\"https:\/\/www.pm.pb.gov.br\/portal\/author\/assessoria\/\"}]}<\/script>\n<!-- \/ Yoast SEO plugin. -->","yoast_head_json":{"title":"'Risco Zero' fiscaliza estabelecimentos comerciais da capital - Pol\u00edcia Militar da Para\u00edba","robots":{"index":"index","follow":"follow","max-snippet":"max-snippet:-1","max-image-preview":"max-image-preview:large","max-video-preview":"max-video-preview:-1"},"canonical":"https:\/\/www.pm.pb.gov.br\/portal\/2013\/05\/14\/risco_zero_fiscaliza_estabelecimentos_comerciais_da_capital\/","og_locale":"pt_BR","og_type":"article","og_title":"'Risco Zero' fiscaliza estabelecimentos comerciais da capital - Pol\u00edcia Militar da Para\u00edba","og_description":"A Pol\u00edcia Militar, em parceria com policiais civis, e bombeiros militares, fiscalizou 22 estabelecimentos comerciais durante este fim de semana.","og_url":"https:\/\/www.pm.pb.gov.br\/portal\/2013\/05\/14\/risco_zero_fiscaliza_estabelecimentos_comerciais_da_capital\/","og_site_name":"Pol\u00edcia Militar da Para\u00edba","article_published_time":"2013-05-14T14:05:21+00:00","og_image":[{"width":500,"height":333,"url":"https:\/\/www.pm.pb.gov.br\/portal\/wp-content\/uploads\/2013\/05\/8059_10406.jpg","type":"image\/jpeg"}],"author":"Assessoria de Imprensa da PMPB","twitter_card":"summary_large_image","twitter_misc":{"Escrito por":"Assessoria de Imprensa da PMPB","Est. tempo de leitura":"2 minutos"},"schema":{"@context":"https:\/\/schema.org","@graph":[{"@type":"Article","@id":"https:\/\/www.pm.pb.gov.br\/portal\/2013\/05\/14\/risco_zero_fiscaliza_estabelecimentos_comerciais_da_capital\/#article","isPartOf":{"@id":"https:\/\/www.pm.pb.gov.br\/portal\/2013\/05\/14\/risco_zero_fiscaliza_estabelecimentos_comerciais_da_capital\/"},"author":{"name":"Assessoria de Imprensa da PMPB","@id":"https:\/\/www.pm.pb.gov.br\/portal\/#\/schema\/person\/e8454f46651c3ecf0e1ba3c1666d9947"},"headline":"&#8216;Risco Zero&#8217; fiscaliza estabelecimentos comerciais da capital","datePublished":"2013-05-14T14:05:21+00:00","dateModified":"2013-05-14T14:05:21+00:00","mainEntityOfPage":{"@id":"https:\/\/www.pm.pb.gov.br\/portal\/2013\/05\/14\/risco_zero_fiscaliza_estabelecimentos_comerciais_da_capital\/"},"wordCount":323,"publisher":{"@id":"https:\/\/www.pm.pb.gov.br\/portal\/#organization"},"articleSection":["A\u00e7\u00f5es Policiais"],"inLanguage":"pt-BR"},{"@type":"WebPage","@id":"https:\/\/www.pm.pb.gov.br\/portal\/2013\/05\/14\/risco_zero_fiscaliza_estabelecimentos_comerciais_da_capital\/","url":"https:\/\/www.pm.pb.gov.br\/portal\/2013\/05\/14\/risco_zero_fiscaliza_estabelecimentos_comerciais_da_capital\/","name":"'Risco Zero' fiscaliza estabelecimentos comerciais da capital - Pol\u00edcia Militar da Para\u00edba","isPartOf":{"@id":"https:\/\/www.pm.pb.gov.br\/portal\/#website"},"datePublished":"2013-05-14T14:05:21+00:00","dateModified":"2013-05-14T14:05:21+00:00","breadcrumb":{"@id":"https:\/\/www.pm.pb.gov.br\/portal\/2013\/05\/14\/risco_zero_fiscaliza_estabelecimentos_comerciais_da_capital\/#breadcrumb"},"inLanguage":"pt-BR","potentialAction":[{"@type":"ReadAction","target":["https:\/\/www.pm.pb.gov.br\/portal\/2013\/05\/14\/risco_zero_fiscaliza_estabelecimentos_comerciais_da_capital\/"]}]},{"@type":"BreadcrumbList","@id":"https:\/\/www.pm.pb.gov.br\/portal\/2013\/05\/14\/risco_zero_fiscaliza_estabelecimentos_comerciais_da_capital\/#breadcrumb","itemListElement":[{"@type":"ListItem","position":1,"name":"In\u00edcio","item":"https:\/\/www.pm.pb.gov.br\/portal\/"},{"@type":"ListItem","position":2,"name":"&#8216;Risco Zero&#8217; fiscaliza estabelecimentos comerciais da capital"}]},{"@type":"WebSite","@id":"https:\/\/www.pm.pb.gov.br\/portal\/#website","url":"https:\/\/www.pm.pb.gov.br\/portal\/","name":"Pol\u00edcia Militar da Para\u00edba","description":"","publisher":{"@id":"https:\/\/www.pm.pb.gov.br\/portal\/#organization"},"potentialAction":[{"@type":"SearchAction","target":{"@type":"EntryPoint","urlTemplate":"https:\/\/www.pm.pb.gov.br\/portal\/?s={search_term_string}"},"query-input":"required name=search_term_string"}],"inLanguage":"pt-BR"},{"@type":"Organization","@id":"https:\/\/www.pm.pb.gov.br\/portal\/#organization","name":"Pol\u00edcia Militar da Para\u00edba","url":"https:\/\/www.pm.pb.gov.br\/portal\/","logo":{"@type":"ImageObject","inLanguage":"pt-BR","@id":"https:\/\/www.pm.pb.gov.br\/portal\/#\/schema\/logo\/image\/","url":"https:\/\/www.pm.pb.gov.br\/portal\/wp-content\/uploads\/2025\/03\/cropped-logo-site-mag2-1.png","contentUrl":"https:\/\/www.pm.pb.gov.br\/portal\/wp-content\/uploads\/2025\/03\/cropped-logo-site-mag2-1.png","width":320,"height":90,"caption":"Pol\u00edcia Militar da Para\u00edba"},"image":{"@id":"https:\/\/www.pm.pb.gov.br\/portal\/#\/schema\/logo\/image\/"}},{"@type":"Person","@id":"https:\/\/www.pm.pb.gov.br\/portal\/#\/schema\/person\/e8454f46651c3ecf0e1ba3c1666d9947","name":"Assessoria de Imprensa da PMPB","image":{"@type":"ImageObject","inLanguage":"pt-BR","@id":"https:\/\/www.pm.pb.gov.br\/portal\/#\/schema\/person\/image\/","url":"https:\/\/secure.gravatar.com\/avatar\/2efe197438265d1e90bd98c4c8e1acf8?s=96&d=mm&r=g","contentUrl":"https:\/\/secure.gravatar.com\/avatar\/2efe197438265d1e90bd98c4c8e1acf8?s=96&d=mm&r=g","caption":"Assessoria de Imprensa da PMPB"},"url":"https:\/\/www.pm.pb.gov.br\/portal\/author\/assessoria\/"}]}},"_links":{"self":[{"href":"https:\/\/www.pm.pb.gov.br\/portal\/wp-json\/wp\/v2\/posts\/891982"}],"collection":[{"href":"https:\/\/www.pm.pb.gov.br\/portal\/wp-json\/wp\/v2\/posts"}],"about":[{"href":"https:\/\/www.pm.pb.gov.br\/portal\/wp-json\/wp\/v2\/types\/post"}],"author":[{"embeddable":true,"href":"https:\/\/www.pm.pb.gov.br\/portal\/wp-json\/wp\/v2\/users\/5"}],"replies":[{"embeddable":true,"href":"https:\/\/www.pm.pb.gov.br\/portal\/wp-json\/wp\/v2\/comments?post=891982"}],"version-history":[{"count":0,"href":"https:\/\/www.pm.pb.gov.br\/portal\/wp-json\/wp\/v2\/posts\/891982\/revisions"}],"wp:featuredmedia":[{"embeddable":true,"href":"https:\/\/www.pm.pb.gov.br\/portal\/wp-json\/wp\/v2\/media\/10406"}],"wp:attachment":[{"href":"https:\/\/www.pm.pb.gov.br\/portal\/wp-json\/wp\/v2\/media?parent=891982"}],"wp:term":[{"taxonomy":"category","embeddable":true,"href":"https:\/\/www.pm.pb.gov.br\/portal\/wp-json\/wp\/v2\/categories?post=891982"},{"taxonomy":"post_tag","embeddable":true,"href":"https:\/\/www.pm.pb.gov.br\/portal\/wp-json\/wp\/v2\/tags?post=891982"}],"curies":[{"name":"wp","href":"https:\/\/api.w.org\/{rel}","templated":true}]}}