{"id":891981,"date":"2013-05-14T11:05:03","date_gmt":"2013-05-14T14:05:03","guid":{"rendered":"http:\/\/www.pm.pb.gov.br\/portal\/2013\/05\/paraiba_mantem_reducao_de_homicidios_no_primeiro_quadrimestre\/"},"modified":"2013-05-14T11:05:03","modified_gmt":"2013-05-14T14:05:03","slug":"paraiba_mantem_reducao_de_homicidios_no_primeiro_quadrimestre","status":"publish","type":"post","link":"https:\/\/www.pm.pb.gov.br\/portal\/2013\/05\/14\/paraiba_mantem_reducao_de_homicidios_no_primeiro_quadrimestre\/","title":{"rendered":"Para\u00edba mant\u00e9m redu\u00e7\u00e3o de homic\u00eddios no primeiro quadrimestre"},"content":{"rendered":"<figure style=\"width: 500px\" class=\"wp-caption alignnone\"><img decoding=\"async\" class=\"alignnone size-medium\" src=\"http:\/\/www.pm.pb.gov.br\/portal\/wp-content\/uploads\/2013\/05\/8057_10405.jpg\" title=\"Comandante geral da PM, coronel Euller Chaves, participou da reuni\u00e3o\" width=\"100%\" \/><figcaption class=\"wp-caption-text\">Comandante geral da PM, coronel Euller Chaves, participou da reuni\u00e3o<\/figcaption><\/figure>\n<div style=\"text-align: justify;\">O governador Ricardo Coutinho participou, nessa segunda-feira (13), da reuni\u00e3o de monitoramento da seguran\u00e7a, que analisa \u00edndices criminais relativos ao 1\u00ba quadrimestre deste ano e tra\u00e7a metas de enfrentamento \u00e0 viol\u00eancia. O encontro contou com a participa\u00e7\u00e3o dos gestores das pol\u00edcias Civil, Militar e do Corpo de Bombeiros, al\u00e9m do secret\u00e1rio da Administra\u00e7\u00e3o Penitenci\u00e1ria, Wallber Virgolino, e do promotor criminal Bertrand Asfora.<\/p>\n<p>De acordo com o N\u00facleo de An\u00e1lise Criminal e Estat\u00edstica (Nace) da Secretaria da Seguran\u00e7a e da Defesa Social (Seds), at\u00e9 o fim de abril, a Para\u00edba manteve a redu\u00e7\u00e3o de 4,4% no n\u00famero de Crimes Violentos Letais Intencionais (CVLI) \u0096 homic\u00eddios dolosos ou qualquer outro crime doloso seguido de morte. Nos quatro primeiros meses do ano foram 540 registros, enquanto que em 2012 foram contabilizados 565 casos no mesmo per\u00edodo.<\/p>\n<p>No ano passado, pela primeira vez em 10 anos, o Estado conseguiu registrar uma redu\u00e7\u00e3o de assassinatos. A diminui\u00e7\u00e3o foi de 8,21% em rela\u00e7\u00e3o ao ano de 2011 e o n\u00famero de CVLI contabilizados em 2012 (1.542) foi ainda menor do que o observado em 2010 (1.563).<\/p>\n<p>Na reuni\u00e3o, o governador recomendou refor\u00e7o nas a\u00e7\u00f5es para manter a curva de homic\u00eddios em decl\u00ednio. \u0093Precisamos dar um choque na tend\u00eancia de crescimento e isso \u00e9 poss\u00edvel, pois, se n\u00e3o fosse, n\u00e3o ter\u00edamos conseguido em outros meses n\u00fameros melhores. Vamos refor\u00e7ar as estrat\u00e9gias corretas, modificar as incorretas, fazer os ajustes necess\u00e1rios para derrubar esses indicadores\u0094, enfatizou.<\/p>\n<p>\u0093Os esfor\u00e7os s\u00e3o muitos, mas n\u00e3o estamos satisfeitos. Queremos reduzir ainda mais os assassinatos no Estado e garantir a seguran\u00e7a aos cidad\u00e3os. Os n\u00fameros demonstram que estamos no caminho certo\u0094, ressaltou o secret\u00e1rio Cl\u00e1udio Lima .<\/p>\n<p>Redu\u00e7\u00e3o de crimes patrimonais \u0096 Tr\u00eas cidades se destacam no que refere \u00e0 redu\u00e7\u00e3o de crimes contra o patrim\u00f4nio, como roubos. No comparativo entre os anos de 2012 e 2013, nos quatro primeiros meses do ano, Cabedelo apresentou queda de 51% no registro desse tipo de crime (185 para 90); Bayeux 19% (129 para 104); e Santa Rita 26% (194 para 143).<\/p>\n<p>Para o secret\u00e1rio Cl\u00e1udio Lima, os resultados positivos s\u00e3o consequ\u00eancia da gest\u00e3o focada em resultados, colocada em pr\u00e1tica pela Seds, na qual os gestores de seguran\u00e7a trabalham de forma integrada. \u0093Para Jo\u00e3o Pessoa temos um olhar especial, com a mesma integra\u00e7\u00e3o e gest\u00e3o, e vamos trabalhar com a\u00e7\u00f5es espec\u00edficas de an\u00e1lise criminal, preventivas, ostensivas e de investiga\u00e7\u00e3o diferenciadas\u0094, afirmou.<\/p>\n<div class=\"row\" align=\"center\"><\/div>\n<\/div>\n","protected":false},"excerpt":{"rendered":"<p>O governador Ricardo Coutinho participou, nessa segunda-feira (13), da reuni\u00e3o de monitoramento da seguran\u00e7a, que analisa \u00edndices criminais relativos ao<\/p>\n","protected":false},"author":5,"featured_media":10405,"comment_status":"closed","ping_status":"closed","sticky":false,"template":"","format":"standard","meta":{"_exactmetrics_skip_tracking":false,"_exactmetrics_sitenote_active":false,"_exactmetrics_sitenote_note":"","_exactmetrics_sitenote_category":0,"footnotes":""},"categories":[4],"tags":[],"yoast_head":"<!-- This site is optimized with the Yoast SEO plugin v22.0 - https:\/\/yoast.com\/wordpress\/plugins\/seo\/ -->\n<title>Para\u00edba mant\u00e9m redu\u00e7\u00e3o de homic\u00eddios no primeiro quadrimestre - Pol\u00edcia Militar da Para\u00edba<\/title>\n<meta name=\"robots\" content=\"index, follow, max-snippet:-1, max-image-preview:large, max-video-preview:-1\" \/>\n<link rel=\"canonical\" href=\"https:\/\/www.pm.pb.gov.br\/portal\/2013\/05\/14\/paraiba_mantem_reducao_de_homicidios_no_primeiro_quadrimestre\/\" \/>\n<meta property=\"og:locale\" content=\"pt_BR\" \/>\n<meta property=\"og:type\" content=\"article\" \/>\n<meta property=\"og:title\" content=\"Para\u00edba mant\u00e9m redu\u00e7\u00e3o de homic\u00eddios no primeiro quadrimestre - Pol\u00edcia Militar da Para\u00edba\" \/>\n<meta property=\"og:description\" content=\"O governador Ricardo Coutinho participou, nessa segunda-feira (13), da reuni\u00e3o de monitoramento da seguran\u00e7a, que analisa \u00edndices criminais relativos ao\" \/>\n<meta property=\"og:url\" content=\"https:\/\/www.pm.pb.gov.br\/portal\/2013\/05\/14\/paraiba_mantem_reducao_de_homicidios_no_primeiro_quadrimestre\/\" \/>\n<meta property=\"og:site_name\" content=\"Pol\u00edcia Militar da Para\u00edba\" \/>\n<meta property=\"article:published_time\" content=\"2013-05-14T14:05:03+00:00\" \/>\n<meta property=\"og:image\" content=\"https:\/\/www.pm.pb.gov.br\/portal\/wp-content\/uploads\/2013\/05\/8057_10405.jpg\" \/>\n\t<meta property=\"og:image:width\" content=\"500\" \/>\n\t<meta property=\"og:image:height\" content=\"334\" \/>\n\t<meta property=\"og:image:type\" content=\"image\/jpeg\" \/>\n<meta name=\"author\" content=\"Assessoria de Imprensa da PMPB\" \/>\n<meta name=\"twitter:card\" content=\"summary_large_image\" \/>\n<meta name=\"twitter:label1\" content=\"Escrito por\" \/>\n\t<meta name=\"twitter:data1\" content=\"Assessoria de Imprensa da PMPB\" \/>\n\t<meta name=\"twitter:label2\" content=\"Est. tempo de leitura\" \/>\n\t<meta name=\"twitter:data2\" content=\"2 minutos\" \/>\n<script type=\"application\/ld+json\" class=\"yoast-schema-graph\">{\"@context\":\"https:\/\/schema.org\",\"@graph\":[{\"@type\":\"Article\",\"@id\":\"https:\/\/www.pm.pb.gov.br\/portal\/2013\/05\/14\/paraiba_mantem_reducao_de_homicidios_no_primeiro_quadrimestre\/#article\",\"isPartOf\":{\"@id\":\"https:\/\/www.pm.pb.gov.br\/portal\/2013\/05\/14\/paraiba_mantem_reducao_de_homicidios_no_primeiro_quadrimestre\/\"},\"author\":{\"name\":\"Assessoria de Imprensa da PMPB\",\"@id\":\"https:\/\/www.pm.pb.gov.br\/portal\/#\/schema\/person\/e8454f46651c3ecf0e1ba3c1666d9947\"},\"headline\":\"Para\u00edba mant\u00e9m redu\u00e7\u00e3o de homic\u00eddios no primeiro quadrimestre\",\"datePublished\":\"2013-05-14T14:05:03+00:00\",\"dateModified\":\"2013-05-14T14:05:03+00:00\",\"mainEntityOfPage\":{\"@id\":\"https:\/\/www.pm.pb.gov.br\/portal\/2013\/05\/14\/paraiba_mantem_reducao_de_homicidios_no_primeiro_quadrimestre\/\"},\"wordCount\":456,\"publisher\":{\"@id\":\"https:\/\/www.pm.pb.gov.br\/portal\/#organization\"},\"articleSection\":[\"A\u00e7\u00f5es Policiais\"],\"inLanguage\":\"pt-BR\"},{\"@type\":\"WebPage\",\"@id\":\"https:\/\/www.pm.pb.gov.br\/portal\/2013\/05\/14\/paraiba_mantem_reducao_de_homicidios_no_primeiro_quadrimestre\/\",\"url\":\"https:\/\/www.pm.pb.gov.br\/portal\/2013\/05\/14\/paraiba_mantem_reducao_de_homicidios_no_primeiro_quadrimestre\/\",\"name\":\"Para\u00edba mant\u00e9m redu\u00e7\u00e3o de homic\u00eddios no primeiro quadrimestre - Pol\u00edcia Militar da Para\u00edba\",\"isPartOf\":{\"@id\":\"https:\/\/www.pm.pb.gov.br\/portal\/#website\"},\"datePublished\":\"2013-05-14T14:05:03+00:00\",\"dateModified\":\"2013-05-14T14:05:03+00:00\",\"breadcrumb\":{\"@id\":\"https:\/\/www.pm.pb.gov.br\/portal\/2013\/05\/14\/paraiba_mantem_reducao_de_homicidios_no_primeiro_quadrimestre\/#breadcrumb\"},\"inLanguage\":\"pt-BR\",\"potentialAction\":[{\"@type\":\"ReadAction\",\"target\":[\"https:\/\/www.pm.pb.gov.br\/portal\/2013\/05\/14\/paraiba_mantem_reducao_de_homicidios_no_primeiro_quadrimestre\/\"]}]},{\"@type\":\"BreadcrumbList\",\"@id\":\"https:\/\/www.pm.pb.gov.br\/portal\/2013\/05\/14\/paraiba_mantem_reducao_de_homicidios_no_primeiro_quadrimestre\/#breadcrumb\",\"itemListElement\":[{\"@type\":\"ListItem\",\"position\":1,\"name\":\"In\u00edcio\",\"item\":\"https:\/\/www.pm.pb.gov.br\/portal\/\"},{\"@type\":\"ListItem\",\"position\":2,\"name\":\"Para\u00edba mant\u00e9m redu\u00e7\u00e3o de homic\u00eddios no primeiro quadrimestre\"}]},{\"@type\":\"WebSite\",\"@id\":\"https:\/\/www.pm.pb.gov.br\/portal\/#website\",\"url\":\"https:\/\/www.pm.pb.gov.br\/portal\/\",\"name\":\"Pol\u00edcia Militar da Para\u00edba\",\"description\":\"\",\"publisher\":{\"@id\":\"https:\/\/www.pm.pb.gov.br\/portal\/#organization\"},\"potentialAction\":[{\"@type\":\"SearchAction\",\"target\":{\"@type\":\"EntryPoint\",\"urlTemplate\":\"https:\/\/www.pm.pb.gov.br\/portal\/?s={search_term_string}\"},\"query-input\":\"required name=search_term_string\"}],\"inLanguage\":\"pt-BR\"},{\"@type\":\"Organization\",\"@id\":\"https:\/\/www.pm.pb.gov.br\/portal\/#organization\",\"name\":\"Pol\u00edcia Militar da Para\u00edba\",\"url\":\"https:\/\/www.pm.pb.gov.br\/portal\/\",\"logo\":{\"@type\":\"ImageObject\",\"inLanguage\":\"pt-BR\",\"@id\":\"https:\/\/www.pm.pb.gov.br\/portal\/#\/schema\/logo\/image\/\",\"url\":\"https:\/\/www.pm.pb.gov.br\/portal\/wp-content\/uploads\/2025\/03\/cropped-logo-site-mag2-1.png\",\"contentUrl\":\"https:\/\/www.pm.pb.gov.br\/portal\/wp-content\/uploads\/2025\/03\/cropped-logo-site-mag2-1.png\",\"width\":320,\"height\":90,\"caption\":\"Pol\u00edcia Militar da Para\u00edba\"},\"image\":{\"@id\":\"https:\/\/www.pm.pb.gov.br\/portal\/#\/schema\/logo\/image\/\"}},{\"@type\":\"Person\",\"@id\":\"https:\/\/www.pm.pb.gov.br\/portal\/#\/schema\/person\/e8454f46651c3ecf0e1ba3c1666d9947\",\"name\":\"Assessoria de Imprensa da PMPB\",\"image\":{\"@type\":\"ImageObject\",\"inLanguage\":\"pt-BR\",\"@id\":\"https:\/\/www.pm.pb.gov.br\/portal\/#\/schema\/person\/image\/\",\"url\":\"https:\/\/secure.gravatar.com\/avatar\/2efe197438265d1e90bd98c4c8e1acf8?s=96&d=mm&r=g\",\"contentUrl\":\"https:\/\/secure.gravatar.com\/avatar\/2efe197438265d1e90bd98c4c8e1acf8?s=96&d=mm&r=g\",\"caption\":\"Assessoria de Imprensa da PMPB\"},\"url\":\"https:\/\/www.pm.pb.gov.br\/portal\/author\/assessoria\/\"}]}<\/script>\n<!-- \/ Yoast SEO plugin. -->","yoast_head_json":{"title":"Para\u00edba mant\u00e9m redu\u00e7\u00e3o de homic\u00eddios no primeiro quadrimestre - Pol\u00edcia Militar da Para\u00edba","robots":{"index":"index","follow":"follow","max-snippet":"max-snippet:-1","max-image-preview":"max-image-preview:large","max-video-preview":"max-video-preview:-1"},"canonical":"https:\/\/www.pm.pb.gov.br\/portal\/2013\/05\/14\/paraiba_mantem_reducao_de_homicidios_no_primeiro_quadrimestre\/","og_locale":"pt_BR","og_type":"article","og_title":"Para\u00edba mant\u00e9m redu\u00e7\u00e3o de homic\u00eddios no primeiro quadrimestre - Pol\u00edcia Militar da Para\u00edba","og_description":"O governador Ricardo Coutinho participou, nessa segunda-feira (13), da reuni\u00e3o de monitoramento da seguran\u00e7a, que analisa \u00edndices criminais relativos ao","og_url":"https:\/\/www.pm.pb.gov.br\/portal\/2013\/05\/14\/paraiba_mantem_reducao_de_homicidios_no_primeiro_quadrimestre\/","og_site_name":"Pol\u00edcia Militar da Para\u00edba","article_published_time":"2013-05-14T14:05:03+00:00","og_image":[{"width":500,"height":334,"url":"https:\/\/www.pm.pb.gov.br\/portal\/wp-content\/uploads\/2013\/05\/8057_10405.jpg","type":"image\/jpeg"}],"author":"Assessoria de Imprensa da PMPB","twitter_card":"summary_large_image","twitter_misc":{"Escrito por":"Assessoria de Imprensa da PMPB","Est. tempo de leitura":"2 minutos"},"schema":{"@context":"https:\/\/schema.org","@graph":[{"@type":"Article","@id":"https:\/\/www.pm.pb.gov.br\/portal\/2013\/05\/14\/paraiba_mantem_reducao_de_homicidios_no_primeiro_quadrimestre\/#article","isPartOf":{"@id":"https:\/\/www.pm.pb.gov.br\/portal\/2013\/05\/14\/paraiba_mantem_reducao_de_homicidios_no_primeiro_quadrimestre\/"},"author":{"name":"Assessoria de Imprensa da PMPB","@id":"https:\/\/www.pm.pb.gov.br\/portal\/#\/schema\/person\/e8454f46651c3ecf0e1ba3c1666d9947"},"headline":"Para\u00edba mant\u00e9m redu\u00e7\u00e3o de homic\u00eddios no primeiro quadrimestre","datePublished":"2013-05-14T14:05:03+00:00","dateModified":"2013-05-14T14:05:03+00:00","mainEntityOfPage":{"@id":"https:\/\/www.pm.pb.gov.br\/portal\/2013\/05\/14\/paraiba_mantem_reducao_de_homicidios_no_primeiro_quadrimestre\/"},"wordCount":456,"publisher":{"@id":"https:\/\/www.pm.pb.gov.br\/portal\/#organization"},"articleSection":["A\u00e7\u00f5es Policiais"],"inLanguage":"pt-BR"},{"@type":"WebPage","@id":"https:\/\/www.pm.pb.gov.br\/portal\/2013\/05\/14\/paraiba_mantem_reducao_de_homicidios_no_primeiro_quadrimestre\/","url":"https:\/\/www.pm.pb.gov.br\/portal\/2013\/05\/14\/paraiba_mantem_reducao_de_homicidios_no_primeiro_quadrimestre\/","name":"Para\u00edba mant\u00e9m redu\u00e7\u00e3o de homic\u00eddios no primeiro quadrimestre - Pol\u00edcia Militar da Para\u00edba","isPartOf":{"@id":"https:\/\/www.pm.pb.gov.br\/portal\/#website"},"datePublished":"2013-05-14T14:05:03+00:00","dateModified":"2013-05-14T14:05:03+00:00","breadcrumb":{"@id":"https:\/\/www.pm.pb.gov.br\/portal\/2013\/05\/14\/paraiba_mantem_reducao_de_homicidios_no_primeiro_quadrimestre\/#breadcrumb"},"inLanguage":"pt-BR","potentialAction":[{"@type":"ReadAction","target":["https:\/\/www.pm.pb.gov.br\/portal\/2013\/05\/14\/paraiba_mantem_reducao_de_homicidios_no_primeiro_quadrimestre\/"]}]},{"@type":"BreadcrumbList","@id":"https:\/\/www.pm.pb.gov.br\/portal\/2013\/05\/14\/paraiba_mantem_reducao_de_homicidios_no_primeiro_quadrimestre\/#breadcrumb","itemListElement":[{"@type":"ListItem","position":1,"name":"In\u00edcio","item":"https:\/\/www.pm.pb.gov.br\/portal\/"},{"@type":"ListItem","position":2,"name":"Para\u00edba mant\u00e9m redu\u00e7\u00e3o de homic\u00eddios no primeiro quadrimestre"}]},{"@type":"WebSite","@id":"https:\/\/www.pm.pb.gov.br\/portal\/#website","url":"https:\/\/www.pm.pb.gov.br\/portal\/","name":"Pol\u00edcia Militar da Para\u00edba","description":"","publisher":{"@id":"https:\/\/www.pm.pb.gov.br\/portal\/#organization"},"potentialAction":[{"@type":"SearchAction","target":{"@type":"EntryPoint","urlTemplate":"https:\/\/www.pm.pb.gov.br\/portal\/?s={search_term_string}"},"query-input":"required name=search_term_string"}],"inLanguage":"pt-BR"},{"@type":"Organization","@id":"https:\/\/www.pm.pb.gov.br\/portal\/#organization","name":"Pol\u00edcia Militar da Para\u00edba","url":"https:\/\/www.pm.pb.gov.br\/portal\/","logo":{"@type":"ImageObject","inLanguage":"pt-BR","@id":"https:\/\/www.pm.pb.gov.br\/portal\/#\/schema\/logo\/image\/","url":"https:\/\/www.pm.pb.gov.br\/portal\/wp-content\/uploads\/2025\/03\/cropped-logo-site-mag2-1.png","contentUrl":"https:\/\/www.pm.pb.gov.br\/portal\/wp-content\/uploads\/2025\/03\/cropped-logo-site-mag2-1.png","width":320,"height":90,"caption":"Pol\u00edcia Militar da Para\u00edba"},"image":{"@id":"https:\/\/www.pm.pb.gov.br\/portal\/#\/schema\/logo\/image\/"}},{"@type":"Person","@id":"https:\/\/www.pm.pb.gov.br\/portal\/#\/schema\/person\/e8454f46651c3ecf0e1ba3c1666d9947","name":"Assessoria de Imprensa da PMPB","image":{"@type":"ImageObject","inLanguage":"pt-BR","@id":"https:\/\/www.pm.pb.gov.br\/portal\/#\/schema\/person\/image\/","url":"https:\/\/secure.gravatar.com\/avatar\/2efe197438265d1e90bd98c4c8e1acf8?s=96&d=mm&r=g","contentUrl":"https:\/\/secure.gravatar.com\/avatar\/2efe197438265d1e90bd98c4c8e1acf8?s=96&d=mm&r=g","caption":"Assessoria de Imprensa da PMPB"},"url":"https:\/\/www.pm.pb.gov.br\/portal\/author\/assessoria\/"}]}},"_links":{"self":[{"href":"https:\/\/www.pm.pb.gov.br\/portal\/wp-json\/wp\/v2\/posts\/891981"}],"collection":[{"href":"https:\/\/www.pm.pb.gov.br\/portal\/wp-json\/wp\/v2\/posts"}],"about":[{"href":"https:\/\/www.pm.pb.gov.br\/portal\/wp-json\/wp\/v2\/types\/post"}],"author":[{"embeddable":true,"href":"https:\/\/www.pm.pb.gov.br\/portal\/wp-json\/wp\/v2\/users\/5"}],"replies":[{"embeddable":true,"href":"https:\/\/www.pm.pb.gov.br\/portal\/wp-json\/wp\/v2\/comments?post=891981"}],"version-history":[{"count":0,"href":"https:\/\/www.pm.pb.gov.br\/portal\/wp-json\/wp\/v2\/posts\/891981\/revisions"}],"wp:featuredmedia":[{"embeddable":true,"href":"https:\/\/www.pm.pb.gov.br\/portal\/wp-json\/wp\/v2\/media\/10405"}],"wp:attachment":[{"href":"https:\/\/www.pm.pb.gov.br\/portal\/wp-json\/wp\/v2\/media?parent=891981"}],"wp:term":[{"taxonomy":"category","embeddable":true,"href":"https:\/\/www.pm.pb.gov.br\/portal\/wp-json\/wp\/v2\/categories?post=891981"},{"taxonomy":"post_tag","embeddable":true,"href":"https:\/\/www.pm.pb.gov.br\/portal\/wp-json\/wp\/v2\/tags?post=891981"}],"curies":[{"name":"wp","href":"https:\/\/api.w.org\/{rel}","templated":true}]}}