{"id":891975,"date":"2013-05-13T10:05:53","date_gmt":"2013-05-13T13:05:53","guid":{"rendered":"http:\/\/www.pm.pb.gov.br\/portal\/2013\/05\/bpamb_intensifica_acoes_a_apreende_oito_paredoes_de_som\/"},"modified":"2013-05-13T10:05:53","modified_gmt":"2013-05-13T13:05:53","slug":"bpamb_intensifica_acoes_a_apreende_oito_paredoes_de_som","status":"publish","type":"post","link":"https:\/\/www.pm.pb.gov.br\/portal\/2013\/05\/13\/bpamb_intensifica_acoes_a_apreende_oito_paredoes_de_som\/","title":{"rendered":"BPAmb intensifica a\u00e7\u00f5es a apreende oito pared\u00f5es de som"},"content":{"rendered":"<figure style=\"width: 500px\" class=\"wp-caption alignnone\"><img decoding=\"async\" class=\"alignnone size-medium\" src=\"http:\/\/www.pm.pb.gov.br\/portal\/wp-content\/uploads\/2013\/05\/8051_10395.jpg\" title=\"Equipamentos foram levados para a sede do BPAmb\" width=\"100%\" \/><figcaption class=\"wp-caption-text\">Equipamentos foram levados para a sede do BPAmb<\/figcaption><\/figure>\n<div style=\"text-align: justify;\">O Batalh\u00e3o de Pol\u00edcia Ambiental (BPAmb)  apreendeu mais oito pared\u00f5es de som durante a\u00e7\u00f5es da \u0091Opera\u00e7\u00e3o Sossego\u0092,  neste fim de semana. Os flagrantes foram feitos nos bairros de V\u00e1rzea Nova (em Santa Rita), Mutir\u00e3o (em Bayeux) e diversos locais da capital (Cruz das Armas, Grot\u00e3o, Bairro dos Novaes, Mangabeira e Jardim Planalto). As multas aplicadas somam aproximadamente R$ 50 mil, conforme informou o comandante do BPAmb, tenente coronel Adielson Pereira.<\/p>\n<p>Segundo ele, desde o in\u00edcio do ano  91 equipamentos de som foram apreendidos por ultrapassarem os limites permitidos em lei \u0096 que \u00e9 de 55 decib\u00e9is durante o dia e 50 \u00e0 noite, na zona urbana. Neste \u00faltimo fim de semana, a ocorr\u00eancia de maior destaque foi registrada em Mangabeira, onde um homem foi notificado pelo uso indevido do som e ainda por manter irregularmente em cativeiro um p\u00e1ssaro silvestre. No total, ele foi multado em R$ 20 mil e conduzido a delegacia por desacatar a guarni\u00e7\u00e3o do BPAmb.<\/p>\n<p>Nas demais ocorr\u00eancias, conforme Adielson, os propriet\u00e1rios dos equipamentos foram multados em valores entre R$ 5 e R$ 10 mil. Toda a aparelhagem apreendida foi levada para a sede do BPAmb, situada no Jardim Bot\u00e2nico (Castelo Branco), onde ficam \u00e0 disposi\u00e7\u00e3o da Superintend\u00eancia de Administra\u00e7\u00e3o do Meio Ambiente (Sudema).<\/p>\n<p>\u0093Os equipamentos s\u00f3 podem ser recuperados pelos propriet\u00e1rios ap\u00f3s o pagamento da multa. Mas, caso eles n\u00e3o quitem o d\u00e9bito no prazo estabelecimento pela Sudema, os sons s\u00e3o doados para institui\u00e7\u00f5es p\u00fablicas, Organiza\u00e7\u00f5es N\u00e3o Governamentais ou entidades carentes.<\/p>\n<div class=\"row\" align=\"center\"><a href=\"http:\/\/www.pm.pb.gov.br\/portal\/wp-content\/uploads\/2013\/05\/8051_10396.jpg\"><figure style=\"width: 500px\" class=\"wp-caption alignnone\"><img decoding=\"async\" class=\"image-responsive\" src=\"http:\/\/www.pm.pb.gov.br\/portal\/wp-content\/uploads\/2013\/05\/8051_10396.jpg\" title=\"Para recuperar os sons, \u00e9 necess\u00e1rio que o propriet\u00e1rio pague a multa devida\" width=\"100%\" \/><figcaption class=\"wp-caption-text\">Para recuperar os sons, \u00e9 necess\u00e1rio que o propriet\u00e1rio pague a multa devida<\/figcaption><\/figure><\/a><\/div>\n<\/div>\n","protected":false},"excerpt":{"rendered":"<p>O Batalh\u00e3o de Pol\u00edcia Ambiental (BPAmb) apreendeu mais oito pared\u00f5es de som durante a\u00e7\u00f5es da \u0091Opera\u00e7\u00e3o Sossego\u0092, neste fim de<\/p>\n","protected":false},"author":5,"featured_media":10395,"comment_status":"closed","ping_status":"closed","sticky":false,"template":"","format":"standard","meta":{"_exactmetrics_skip_tracking":false,"_exactmetrics_sitenote_active":false,"_exactmetrics_sitenote_note":"","_exactmetrics_sitenote_category":0,"footnotes":""},"categories":[4],"tags":[],"yoast_head":"<!-- This site is optimized with the Yoast SEO plugin v22.0 - https:\/\/yoast.com\/wordpress\/plugins\/seo\/ -->\n<title>BPAmb intensifica a\u00e7\u00f5es a apreende oito pared\u00f5es de som - Pol\u00edcia Militar da Para\u00edba<\/title>\n<meta name=\"robots\" content=\"index, follow, max-snippet:-1, max-image-preview:large, max-video-preview:-1\" \/>\n<link rel=\"canonical\" href=\"https:\/\/www.pm.pb.gov.br\/portal\/2013\/05\/13\/bpamb_intensifica_acoes_a_apreende_oito_paredoes_de_som\/\" \/>\n<meta property=\"og:locale\" content=\"pt_BR\" \/>\n<meta property=\"og:type\" content=\"article\" \/>\n<meta property=\"og:title\" content=\"BPAmb intensifica a\u00e7\u00f5es a apreende oito pared\u00f5es de som - Pol\u00edcia Militar da Para\u00edba\" \/>\n<meta property=\"og:description\" content=\"O Batalh\u00e3o de Pol\u00edcia Ambiental (BPAmb) apreendeu mais oito pared\u00f5es de som durante a\u00e7\u00f5es da \u0091Opera\u00e7\u00e3o Sossego\u0092, neste fim de\" \/>\n<meta property=\"og:url\" content=\"https:\/\/www.pm.pb.gov.br\/portal\/2013\/05\/13\/bpamb_intensifica_acoes_a_apreende_oito_paredoes_de_som\/\" \/>\n<meta property=\"og:site_name\" content=\"Pol\u00edcia Militar da Para\u00edba\" \/>\n<meta property=\"article:published_time\" content=\"2013-05-13T13:05:53+00:00\" \/>\n<meta property=\"og:image\" content=\"https:\/\/www.pm.pb.gov.br\/portal\/wp-content\/uploads\/2013\/05\/8051_10395.jpg\" \/>\n\t<meta property=\"og:image:width\" content=\"500\" \/>\n\t<meta property=\"og:image:height\" content=\"375\" \/>\n\t<meta property=\"og:image:type\" content=\"image\/jpeg\" \/>\n<meta name=\"author\" content=\"Assessoria de Imprensa da PMPB\" \/>\n<meta name=\"twitter:card\" content=\"summary_large_image\" \/>\n<meta name=\"twitter:label1\" content=\"Escrito por\" \/>\n\t<meta name=\"twitter:data1\" content=\"Assessoria de Imprensa da PMPB\" \/>\n\t<meta name=\"twitter:label2\" content=\"Est. tempo de leitura\" \/>\n\t<meta name=\"twitter:data2\" content=\"1 minuto\" \/>\n<script type=\"application\/ld+json\" class=\"yoast-schema-graph\">{\"@context\":\"https:\/\/schema.org\",\"@graph\":[{\"@type\":\"Article\",\"@id\":\"https:\/\/www.pm.pb.gov.br\/portal\/2013\/05\/13\/bpamb_intensifica_acoes_a_apreende_oito_paredoes_de_som\/#article\",\"isPartOf\":{\"@id\":\"https:\/\/www.pm.pb.gov.br\/portal\/2013\/05\/13\/bpamb_intensifica_acoes_a_apreende_oito_paredoes_de_som\/\"},\"author\":{\"name\":\"Assessoria de Imprensa da PMPB\",\"@id\":\"https:\/\/www.pm.pb.gov.br\/portal\/#\/schema\/person\/e8454f46651c3ecf0e1ba3c1666d9947\"},\"headline\":\"BPAmb intensifica a\u00e7\u00f5es a apreende oito pared\u00f5es de som\",\"datePublished\":\"2013-05-13T13:05:53+00:00\",\"dateModified\":\"2013-05-13T13:05:53+00:00\",\"mainEntityOfPage\":{\"@id\":\"https:\/\/www.pm.pb.gov.br\/portal\/2013\/05\/13\/bpamb_intensifica_acoes_a_apreende_oito_paredoes_de_som\/\"},\"wordCount\":308,\"publisher\":{\"@id\":\"https:\/\/www.pm.pb.gov.br\/portal\/#organization\"},\"articleSection\":[\"A\u00e7\u00f5es Policiais\"],\"inLanguage\":\"pt-BR\"},{\"@type\":\"WebPage\",\"@id\":\"https:\/\/www.pm.pb.gov.br\/portal\/2013\/05\/13\/bpamb_intensifica_acoes_a_apreende_oito_paredoes_de_som\/\",\"url\":\"https:\/\/www.pm.pb.gov.br\/portal\/2013\/05\/13\/bpamb_intensifica_acoes_a_apreende_oito_paredoes_de_som\/\",\"name\":\"BPAmb intensifica a\u00e7\u00f5es a apreende oito pared\u00f5es de som - Pol\u00edcia Militar da Para\u00edba\",\"isPartOf\":{\"@id\":\"https:\/\/www.pm.pb.gov.br\/portal\/#website\"},\"datePublished\":\"2013-05-13T13:05:53+00:00\",\"dateModified\":\"2013-05-13T13:05:53+00:00\",\"breadcrumb\":{\"@id\":\"https:\/\/www.pm.pb.gov.br\/portal\/2013\/05\/13\/bpamb_intensifica_acoes_a_apreende_oito_paredoes_de_som\/#breadcrumb\"},\"inLanguage\":\"pt-BR\",\"potentialAction\":[{\"@type\":\"ReadAction\",\"target\":[\"https:\/\/www.pm.pb.gov.br\/portal\/2013\/05\/13\/bpamb_intensifica_acoes_a_apreende_oito_paredoes_de_som\/\"]}]},{\"@type\":\"BreadcrumbList\",\"@id\":\"https:\/\/www.pm.pb.gov.br\/portal\/2013\/05\/13\/bpamb_intensifica_acoes_a_apreende_oito_paredoes_de_som\/#breadcrumb\",\"itemListElement\":[{\"@type\":\"ListItem\",\"position\":1,\"name\":\"In\u00edcio\",\"item\":\"https:\/\/www.pm.pb.gov.br\/portal\/\"},{\"@type\":\"ListItem\",\"position\":2,\"name\":\"BPAmb intensifica a\u00e7\u00f5es a apreende oito pared\u00f5es de som\"}]},{\"@type\":\"WebSite\",\"@id\":\"https:\/\/www.pm.pb.gov.br\/portal\/#website\",\"url\":\"https:\/\/www.pm.pb.gov.br\/portal\/\",\"name\":\"Pol\u00edcia Militar da Para\u00edba\",\"description\":\"\",\"publisher\":{\"@id\":\"https:\/\/www.pm.pb.gov.br\/portal\/#organization\"},\"potentialAction\":[{\"@type\":\"SearchAction\",\"target\":{\"@type\":\"EntryPoint\",\"urlTemplate\":\"https:\/\/www.pm.pb.gov.br\/portal\/?s={search_term_string}\"},\"query-input\":\"required name=search_term_string\"}],\"inLanguage\":\"pt-BR\"},{\"@type\":\"Organization\",\"@id\":\"https:\/\/www.pm.pb.gov.br\/portal\/#organization\",\"name\":\"Pol\u00edcia Militar da Para\u00edba\",\"url\":\"https:\/\/www.pm.pb.gov.br\/portal\/\",\"logo\":{\"@type\":\"ImageObject\",\"inLanguage\":\"pt-BR\",\"@id\":\"https:\/\/www.pm.pb.gov.br\/portal\/#\/schema\/logo\/image\/\",\"url\":\"https:\/\/www.pm.pb.gov.br\/portal\/wp-content\/uploads\/2025\/03\/cropped-logo-site-mag2-1.png\",\"contentUrl\":\"https:\/\/www.pm.pb.gov.br\/portal\/wp-content\/uploads\/2025\/03\/cropped-logo-site-mag2-1.png\",\"width\":320,\"height\":90,\"caption\":\"Pol\u00edcia Militar da Para\u00edba\"},\"image\":{\"@id\":\"https:\/\/www.pm.pb.gov.br\/portal\/#\/schema\/logo\/image\/\"}},{\"@type\":\"Person\",\"@id\":\"https:\/\/www.pm.pb.gov.br\/portal\/#\/schema\/person\/e8454f46651c3ecf0e1ba3c1666d9947\",\"name\":\"Assessoria de Imprensa da PMPB\",\"image\":{\"@type\":\"ImageObject\",\"inLanguage\":\"pt-BR\",\"@id\":\"https:\/\/www.pm.pb.gov.br\/portal\/#\/schema\/person\/image\/\",\"url\":\"https:\/\/secure.gravatar.com\/avatar\/2efe197438265d1e90bd98c4c8e1acf8?s=96&d=mm&r=g\",\"contentUrl\":\"https:\/\/secure.gravatar.com\/avatar\/2efe197438265d1e90bd98c4c8e1acf8?s=96&d=mm&r=g\",\"caption\":\"Assessoria de Imprensa da PMPB\"},\"url\":\"https:\/\/www.pm.pb.gov.br\/portal\/author\/assessoria\/\"}]}<\/script>\n<!-- \/ Yoast SEO plugin. -->","yoast_head_json":{"title":"BPAmb intensifica a\u00e7\u00f5es a apreende oito pared\u00f5es de som - Pol\u00edcia Militar da Para\u00edba","robots":{"index":"index","follow":"follow","max-snippet":"max-snippet:-1","max-image-preview":"max-image-preview:large","max-video-preview":"max-video-preview:-1"},"canonical":"https:\/\/www.pm.pb.gov.br\/portal\/2013\/05\/13\/bpamb_intensifica_acoes_a_apreende_oito_paredoes_de_som\/","og_locale":"pt_BR","og_type":"article","og_title":"BPAmb intensifica a\u00e7\u00f5es a apreende oito pared\u00f5es de som - Pol\u00edcia Militar da Para\u00edba","og_description":"O Batalh\u00e3o de Pol\u00edcia Ambiental (BPAmb) apreendeu mais oito pared\u00f5es de som durante a\u00e7\u00f5es da \u0091Opera\u00e7\u00e3o Sossego\u0092, neste fim de","og_url":"https:\/\/www.pm.pb.gov.br\/portal\/2013\/05\/13\/bpamb_intensifica_acoes_a_apreende_oito_paredoes_de_som\/","og_site_name":"Pol\u00edcia Militar da Para\u00edba","article_published_time":"2013-05-13T13:05:53+00:00","og_image":[{"width":500,"height":375,"url":"https:\/\/www.pm.pb.gov.br\/portal\/wp-content\/uploads\/2013\/05\/8051_10395.jpg","type":"image\/jpeg"}],"author":"Assessoria de Imprensa da PMPB","twitter_card":"summary_large_image","twitter_misc":{"Escrito por":"Assessoria de Imprensa da PMPB","Est. tempo de leitura":"1 minuto"},"schema":{"@context":"https:\/\/schema.org","@graph":[{"@type":"Article","@id":"https:\/\/www.pm.pb.gov.br\/portal\/2013\/05\/13\/bpamb_intensifica_acoes_a_apreende_oito_paredoes_de_som\/#article","isPartOf":{"@id":"https:\/\/www.pm.pb.gov.br\/portal\/2013\/05\/13\/bpamb_intensifica_acoes_a_apreende_oito_paredoes_de_som\/"},"author":{"name":"Assessoria de Imprensa da PMPB","@id":"https:\/\/www.pm.pb.gov.br\/portal\/#\/schema\/person\/e8454f46651c3ecf0e1ba3c1666d9947"},"headline":"BPAmb intensifica a\u00e7\u00f5es a apreende oito pared\u00f5es de som","datePublished":"2013-05-13T13:05:53+00:00","dateModified":"2013-05-13T13:05:53+00:00","mainEntityOfPage":{"@id":"https:\/\/www.pm.pb.gov.br\/portal\/2013\/05\/13\/bpamb_intensifica_acoes_a_apreende_oito_paredoes_de_som\/"},"wordCount":308,"publisher":{"@id":"https:\/\/www.pm.pb.gov.br\/portal\/#organization"},"articleSection":["A\u00e7\u00f5es Policiais"],"inLanguage":"pt-BR"},{"@type":"WebPage","@id":"https:\/\/www.pm.pb.gov.br\/portal\/2013\/05\/13\/bpamb_intensifica_acoes_a_apreende_oito_paredoes_de_som\/","url":"https:\/\/www.pm.pb.gov.br\/portal\/2013\/05\/13\/bpamb_intensifica_acoes_a_apreende_oito_paredoes_de_som\/","name":"BPAmb intensifica a\u00e7\u00f5es a apreende oito pared\u00f5es de som - Pol\u00edcia Militar da Para\u00edba","isPartOf":{"@id":"https:\/\/www.pm.pb.gov.br\/portal\/#website"},"datePublished":"2013-05-13T13:05:53+00:00","dateModified":"2013-05-13T13:05:53+00:00","breadcrumb":{"@id":"https:\/\/www.pm.pb.gov.br\/portal\/2013\/05\/13\/bpamb_intensifica_acoes_a_apreende_oito_paredoes_de_som\/#breadcrumb"},"inLanguage":"pt-BR","potentialAction":[{"@type":"ReadAction","target":["https:\/\/www.pm.pb.gov.br\/portal\/2013\/05\/13\/bpamb_intensifica_acoes_a_apreende_oito_paredoes_de_som\/"]}]},{"@type":"BreadcrumbList","@id":"https:\/\/www.pm.pb.gov.br\/portal\/2013\/05\/13\/bpamb_intensifica_acoes_a_apreende_oito_paredoes_de_som\/#breadcrumb","itemListElement":[{"@type":"ListItem","position":1,"name":"In\u00edcio","item":"https:\/\/www.pm.pb.gov.br\/portal\/"},{"@type":"ListItem","position":2,"name":"BPAmb intensifica a\u00e7\u00f5es a apreende oito pared\u00f5es de som"}]},{"@type":"WebSite","@id":"https:\/\/www.pm.pb.gov.br\/portal\/#website","url":"https:\/\/www.pm.pb.gov.br\/portal\/","name":"Pol\u00edcia Militar da Para\u00edba","description":"","publisher":{"@id":"https:\/\/www.pm.pb.gov.br\/portal\/#organization"},"potentialAction":[{"@type":"SearchAction","target":{"@type":"EntryPoint","urlTemplate":"https:\/\/www.pm.pb.gov.br\/portal\/?s={search_term_string}"},"query-input":"required name=search_term_string"}],"inLanguage":"pt-BR"},{"@type":"Organization","@id":"https:\/\/www.pm.pb.gov.br\/portal\/#organization","name":"Pol\u00edcia Militar da Para\u00edba","url":"https:\/\/www.pm.pb.gov.br\/portal\/","logo":{"@type":"ImageObject","inLanguage":"pt-BR","@id":"https:\/\/www.pm.pb.gov.br\/portal\/#\/schema\/logo\/image\/","url":"https:\/\/www.pm.pb.gov.br\/portal\/wp-content\/uploads\/2025\/03\/cropped-logo-site-mag2-1.png","contentUrl":"https:\/\/www.pm.pb.gov.br\/portal\/wp-content\/uploads\/2025\/03\/cropped-logo-site-mag2-1.png","width":320,"height":90,"caption":"Pol\u00edcia Militar da Para\u00edba"},"image":{"@id":"https:\/\/www.pm.pb.gov.br\/portal\/#\/schema\/logo\/image\/"}},{"@type":"Person","@id":"https:\/\/www.pm.pb.gov.br\/portal\/#\/schema\/person\/e8454f46651c3ecf0e1ba3c1666d9947","name":"Assessoria de Imprensa da PMPB","image":{"@type":"ImageObject","inLanguage":"pt-BR","@id":"https:\/\/www.pm.pb.gov.br\/portal\/#\/schema\/person\/image\/","url":"https:\/\/secure.gravatar.com\/avatar\/2efe197438265d1e90bd98c4c8e1acf8?s=96&d=mm&r=g","contentUrl":"https:\/\/secure.gravatar.com\/avatar\/2efe197438265d1e90bd98c4c8e1acf8?s=96&d=mm&r=g","caption":"Assessoria de Imprensa da PMPB"},"url":"https:\/\/www.pm.pb.gov.br\/portal\/author\/assessoria\/"}]}},"_links":{"self":[{"href":"https:\/\/www.pm.pb.gov.br\/portal\/wp-json\/wp\/v2\/posts\/891975"}],"collection":[{"href":"https:\/\/www.pm.pb.gov.br\/portal\/wp-json\/wp\/v2\/posts"}],"about":[{"href":"https:\/\/www.pm.pb.gov.br\/portal\/wp-json\/wp\/v2\/types\/post"}],"author":[{"embeddable":true,"href":"https:\/\/www.pm.pb.gov.br\/portal\/wp-json\/wp\/v2\/users\/5"}],"replies":[{"embeddable":true,"href":"https:\/\/www.pm.pb.gov.br\/portal\/wp-json\/wp\/v2\/comments?post=891975"}],"version-history":[{"count":0,"href":"https:\/\/www.pm.pb.gov.br\/portal\/wp-json\/wp\/v2\/posts\/891975\/revisions"}],"wp:featuredmedia":[{"embeddable":true,"href":"https:\/\/www.pm.pb.gov.br\/portal\/wp-json\/wp\/v2\/media\/10395"}],"wp:attachment":[{"href":"https:\/\/www.pm.pb.gov.br\/portal\/wp-json\/wp\/v2\/media?parent=891975"}],"wp:term":[{"taxonomy":"category","embeddable":true,"href":"https:\/\/www.pm.pb.gov.br\/portal\/wp-json\/wp\/v2\/categories?post=891975"},{"taxonomy":"post_tag","embeddable":true,"href":"https:\/\/www.pm.pb.gov.br\/portal\/wp-json\/wp\/v2\/tags?post=891975"}],"curies":[{"name":"wp","href":"https:\/\/api.w.org\/{rel}","templated":true}]}}