{"id":891960,"date":"2013-05-09T09:05:01","date_gmt":"2013-05-09T12:05:01","guid":{"rendered":"http:\/\/www.pm.pb.gov.br\/portal\/2013\/05\/alunos_soldados_prendem_traficante_durante_instrucao_no_geisel\/"},"modified":"2013-05-09T09:05:01","modified_gmt":"2013-05-09T12:05:01","slug":"alunos_soldados_prendem_traficante_durante_instrucao_no_geisel","status":"publish","type":"post","link":"https:\/\/www.pm.pb.gov.br\/portal\/2013\/05\/09\/alunos_soldados_prendem_traficante_durante_instrucao_no_geisel\/","title":{"rendered":"Alunos soldados prendem traficante durante instru\u00e7\u00e3o no Geisel"},"content":{"rendered":"<figure style=\"width: 500px\" class=\"wp-caption alignnone\"><img decoding=\"async\" class=\"alignnone size-medium\" src=\"http:\/\/www.pm.pb.gov.br\/portal\/wp-content\/uploads\/2013\/05\/8034_10371.jpg\" title=\"A atividade fez parte da prepara\u00e7\u00e3o dos novos soldados\" width=\"100%\" \/><figcaption class=\"wp-caption-text\">A atividade fez parte da prepara\u00e7\u00e3o dos novos soldados<\/figcaption><\/figure>\n<div style=\"text-align: justify;\">Um homem suspeito de tr\u00e1fico de drogas foi preso, nesta ter\u00e7a-feira (07), durante uma aula de campo dos alunos soldados do 2\u00ba Pelot\u00e3o do Curso de Forma\u00e7\u00e3o de Soldados do Centro de Educa\u00e7\u00e3o, que realizaram incurs\u00f5es e abordagens na comunidade Nova Rep\u00fablica, no bairro do Geisel. Joelito da Silva Santos, de 27 anos, estava na rua Marly Vieira quando foi abordado e flagrado com um rev\u00f3lver calibre 38.<\/p>\n<p>Ap\u00f3s buscas no local em que ele estava, foram encontradas mais 91 &#8216;trouxinhas&#8217; de maconha, 50 pedras de crack, 30 comprimidos de artane, 100g de maconha, dinheiro trocado e uma balan\u00e7a de precis\u00e3o. Ele foi levado para a 9\u00aa Delegacia Distrital, em Mangabeira.<\/p>\n<p>A atividade fez parte da disciplina &#8216;doutrina de policiamento ostensivo&#8217;, ministrada pela Tenente Viviane Vieira e Sargento Ronie C\u00e9sar, do 5\u00ba Batalh\u00e3o. Na mat\u00e9ria os alunos aprendem as t\u00e9cnicas e t\u00e1ticas das atividades da pol\u00edcia militar, sendo uma das 32 disciplinas preparat\u00f3rias dos novos soldados &#8211; que devem estar sendo formados no pr\u00f3ximo m\u00eas de julho.<\/p>\n<p>Os soldados em forma\u00e7\u00e3o foram acompanhados por equipes da Companhia de Policiamento Especializado (CPE) do 5\u00ba Batalh\u00e3o de Pol\u00edcia Militar, que montaram um cerco policial na comunidade, apoiando as abordagens e incurs\u00f5es dos alunos.<\/p>\n<p>\u0093Essa instru\u00e7\u00e3o de campo \u00e9 importante para eles terem contato com a pr\u00e1tica, aplicar algumas t\u00e9cnicas de incurs\u00f5es, abordagens e ampliar o conhecimento que em breve ser\u00e1 usado para defender a sociedade e garantir a tranquilidade das pessoas\u0094, comentou a Tenente Viviane Vieira, integrante da CPE do 5\u00ba BPM.  <\/p>\n<div class=\"row\" align=\"center\"><a href=\"http:\/\/www.pm.pb.gov.br\/portal\/wp-content\/uploads\/2013\/05\/8034_10372.jpg\"><figure style=\"width: 500px\" class=\"wp-caption alignnone\"><img decoding=\"async\" class=\"image-responsive\" src=\"http:\/\/www.pm.pb.gov.br\/portal\/wp-content\/uploads\/2013\/05\/8034_10372.jpg\" title=\"O material e o acusado foram levados para a 9\u00aa Delegacia Distrital, em Mangabeira\" width=\"100%\" \/><figcaption class=\"wp-caption-text\">O material e o acusado foram levados para a 9\u00aa Delegacia Distrital, em Mangabeira<\/figcaption><\/figure><\/a><\/div>\n<\/div>\n","protected":false},"excerpt":{"rendered":"<p>Um homem suspeito de tr\u00e1fico de drogas foi preso, nesta ter\u00e7a-feira (07), durante uma aula de campo dos alunos soldados<\/p>\n","protected":false},"author":5,"featured_media":10371,"comment_status":"closed","ping_status":"closed","sticky":false,"template":"","format":"standard","meta":{"_exactmetrics_skip_tracking":false,"_exactmetrics_sitenote_active":false,"_exactmetrics_sitenote_note":"","_exactmetrics_sitenote_category":0,"footnotes":""},"categories":[4],"tags":[],"yoast_head":"<!-- This site is optimized with the Yoast SEO plugin v22.0 - https:\/\/yoast.com\/wordpress\/plugins\/seo\/ -->\n<title>Alunos soldados prendem traficante durante instru\u00e7\u00e3o no Geisel - Pol\u00edcia Militar da Para\u00edba<\/title>\n<meta name=\"robots\" content=\"index, follow, max-snippet:-1, max-image-preview:large, max-video-preview:-1\" \/>\n<link rel=\"canonical\" href=\"https:\/\/www.pm.pb.gov.br\/portal\/2013\/05\/09\/alunos_soldados_prendem_traficante_durante_instrucao_no_geisel\/\" \/>\n<meta property=\"og:locale\" content=\"pt_BR\" \/>\n<meta property=\"og:type\" content=\"article\" \/>\n<meta property=\"og:title\" content=\"Alunos soldados prendem traficante durante instru\u00e7\u00e3o no Geisel - Pol\u00edcia Militar da Para\u00edba\" \/>\n<meta property=\"og:description\" content=\"Um homem suspeito de tr\u00e1fico de drogas foi preso, nesta ter\u00e7a-feira (07), durante uma aula de campo dos alunos soldados\" \/>\n<meta property=\"og:url\" content=\"https:\/\/www.pm.pb.gov.br\/portal\/2013\/05\/09\/alunos_soldados_prendem_traficante_durante_instrucao_no_geisel\/\" \/>\n<meta property=\"og:site_name\" content=\"Pol\u00edcia Militar da Para\u00edba\" \/>\n<meta property=\"article:published_time\" content=\"2013-05-09T12:05:01+00:00\" \/>\n<meta property=\"og:image\" content=\"https:\/\/www.pm.pb.gov.br\/portal\/wp-content\/uploads\/2013\/05\/8034_10371.jpg\" \/>\n\t<meta property=\"og:image:width\" content=\"500\" \/>\n\t<meta property=\"og:image:height\" content=\"375\" \/>\n\t<meta property=\"og:image:type\" content=\"image\/jpeg\" \/>\n<meta name=\"author\" content=\"Assessoria de Imprensa da PMPB\" \/>\n<meta name=\"twitter:card\" content=\"summary_large_image\" \/>\n<meta name=\"twitter:label1\" content=\"Escrito por\" \/>\n\t<meta name=\"twitter:data1\" content=\"Assessoria de Imprensa da PMPB\" \/>\n\t<meta name=\"twitter:label2\" content=\"Est. tempo de leitura\" \/>\n\t<meta name=\"twitter:data2\" content=\"2 minutos\" \/>\n<script type=\"application\/ld+json\" class=\"yoast-schema-graph\">{\"@context\":\"https:\/\/schema.org\",\"@graph\":[{\"@type\":\"Article\",\"@id\":\"https:\/\/www.pm.pb.gov.br\/portal\/2013\/05\/09\/alunos_soldados_prendem_traficante_durante_instrucao_no_geisel\/#article\",\"isPartOf\":{\"@id\":\"https:\/\/www.pm.pb.gov.br\/portal\/2013\/05\/09\/alunos_soldados_prendem_traficante_durante_instrucao_no_geisel\/\"},\"author\":{\"name\":\"Assessoria de Imprensa da PMPB\",\"@id\":\"https:\/\/www.pm.pb.gov.br\/portal\/#\/schema\/person\/e8454f46651c3ecf0e1ba3c1666d9947\"},\"headline\":\"Alunos soldados prendem traficante durante instru\u00e7\u00e3o no Geisel\",\"datePublished\":\"2013-05-09T12:05:01+00:00\",\"dateModified\":\"2013-05-09T12:05:01+00:00\",\"mainEntityOfPage\":{\"@id\":\"https:\/\/www.pm.pb.gov.br\/portal\/2013\/05\/09\/alunos_soldados_prendem_traficante_durante_instrucao_no_geisel\/\"},\"wordCount\":309,\"publisher\":{\"@id\":\"https:\/\/www.pm.pb.gov.br\/portal\/#organization\"},\"articleSection\":[\"A\u00e7\u00f5es Policiais\"],\"inLanguage\":\"pt-BR\"},{\"@type\":\"WebPage\",\"@id\":\"https:\/\/www.pm.pb.gov.br\/portal\/2013\/05\/09\/alunos_soldados_prendem_traficante_durante_instrucao_no_geisel\/\",\"url\":\"https:\/\/www.pm.pb.gov.br\/portal\/2013\/05\/09\/alunos_soldados_prendem_traficante_durante_instrucao_no_geisel\/\",\"name\":\"Alunos soldados prendem traficante durante instru\u00e7\u00e3o no Geisel - Pol\u00edcia Militar da Para\u00edba\",\"isPartOf\":{\"@id\":\"https:\/\/www.pm.pb.gov.br\/portal\/#website\"},\"datePublished\":\"2013-05-09T12:05:01+00:00\",\"dateModified\":\"2013-05-09T12:05:01+00:00\",\"breadcrumb\":{\"@id\":\"https:\/\/www.pm.pb.gov.br\/portal\/2013\/05\/09\/alunos_soldados_prendem_traficante_durante_instrucao_no_geisel\/#breadcrumb\"},\"inLanguage\":\"pt-BR\",\"potentialAction\":[{\"@type\":\"ReadAction\",\"target\":[\"https:\/\/www.pm.pb.gov.br\/portal\/2013\/05\/09\/alunos_soldados_prendem_traficante_durante_instrucao_no_geisel\/\"]}]},{\"@type\":\"BreadcrumbList\",\"@id\":\"https:\/\/www.pm.pb.gov.br\/portal\/2013\/05\/09\/alunos_soldados_prendem_traficante_durante_instrucao_no_geisel\/#breadcrumb\",\"itemListElement\":[{\"@type\":\"ListItem\",\"position\":1,\"name\":\"In\u00edcio\",\"item\":\"https:\/\/www.pm.pb.gov.br\/portal\/\"},{\"@type\":\"ListItem\",\"position\":2,\"name\":\"Alunos soldados prendem traficante durante instru\u00e7\u00e3o no Geisel\"}]},{\"@type\":\"WebSite\",\"@id\":\"https:\/\/www.pm.pb.gov.br\/portal\/#website\",\"url\":\"https:\/\/www.pm.pb.gov.br\/portal\/\",\"name\":\"Pol\u00edcia Militar da Para\u00edba\",\"description\":\"\",\"publisher\":{\"@id\":\"https:\/\/www.pm.pb.gov.br\/portal\/#organization\"},\"potentialAction\":[{\"@type\":\"SearchAction\",\"target\":{\"@type\":\"EntryPoint\",\"urlTemplate\":\"https:\/\/www.pm.pb.gov.br\/portal\/?s={search_term_string}\"},\"query-input\":\"required name=search_term_string\"}],\"inLanguage\":\"pt-BR\"},{\"@type\":\"Organization\",\"@id\":\"https:\/\/www.pm.pb.gov.br\/portal\/#organization\",\"name\":\"Pol\u00edcia Militar da Para\u00edba\",\"url\":\"https:\/\/www.pm.pb.gov.br\/portal\/\",\"logo\":{\"@type\":\"ImageObject\",\"inLanguage\":\"pt-BR\",\"@id\":\"https:\/\/www.pm.pb.gov.br\/portal\/#\/schema\/logo\/image\/\",\"url\":\"https:\/\/www.pm.pb.gov.br\/portal\/wp-content\/uploads\/2025\/03\/cropped-logo-site-mag2-1.png\",\"contentUrl\":\"https:\/\/www.pm.pb.gov.br\/portal\/wp-content\/uploads\/2025\/03\/cropped-logo-site-mag2-1.png\",\"width\":320,\"height\":90,\"caption\":\"Pol\u00edcia Militar da Para\u00edba\"},\"image\":{\"@id\":\"https:\/\/www.pm.pb.gov.br\/portal\/#\/schema\/logo\/image\/\"}},{\"@type\":\"Person\",\"@id\":\"https:\/\/www.pm.pb.gov.br\/portal\/#\/schema\/person\/e8454f46651c3ecf0e1ba3c1666d9947\",\"name\":\"Assessoria de Imprensa da PMPB\",\"image\":{\"@type\":\"ImageObject\",\"inLanguage\":\"pt-BR\",\"@id\":\"https:\/\/www.pm.pb.gov.br\/portal\/#\/schema\/person\/image\/\",\"url\":\"https:\/\/secure.gravatar.com\/avatar\/2efe197438265d1e90bd98c4c8e1acf8?s=96&d=mm&r=g\",\"contentUrl\":\"https:\/\/secure.gravatar.com\/avatar\/2efe197438265d1e90bd98c4c8e1acf8?s=96&d=mm&r=g\",\"caption\":\"Assessoria de Imprensa da PMPB\"},\"url\":\"https:\/\/www.pm.pb.gov.br\/portal\/author\/assessoria\/\"}]}<\/script>\n<!-- \/ Yoast SEO plugin. -->","yoast_head_json":{"title":"Alunos soldados prendem traficante durante instru\u00e7\u00e3o no Geisel - Pol\u00edcia Militar da Para\u00edba","robots":{"index":"index","follow":"follow","max-snippet":"max-snippet:-1","max-image-preview":"max-image-preview:large","max-video-preview":"max-video-preview:-1"},"canonical":"https:\/\/www.pm.pb.gov.br\/portal\/2013\/05\/09\/alunos_soldados_prendem_traficante_durante_instrucao_no_geisel\/","og_locale":"pt_BR","og_type":"article","og_title":"Alunos soldados prendem traficante durante instru\u00e7\u00e3o no Geisel - Pol\u00edcia Militar da Para\u00edba","og_description":"Um homem suspeito de tr\u00e1fico de drogas foi preso, nesta ter\u00e7a-feira (07), durante uma aula de campo dos alunos soldados","og_url":"https:\/\/www.pm.pb.gov.br\/portal\/2013\/05\/09\/alunos_soldados_prendem_traficante_durante_instrucao_no_geisel\/","og_site_name":"Pol\u00edcia Militar da Para\u00edba","article_published_time":"2013-05-09T12:05:01+00:00","og_image":[{"width":500,"height":375,"url":"https:\/\/www.pm.pb.gov.br\/portal\/wp-content\/uploads\/2013\/05\/8034_10371.jpg","type":"image\/jpeg"}],"author":"Assessoria de Imprensa da PMPB","twitter_card":"summary_large_image","twitter_misc":{"Escrito por":"Assessoria de Imprensa da PMPB","Est. tempo de leitura":"2 minutos"},"schema":{"@context":"https:\/\/schema.org","@graph":[{"@type":"Article","@id":"https:\/\/www.pm.pb.gov.br\/portal\/2013\/05\/09\/alunos_soldados_prendem_traficante_durante_instrucao_no_geisel\/#article","isPartOf":{"@id":"https:\/\/www.pm.pb.gov.br\/portal\/2013\/05\/09\/alunos_soldados_prendem_traficante_durante_instrucao_no_geisel\/"},"author":{"name":"Assessoria de Imprensa da PMPB","@id":"https:\/\/www.pm.pb.gov.br\/portal\/#\/schema\/person\/e8454f46651c3ecf0e1ba3c1666d9947"},"headline":"Alunos soldados prendem traficante durante instru\u00e7\u00e3o no Geisel","datePublished":"2013-05-09T12:05:01+00:00","dateModified":"2013-05-09T12:05:01+00:00","mainEntityOfPage":{"@id":"https:\/\/www.pm.pb.gov.br\/portal\/2013\/05\/09\/alunos_soldados_prendem_traficante_durante_instrucao_no_geisel\/"},"wordCount":309,"publisher":{"@id":"https:\/\/www.pm.pb.gov.br\/portal\/#organization"},"articleSection":["A\u00e7\u00f5es Policiais"],"inLanguage":"pt-BR"},{"@type":"WebPage","@id":"https:\/\/www.pm.pb.gov.br\/portal\/2013\/05\/09\/alunos_soldados_prendem_traficante_durante_instrucao_no_geisel\/","url":"https:\/\/www.pm.pb.gov.br\/portal\/2013\/05\/09\/alunos_soldados_prendem_traficante_durante_instrucao_no_geisel\/","name":"Alunos soldados prendem traficante durante instru\u00e7\u00e3o no Geisel - Pol\u00edcia Militar da Para\u00edba","isPartOf":{"@id":"https:\/\/www.pm.pb.gov.br\/portal\/#website"},"datePublished":"2013-05-09T12:05:01+00:00","dateModified":"2013-05-09T12:05:01+00:00","breadcrumb":{"@id":"https:\/\/www.pm.pb.gov.br\/portal\/2013\/05\/09\/alunos_soldados_prendem_traficante_durante_instrucao_no_geisel\/#breadcrumb"},"inLanguage":"pt-BR","potentialAction":[{"@type":"ReadAction","target":["https:\/\/www.pm.pb.gov.br\/portal\/2013\/05\/09\/alunos_soldados_prendem_traficante_durante_instrucao_no_geisel\/"]}]},{"@type":"BreadcrumbList","@id":"https:\/\/www.pm.pb.gov.br\/portal\/2013\/05\/09\/alunos_soldados_prendem_traficante_durante_instrucao_no_geisel\/#breadcrumb","itemListElement":[{"@type":"ListItem","position":1,"name":"In\u00edcio","item":"https:\/\/www.pm.pb.gov.br\/portal\/"},{"@type":"ListItem","position":2,"name":"Alunos soldados prendem traficante durante instru\u00e7\u00e3o no Geisel"}]},{"@type":"WebSite","@id":"https:\/\/www.pm.pb.gov.br\/portal\/#website","url":"https:\/\/www.pm.pb.gov.br\/portal\/","name":"Pol\u00edcia Militar da Para\u00edba","description":"","publisher":{"@id":"https:\/\/www.pm.pb.gov.br\/portal\/#organization"},"potentialAction":[{"@type":"SearchAction","target":{"@type":"EntryPoint","urlTemplate":"https:\/\/www.pm.pb.gov.br\/portal\/?s={search_term_string}"},"query-input":"required name=search_term_string"}],"inLanguage":"pt-BR"},{"@type":"Organization","@id":"https:\/\/www.pm.pb.gov.br\/portal\/#organization","name":"Pol\u00edcia Militar da Para\u00edba","url":"https:\/\/www.pm.pb.gov.br\/portal\/","logo":{"@type":"ImageObject","inLanguage":"pt-BR","@id":"https:\/\/www.pm.pb.gov.br\/portal\/#\/schema\/logo\/image\/","url":"https:\/\/www.pm.pb.gov.br\/portal\/wp-content\/uploads\/2025\/03\/cropped-logo-site-mag2-1.png","contentUrl":"https:\/\/www.pm.pb.gov.br\/portal\/wp-content\/uploads\/2025\/03\/cropped-logo-site-mag2-1.png","width":320,"height":90,"caption":"Pol\u00edcia Militar da Para\u00edba"},"image":{"@id":"https:\/\/www.pm.pb.gov.br\/portal\/#\/schema\/logo\/image\/"}},{"@type":"Person","@id":"https:\/\/www.pm.pb.gov.br\/portal\/#\/schema\/person\/e8454f46651c3ecf0e1ba3c1666d9947","name":"Assessoria de Imprensa da PMPB","image":{"@type":"ImageObject","inLanguage":"pt-BR","@id":"https:\/\/www.pm.pb.gov.br\/portal\/#\/schema\/person\/image\/","url":"https:\/\/secure.gravatar.com\/avatar\/2efe197438265d1e90bd98c4c8e1acf8?s=96&d=mm&r=g","contentUrl":"https:\/\/secure.gravatar.com\/avatar\/2efe197438265d1e90bd98c4c8e1acf8?s=96&d=mm&r=g","caption":"Assessoria de Imprensa da PMPB"},"url":"https:\/\/www.pm.pb.gov.br\/portal\/author\/assessoria\/"}]}},"_links":{"self":[{"href":"https:\/\/www.pm.pb.gov.br\/portal\/wp-json\/wp\/v2\/posts\/891960"}],"collection":[{"href":"https:\/\/www.pm.pb.gov.br\/portal\/wp-json\/wp\/v2\/posts"}],"about":[{"href":"https:\/\/www.pm.pb.gov.br\/portal\/wp-json\/wp\/v2\/types\/post"}],"author":[{"embeddable":true,"href":"https:\/\/www.pm.pb.gov.br\/portal\/wp-json\/wp\/v2\/users\/5"}],"replies":[{"embeddable":true,"href":"https:\/\/www.pm.pb.gov.br\/portal\/wp-json\/wp\/v2\/comments?post=891960"}],"version-history":[{"count":0,"href":"https:\/\/www.pm.pb.gov.br\/portal\/wp-json\/wp\/v2\/posts\/891960\/revisions"}],"wp:featuredmedia":[{"embeddable":true,"href":"https:\/\/www.pm.pb.gov.br\/portal\/wp-json\/wp\/v2\/media\/10371"}],"wp:attachment":[{"href":"https:\/\/www.pm.pb.gov.br\/portal\/wp-json\/wp\/v2\/media?parent=891960"}],"wp:term":[{"taxonomy":"category","embeddable":true,"href":"https:\/\/www.pm.pb.gov.br\/portal\/wp-json\/wp\/v2\/categories?post=891960"},{"taxonomy":"post_tag","embeddable":true,"href":"https:\/\/www.pm.pb.gov.br\/portal\/wp-json\/wp\/v2\/tags?post=891960"}],"curies":[{"name":"wp","href":"https:\/\/api.w.org\/{rel}","templated":true}]}}