{"id":891912,"date":"2013-04-17T22:04:02","date_gmt":"2013-04-18T01:04:02","guid":{"rendered":"http:\/\/www.pm.pb.gov.br\/portal\/2013\/04\/reuniao_define_intensificacao_do_policiamento_em_todo_estado\/"},"modified":"2013-04-17T22:04:02","modified_gmt":"2013-04-18T01:04:02","slug":"reuniao_define_intensificacao_do_policiamento_em_todo_estado","status":"publish","type":"post","link":"https:\/\/www.pm.pb.gov.br\/portal\/2013\/04\/17\/reuniao_define_intensificacao_do_policiamento_em_todo_estado\/","title":{"rendered":"Reuni\u00e3o define intensifica\u00e7\u00e3o do policiamento em todo Estado"},"content":{"rendered":"<figure style=\"width: 500px\" class=\"wp-caption alignnone\"><img decoding=\"async\" class=\"alignnone size-medium\" src=\"http:\/\/www.pm.pb.gov.br\/portal\/wp-content\/uploads\/2013\/04\/7962_10263.jpg\" title=\"Reuni\u00e3o de planejamento de estrat\u00e9gias\" width=\"100%\" \/><figcaption class=\"wp-caption-text\">Reuni\u00e3o de planejamento de estrat\u00e9gias<\/figcaption><\/figure>\n<div style=\"text-align: justify;\">Uma reuni\u00e3o realizada, na tarde desta quarta-feira (17), entre comandantes de batalh\u00f5es e companhias da pol\u00edcia militar definiu as estrat\u00e9gias do emprego de policiais em pontos estrat\u00e9gicos de bairros e comunidades da grande Jo\u00e3o Pessoa e cidades de todo o Estado, onde ter\u00e3o um incremento de quase 20% do n\u00famero de PMs por \u00e1rea. As a\u00e7\u00f5es j\u00e1 come\u00e7aram na noite desta quarta-feira (17) e ser\u00e3o refor\u00e7adas ainda mais no fim de semana.<\/p>\n<p>\u0093Essa redefini\u00e7\u00e3o surgiu da constata\u00e7\u00e3o de ocorr\u00eancias em determinados pontos, onde tra\u00e7amos uma mancha criminal para nesses locais aumentarmos o n\u00famero de rondas, abordagens, bloqueios policiais e incurs\u00f5es, principalmente nos lugares de dif\u00edcil acesso\u0094, explicou o subcomandante da Pol\u00edcia Militar, Coronel Francisco de Assis Castro.<\/p>\n<p>Os bairros em que registraram o maior n\u00famero de ocorr\u00eancias de crimes violentos letais intencionais (os homic\u00eddios) e crimes violentos contra o patrim\u00f4nio (os roubos) ter\u00e3o uma aten\u00e7\u00e3o maior, com policiais realizando um trabalho preventivo mais intenso para apreender armas, drogas e prender criminosos.<\/p>\n<p>Refor\u00e7o especializado \u0096 As tropas de policiamento especializado, como o Batalh\u00e3o de Opera\u00e7\u00f5es Especiais, Pol\u00edcia Ambiental e Cavalaria, estar\u00e3o presentes nas ruas durantes as a\u00e7\u00f5es, que n\u00e3o t\u00eam data para acabar.<\/p>\n<p>\u0093Esse trabalho ser\u00e1 realizado at\u00e9 que a popula\u00e7\u00e3o restabele\u00e7a a sensa\u00e7\u00e3o de seguran\u00e7a e tranq\u00fcilidade que fazem parte do objetivo final de nossos planejamentos\u0094, revelou o Comandante do Policiamento Regional Metropolitano, tenente coronel Jeferson Pereira.<\/p>\n<div class=\"row\" align=\"center\"><a href=\"http:\/\/www.pm.pb.gov.br\/exportacao\/fotos_noticias\/7962_10267.jpg\"><figure style=\"width: 500px\" class=\"wp-caption alignnone\"><img decoding=\"async\" class=\"image-responsive\" src=\"http:\/\/www.pm.pb.gov.br\/exportacao\/fotos_noticias\/7962_10267.jpg\" title=\"As a\u00e7\u00f5es j\u00e1 come\u00e7aram na noite desta quarta-feira (17)\" width=\"100%\" \/><figcaption class=\"wp-caption-text\">As a\u00e7\u00f5es j\u00e1 come\u00e7aram na noite desta quarta-feira (17)<\/figcaption><\/figure><\/a><a href=\"http:\/\/www.pm.pb.gov.br\/portal\/wp-content\/uploads\/2013\/04\/7962_10268.jpg\"><figure style=\"width: 500px\" class=\"wp-caption alignnone\"><img decoding=\"async\" class=\"image-responsive\" src=\"http:\/\/www.pm.pb.gov.br\/portal\/wp-content\/uploads\/2013\/04\/7962_10268.jpg\" title=\"Foram definidas v\u00e1rias estrat\u00e9gias para a aplica\u00e7\u00e3o do policiamentos nas comunidades e bairros\" width=\"100%\" \/><figcaption class=\"wp-caption-text\">Foram definidas v\u00e1rias estrat\u00e9gias para a aplica\u00e7\u00e3o do policiamentos nas comunidades e bairros<\/figcaption><\/figure><\/a><\/div>\n<\/div>\n","protected":false},"excerpt":{"rendered":"<p>Uma reuni\u00e3o realizada, na tarde desta quarta-feira (17), entre comandantes de batalh\u00f5es e companhias da pol\u00edcia militar definiu as estrat\u00e9gias<\/p>\n","protected":false},"author":5,"featured_media":10263,"comment_status":"closed","ping_status":"closed","sticky":false,"template":"","format":"standard","meta":{"_exactmetrics_skip_tracking":false,"_exactmetrics_sitenote_active":false,"_exactmetrics_sitenote_note":"","_exactmetrics_sitenote_category":0,"footnotes":""},"categories":[4],"tags":[],"yoast_head":"<!-- This site is optimized with the Yoast SEO plugin v22.0 - https:\/\/yoast.com\/wordpress\/plugins\/seo\/ -->\n<title>Reuni\u00e3o define intensifica\u00e7\u00e3o do policiamento em todo Estado - Pol\u00edcia Militar da Para\u00edba<\/title>\n<meta name=\"robots\" content=\"index, follow, max-snippet:-1, max-image-preview:large, max-video-preview:-1\" \/>\n<link rel=\"canonical\" href=\"https:\/\/www.pm.pb.gov.br\/portal\/2013\/04\/17\/reuniao_define_intensificacao_do_policiamento_em_todo_estado\/\" \/>\n<meta property=\"og:locale\" content=\"pt_BR\" \/>\n<meta property=\"og:type\" content=\"article\" \/>\n<meta property=\"og:title\" content=\"Reuni\u00e3o define intensifica\u00e7\u00e3o do policiamento em todo Estado - Pol\u00edcia Militar da Para\u00edba\" \/>\n<meta property=\"og:description\" content=\"Uma reuni\u00e3o realizada, na tarde desta quarta-feira (17), entre comandantes de batalh\u00f5es e companhias da pol\u00edcia militar definiu as estrat\u00e9gias\" \/>\n<meta property=\"og:url\" content=\"https:\/\/www.pm.pb.gov.br\/portal\/2013\/04\/17\/reuniao_define_intensificacao_do_policiamento_em_todo_estado\/\" \/>\n<meta property=\"og:site_name\" content=\"Pol\u00edcia Militar da Para\u00edba\" \/>\n<meta property=\"article:published_time\" content=\"2013-04-18T01:04:02+00:00\" \/>\n<meta property=\"og:image\" content=\"https:\/\/www.pm.pb.gov.br\/portal\/wp-content\/uploads\/2013\/04\/7962_10263.jpg\" \/>\n\t<meta property=\"og:image:width\" content=\"500\" \/>\n\t<meta property=\"og:image:height\" content=\"332\" \/>\n\t<meta property=\"og:image:type\" content=\"image\/jpeg\" \/>\n<meta name=\"author\" content=\"Assessoria de Imprensa da PMPB\" \/>\n<meta name=\"twitter:card\" content=\"summary_large_image\" \/>\n<meta name=\"twitter:label1\" content=\"Escrito por\" \/>\n\t<meta name=\"twitter:data1\" content=\"Assessoria de Imprensa da PMPB\" \/>\n\t<meta name=\"twitter:label2\" content=\"Est. tempo de leitura\" \/>\n\t<meta name=\"twitter:data2\" content=\"2 minutos\" \/>\n<script type=\"application\/ld+json\" class=\"yoast-schema-graph\">{\"@context\":\"https:\/\/schema.org\",\"@graph\":[{\"@type\":\"Article\",\"@id\":\"https:\/\/www.pm.pb.gov.br\/portal\/2013\/04\/17\/reuniao_define_intensificacao_do_policiamento_em_todo_estado\/#article\",\"isPartOf\":{\"@id\":\"https:\/\/www.pm.pb.gov.br\/portal\/2013\/04\/17\/reuniao_define_intensificacao_do_policiamento_em_todo_estado\/\"},\"author\":{\"name\":\"Assessoria de Imprensa da PMPB\",\"@id\":\"https:\/\/www.pm.pb.gov.br\/portal\/#\/schema\/person\/e8454f46651c3ecf0e1ba3c1666d9947\"},\"headline\":\"Reuni\u00e3o define intensifica\u00e7\u00e3o do policiamento em todo Estado\",\"datePublished\":\"2013-04-18T01:04:02+00:00\",\"dateModified\":\"2013-04-18T01:04:02+00:00\",\"mainEntityOfPage\":{\"@id\":\"https:\/\/www.pm.pb.gov.br\/portal\/2013\/04\/17\/reuniao_define_intensificacao_do_policiamento_em_todo_estado\/\"},\"wordCount\":323,\"publisher\":{\"@id\":\"https:\/\/www.pm.pb.gov.br\/portal\/#organization\"},\"articleSection\":[\"A\u00e7\u00f5es Policiais\"],\"inLanguage\":\"pt-BR\"},{\"@type\":\"WebPage\",\"@id\":\"https:\/\/www.pm.pb.gov.br\/portal\/2013\/04\/17\/reuniao_define_intensificacao_do_policiamento_em_todo_estado\/\",\"url\":\"https:\/\/www.pm.pb.gov.br\/portal\/2013\/04\/17\/reuniao_define_intensificacao_do_policiamento_em_todo_estado\/\",\"name\":\"Reuni\u00e3o define intensifica\u00e7\u00e3o do policiamento em todo Estado - Pol\u00edcia Militar da Para\u00edba\",\"isPartOf\":{\"@id\":\"https:\/\/www.pm.pb.gov.br\/portal\/#website\"},\"datePublished\":\"2013-04-18T01:04:02+00:00\",\"dateModified\":\"2013-04-18T01:04:02+00:00\",\"breadcrumb\":{\"@id\":\"https:\/\/www.pm.pb.gov.br\/portal\/2013\/04\/17\/reuniao_define_intensificacao_do_policiamento_em_todo_estado\/#breadcrumb\"},\"inLanguage\":\"pt-BR\",\"potentialAction\":[{\"@type\":\"ReadAction\",\"target\":[\"https:\/\/www.pm.pb.gov.br\/portal\/2013\/04\/17\/reuniao_define_intensificacao_do_policiamento_em_todo_estado\/\"]}]},{\"@type\":\"BreadcrumbList\",\"@id\":\"https:\/\/www.pm.pb.gov.br\/portal\/2013\/04\/17\/reuniao_define_intensificacao_do_policiamento_em_todo_estado\/#breadcrumb\",\"itemListElement\":[{\"@type\":\"ListItem\",\"position\":1,\"name\":\"In\u00edcio\",\"item\":\"https:\/\/www.pm.pb.gov.br\/portal\/\"},{\"@type\":\"ListItem\",\"position\":2,\"name\":\"Reuni\u00e3o define intensifica\u00e7\u00e3o do policiamento em todo Estado\"}]},{\"@type\":\"WebSite\",\"@id\":\"https:\/\/www.pm.pb.gov.br\/portal\/#website\",\"url\":\"https:\/\/www.pm.pb.gov.br\/portal\/\",\"name\":\"Pol\u00edcia Militar da Para\u00edba\",\"description\":\"\",\"publisher\":{\"@id\":\"https:\/\/www.pm.pb.gov.br\/portal\/#organization\"},\"potentialAction\":[{\"@type\":\"SearchAction\",\"target\":{\"@type\":\"EntryPoint\",\"urlTemplate\":\"https:\/\/www.pm.pb.gov.br\/portal\/?s={search_term_string}\"},\"query-input\":\"required name=search_term_string\"}],\"inLanguage\":\"pt-BR\"},{\"@type\":\"Organization\",\"@id\":\"https:\/\/www.pm.pb.gov.br\/portal\/#organization\",\"name\":\"Pol\u00edcia Militar da Para\u00edba\",\"url\":\"https:\/\/www.pm.pb.gov.br\/portal\/\",\"logo\":{\"@type\":\"ImageObject\",\"inLanguage\":\"pt-BR\",\"@id\":\"https:\/\/www.pm.pb.gov.br\/portal\/#\/schema\/logo\/image\/\",\"url\":\"https:\/\/www.pm.pb.gov.br\/portal\/wp-content\/uploads\/2025\/03\/cropped-logo-site-mag2-1.png\",\"contentUrl\":\"https:\/\/www.pm.pb.gov.br\/portal\/wp-content\/uploads\/2025\/03\/cropped-logo-site-mag2-1.png\",\"width\":320,\"height\":90,\"caption\":\"Pol\u00edcia Militar da Para\u00edba\"},\"image\":{\"@id\":\"https:\/\/www.pm.pb.gov.br\/portal\/#\/schema\/logo\/image\/\"}},{\"@type\":\"Person\",\"@id\":\"https:\/\/www.pm.pb.gov.br\/portal\/#\/schema\/person\/e8454f46651c3ecf0e1ba3c1666d9947\",\"name\":\"Assessoria de Imprensa da PMPB\",\"image\":{\"@type\":\"ImageObject\",\"inLanguage\":\"pt-BR\",\"@id\":\"https:\/\/www.pm.pb.gov.br\/portal\/#\/schema\/person\/image\/\",\"url\":\"https:\/\/secure.gravatar.com\/avatar\/2efe197438265d1e90bd98c4c8e1acf8?s=96&d=mm&r=g\",\"contentUrl\":\"https:\/\/secure.gravatar.com\/avatar\/2efe197438265d1e90bd98c4c8e1acf8?s=96&d=mm&r=g\",\"caption\":\"Assessoria de Imprensa da PMPB\"},\"url\":\"https:\/\/www.pm.pb.gov.br\/portal\/author\/assessoria\/\"}]}<\/script>\n<!-- \/ Yoast SEO plugin. -->","yoast_head_json":{"title":"Reuni\u00e3o define intensifica\u00e7\u00e3o do policiamento em todo Estado - Pol\u00edcia Militar da Para\u00edba","robots":{"index":"index","follow":"follow","max-snippet":"max-snippet:-1","max-image-preview":"max-image-preview:large","max-video-preview":"max-video-preview:-1"},"canonical":"https:\/\/www.pm.pb.gov.br\/portal\/2013\/04\/17\/reuniao_define_intensificacao_do_policiamento_em_todo_estado\/","og_locale":"pt_BR","og_type":"article","og_title":"Reuni\u00e3o define intensifica\u00e7\u00e3o do policiamento em todo Estado - Pol\u00edcia Militar da Para\u00edba","og_description":"Uma reuni\u00e3o realizada, na tarde desta quarta-feira (17), entre comandantes de batalh\u00f5es e companhias da pol\u00edcia militar definiu as estrat\u00e9gias","og_url":"https:\/\/www.pm.pb.gov.br\/portal\/2013\/04\/17\/reuniao_define_intensificacao_do_policiamento_em_todo_estado\/","og_site_name":"Pol\u00edcia Militar da Para\u00edba","article_published_time":"2013-04-18T01:04:02+00:00","og_image":[{"width":500,"height":332,"url":"https:\/\/www.pm.pb.gov.br\/portal\/wp-content\/uploads\/2013\/04\/7962_10263.jpg","type":"image\/jpeg"}],"author":"Assessoria de Imprensa da PMPB","twitter_card":"summary_large_image","twitter_misc":{"Escrito por":"Assessoria de Imprensa da PMPB","Est. tempo de leitura":"2 minutos"},"schema":{"@context":"https:\/\/schema.org","@graph":[{"@type":"Article","@id":"https:\/\/www.pm.pb.gov.br\/portal\/2013\/04\/17\/reuniao_define_intensificacao_do_policiamento_em_todo_estado\/#article","isPartOf":{"@id":"https:\/\/www.pm.pb.gov.br\/portal\/2013\/04\/17\/reuniao_define_intensificacao_do_policiamento_em_todo_estado\/"},"author":{"name":"Assessoria de Imprensa da PMPB","@id":"https:\/\/www.pm.pb.gov.br\/portal\/#\/schema\/person\/e8454f46651c3ecf0e1ba3c1666d9947"},"headline":"Reuni\u00e3o define intensifica\u00e7\u00e3o do policiamento em todo Estado","datePublished":"2013-04-18T01:04:02+00:00","dateModified":"2013-04-18T01:04:02+00:00","mainEntityOfPage":{"@id":"https:\/\/www.pm.pb.gov.br\/portal\/2013\/04\/17\/reuniao_define_intensificacao_do_policiamento_em_todo_estado\/"},"wordCount":323,"publisher":{"@id":"https:\/\/www.pm.pb.gov.br\/portal\/#organization"},"articleSection":["A\u00e7\u00f5es Policiais"],"inLanguage":"pt-BR"},{"@type":"WebPage","@id":"https:\/\/www.pm.pb.gov.br\/portal\/2013\/04\/17\/reuniao_define_intensificacao_do_policiamento_em_todo_estado\/","url":"https:\/\/www.pm.pb.gov.br\/portal\/2013\/04\/17\/reuniao_define_intensificacao_do_policiamento_em_todo_estado\/","name":"Reuni\u00e3o define intensifica\u00e7\u00e3o do policiamento em todo Estado - Pol\u00edcia Militar da Para\u00edba","isPartOf":{"@id":"https:\/\/www.pm.pb.gov.br\/portal\/#website"},"datePublished":"2013-04-18T01:04:02+00:00","dateModified":"2013-04-18T01:04:02+00:00","breadcrumb":{"@id":"https:\/\/www.pm.pb.gov.br\/portal\/2013\/04\/17\/reuniao_define_intensificacao_do_policiamento_em_todo_estado\/#breadcrumb"},"inLanguage":"pt-BR","potentialAction":[{"@type":"ReadAction","target":["https:\/\/www.pm.pb.gov.br\/portal\/2013\/04\/17\/reuniao_define_intensificacao_do_policiamento_em_todo_estado\/"]}]},{"@type":"BreadcrumbList","@id":"https:\/\/www.pm.pb.gov.br\/portal\/2013\/04\/17\/reuniao_define_intensificacao_do_policiamento_em_todo_estado\/#breadcrumb","itemListElement":[{"@type":"ListItem","position":1,"name":"In\u00edcio","item":"https:\/\/www.pm.pb.gov.br\/portal\/"},{"@type":"ListItem","position":2,"name":"Reuni\u00e3o define intensifica\u00e7\u00e3o do policiamento em todo Estado"}]},{"@type":"WebSite","@id":"https:\/\/www.pm.pb.gov.br\/portal\/#website","url":"https:\/\/www.pm.pb.gov.br\/portal\/","name":"Pol\u00edcia Militar da Para\u00edba","description":"","publisher":{"@id":"https:\/\/www.pm.pb.gov.br\/portal\/#organization"},"potentialAction":[{"@type":"SearchAction","target":{"@type":"EntryPoint","urlTemplate":"https:\/\/www.pm.pb.gov.br\/portal\/?s={search_term_string}"},"query-input":"required name=search_term_string"}],"inLanguage":"pt-BR"},{"@type":"Organization","@id":"https:\/\/www.pm.pb.gov.br\/portal\/#organization","name":"Pol\u00edcia Militar da Para\u00edba","url":"https:\/\/www.pm.pb.gov.br\/portal\/","logo":{"@type":"ImageObject","inLanguage":"pt-BR","@id":"https:\/\/www.pm.pb.gov.br\/portal\/#\/schema\/logo\/image\/","url":"https:\/\/www.pm.pb.gov.br\/portal\/wp-content\/uploads\/2025\/03\/cropped-logo-site-mag2-1.png","contentUrl":"https:\/\/www.pm.pb.gov.br\/portal\/wp-content\/uploads\/2025\/03\/cropped-logo-site-mag2-1.png","width":320,"height":90,"caption":"Pol\u00edcia Militar da Para\u00edba"},"image":{"@id":"https:\/\/www.pm.pb.gov.br\/portal\/#\/schema\/logo\/image\/"}},{"@type":"Person","@id":"https:\/\/www.pm.pb.gov.br\/portal\/#\/schema\/person\/e8454f46651c3ecf0e1ba3c1666d9947","name":"Assessoria de Imprensa da PMPB","image":{"@type":"ImageObject","inLanguage":"pt-BR","@id":"https:\/\/www.pm.pb.gov.br\/portal\/#\/schema\/person\/image\/","url":"https:\/\/secure.gravatar.com\/avatar\/2efe197438265d1e90bd98c4c8e1acf8?s=96&d=mm&r=g","contentUrl":"https:\/\/secure.gravatar.com\/avatar\/2efe197438265d1e90bd98c4c8e1acf8?s=96&d=mm&r=g","caption":"Assessoria de Imprensa da PMPB"},"url":"https:\/\/www.pm.pb.gov.br\/portal\/author\/assessoria\/"}]}},"_links":{"self":[{"href":"https:\/\/www.pm.pb.gov.br\/portal\/wp-json\/wp\/v2\/posts\/891912"}],"collection":[{"href":"https:\/\/www.pm.pb.gov.br\/portal\/wp-json\/wp\/v2\/posts"}],"about":[{"href":"https:\/\/www.pm.pb.gov.br\/portal\/wp-json\/wp\/v2\/types\/post"}],"author":[{"embeddable":true,"href":"https:\/\/www.pm.pb.gov.br\/portal\/wp-json\/wp\/v2\/users\/5"}],"replies":[{"embeddable":true,"href":"https:\/\/www.pm.pb.gov.br\/portal\/wp-json\/wp\/v2\/comments?post=891912"}],"version-history":[{"count":0,"href":"https:\/\/www.pm.pb.gov.br\/portal\/wp-json\/wp\/v2\/posts\/891912\/revisions"}],"wp:featuredmedia":[{"embeddable":true,"href":"https:\/\/www.pm.pb.gov.br\/portal\/wp-json\/wp\/v2\/media\/10263"}],"wp:attachment":[{"href":"https:\/\/www.pm.pb.gov.br\/portal\/wp-json\/wp\/v2\/media?parent=891912"}],"wp:term":[{"taxonomy":"category","embeddable":true,"href":"https:\/\/www.pm.pb.gov.br\/portal\/wp-json\/wp\/v2\/categories?post=891912"},{"taxonomy":"post_tag","embeddable":true,"href":"https:\/\/www.pm.pb.gov.br\/portal\/wp-json\/wp\/v2\/tags?post=891912"}],"curies":[{"name":"wp","href":"https:\/\/api.w.org\/{rel}","templated":true}]}}