{"id":891886,"date":"2013-04-07T17:04:38","date_gmt":"2013-04-07T20:04:38","guid":{"rendered":"http:\/\/www.pm.pb.gov.br\/portal\/2013\/04\/2_cpmi_prende_suspeito_de_assaltar_mercadinho_em_mamanguape\/"},"modified":"2013-04-07T17:04:38","modified_gmt":"2013-04-07T20:04:38","slug":"2_cpmi_prende_suspeito_de_assaltar_mercadinho_em_mamanguape","status":"publish","type":"post","link":"https:\/\/www.pm.pb.gov.br\/portal\/2013\/04\/07\/2_cpmi_prende_suspeito_de_assaltar_mercadinho_em_mamanguape\/","title":{"rendered":"2\u00aa CPMI prende suspeito de assaltar mercadinho em Mamanguape"},"content":{"rendered":"<figure style=\"width: 500px\" class=\"wp-caption alignnone\"><img decoding=\"async\" class=\"alignnone size-medium\" src=\"http:\/\/www.pm.pb.gov.br\/portal\/wp-content\/uploads\/2013\/04\/7919_10190.jpg\" title=\"Ele foi preso gra\u00e7as a a\u00e7\u00e3o r\u00e1pida dos policiais\" width=\"100%\" \/><figcaption class=\"wp-caption-text\">Ele foi preso gra\u00e7as a a\u00e7\u00e3o r\u00e1pida dos policiais<\/figcaption><\/figure>\n<div style=\"text-align: justify;\">Os policiais da 2\u00aa Companhia de Pol\u00edcia Militar Independente prenderam em flagrante, na manh\u00e3 deste domingo (07), Rafael Gutembergue da Silva, de 24 anos, suspeito de assaltar um mercadinho no bairro de Gurguri, na cidade de Mamanguape, Litoral Norte do Estado. A viatura foi r\u00e1pida at\u00e9 o local e minutos depois prendeu o acusado. Ele realizou o assalto na companhia de outros dois homens, que est\u00e3o sendo procurados.<\/p>\n<p>Segundo os policiais que realizaram a pris\u00e3o, a guarni\u00e7\u00e3o policial foi at\u00e9 o mercadinho e ap\u00f3s receber informa\u00e7\u00f5es chegou at\u00e9 o suspeito. Com ele foram encontradas duas toucas para esconder o rosto e uma mochila, possivelmente as mesmas usadas durante o assalto. Ele foi reconhecido por testemunhas e levado at\u00e9 a Delegacia de Mamanguape.<\/p>\n<p>O Comandante da 2\u00aa CPMI, Capit\u00e3o Alberto Filho, ressaltou a atua\u00e7\u00e3o dos policiais na pris\u00e3o. \u0093A postura sempre atenta dos nossos policiais e a \u00e2nsia de cumprir a miss\u00e3o constitucional t\u00eam sido fundamentais para tirarmos os suspeitos de circula\u00e7\u00e3o e esse caso n\u00e3o foi diferente, conseguimos prender um dos suspeitos logo ap\u00f3s o assalto e iremos prender os outros dois.\u0094, garantiu.<\/p>\n<div class=\"row\" align=\"center\"><a href=\"http:\/\/www.pm.pb.gov.br\/portal\/wp-content\/uploads\/2013\/04\/7919_10191.jpg\"><figure style=\"width: 500px\" class=\"wp-caption alignnone\"><img decoding=\"async\" class=\"image-responsive\" src=\"http:\/\/www.pm.pb.gov.br\/portal\/wp-content\/uploads\/2013\/04\/7919_10191.jpg\" title=\"objetos encontrados com ele\" width=\"100%\" \/><figcaption class=\"wp-caption-text\">objetos encontrados com ele<\/figcaption><\/figure><\/a><\/div>\n<\/div>\n","protected":false},"excerpt":{"rendered":"<p>Os policiais da 2\u00aa Companhia de Pol\u00edcia Militar Independente prenderam em flagrante, na manh\u00e3 deste domingo (07), Rafael Gutembergue da<\/p>\n","protected":false},"author":5,"featured_media":10190,"comment_status":"closed","ping_status":"closed","sticky":false,"template":"","format":"standard","meta":{"_exactmetrics_skip_tracking":false,"_exactmetrics_sitenote_active":false,"_exactmetrics_sitenote_note":"","_exactmetrics_sitenote_category":0,"footnotes":""},"categories":[4],"tags":[],"yoast_head":"<!-- This site is optimized with the Yoast SEO plugin v22.0 - https:\/\/yoast.com\/wordpress\/plugins\/seo\/ -->\n<title>2\u00aa CPMI prende suspeito de assaltar mercadinho em Mamanguape - Pol\u00edcia Militar da Para\u00edba<\/title>\n<meta name=\"robots\" content=\"index, follow, max-snippet:-1, max-image-preview:large, max-video-preview:-1\" \/>\n<link rel=\"canonical\" href=\"https:\/\/www.pm.pb.gov.br\/portal\/2013\/04\/07\/2_cpmi_prende_suspeito_de_assaltar_mercadinho_em_mamanguape\/\" \/>\n<meta property=\"og:locale\" content=\"pt_BR\" \/>\n<meta property=\"og:type\" content=\"article\" \/>\n<meta property=\"og:title\" content=\"2\u00aa CPMI prende suspeito de assaltar mercadinho em Mamanguape - Pol\u00edcia Militar da Para\u00edba\" \/>\n<meta property=\"og:description\" content=\"Os policiais da 2\u00aa Companhia de Pol\u00edcia Militar Independente prenderam em flagrante, na manh\u00e3 deste domingo (07), Rafael Gutembergue da\" \/>\n<meta property=\"og:url\" content=\"https:\/\/www.pm.pb.gov.br\/portal\/2013\/04\/07\/2_cpmi_prende_suspeito_de_assaltar_mercadinho_em_mamanguape\/\" \/>\n<meta property=\"og:site_name\" content=\"Pol\u00edcia Militar da Para\u00edba\" \/>\n<meta property=\"article:published_time\" content=\"2013-04-07T20:04:38+00:00\" \/>\n<meta property=\"og:image\" content=\"https:\/\/www.pm.pb.gov.br\/portal\/wp-content\/uploads\/2013\/04\/7919_10190.jpg\" \/>\n\t<meta property=\"og:image:width\" content=\"500\" \/>\n\t<meta property=\"og:image:height\" content=\"334\" \/>\n\t<meta property=\"og:image:type\" content=\"image\/jpeg\" \/>\n<meta name=\"author\" content=\"Assessoria de Imprensa da PMPB\" \/>\n<meta name=\"twitter:card\" content=\"summary_large_image\" \/>\n<meta name=\"twitter:label1\" content=\"Escrito por\" \/>\n\t<meta name=\"twitter:data1\" content=\"Assessoria de Imprensa da PMPB\" \/>\n\t<meta name=\"twitter:label2\" content=\"Est. tempo de leitura\" \/>\n\t<meta name=\"twitter:data2\" content=\"1 minuto\" \/>\n<script type=\"application\/ld+json\" class=\"yoast-schema-graph\">{\"@context\":\"https:\/\/schema.org\",\"@graph\":[{\"@type\":\"Article\",\"@id\":\"https:\/\/www.pm.pb.gov.br\/portal\/2013\/04\/07\/2_cpmi_prende_suspeito_de_assaltar_mercadinho_em_mamanguape\/#article\",\"isPartOf\":{\"@id\":\"https:\/\/www.pm.pb.gov.br\/portal\/2013\/04\/07\/2_cpmi_prende_suspeito_de_assaltar_mercadinho_em_mamanguape\/\"},\"author\":{\"name\":\"Assessoria de Imprensa da PMPB\",\"@id\":\"https:\/\/www.pm.pb.gov.br\/portal\/#\/schema\/person\/e8454f46651c3ecf0e1ba3c1666d9947\"},\"headline\":\"2\u00aa CPMI prende suspeito de assaltar mercadinho em Mamanguape\",\"datePublished\":\"2013-04-07T20:04:38+00:00\",\"dateModified\":\"2013-04-07T20:04:38+00:00\",\"mainEntityOfPage\":{\"@id\":\"https:\/\/www.pm.pb.gov.br\/portal\/2013\/04\/07\/2_cpmi_prende_suspeito_de_assaltar_mercadinho_em_mamanguape\/\"},\"wordCount\":230,\"publisher\":{\"@id\":\"https:\/\/www.pm.pb.gov.br\/portal\/#organization\"},\"articleSection\":[\"A\u00e7\u00f5es Policiais\"],\"inLanguage\":\"pt-BR\"},{\"@type\":\"WebPage\",\"@id\":\"https:\/\/www.pm.pb.gov.br\/portal\/2013\/04\/07\/2_cpmi_prende_suspeito_de_assaltar_mercadinho_em_mamanguape\/\",\"url\":\"https:\/\/www.pm.pb.gov.br\/portal\/2013\/04\/07\/2_cpmi_prende_suspeito_de_assaltar_mercadinho_em_mamanguape\/\",\"name\":\"2\u00aa CPMI prende suspeito de assaltar mercadinho em Mamanguape - Pol\u00edcia Militar da Para\u00edba\",\"isPartOf\":{\"@id\":\"https:\/\/www.pm.pb.gov.br\/portal\/#website\"},\"datePublished\":\"2013-04-07T20:04:38+00:00\",\"dateModified\":\"2013-04-07T20:04:38+00:00\",\"breadcrumb\":{\"@id\":\"https:\/\/www.pm.pb.gov.br\/portal\/2013\/04\/07\/2_cpmi_prende_suspeito_de_assaltar_mercadinho_em_mamanguape\/#breadcrumb\"},\"inLanguage\":\"pt-BR\",\"potentialAction\":[{\"@type\":\"ReadAction\",\"target\":[\"https:\/\/www.pm.pb.gov.br\/portal\/2013\/04\/07\/2_cpmi_prende_suspeito_de_assaltar_mercadinho_em_mamanguape\/\"]}]},{\"@type\":\"BreadcrumbList\",\"@id\":\"https:\/\/www.pm.pb.gov.br\/portal\/2013\/04\/07\/2_cpmi_prende_suspeito_de_assaltar_mercadinho_em_mamanguape\/#breadcrumb\",\"itemListElement\":[{\"@type\":\"ListItem\",\"position\":1,\"name\":\"In\u00edcio\",\"item\":\"https:\/\/www.pm.pb.gov.br\/portal\/\"},{\"@type\":\"ListItem\",\"position\":2,\"name\":\"2\u00aa CPMI prende suspeito de assaltar mercadinho em Mamanguape\"}]},{\"@type\":\"WebSite\",\"@id\":\"https:\/\/www.pm.pb.gov.br\/portal\/#website\",\"url\":\"https:\/\/www.pm.pb.gov.br\/portal\/\",\"name\":\"Pol\u00edcia Militar da Para\u00edba\",\"description\":\"\",\"publisher\":{\"@id\":\"https:\/\/www.pm.pb.gov.br\/portal\/#organization\"},\"potentialAction\":[{\"@type\":\"SearchAction\",\"target\":{\"@type\":\"EntryPoint\",\"urlTemplate\":\"https:\/\/www.pm.pb.gov.br\/portal\/?s={search_term_string}\"},\"query-input\":\"required name=search_term_string\"}],\"inLanguage\":\"pt-BR\"},{\"@type\":\"Organization\",\"@id\":\"https:\/\/www.pm.pb.gov.br\/portal\/#organization\",\"name\":\"Pol\u00edcia Militar da Para\u00edba\",\"url\":\"https:\/\/www.pm.pb.gov.br\/portal\/\",\"logo\":{\"@type\":\"ImageObject\",\"inLanguage\":\"pt-BR\",\"@id\":\"https:\/\/www.pm.pb.gov.br\/portal\/#\/schema\/logo\/image\/\",\"url\":\"https:\/\/www.pm.pb.gov.br\/portal\/wp-content\/uploads\/2025\/03\/cropped-logo-site-mag2-1.png\",\"contentUrl\":\"https:\/\/www.pm.pb.gov.br\/portal\/wp-content\/uploads\/2025\/03\/cropped-logo-site-mag2-1.png\",\"width\":320,\"height\":90,\"caption\":\"Pol\u00edcia Militar da Para\u00edba\"},\"image\":{\"@id\":\"https:\/\/www.pm.pb.gov.br\/portal\/#\/schema\/logo\/image\/\"}},{\"@type\":\"Person\",\"@id\":\"https:\/\/www.pm.pb.gov.br\/portal\/#\/schema\/person\/e8454f46651c3ecf0e1ba3c1666d9947\",\"name\":\"Assessoria de Imprensa da PMPB\",\"image\":{\"@type\":\"ImageObject\",\"inLanguage\":\"pt-BR\",\"@id\":\"https:\/\/www.pm.pb.gov.br\/portal\/#\/schema\/person\/image\/\",\"url\":\"https:\/\/secure.gravatar.com\/avatar\/2efe197438265d1e90bd98c4c8e1acf8?s=96&d=mm&r=g\",\"contentUrl\":\"https:\/\/secure.gravatar.com\/avatar\/2efe197438265d1e90bd98c4c8e1acf8?s=96&d=mm&r=g\",\"caption\":\"Assessoria de Imprensa da PMPB\"},\"url\":\"https:\/\/www.pm.pb.gov.br\/portal\/author\/assessoria\/\"}]}<\/script>\n<!-- \/ Yoast SEO plugin. -->","yoast_head_json":{"title":"2\u00aa CPMI prende suspeito de assaltar mercadinho em Mamanguape - Pol\u00edcia Militar da Para\u00edba","robots":{"index":"index","follow":"follow","max-snippet":"max-snippet:-1","max-image-preview":"max-image-preview:large","max-video-preview":"max-video-preview:-1"},"canonical":"https:\/\/www.pm.pb.gov.br\/portal\/2013\/04\/07\/2_cpmi_prende_suspeito_de_assaltar_mercadinho_em_mamanguape\/","og_locale":"pt_BR","og_type":"article","og_title":"2\u00aa CPMI prende suspeito de assaltar mercadinho em Mamanguape - Pol\u00edcia Militar da Para\u00edba","og_description":"Os policiais da 2\u00aa Companhia de Pol\u00edcia Militar Independente prenderam em flagrante, na manh\u00e3 deste domingo (07), Rafael Gutembergue da","og_url":"https:\/\/www.pm.pb.gov.br\/portal\/2013\/04\/07\/2_cpmi_prende_suspeito_de_assaltar_mercadinho_em_mamanguape\/","og_site_name":"Pol\u00edcia Militar da Para\u00edba","article_published_time":"2013-04-07T20:04:38+00:00","og_image":[{"width":500,"height":334,"url":"https:\/\/www.pm.pb.gov.br\/portal\/wp-content\/uploads\/2013\/04\/7919_10190.jpg","type":"image\/jpeg"}],"author":"Assessoria de Imprensa da PMPB","twitter_card":"summary_large_image","twitter_misc":{"Escrito por":"Assessoria de Imprensa da PMPB","Est. tempo de leitura":"1 minuto"},"schema":{"@context":"https:\/\/schema.org","@graph":[{"@type":"Article","@id":"https:\/\/www.pm.pb.gov.br\/portal\/2013\/04\/07\/2_cpmi_prende_suspeito_de_assaltar_mercadinho_em_mamanguape\/#article","isPartOf":{"@id":"https:\/\/www.pm.pb.gov.br\/portal\/2013\/04\/07\/2_cpmi_prende_suspeito_de_assaltar_mercadinho_em_mamanguape\/"},"author":{"name":"Assessoria de Imprensa da PMPB","@id":"https:\/\/www.pm.pb.gov.br\/portal\/#\/schema\/person\/e8454f46651c3ecf0e1ba3c1666d9947"},"headline":"2\u00aa CPMI prende suspeito de assaltar mercadinho em Mamanguape","datePublished":"2013-04-07T20:04:38+00:00","dateModified":"2013-04-07T20:04:38+00:00","mainEntityOfPage":{"@id":"https:\/\/www.pm.pb.gov.br\/portal\/2013\/04\/07\/2_cpmi_prende_suspeito_de_assaltar_mercadinho_em_mamanguape\/"},"wordCount":230,"publisher":{"@id":"https:\/\/www.pm.pb.gov.br\/portal\/#organization"},"articleSection":["A\u00e7\u00f5es Policiais"],"inLanguage":"pt-BR"},{"@type":"WebPage","@id":"https:\/\/www.pm.pb.gov.br\/portal\/2013\/04\/07\/2_cpmi_prende_suspeito_de_assaltar_mercadinho_em_mamanguape\/","url":"https:\/\/www.pm.pb.gov.br\/portal\/2013\/04\/07\/2_cpmi_prende_suspeito_de_assaltar_mercadinho_em_mamanguape\/","name":"2\u00aa CPMI prende suspeito de assaltar mercadinho em Mamanguape - Pol\u00edcia Militar da Para\u00edba","isPartOf":{"@id":"https:\/\/www.pm.pb.gov.br\/portal\/#website"},"datePublished":"2013-04-07T20:04:38+00:00","dateModified":"2013-04-07T20:04:38+00:00","breadcrumb":{"@id":"https:\/\/www.pm.pb.gov.br\/portal\/2013\/04\/07\/2_cpmi_prende_suspeito_de_assaltar_mercadinho_em_mamanguape\/#breadcrumb"},"inLanguage":"pt-BR","potentialAction":[{"@type":"ReadAction","target":["https:\/\/www.pm.pb.gov.br\/portal\/2013\/04\/07\/2_cpmi_prende_suspeito_de_assaltar_mercadinho_em_mamanguape\/"]}]},{"@type":"BreadcrumbList","@id":"https:\/\/www.pm.pb.gov.br\/portal\/2013\/04\/07\/2_cpmi_prende_suspeito_de_assaltar_mercadinho_em_mamanguape\/#breadcrumb","itemListElement":[{"@type":"ListItem","position":1,"name":"In\u00edcio","item":"https:\/\/www.pm.pb.gov.br\/portal\/"},{"@type":"ListItem","position":2,"name":"2\u00aa CPMI prende suspeito de assaltar mercadinho em Mamanguape"}]},{"@type":"WebSite","@id":"https:\/\/www.pm.pb.gov.br\/portal\/#website","url":"https:\/\/www.pm.pb.gov.br\/portal\/","name":"Pol\u00edcia Militar da Para\u00edba","description":"","publisher":{"@id":"https:\/\/www.pm.pb.gov.br\/portal\/#organization"},"potentialAction":[{"@type":"SearchAction","target":{"@type":"EntryPoint","urlTemplate":"https:\/\/www.pm.pb.gov.br\/portal\/?s={search_term_string}"},"query-input":"required name=search_term_string"}],"inLanguage":"pt-BR"},{"@type":"Organization","@id":"https:\/\/www.pm.pb.gov.br\/portal\/#organization","name":"Pol\u00edcia Militar da Para\u00edba","url":"https:\/\/www.pm.pb.gov.br\/portal\/","logo":{"@type":"ImageObject","inLanguage":"pt-BR","@id":"https:\/\/www.pm.pb.gov.br\/portal\/#\/schema\/logo\/image\/","url":"https:\/\/www.pm.pb.gov.br\/portal\/wp-content\/uploads\/2025\/03\/cropped-logo-site-mag2-1.png","contentUrl":"https:\/\/www.pm.pb.gov.br\/portal\/wp-content\/uploads\/2025\/03\/cropped-logo-site-mag2-1.png","width":320,"height":90,"caption":"Pol\u00edcia Militar da Para\u00edba"},"image":{"@id":"https:\/\/www.pm.pb.gov.br\/portal\/#\/schema\/logo\/image\/"}},{"@type":"Person","@id":"https:\/\/www.pm.pb.gov.br\/portal\/#\/schema\/person\/e8454f46651c3ecf0e1ba3c1666d9947","name":"Assessoria de Imprensa da PMPB","image":{"@type":"ImageObject","inLanguage":"pt-BR","@id":"https:\/\/www.pm.pb.gov.br\/portal\/#\/schema\/person\/image\/","url":"https:\/\/secure.gravatar.com\/avatar\/2efe197438265d1e90bd98c4c8e1acf8?s=96&d=mm&r=g","contentUrl":"https:\/\/secure.gravatar.com\/avatar\/2efe197438265d1e90bd98c4c8e1acf8?s=96&d=mm&r=g","caption":"Assessoria de Imprensa da PMPB"},"url":"https:\/\/www.pm.pb.gov.br\/portal\/author\/assessoria\/"}]}},"_links":{"self":[{"href":"https:\/\/www.pm.pb.gov.br\/portal\/wp-json\/wp\/v2\/posts\/891886"}],"collection":[{"href":"https:\/\/www.pm.pb.gov.br\/portal\/wp-json\/wp\/v2\/posts"}],"about":[{"href":"https:\/\/www.pm.pb.gov.br\/portal\/wp-json\/wp\/v2\/types\/post"}],"author":[{"embeddable":true,"href":"https:\/\/www.pm.pb.gov.br\/portal\/wp-json\/wp\/v2\/users\/5"}],"replies":[{"embeddable":true,"href":"https:\/\/www.pm.pb.gov.br\/portal\/wp-json\/wp\/v2\/comments?post=891886"}],"version-history":[{"count":0,"href":"https:\/\/www.pm.pb.gov.br\/portal\/wp-json\/wp\/v2\/posts\/891886\/revisions"}],"wp:featuredmedia":[{"embeddable":true,"href":"https:\/\/www.pm.pb.gov.br\/portal\/wp-json\/wp\/v2\/media\/10190"}],"wp:attachment":[{"href":"https:\/\/www.pm.pb.gov.br\/portal\/wp-json\/wp\/v2\/media?parent=891886"}],"wp:term":[{"taxonomy":"category","embeddable":true,"href":"https:\/\/www.pm.pb.gov.br\/portal\/wp-json\/wp\/v2\/categories?post=891886"},{"taxonomy":"post_tag","embeddable":true,"href":"https:\/\/www.pm.pb.gov.br\/portal\/wp-json\/wp\/v2\/tags?post=891886"}],"curies":[{"name":"wp","href":"https:\/\/api.w.org\/{rel}","templated":true}]}}