{"id":891838,"date":"2013-03-22T08:03:43","date_gmt":"2013-03-22T11:03:43","guid":{"rendered":"http:\/\/www.pm.pb.gov.br\/portal\/2013\/03\/10_bpm_prende_quadrilha_de_assaltos_a_estabelecimento_comerciais\/"},"modified":"2013-03-22T08:03:43","modified_gmt":"2013-03-22T11:03:43","slug":"10_bpm_prende_quadrilha_de_assaltos_a_estabelecimento_comerciais","status":"publish","type":"post","link":"https:\/\/www.pm.pb.gov.br\/portal\/2013\/03\/22\/10_bpm_prende_quadrilha_de_assaltos_a_estabelecimento_comerciais\/","title":{"rendered":"10\u00ba BPM prende quadrilha de assaltos a estabelecimento comerciais"},"content":{"rendered":"<figure style=\"width: 500px\" class=\"wp-caption alignnone\"><img decoding=\"async\" class=\"alignnone size-medium\" src=\"http:\/\/www.pm.pb.gov.br\/portal\/wp-content\/uploads\/2013\/03\/7842_10046.jpg\" title=\"Dois integrantes da quadrilha foram presos na sa\u00edda da cidade de Esperan\u00e7a\" width=\"100%\" \/><figcaption class=\"wp-caption-text\">Dois integrantes da quadrilha foram presos na sa\u00edda da cidade de Esperan\u00e7a<\/figcaption><\/figure>\n<div style=\"text-align: justify;\">A Pol\u00edcia Militar de Rem\u00edgio (a 157 quil\u00f4metros de Jo\u00e3o Pessoa) prendeu um grupo de assaltantes que agia roubando motos, postos de combust\u00edveis e outros estabelecimentos comerciais na regi\u00e3o do Agreste Paraibano.<\/p>\n<p>Na \u00faltima quarta (20), na sa\u00edda da cidade de Esperan\u00e7a, dois integrantes da quadrilha foram localizados e presos em uma comunidade conhecida como Barreira, \u00e0s margens da Br-104. Foram pegos Cristiano Rocha dos Santos, que estava de posse de uma moto com registro de roubo; e Amanda Regina Alves de Brito, propriet\u00e1ria da casa na qual Cristiano se escondida.<\/p>\n<p>Horas depois, com o apoio da Pol\u00edcia Civil, tamb\u00e9m foi presa outra integrante do grupo, identificada apenas como M\u00e1rcia. Ele confessou alguns assaltos feitos pelo bando nas cidades de Rem\u00edgio e Esperan\u00e7a. As investiga\u00e7\u00f5es apontam que mais duas pessoas tamb\u00e9m integram o grupo. A pol\u00edcia continua em dilig\u00eancias em buscas desses demais suspeitos.<\/p>\n<p>Apreens\u00e3o<\/p>\n<p>Ainda na quarta (20), policiais militares da For\u00e7a T\u00e1tica da 2\u00aa Companhia de Esperan\u00e7a apreenderam um rev\u00f3lver calibre 38, da marca Taurus, durante rondas e abordagens na cidade de Areial. O homem que estava com a arma foi conduzido para a Central de Pol\u00edcia de Campina Grande.<\/p>\n<div class=\"row\" align=\"center\"><\/div>\n<\/div>\n","protected":false},"excerpt":{"rendered":"<p>A Pol\u00edcia Militar de Rem\u00edgio (a 157 quil\u00f4metros de Jo\u00e3o Pessoa) prendeu um grupo de assaltantes que agia roubando motos,<\/p>\n","protected":false},"author":5,"featured_media":10046,"comment_status":"closed","ping_status":"closed","sticky":false,"template":"","format":"standard","meta":{"_exactmetrics_skip_tracking":false,"_exactmetrics_sitenote_active":false,"_exactmetrics_sitenote_note":"","_exactmetrics_sitenote_category":0,"footnotes":""},"categories":[4],"tags":[],"yoast_head":"<!-- This site is optimized with the Yoast SEO plugin v22.0 - https:\/\/yoast.com\/wordpress\/plugins\/seo\/ -->\n<title>10\u00ba BPM prende quadrilha de assaltos a estabelecimento comerciais - Pol\u00edcia Militar da Para\u00edba<\/title>\n<meta name=\"robots\" content=\"index, follow, max-snippet:-1, max-image-preview:large, max-video-preview:-1\" \/>\n<link rel=\"canonical\" href=\"https:\/\/www.pm.pb.gov.br\/portal\/2013\/03\/22\/10_bpm_prende_quadrilha_de_assaltos_a_estabelecimento_comerciais\/\" \/>\n<meta property=\"og:locale\" content=\"pt_BR\" \/>\n<meta property=\"og:type\" content=\"article\" \/>\n<meta property=\"og:title\" content=\"10\u00ba BPM prende quadrilha de assaltos a estabelecimento comerciais - Pol\u00edcia Militar da Para\u00edba\" \/>\n<meta property=\"og:description\" content=\"A Pol\u00edcia Militar de Rem\u00edgio (a 157 quil\u00f4metros de Jo\u00e3o Pessoa) prendeu um grupo de assaltantes que agia roubando motos,\" \/>\n<meta property=\"og:url\" content=\"https:\/\/www.pm.pb.gov.br\/portal\/2013\/03\/22\/10_bpm_prende_quadrilha_de_assaltos_a_estabelecimento_comerciais\/\" \/>\n<meta property=\"og:site_name\" content=\"Pol\u00edcia Militar da Para\u00edba\" \/>\n<meta property=\"article:published_time\" content=\"2013-03-22T11:03:43+00:00\" \/>\n<meta property=\"og:image\" content=\"https:\/\/www.pm.pb.gov.br\/portal\/wp-content\/uploads\/2013\/03\/7842_10046.jpg\" \/>\n\t<meta property=\"og:image:width\" content=\"571\" \/>\n\t<meta property=\"og:image:height\" content=\"315\" \/>\n\t<meta property=\"og:image:type\" content=\"image\/jpeg\" \/>\n<meta name=\"author\" content=\"Assessoria de Imprensa da PMPB\" \/>\n<meta name=\"twitter:card\" content=\"summary_large_image\" \/>\n<meta name=\"twitter:label1\" content=\"Escrito por\" \/>\n\t<meta name=\"twitter:data1\" content=\"Assessoria de Imprensa da PMPB\" \/>\n\t<meta name=\"twitter:label2\" content=\"Est. tempo de leitura\" \/>\n\t<meta name=\"twitter:data2\" content=\"1 minuto\" \/>\n<script type=\"application\/ld+json\" class=\"yoast-schema-graph\">{\"@context\":\"https:\/\/schema.org\",\"@graph\":[{\"@type\":\"Article\",\"@id\":\"https:\/\/www.pm.pb.gov.br\/portal\/2013\/03\/22\/10_bpm_prende_quadrilha_de_assaltos_a_estabelecimento_comerciais\/#article\",\"isPartOf\":{\"@id\":\"https:\/\/www.pm.pb.gov.br\/portal\/2013\/03\/22\/10_bpm_prende_quadrilha_de_assaltos_a_estabelecimento_comerciais\/\"},\"author\":{\"name\":\"Assessoria de Imprensa da PMPB\",\"@id\":\"https:\/\/www.pm.pb.gov.br\/portal\/#\/schema\/person\/e8454f46651c3ecf0e1ba3c1666d9947\"},\"headline\":\"10\u00ba BPM prende quadrilha de assaltos a estabelecimento comerciais\",\"datePublished\":\"2013-03-22T11:03:43+00:00\",\"dateModified\":\"2013-03-22T11:03:43+00:00\",\"mainEntityOfPage\":{\"@id\":\"https:\/\/www.pm.pb.gov.br\/portal\/2013\/03\/22\/10_bpm_prende_quadrilha_de_assaltos_a_estabelecimento_comerciais\/\"},\"wordCount\":239,\"publisher\":{\"@id\":\"https:\/\/www.pm.pb.gov.br\/portal\/#organization\"},\"articleSection\":[\"A\u00e7\u00f5es Policiais\"],\"inLanguage\":\"pt-BR\"},{\"@type\":\"WebPage\",\"@id\":\"https:\/\/www.pm.pb.gov.br\/portal\/2013\/03\/22\/10_bpm_prende_quadrilha_de_assaltos_a_estabelecimento_comerciais\/\",\"url\":\"https:\/\/www.pm.pb.gov.br\/portal\/2013\/03\/22\/10_bpm_prende_quadrilha_de_assaltos_a_estabelecimento_comerciais\/\",\"name\":\"10\u00ba BPM prende quadrilha de assaltos a estabelecimento comerciais - Pol\u00edcia Militar da Para\u00edba\",\"isPartOf\":{\"@id\":\"https:\/\/www.pm.pb.gov.br\/portal\/#website\"},\"datePublished\":\"2013-03-22T11:03:43+00:00\",\"dateModified\":\"2013-03-22T11:03:43+00:00\",\"breadcrumb\":{\"@id\":\"https:\/\/www.pm.pb.gov.br\/portal\/2013\/03\/22\/10_bpm_prende_quadrilha_de_assaltos_a_estabelecimento_comerciais\/#breadcrumb\"},\"inLanguage\":\"pt-BR\",\"potentialAction\":[{\"@type\":\"ReadAction\",\"target\":[\"https:\/\/www.pm.pb.gov.br\/portal\/2013\/03\/22\/10_bpm_prende_quadrilha_de_assaltos_a_estabelecimento_comerciais\/\"]}]},{\"@type\":\"BreadcrumbList\",\"@id\":\"https:\/\/www.pm.pb.gov.br\/portal\/2013\/03\/22\/10_bpm_prende_quadrilha_de_assaltos_a_estabelecimento_comerciais\/#breadcrumb\",\"itemListElement\":[{\"@type\":\"ListItem\",\"position\":1,\"name\":\"In\u00edcio\",\"item\":\"https:\/\/www.pm.pb.gov.br\/portal\/\"},{\"@type\":\"ListItem\",\"position\":2,\"name\":\"10\u00ba BPM prende quadrilha de assaltos a estabelecimento comerciais\"}]},{\"@type\":\"WebSite\",\"@id\":\"https:\/\/www.pm.pb.gov.br\/portal\/#website\",\"url\":\"https:\/\/www.pm.pb.gov.br\/portal\/\",\"name\":\"Pol\u00edcia Militar da Para\u00edba\",\"description\":\"\",\"publisher\":{\"@id\":\"https:\/\/www.pm.pb.gov.br\/portal\/#organization\"},\"potentialAction\":[{\"@type\":\"SearchAction\",\"target\":{\"@type\":\"EntryPoint\",\"urlTemplate\":\"https:\/\/www.pm.pb.gov.br\/portal\/?s={search_term_string}\"},\"query-input\":\"required name=search_term_string\"}],\"inLanguage\":\"pt-BR\"},{\"@type\":\"Organization\",\"@id\":\"https:\/\/www.pm.pb.gov.br\/portal\/#organization\",\"name\":\"Pol\u00edcia Militar da Para\u00edba\",\"url\":\"https:\/\/www.pm.pb.gov.br\/portal\/\",\"logo\":{\"@type\":\"ImageObject\",\"inLanguage\":\"pt-BR\",\"@id\":\"https:\/\/www.pm.pb.gov.br\/portal\/#\/schema\/logo\/image\/\",\"url\":\"https:\/\/www.pm.pb.gov.br\/portal\/wp-content\/uploads\/2025\/03\/cropped-logo-site-mag2-1.png\",\"contentUrl\":\"https:\/\/www.pm.pb.gov.br\/portal\/wp-content\/uploads\/2025\/03\/cropped-logo-site-mag2-1.png\",\"width\":320,\"height\":90,\"caption\":\"Pol\u00edcia Militar da Para\u00edba\"},\"image\":{\"@id\":\"https:\/\/www.pm.pb.gov.br\/portal\/#\/schema\/logo\/image\/\"}},{\"@type\":\"Person\",\"@id\":\"https:\/\/www.pm.pb.gov.br\/portal\/#\/schema\/person\/e8454f46651c3ecf0e1ba3c1666d9947\",\"name\":\"Assessoria de Imprensa da PMPB\",\"image\":{\"@type\":\"ImageObject\",\"inLanguage\":\"pt-BR\",\"@id\":\"https:\/\/www.pm.pb.gov.br\/portal\/#\/schema\/person\/image\/\",\"url\":\"https:\/\/secure.gravatar.com\/avatar\/2efe197438265d1e90bd98c4c8e1acf8?s=96&d=mm&r=g\",\"contentUrl\":\"https:\/\/secure.gravatar.com\/avatar\/2efe197438265d1e90bd98c4c8e1acf8?s=96&d=mm&r=g\",\"caption\":\"Assessoria de Imprensa da PMPB\"},\"url\":\"https:\/\/www.pm.pb.gov.br\/portal\/author\/assessoria\/\"}]}<\/script>\n<!-- \/ Yoast SEO plugin. -->","yoast_head_json":{"title":"10\u00ba BPM prende quadrilha de assaltos a estabelecimento comerciais - Pol\u00edcia Militar da Para\u00edba","robots":{"index":"index","follow":"follow","max-snippet":"max-snippet:-1","max-image-preview":"max-image-preview:large","max-video-preview":"max-video-preview:-1"},"canonical":"https:\/\/www.pm.pb.gov.br\/portal\/2013\/03\/22\/10_bpm_prende_quadrilha_de_assaltos_a_estabelecimento_comerciais\/","og_locale":"pt_BR","og_type":"article","og_title":"10\u00ba BPM prende quadrilha de assaltos a estabelecimento comerciais - Pol\u00edcia Militar da Para\u00edba","og_description":"A Pol\u00edcia Militar de Rem\u00edgio (a 157 quil\u00f4metros de Jo\u00e3o Pessoa) prendeu um grupo de assaltantes que agia roubando motos,","og_url":"https:\/\/www.pm.pb.gov.br\/portal\/2013\/03\/22\/10_bpm_prende_quadrilha_de_assaltos_a_estabelecimento_comerciais\/","og_site_name":"Pol\u00edcia Militar da Para\u00edba","article_published_time":"2013-03-22T11:03:43+00:00","og_image":[{"width":571,"height":315,"url":"https:\/\/www.pm.pb.gov.br\/portal\/wp-content\/uploads\/2013\/03\/7842_10046.jpg","type":"image\/jpeg"}],"author":"Assessoria de Imprensa da PMPB","twitter_card":"summary_large_image","twitter_misc":{"Escrito por":"Assessoria de Imprensa da PMPB","Est. tempo de leitura":"1 minuto"},"schema":{"@context":"https:\/\/schema.org","@graph":[{"@type":"Article","@id":"https:\/\/www.pm.pb.gov.br\/portal\/2013\/03\/22\/10_bpm_prende_quadrilha_de_assaltos_a_estabelecimento_comerciais\/#article","isPartOf":{"@id":"https:\/\/www.pm.pb.gov.br\/portal\/2013\/03\/22\/10_bpm_prende_quadrilha_de_assaltos_a_estabelecimento_comerciais\/"},"author":{"name":"Assessoria de Imprensa da PMPB","@id":"https:\/\/www.pm.pb.gov.br\/portal\/#\/schema\/person\/e8454f46651c3ecf0e1ba3c1666d9947"},"headline":"10\u00ba BPM prende quadrilha de assaltos a estabelecimento comerciais","datePublished":"2013-03-22T11:03:43+00:00","dateModified":"2013-03-22T11:03:43+00:00","mainEntityOfPage":{"@id":"https:\/\/www.pm.pb.gov.br\/portal\/2013\/03\/22\/10_bpm_prende_quadrilha_de_assaltos_a_estabelecimento_comerciais\/"},"wordCount":239,"publisher":{"@id":"https:\/\/www.pm.pb.gov.br\/portal\/#organization"},"articleSection":["A\u00e7\u00f5es Policiais"],"inLanguage":"pt-BR"},{"@type":"WebPage","@id":"https:\/\/www.pm.pb.gov.br\/portal\/2013\/03\/22\/10_bpm_prende_quadrilha_de_assaltos_a_estabelecimento_comerciais\/","url":"https:\/\/www.pm.pb.gov.br\/portal\/2013\/03\/22\/10_bpm_prende_quadrilha_de_assaltos_a_estabelecimento_comerciais\/","name":"10\u00ba BPM prende quadrilha de assaltos a estabelecimento comerciais - Pol\u00edcia Militar da Para\u00edba","isPartOf":{"@id":"https:\/\/www.pm.pb.gov.br\/portal\/#website"},"datePublished":"2013-03-22T11:03:43+00:00","dateModified":"2013-03-22T11:03:43+00:00","breadcrumb":{"@id":"https:\/\/www.pm.pb.gov.br\/portal\/2013\/03\/22\/10_bpm_prende_quadrilha_de_assaltos_a_estabelecimento_comerciais\/#breadcrumb"},"inLanguage":"pt-BR","potentialAction":[{"@type":"ReadAction","target":["https:\/\/www.pm.pb.gov.br\/portal\/2013\/03\/22\/10_bpm_prende_quadrilha_de_assaltos_a_estabelecimento_comerciais\/"]}]},{"@type":"BreadcrumbList","@id":"https:\/\/www.pm.pb.gov.br\/portal\/2013\/03\/22\/10_bpm_prende_quadrilha_de_assaltos_a_estabelecimento_comerciais\/#breadcrumb","itemListElement":[{"@type":"ListItem","position":1,"name":"In\u00edcio","item":"https:\/\/www.pm.pb.gov.br\/portal\/"},{"@type":"ListItem","position":2,"name":"10\u00ba BPM prende quadrilha de assaltos a estabelecimento comerciais"}]},{"@type":"WebSite","@id":"https:\/\/www.pm.pb.gov.br\/portal\/#website","url":"https:\/\/www.pm.pb.gov.br\/portal\/","name":"Pol\u00edcia Militar da Para\u00edba","description":"","publisher":{"@id":"https:\/\/www.pm.pb.gov.br\/portal\/#organization"},"potentialAction":[{"@type":"SearchAction","target":{"@type":"EntryPoint","urlTemplate":"https:\/\/www.pm.pb.gov.br\/portal\/?s={search_term_string}"},"query-input":"required name=search_term_string"}],"inLanguage":"pt-BR"},{"@type":"Organization","@id":"https:\/\/www.pm.pb.gov.br\/portal\/#organization","name":"Pol\u00edcia Militar da Para\u00edba","url":"https:\/\/www.pm.pb.gov.br\/portal\/","logo":{"@type":"ImageObject","inLanguage":"pt-BR","@id":"https:\/\/www.pm.pb.gov.br\/portal\/#\/schema\/logo\/image\/","url":"https:\/\/www.pm.pb.gov.br\/portal\/wp-content\/uploads\/2025\/03\/cropped-logo-site-mag2-1.png","contentUrl":"https:\/\/www.pm.pb.gov.br\/portal\/wp-content\/uploads\/2025\/03\/cropped-logo-site-mag2-1.png","width":320,"height":90,"caption":"Pol\u00edcia Militar da Para\u00edba"},"image":{"@id":"https:\/\/www.pm.pb.gov.br\/portal\/#\/schema\/logo\/image\/"}},{"@type":"Person","@id":"https:\/\/www.pm.pb.gov.br\/portal\/#\/schema\/person\/e8454f46651c3ecf0e1ba3c1666d9947","name":"Assessoria de Imprensa da PMPB","image":{"@type":"ImageObject","inLanguage":"pt-BR","@id":"https:\/\/www.pm.pb.gov.br\/portal\/#\/schema\/person\/image\/","url":"https:\/\/secure.gravatar.com\/avatar\/2efe197438265d1e90bd98c4c8e1acf8?s=96&d=mm&r=g","contentUrl":"https:\/\/secure.gravatar.com\/avatar\/2efe197438265d1e90bd98c4c8e1acf8?s=96&d=mm&r=g","caption":"Assessoria de Imprensa da PMPB"},"url":"https:\/\/www.pm.pb.gov.br\/portal\/author\/assessoria\/"}]}},"_links":{"self":[{"href":"https:\/\/www.pm.pb.gov.br\/portal\/wp-json\/wp\/v2\/posts\/891838"}],"collection":[{"href":"https:\/\/www.pm.pb.gov.br\/portal\/wp-json\/wp\/v2\/posts"}],"about":[{"href":"https:\/\/www.pm.pb.gov.br\/portal\/wp-json\/wp\/v2\/types\/post"}],"author":[{"embeddable":true,"href":"https:\/\/www.pm.pb.gov.br\/portal\/wp-json\/wp\/v2\/users\/5"}],"replies":[{"embeddable":true,"href":"https:\/\/www.pm.pb.gov.br\/portal\/wp-json\/wp\/v2\/comments?post=891838"}],"version-history":[{"count":0,"href":"https:\/\/www.pm.pb.gov.br\/portal\/wp-json\/wp\/v2\/posts\/891838\/revisions"}],"wp:featuredmedia":[{"embeddable":true,"href":"https:\/\/www.pm.pb.gov.br\/portal\/wp-json\/wp\/v2\/media\/10046"}],"wp:attachment":[{"href":"https:\/\/www.pm.pb.gov.br\/portal\/wp-json\/wp\/v2\/media?parent=891838"}],"wp:term":[{"taxonomy":"category","embeddable":true,"href":"https:\/\/www.pm.pb.gov.br\/portal\/wp-json\/wp\/v2\/categories?post=891838"},{"taxonomy":"post_tag","embeddable":true,"href":"https:\/\/www.pm.pb.gov.br\/portal\/wp-json\/wp\/v2\/tags?post=891838"}],"curies":[{"name":"wp","href":"https:\/\/api.w.org\/{rel}","templated":true}]}}