{"id":891813,"date":"2013-03-15T11:03:42","date_gmt":"2013-03-15T14:03:42","guid":{"rendered":"http:\/\/www.pm.pb.gov.br\/portal\/2013\/03\/cpm_abre_segunda_chamada_publica_para_aquisicao_de_alimentos\/"},"modified":"2013-03-15T11:03:42","modified_gmt":"2013-03-15T14:03:42","slug":"cpm_abre_segunda_chamada_publica_para_aquisicao_de_alimentos","status":"publish","type":"post","link":"https:\/\/www.pm.pb.gov.br\/portal\/2013\/03\/15\/cpm_abre_segunda_chamada_publica_para_aquisicao_de_alimentos\/","title":{"rendered":"CPM abre segunda Chamada P\u00fablica para aquisi\u00e7\u00e3o de alimentos"},"content":{"rendered":"<figure style=\"width: 500px\" class=\"wp-caption alignnone\"><img decoding=\"async\" class=\"alignnone size-medium\" src=\"http:\/\/www.pm.pb.gov.br\/portal\/wp-content\/uploads\/2013\/03\/7806_9968.jpg\" title=\"O Col\u00e9gio da Pol\u00edcia Militar fica na Via Local, n\u00famero 87, Mangabeira VIII, Jo\u00e3o Pessoa\" width=\"100%\" \/><figcaption class=\"wp-caption-text\">O Col\u00e9gio da Pol\u00edcia Militar fica na Via Local, n\u00famero 87, Mangabeira VIII, Jo\u00e3o Pessoa<\/figcaption><\/figure>\n<div style=\"text-align: justify;\">O Conselho Escolar do Col\u00e9gio da Pol\u00edcia Militar da Para\u00edba (CPM) abriu edital com segunda Chamada P\u00fablica para aquisi\u00e7\u00e3o de g\u00eaneros aliment\u00edcios da Agricultura Familiar e do Empreendedor Familiar Rural \u0096 inclu\u00eddos no Programa Nacional de Alimenta\u00e7\u00e3o Escolar. Conforme o documento, os fornecedores interessados devem se habilitar a partir desta sexta (15) at\u00e9 o pr\u00f3ximo dia 25 de mar\u00e7o, levando toda a documenta\u00e7\u00e3o necess\u00e1ria (ver quadrinho abaixo) at\u00e9 a sede do CPM.<\/p>\n<p>Ainda segundo o edital, as amostras dos produtos dever\u00e3o ser entregue at\u00e9 \u00e0s 12h do dia 26 de mar\u00e7o, tamb\u00e9m no Col\u00e9gio da Pol\u00edcia Militar, na Via Local, n\u00famero 87, Mangabeira VIII, Jo\u00e3o Pessoa. Todas as especifica\u00e7\u00f5es e as quantidades dos produtos a serem adquiridos est\u00e3o dispon\u00edveis no edital, distribu\u00eddo nas Escolas Estaduais e nas Ger\u00eancias Regional de Ensino.<\/p>\n<p>Documentos para habilita\u00e7\u00e3o:<\/p>\n<p>Os Grupos Informais de Agricultores Familiares dever\u00e3o entregar:<\/p>\n<p>a) prova de inscri\u00e7\u00e3o no Cadastro de Pessoa F\u00edsica (CPF);<br \/>\nb) c\u00f3pia da Declara\u00e7\u00e3o de Aptid\u00e3o ao PRONAF &#8211; DAP principal, ou extrato da DAP, de cada Agricultor Familiar participante;<br \/>\nc) Projeto de Venda de G\u00eaneros Aliment\u00edcios da Agricultura Familiar para Alimenta\u00e7\u00e3o Escolar, elaborado conjuntamente entre o Grupo Informal e a Entidade Articuladora e assinado por todos os Agricultores Familiares participantes;<br \/>\nd) prova de atendimento de requisitos previstos em lei espec\u00edfica, quando for o caso.<\/p>\n<p>Os Grupos Formais da Agricultura Familiar e de Empreendedores Familiares Rurais constitu\u00eddos em Cooperativas e Associa\u00e7\u00f5es dever\u00e3o entregar:<\/p>\n<p>a) prova de inscri\u00e7\u00e3o no Cadastro Nacional de Pessoa Jur\u00eddica (CNPJ);<br \/>\nb) c\u00f3pia da Declara\u00e7\u00e3o de Aptid\u00e3o ao PRONAF &#8211; DAP Jur\u00eddica para associa\u00e7\u00f5es e cooperativas;<br \/>\nc) c\u00f3pias das certid\u00f5es negativas junto ao INSS, FGTS, Receita Federal e D\u00edvida Ativa da<br \/>\nUni\u00e3o;<br \/>\nd) c\u00f3pias do estatuto e ata de posse da atual diretoria da entidade registrada na Junta Comercial, no caso de cooperativas, ou Cart\u00f3rio de Registro Civil de Pessoas Jur\u00eddicas, no caso de associa\u00e7\u00f5es. No caso de empreendimentos familiares, dever\u00e1 ser apresentada c\u00f3pia do Contrato Social, registrado em Cart\u00f3rio de Registro Civil de Pessoa Jur\u00eddica;<br \/>\ne) Projeto de Venda de G\u00eaneros Aliment\u00edcios da Agricultura Familiar para Alimenta\u00e7\u00e3o<br \/>\nEscolar;<br \/>\nf) prova de atendimento de requisitos previstos em lei especial, quando for o caso.<\/p>\n<div class=\"row\" align=\"center\"><\/div>\n<\/div>\n","protected":false},"excerpt":{"rendered":"<p>O Conselho Escolar do Col\u00e9gio da Pol\u00edcia Militar da Para\u00edba (CPM) abriu edital com segunda Chamada P\u00fablica para aquisi\u00e7\u00e3o de<\/p>\n","protected":false},"author":5,"featured_media":9968,"comment_status":"closed","ping_status":"closed","sticky":false,"template":"","format":"standard","meta":{"_exactmetrics_skip_tracking":false,"_exactmetrics_sitenote_active":false,"_exactmetrics_sitenote_note":"","_exactmetrics_sitenote_category":0,"footnotes":""},"categories":[4],"tags":[],"yoast_head":"<!-- This site is optimized with the Yoast SEO plugin v22.0 - https:\/\/yoast.com\/wordpress\/plugins\/seo\/ -->\n<title>CPM abre segunda Chamada P\u00fablica para aquisi\u00e7\u00e3o de alimentos - Pol\u00edcia Militar da Para\u00edba<\/title>\n<meta name=\"robots\" content=\"index, follow, max-snippet:-1, max-image-preview:large, max-video-preview:-1\" \/>\n<link rel=\"canonical\" href=\"https:\/\/www.pm.pb.gov.br\/portal\/2013\/03\/15\/cpm_abre_segunda_chamada_publica_para_aquisicao_de_alimentos\/\" \/>\n<meta property=\"og:locale\" content=\"pt_BR\" \/>\n<meta property=\"og:type\" content=\"article\" \/>\n<meta property=\"og:title\" content=\"CPM abre segunda Chamada P\u00fablica para aquisi\u00e7\u00e3o de alimentos - Pol\u00edcia Militar da Para\u00edba\" \/>\n<meta property=\"og:description\" content=\"O Conselho Escolar do Col\u00e9gio da Pol\u00edcia Militar da Para\u00edba (CPM) abriu edital com segunda Chamada P\u00fablica para aquisi\u00e7\u00e3o de\" \/>\n<meta property=\"og:url\" content=\"https:\/\/www.pm.pb.gov.br\/portal\/2013\/03\/15\/cpm_abre_segunda_chamada_publica_para_aquisicao_de_alimentos\/\" \/>\n<meta property=\"og:site_name\" content=\"Pol\u00edcia Militar da Para\u00edba\" \/>\n<meta property=\"article:published_time\" content=\"2013-03-15T14:03:42+00:00\" \/>\n<meta property=\"og:image\" content=\"https:\/\/www.pm.pb.gov.br\/portal\/wp-content\/uploads\/2013\/03\/7806_9968.jpg\" \/>\n\t<meta property=\"og:image:width\" content=\"500\" \/>\n\t<meta property=\"og:image:height\" content=\"375\" \/>\n\t<meta property=\"og:image:type\" content=\"image\/jpeg\" \/>\n<meta name=\"author\" content=\"Assessoria de Imprensa da PMPB\" \/>\n<meta name=\"twitter:card\" content=\"summary_large_image\" \/>\n<meta name=\"twitter:label1\" content=\"Escrito por\" \/>\n\t<meta name=\"twitter:data1\" content=\"Assessoria de Imprensa da PMPB\" \/>\n\t<meta name=\"twitter:label2\" content=\"Est. tempo de leitura\" \/>\n\t<meta name=\"twitter:data2\" content=\"2 minutos\" \/>\n<script type=\"application\/ld+json\" class=\"yoast-schema-graph\">{\"@context\":\"https:\/\/schema.org\",\"@graph\":[{\"@type\":\"Article\",\"@id\":\"https:\/\/www.pm.pb.gov.br\/portal\/2013\/03\/15\/cpm_abre_segunda_chamada_publica_para_aquisicao_de_alimentos\/#article\",\"isPartOf\":{\"@id\":\"https:\/\/www.pm.pb.gov.br\/portal\/2013\/03\/15\/cpm_abre_segunda_chamada_publica_para_aquisicao_de_alimentos\/\"},\"author\":{\"name\":\"Assessoria de Imprensa da PMPB\",\"@id\":\"https:\/\/www.pm.pb.gov.br\/portal\/#\/schema\/person\/e8454f46651c3ecf0e1ba3c1666d9947\"},\"headline\":\"CPM abre segunda Chamada P\u00fablica para aquisi\u00e7\u00e3o de alimentos\",\"datePublished\":\"2013-03-15T14:03:42+00:00\",\"dateModified\":\"2013-03-15T14:03:42+00:00\",\"mainEntityOfPage\":{\"@id\":\"https:\/\/www.pm.pb.gov.br\/portal\/2013\/03\/15\/cpm_abre_segunda_chamada_publica_para_aquisicao_de_alimentos\/\"},\"wordCount\":448,\"publisher\":{\"@id\":\"https:\/\/www.pm.pb.gov.br\/portal\/#organization\"},\"articleSection\":[\"A\u00e7\u00f5es Policiais\"],\"inLanguage\":\"pt-BR\"},{\"@type\":\"WebPage\",\"@id\":\"https:\/\/www.pm.pb.gov.br\/portal\/2013\/03\/15\/cpm_abre_segunda_chamada_publica_para_aquisicao_de_alimentos\/\",\"url\":\"https:\/\/www.pm.pb.gov.br\/portal\/2013\/03\/15\/cpm_abre_segunda_chamada_publica_para_aquisicao_de_alimentos\/\",\"name\":\"CPM abre segunda Chamada P\u00fablica para aquisi\u00e7\u00e3o de alimentos - Pol\u00edcia Militar da Para\u00edba\",\"isPartOf\":{\"@id\":\"https:\/\/www.pm.pb.gov.br\/portal\/#website\"},\"datePublished\":\"2013-03-15T14:03:42+00:00\",\"dateModified\":\"2013-03-15T14:03:42+00:00\",\"breadcrumb\":{\"@id\":\"https:\/\/www.pm.pb.gov.br\/portal\/2013\/03\/15\/cpm_abre_segunda_chamada_publica_para_aquisicao_de_alimentos\/#breadcrumb\"},\"inLanguage\":\"pt-BR\",\"potentialAction\":[{\"@type\":\"ReadAction\",\"target\":[\"https:\/\/www.pm.pb.gov.br\/portal\/2013\/03\/15\/cpm_abre_segunda_chamada_publica_para_aquisicao_de_alimentos\/\"]}]},{\"@type\":\"BreadcrumbList\",\"@id\":\"https:\/\/www.pm.pb.gov.br\/portal\/2013\/03\/15\/cpm_abre_segunda_chamada_publica_para_aquisicao_de_alimentos\/#breadcrumb\",\"itemListElement\":[{\"@type\":\"ListItem\",\"position\":1,\"name\":\"In\u00edcio\",\"item\":\"https:\/\/www.pm.pb.gov.br\/portal\/\"},{\"@type\":\"ListItem\",\"position\":2,\"name\":\"CPM abre segunda Chamada P\u00fablica para aquisi\u00e7\u00e3o de alimentos\"}]},{\"@type\":\"WebSite\",\"@id\":\"https:\/\/www.pm.pb.gov.br\/portal\/#website\",\"url\":\"https:\/\/www.pm.pb.gov.br\/portal\/\",\"name\":\"Pol\u00edcia Militar da Para\u00edba\",\"description\":\"\",\"publisher\":{\"@id\":\"https:\/\/www.pm.pb.gov.br\/portal\/#organization\"},\"potentialAction\":[{\"@type\":\"SearchAction\",\"target\":{\"@type\":\"EntryPoint\",\"urlTemplate\":\"https:\/\/www.pm.pb.gov.br\/portal\/?s={search_term_string}\"},\"query-input\":\"required name=search_term_string\"}],\"inLanguage\":\"pt-BR\"},{\"@type\":\"Organization\",\"@id\":\"https:\/\/www.pm.pb.gov.br\/portal\/#organization\",\"name\":\"Pol\u00edcia Militar da Para\u00edba\",\"url\":\"https:\/\/www.pm.pb.gov.br\/portal\/\",\"logo\":{\"@type\":\"ImageObject\",\"inLanguage\":\"pt-BR\",\"@id\":\"https:\/\/www.pm.pb.gov.br\/portal\/#\/schema\/logo\/image\/\",\"url\":\"https:\/\/www.pm.pb.gov.br\/portal\/wp-content\/uploads\/2025\/03\/cropped-logo-site-mag2-1.png\",\"contentUrl\":\"https:\/\/www.pm.pb.gov.br\/portal\/wp-content\/uploads\/2025\/03\/cropped-logo-site-mag2-1.png\",\"width\":320,\"height\":90,\"caption\":\"Pol\u00edcia Militar da Para\u00edba\"},\"image\":{\"@id\":\"https:\/\/www.pm.pb.gov.br\/portal\/#\/schema\/logo\/image\/\"}},{\"@type\":\"Person\",\"@id\":\"https:\/\/www.pm.pb.gov.br\/portal\/#\/schema\/person\/e8454f46651c3ecf0e1ba3c1666d9947\",\"name\":\"Assessoria de Imprensa da PMPB\",\"image\":{\"@type\":\"ImageObject\",\"inLanguage\":\"pt-BR\",\"@id\":\"https:\/\/www.pm.pb.gov.br\/portal\/#\/schema\/person\/image\/\",\"url\":\"https:\/\/secure.gravatar.com\/avatar\/2efe197438265d1e90bd98c4c8e1acf8?s=96&d=mm&r=g\",\"contentUrl\":\"https:\/\/secure.gravatar.com\/avatar\/2efe197438265d1e90bd98c4c8e1acf8?s=96&d=mm&r=g\",\"caption\":\"Assessoria de Imprensa da PMPB\"},\"url\":\"https:\/\/www.pm.pb.gov.br\/portal\/author\/assessoria\/\"}]}<\/script>\n<!-- \/ Yoast SEO plugin. -->","yoast_head_json":{"title":"CPM abre segunda Chamada P\u00fablica para aquisi\u00e7\u00e3o de alimentos - Pol\u00edcia Militar da Para\u00edba","robots":{"index":"index","follow":"follow","max-snippet":"max-snippet:-1","max-image-preview":"max-image-preview:large","max-video-preview":"max-video-preview:-1"},"canonical":"https:\/\/www.pm.pb.gov.br\/portal\/2013\/03\/15\/cpm_abre_segunda_chamada_publica_para_aquisicao_de_alimentos\/","og_locale":"pt_BR","og_type":"article","og_title":"CPM abre segunda Chamada P\u00fablica para aquisi\u00e7\u00e3o de alimentos - Pol\u00edcia Militar da Para\u00edba","og_description":"O Conselho Escolar do Col\u00e9gio da Pol\u00edcia Militar da Para\u00edba (CPM) abriu edital com segunda Chamada P\u00fablica para aquisi\u00e7\u00e3o de","og_url":"https:\/\/www.pm.pb.gov.br\/portal\/2013\/03\/15\/cpm_abre_segunda_chamada_publica_para_aquisicao_de_alimentos\/","og_site_name":"Pol\u00edcia Militar da Para\u00edba","article_published_time":"2013-03-15T14:03:42+00:00","og_image":[{"width":500,"height":375,"url":"https:\/\/www.pm.pb.gov.br\/portal\/wp-content\/uploads\/2013\/03\/7806_9968.jpg","type":"image\/jpeg"}],"author":"Assessoria de Imprensa da PMPB","twitter_card":"summary_large_image","twitter_misc":{"Escrito por":"Assessoria de Imprensa da PMPB","Est. tempo de leitura":"2 minutos"},"schema":{"@context":"https:\/\/schema.org","@graph":[{"@type":"Article","@id":"https:\/\/www.pm.pb.gov.br\/portal\/2013\/03\/15\/cpm_abre_segunda_chamada_publica_para_aquisicao_de_alimentos\/#article","isPartOf":{"@id":"https:\/\/www.pm.pb.gov.br\/portal\/2013\/03\/15\/cpm_abre_segunda_chamada_publica_para_aquisicao_de_alimentos\/"},"author":{"name":"Assessoria de Imprensa da PMPB","@id":"https:\/\/www.pm.pb.gov.br\/portal\/#\/schema\/person\/e8454f46651c3ecf0e1ba3c1666d9947"},"headline":"CPM abre segunda Chamada P\u00fablica para aquisi\u00e7\u00e3o de alimentos","datePublished":"2013-03-15T14:03:42+00:00","dateModified":"2013-03-15T14:03:42+00:00","mainEntityOfPage":{"@id":"https:\/\/www.pm.pb.gov.br\/portal\/2013\/03\/15\/cpm_abre_segunda_chamada_publica_para_aquisicao_de_alimentos\/"},"wordCount":448,"publisher":{"@id":"https:\/\/www.pm.pb.gov.br\/portal\/#organization"},"articleSection":["A\u00e7\u00f5es Policiais"],"inLanguage":"pt-BR"},{"@type":"WebPage","@id":"https:\/\/www.pm.pb.gov.br\/portal\/2013\/03\/15\/cpm_abre_segunda_chamada_publica_para_aquisicao_de_alimentos\/","url":"https:\/\/www.pm.pb.gov.br\/portal\/2013\/03\/15\/cpm_abre_segunda_chamada_publica_para_aquisicao_de_alimentos\/","name":"CPM abre segunda Chamada P\u00fablica para aquisi\u00e7\u00e3o de alimentos - Pol\u00edcia Militar da Para\u00edba","isPartOf":{"@id":"https:\/\/www.pm.pb.gov.br\/portal\/#website"},"datePublished":"2013-03-15T14:03:42+00:00","dateModified":"2013-03-15T14:03:42+00:00","breadcrumb":{"@id":"https:\/\/www.pm.pb.gov.br\/portal\/2013\/03\/15\/cpm_abre_segunda_chamada_publica_para_aquisicao_de_alimentos\/#breadcrumb"},"inLanguage":"pt-BR","potentialAction":[{"@type":"ReadAction","target":["https:\/\/www.pm.pb.gov.br\/portal\/2013\/03\/15\/cpm_abre_segunda_chamada_publica_para_aquisicao_de_alimentos\/"]}]},{"@type":"BreadcrumbList","@id":"https:\/\/www.pm.pb.gov.br\/portal\/2013\/03\/15\/cpm_abre_segunda_chamada_publica_para_aquisicao_de_alimentos\/#breadcrumb","itemListElement":[{"@type":"ListItem","position":1,"name":"In\u00edcio","item":"https:\/\/www.pm.pb.gov.br\/portal\/"},{"@type":"ListItem","position":2,"name":"CPM abre segunda Chamada P\u00fablica para aquisi\u00e7\u00e3o de alimentos"}]},{"@type":"WebSite","@id":"https:\/\/www.pm.pb.gov.br\/portal\/#website","url":"https:\/\/www.pm.pb.gov.br\/portal\/","name":"Pol\u00edcia Militar da Para\u00edba","description":"","publisher":{"@id":"https:\/\/www.pm.pb.gov.br\/portal\/#organization"},"potentialAction":[{"@type":"SearchAction","target":{"@type":"EntryPoint","urlTemplate":"https:\/\/www.pm.pb.gov.br\/portal\/?s={search_term_string}"},"query-input":"required name=search_term_string"}],"inLanguage":"pt-BR"},{"@type":"Organization","@id":"https:\/\/www.pm.pb.gov.br\/portal\/#organization","name":"Pol\u00edcia Militar da Para\u00edba","url":"https:\/\/www.pm.pb.gov.br\/portal\/","logo":{"@type":"ImageObject","inLanguage":"pt-BR","@id":"https:\/\/www.pm.pb.gov.br\/portal\/#\/schema\/logo\/image\/","url":"https:\/\/www.pm.pb.gov.br\/portal\/wp-content\/uploads\/2025\/03\/cropped-logo-site-mag2-1.png","contentUrl":"https:\/\/www.pm.pb.gov.br\/portal\/wp-content\/uploads\/2025\/03\/cropped-logo-site-mag2-1.png","width":320,"height":90,"caption":"Pol\u00edcia Militar da Para\u00edba"},"image":{"@id":"https:\/\/www.pm.pb.gov.br\/portal\/#\/schema\/logo\/image\/"}},{"@type":"Person","@id":"https:\/\/www.pm.pb.gov.br\/portal\/#\/schema\/person\/e8454f46651c3ecf0e1ba3c1666d9947","name":"Assessoria de Imprensa da PMPB","image":{"@type":"ImageObject","inLanguage":"pt-BR","@id":"https:\/\/www.pm.pb.gov.br\/portal\/#\/schema\/person\/image\/","url":"https:\/\/secure.gravatar.com\/avatar\/2efe197438265d1e90bd98c4c8e1acf8?s=96&d=mm&r=g","contentUrl":"https:\/\/secure.gravatar.com\/avatar\/2efe197438265d1e90bd98c4c8e1acf8?s=96&d=mm&r=g","caption":"Assessoria de Imprensa da PMPB"},"url":"https:\/\/www.pm.pb.gov.br\/portal\/author\/assessoria\/"}]}},"_links":{"self":[{"href":"https:\/\/www.pm.pb.gov.br\/portal\/wp-json\/wp\/v2\/posts\/891813"}],"collection":[{"href":"https:\/\/www.pm.pb.gov.br\/portal\/wp-json\/wp\/v2\/posts"}],"about":[{"href":"https:\/\/www.pm.pb.gov.br\/portal\/wp-json\/wp\/v2\/types\/post"}],"author":[{"embeddable":true,"href":"https:\/\/www.pm.pb.gov.br\/portal\/wp-json\/wp\/v2\/users\/5"}],"replies":[{"embeddable":true,"href":"https:\/\/www.pm.pb.gov.br\/portal\/wp-json\/wp\/v2\/comments?post=891813"}],"version-history":[{"count":0,"href":"https:\/\/www.pm.pb.gov.br\/portal\/wp-json\/wp\/v2\/posts\/891813\/revisions"}],"wp:featuredmedia":[{"embeddable":true,"href":"https:\/\/www.pm.pb.gov.br\/portal\/wp-json\/wp\/v2\/media\/9968"}],"wp:attachment":[{"href":"https:\/\/www.pm.pb.gov.br\/portal\/wp-json\/wp\/v2\/media?parent=891813"}],"wp:term":[{"taxonomy":"category","embeddable":true,"href":"https:\/\/www.pm.pb.gov.br\/portal\/wp-json\/wp\/v2\/categories?post=891813"},{"taxonomy":"post_tag","embeddable":true,"href":"https:\/\/www.pm.pb.gov.br\/portal\/wp-json\/wp\/v2\/tags?post=891813"}],"curies":[{"name":"wp","href":"https:\/\/api.w.org\/{rel}","templated":true}]}}