{"id":891797,"date":"2013-03-12T11:03:50","date_gmt":"2013-03-12T14:03:50","guid":{"rendered":"http:\/\/www.pm.pb.gov.br\/portal\/2013\/03\/pm_apreende_mais_tres_envolvidos_em_assalto_a_joalheria\/"},"modified":"2013-03-12T11:03:50","modified_gmt":"2013-03-12T14:03:50","slug":"pm_apreende_mais_tres_envolvidos_em_assalto_a_joalheria","status":"publish","type":"post","link":"https:\/\/www.pm.pb.gov.br\/portal\/2013\/03\/12\/pm_apreende_mais_tres_envolvidos_em_assalto_a_joalheria\/","title":{"rendered":"PM apreende mais tr\u00eas envolvidos em assalto a joalheria"},"content":{"rendered":"<figure style=\"width: 500px\" class=\"wp-caption alignnone\"><img decoding=\"async\" class=\"alignnone size-medium\" src=\"http:\/\/www.pm.pb.gov.br\/portal\/wp-content\/uploads\/2013\/03\/7784_9927.jpg\" title=\"Policiais do 5\u00ba BPM participaram da pris\u00e3o (Foto: Werneck Moreno)\" width=\"100%\" \/><figcaption class=\"wp-caption-text\">Policiais do 5\u00ba BPM participaram da pris\u00e3o (Foto: Werneck Moreno)<\/figcaption><\/figure>\n<div style=\"text-align: justify;\">Mais tr\u00eas adolescentes suspeitos de envolvimento no assalto a uma joalheria localizada em um shopping, no Centro de Jo\u00e3o Pessoa, foram apreendidos pela Pol\u00edcia Militar por volta das 10h30 desta ter\u00e7a-feira (12). Os menores em conflito com a lei foram localizados no bairro Colinas do Sul (tamb\u00e9m na capital), ap\u00f3s a pol\u00edcia colher informa\u00e7\u00f5es com testemunhas do assalto e com outros tr\u00eas adolescentes apreendidos ainda na noite de segunda-feira (11), poucas horas ap\u00f3s o delito. No total, j\u00e1 s\u00e3o sei pessoas detidas pelo crime.<\/p>\n<p>Conforme o comandante do 5\u00ba Batalh\u00e3o (5\u00ba BPM), tenente coronel L\u00edvio Delgado, com os menores em conflito com a lei a pol\u00edcia apreendeu mais um rev\u00f3lver calibre 38 e cerca de dez rel\u00f3gios com etiquetas da loja roubada. \u0093Dos tr\u00eas adolescentes detidos hoje, dois participaram ativamente do assalto e outro ajudou a esconder os objetos roubados\u0094, contou L\u00edvio.<\/p>\n<p>A a\u00e7\u00e3o que culminou com a apreens\u00e3o dos adolescentes teve participa\u00e7\u00e3o da For\u00e7a T\u00e1tica do 5\u00ba BPM, da coordena\u00e7\u00e3o de Policiamento da Unidade e do Regimento de Policiamento Montado (RPMont). Os adolescentes foram levados, ainda durante a manh\u00e3, para a Delegacia da Inf\u00e2ncia e da Juventude, no Centro da capital.<\/p>\n<p>A pol\u00edcia n\u00e3o descarta a possibilidade dos detidos terem envolvimento com o assalto a uma joalheria de um shopping do bairro de Mana\u00edra, na \u00faltima quinta-feira (7). Um deles chegou a ser reconhecido por testemunhas como o mesmo que aparece nas grava\u00e7\u00f5es do roubo da semana passada. Os dois casos est\u00e3o sendo investigados pela Pol\u00edcia Civil.<\/p>\n<div class=\"row\" align=\"center\"><\/div>\n<\/div>\n","protected":false},"excerpt":{"rendered":"<p>Mais tr\u00eas adolescentes suspeitos de envolvimento no assalto a uma joalheria localizada em um shopping, no Centro de Jo\u00e3o Pessoa,<\/p>\n","protected":false},"author":5,"featured_media":9927,"comment_status":"closed","ping_status":"closed","sticky":false,"template":"","format":"standard","meta":{"_exactmetrics_skip_tracking":false,"_exactmetrics_sitenote_active":false,"_exactmetrics_sitenote_note":"","_exactmetrics_sitenote_category":0,"footnotes":""},"categories":[4],"tags":[],"yoast_head":"<!-- This site is optimized with the Yoast SEO plugin v22.0 - https:\/\/yoast.com\/wordpress\/plugins\/seo\/ -->\n<title>PM apreende mais tr\u00eas envolvidos em assalto a joalheria - Pol\u00edcia Militar da Para\u00edba<\/title>\n<meta name=\"robots\" content=\"index, follow, max-snippet:-1, max-image-preview:large, max-video-preview:-1\" \/>\n<link rel=\"canonical\" href=\"https:\/\/www.pm.pb.gov.br\/portal\/2013\/03\/12\/pm_apreende_mais_tres_envolvidos_em_assalto_a_joalheria\/\" \/>\n<meta property=\"og:locale\" content=\"pt_BR\" \/>\n<meta property=\"og:type\" content=\"article\" \/>\n<meta property=\"og:title\" content=\"PM apreende mais tr\u00eas envolvidos em assalto a joalheria - Pol\u00edcia Militar da Para\u00edba\" \/>\n<meta property=\"og:description\" content=\"Mais tr\u00eas adolescentes suspeitos de envolvimento no assalto a uma joalheria localizada em um shopping, no Centro de Jo\u00e3o Pessoa,\" \/>\n<meta property=\"og:url\" content=\"https:\/\/www.pm.pb.gov.br\/portal\/2013\/03\/12\/pm_apreende_mais_tres_envolvidos_em_assalto_a_joalheria\/\" \/>\n<meta property=\"og:site_name\" content=\"Pol\u00edcia Militar da Para\u00edba\" \/>\n<meta property=\"article:published_time\" content=\"2013-03-12T14:03:50+00:00\" \/>\n<meta property=\"og:image\" content=\"https:\/\/www.pm.pb.gov.br\/portal\/wp-content\/uploads\/2013\/03\/7784_9927.jpg\" \/>\n\t<meta property=\"og:image:width\" content=\"500\" \/>\n\t<meta property=\"og:image:height\" content=\"332\" \/>\n\t<meta property=\"og:image:type\" content=\"image\/jpeg\" \/>\n<meta name=\"author\" content=\"Assessoria de Imprensa da PMPB\" \/>\n<meta name=\"twitter:card\" content=\"summary_large_image\" \/>\n<meta name=\"twitter:label1\" content=\"Escrito por\" \/>\n\t<meta name=\"twitter:data1\" content=\"Assessoria de Imprensa da PMPB\" \/>\n\t<meta name=\"twitter:label2\" content=\"Est. tempo de leitura\" \/>\n\t<meta name=\"twitter:data2\" content=\"1 minuto\" \/>\n<script type=\"application\/ld+json\" class=\"yoast-schema-graph\">{\"@context\":\"https:\/\/schema.org\",\"@graph\":[{\"@type\":\"Article\",\"@id\":\"https:\/\/www.pm.pb.gov.br\/portal\/2013\/03\/12\/pm_apreende_mais_tres_envolvidos_em_assalto_a_joalheria\/#article\",\"isPartOf\":{\"@id\":\"https:\/\/www.pm.pb.gov.br\/portal\/2013\/03\/12\/pm_apreende_mais_tres_envolvidos_em_assalto_a_joalheria\/\"},\"author\":{\"name\":\"Assessoria de Imprensa da PMPB\",\"@id\":\"https:\/\/www.pm.pb.gov.br\/portal\/#\/schema\/person\/e8454f46651c3ecf0e1ba3c1666d9947\"},\"headline\":\"PM apreende mais tr\u00eas envolvidos em assalto a joalheria\",\"datePublished\":\"2013-03-12T14:03:50+00:00\",\"dateModified\":\"2013-03-12T14:03:50+00:00\",\"mainEntityOfPage\":{\"@id\":\"https:\/\/www.pm.pb.gov.br\/portal\/2013\/03\/12\/pm_apreende_mais_tres_envolvidos_em_assalto_a_joalheria\/\"},\"wordCount\":298,\"publisher\":{\"@id\":\"https:\/\/www.pm.pb.gov.br\/portal\/#organization\"},\"articleSection\":[\"A\u00e7\u00f5es Policiais\"],\"inLanguage\":\"pt-BR\"},{\"@type\":\"WebPage\",\"@id\":\"https:\/\/www.pm.pb.gov.br\/portal\/2013\/03\/12\/pm_apreende_mais_tres_envolvidos_em_assalto_a_joalheria\/\",\"url\":\"https:\/\/www.pm.pb.gov.br\/portal\/2013\/03\/12\/pm_apreende_mais_tres_envolvidos_em_assalto_a_joalheria\/\",\"name\":\"PM apreende mais tr\u00eas envolvidos em assalto a joalheria - Pol\u00edcia Militar da Para\u00edba\",\"isPartOf\":{\"@id\":\"https:\/\/www.pm.pb.gov.br\/portal\/#website\"},\"datePublished\":\"2013-03-12T14:03:50+00:00\",\"dateModified\":\"2013-03-12T14:03:50+00:00\",\"breadcrumb\":{\"@id\":\"https:\/\/www.pm.pb.gov.br\/portal\/2013\/03\/12\/pm_apreende_mais_tres_envolvidos_em_assalto_a_joalheria\/#breadcrumb\"},\"inLanguage\":\"pt-BR\",\"potentialAction\":[{\"@type\":\"ReadAction\",\"target\":[\"https:\/\/www.pm.pb.gov.br\/portal\/2013\/03\/12\/pm_apreende_mais_tres_envolvidos_em_assalto_a_joalheria\/\"]}]},{\"@type\":\"BreadcrumbList\",\"@id\":\"https:\/\/www.pm.pb.gov.br\/portal\/2013\/03\/12\/pm_apreende_mais_tres_envolvidos_em_assalto_a_joalheria\/#breadcrumb\",\"itemListElement\":[{\"@type\":\"ListItem\",\"position\":1,\"name\":\"In\u00edcio\",\"item\":\"https:\/\/www.pm.pb.gov.br\/portal\/\"},{\"@type\":\"ListItem\",\"position\":2,\"name\":\"PM apreende mais tr\u00eas envolvidos em assalto a joalheria\"}]},{\"@type\":\"WebSite\",\"@id\":\"https:\/\/www.pm.pb.gov.br\/portal\/#website\",\"url\":\"https:\/\/www.pm.pb.gov.br\/portal\/\",\"name\":\"Pol\u00edcia Militar da Para\u00edba\",\"description\":\"\",\"publisher\":{\"@id\":\"https:\/\/www.pm.pb.gov.br\/portal\/#organization\"},\"potentialAction\":[{\"@type\":\"SearchAction\",\"target\":{\"@type\":\"EntryPoint\",\"urlTemplate\":\"https:\/\/www.pm.pb.gov.br\/portal\/?s={search_term_string}\"},\"query-input\":\"required name=search_term_string\"}],\"inLanguage\":\"pt-BR\"},{\"@type\":\"Organization\",\"@id\":\"https:\/\/www.pm.pb.gov.br\/portal\/#organization\",\"name\":\"Pol\u00edcia Militar da Para\u00edba\",\"url\":\"https:\/\/www.pm.pb.gov.br\/portal\/\",\"logo\":{\"@type\":\"ImageObject\",\"inLanguage\":\"pt-BR\",\"@id\":\"https:\/\/www.pm.pb.gov.br\/portal\/#\/schema\/logo\/image\/\",\"url\":\"https:\/\/www.pm.pb.gov.br\/portal\/wp-content\/uploads\/2025\/03\/cropped-logo-site-mag2-1.png\",\"contentUrl\":\"https:\/\/www.pm.pb.gov.br\/portal\/wp-content\/uploads\/2025\/03\/cropped-logo-site-mag2-1.png\",\"width\":320,\"height\":90,\"caption\":\"Pol\u00edcia Militar da Para\u00edba\"},\"image\":{\"@id\":\"https:\/\/www.pm.pb.gov.br\/portal\/#\/schema\/logo\/image\/\"}},{\"@type\":\"Person\",\"@id\":\"https:\/\/www.pm.pb.gov.br\/portal\/#\/schema\/person\/e8454f46651c3ecf0e1ba3c1666d9947\",\"name\":\"Assessoria de Imprensa da PMPB\",\"image\":{\"@type\":\"ImageObject\",\"inLanguage\":\"pt-BR\",\"@id\":\"https:\/\/www.pm.pb.gov.br\/portal\/#\/schema\/person\/image\/\",\"url\":\"https:\/\/secure.gravatar.com\/avatar\/2efe197438265d1e90bd98c4c8e1acf8?s=96&d=mm&r=g\",\"contentUrl\":\"https:\/\/secure.gravatar.com\/avatar\/2efe197438265d1e90bd98c4c8e1acf8?s=96&d=mm&r=g\",\"caption\":\"Assessoria de Imprensa da PMPB\"},\"url\":\"https:\/\/www.pm.pb.gov.br\/portal\/author\/assessoria\/\"}]}<\/script>\n<!-- \/ Yoast SEO plugin. -->","yoast_head_json":{"title":"PM apreende mais tr\u00eas envolvidos em assalto a joalheria - Pol\u00edcia Militar da Para\u00edba","robots":{"index":"index","follow":"follow","max-snippet":"max-snippet:-1","max-image-preview":"max-image-preview:large","max-video-preview":"max-video-preview:-1"},"canonical":"https:\/\/www.pm.pb.gov.br\/portal\/2013\/03\/12\/pm_apreende_mais_tres_envolvidos_em_assalto_a_joalheria\/","og_locale":"pt_BR","og_type":"article","og_title":"PM apreende mais tr\u00eas envolvidos em assalto a joalheria - Pol\u00edcia Militar da Para\u00edba","og_description":"Mais tr\u00eas adolescentes suspeitos de envolvimento no assalto a uma joalheria localizada em um shopping, no Centro de Jo\u00e3o Pessoa,","og_url":"https:\/\/www.pm.pb.gov.br\/portal\/2013\/03\/12\/pm_apreende_mais_tres_envolvidos_em_assalto_a_joalheria\/","og_site_name":"Pol\u00edcia Militar da Para\u00edba","article_published_time":"2013-03-12T14:03:50+00:00","og_image":[{"width":500,"height":332,"url":"https:\/\/www.pm.pb.gov.br\/portal\/wp-content\/uploads\/2013\/03\/7784_9927.jpg","type":"image\/jpeg"}],"author":"Assessoria de Imprensa da PMPB","twitter_card":"summary_large_image","twitter_misc":{"Escrito por":"Assessoria de Imprensa da PMPB","Est. tempo de leitura":"1 minuto"},"schema":{"@context":"https:\/\/schema.org","@graph":[{"@type":"Article","@id":"https:\/\/www.pm.pb.gov.br\/portal\/2013\/03\/12\/pm_apreende_mais_tres_envolvidos_em_assalto_a_joalheria\/#article","isPartOf":{"@id":"https:\/\/www.pm.pb.gov.br\/portal\/2013\/03\/12\/pm_apreende_mais_tres_envolvidos_em_assalto_a_joalheria\/"},"author":{"name":"Assessoria de Imprensa da PMPB","@id":"https:\/\/www.pm.pb.gov.br\/portal\/#\/schema\/person\/e8454f46651c3ecf0e1ba3c1666d9947"},"headline":"PM apreende mais tr\u00eas envolvidos em assalto a joalheria","datePublished":"2013-03-12T14:03:50+00:00","dateModified":"2013-03-12T14:03:50+00:00","mainEntityOfPage":{"@id":"https:\/\/www.pm.pb.gov.br\/portal\/2013\/03\/12\/pm_apreende_mais_tres_envolvidos_em_assalto_a_joalheria\/"},"wordCount":298,"publisher":{"@id":"https:\/\/www.pm.pb.gov.br\/portal\/#organization"},"articleSection":["A\u00e7\u00f5es Policiais"],"inLanguage":"pt-BR"},{"@type":"WebPage","@id":"https:\/\/www.pm.pb.gov.br\/portal\/2013\/03\/12\/pm_apreende_mais_tres_envolvidos_em_assalto_a_joalheria\/","url":"https:\/\/www.pm.pb.gov.br\/portal\/2013\/03\/12\/pm_apreende_mais_tres_envolvidos_em_assalto_a_joalheria\/","name":"PM apreende mais tr\u00eas envolvidos em assalto a joalheria - Pol\u00edcia Militar da Para\u00edba","isPartOf":{"@id":"https:\/\/www.pm.pb.gov.br\/portal\/#website"},"datePublished":"2013-03-12T14:03:50+00:00","dateModified":"2013-03-12T14:03:50+00:00","breadcrumb":{"@id":"https:\/\/www.pm.pb.gov.br\/portal\/2013\/03\/12\/pm_apreende_mais_tres_envolvidos_em_assalto_a_joalheria\/#breadcrumb"},"inLanguage":"pt-BR","potentialAction":[{"@type":"ReadAction","target":["https:\/\/www.pm.pb.gov.br\/portal\/2013\/03\/12\/pm_apreende_mais_tres_envolvidos_em_assalto_a_joalheria\/"]}]},{"@type":"BreadcrumbList","@id":"https:\/\/www.pm.pb.gov.br\/portal\/2013\/03\/12\/pm_apreende_mais_tres_envolvidos_em_assalto_a_joalheria\/#breadcrumb","itemListElement":[{"@type":"ListItem","position":1,"name":"In\u00edcio","item":"https:\/\/www.pm.pb.gov.br\/portal\/"},{"@type":"ListItem","position":2,"name":"PM apreende mais tr\u00eas envolvidos em assalto a joalheria"}]},{"@type":"WebSite","@id":"https:\/\/www.pm.pb.gov.br\/portal\/#website","url":"https:\/\/www.pm.pb.gov.br\/portal\/","name":"Pol\u00edcia Militar da Para\u00edba","description":"","publisher":{"@id":"https:\/\/www.pm.pb.gov.br\/portal\/#organization"},"potentialAction":[{"@type":"SearchAction","target":{"@type":"EntryPoint","urlTemplate":"https:\/\/www.pm.pb.gov.br\/portal\/?s={search_term_string}"},"query-input":"required name=search_term_string"}],"inLanguage":"pt-BR"},{"@type":"Organization","@id":"https:\/\/www.pm.pb.gov.br\/portal\/#organization","name":"Pol\u00edcia Militar da Para\u00edba","url":"https:\/\/www.pm.pb.gov.br\/portal\/","logo":{"@type":"ImageObject","inLanguage":"pt-BR","@id":"https:\/\/www.pm.pb.gov.br\/portal\/#\/schema\/logo\/image\/","url":"https:\/\/www.pm.pb.gov.br\/portal\/wp-content\/uploads\/2025\/03\/cropped-logo-site-mag2-1.png","contentUrl":"https:\/\/www.pm.pb.gov.br\/portal\/wp-content\/uploads\/2025\/03\/cropped-logo-site-mag2-1.png","width":320,"height":90,"caption":"Pol\u00edcia Militar da Para\u00edba"},"image":{"@id":"https:\/\/www.pm.pb.gov.br\/portal\/#\/schema\/logo\/image\/"}},{"@type":"Person","@id":"https:\/\/www.pm.pb.gov.br\/portal\/#\/schema\/person\/e8454f46651c3ecf0e1ba3c1666d9947","name":"Assessoria de Imprensa da PMPB","image":{"@type":"ImageObject","inLanguage":"pt-BR","@id":"https:\/\/www.pm.pb.gov.br\/portal\/#\/schema\/person\/image\/","url":"https:\/\/secure.gravatar.com\/avatar\/2efe197438265d1e90bd98c4c8e1acf8?s=96&d=mm&r=g","contentUrl":"https:\/\/secure.gravatar.com\/avatar\/2efe197438265d1e90bd98c4c8e1acf8?s=96&d=mm&r=g","caption":"Assessoria de Imprensa da PMPB"},"url":"https:\/\/www.pm.pb.gov.br\/portal\/author\/assessoria\/"}]}},"_links":{"self":[{"href":"https:\/\/www.pm.pb.gov.br\/portal\/wp-json\/wp\/v2\/posts\/891797"}],"collection":[{"href":"https:\/\/www.pm.pb.gov.br\/portal\/wp-json\/wp\/v2\/posts"}],"about":[{"href":"https:\/\/www.pm.pb.gov.br\/portal\/wp-json\/wp\/v2\/types\/post"}],"author":[{"embeddable":true,"href":"https:\/\/www.pm.pb.gov.br\/portal\/wp-json\/wp\/v2\/users\/5"}],"replies":[{"embeddable":true,"href":"https:\/\/www.pm.pb.gov.br\/portal\/wp-json\/wp\/v2\/comments?post=891797"}],"version-history":[{"count":0,"href":"https:\/\/www.pm.pb.gov.br\/portal\/wp-json\/wp\/v2\/posts\/891797\/revisions"}],"wp:featuredmedia":[{"embeddable":true,"href":"https:\/\/www.pm.pb.gov.br\/portal\/wp-json\/wp\/v2\/media\/9927"}],"wp:attachment":[{"href":"https:\/\/www.pm.pb.gov.br\/portal\/wp-json\/wp\/v2\/media?parent=891797"}],"wp:term":[{"taxonomy":"category","embeddable":true,"href":"https:\/\/www.pm.pb.gov.br\/portal\/wp-json\/wp\/v2\/categories?post=891797"},{"taxonomy":"post_tag","embeddable":true,"href":"https:\/\/www.pm.pb.gov.br\/portal\/wp-json\/wp\/v2\/tags?post=891797"}],"curies":[{"name":"wp","href":"https:\/\/api.w.org\/{rel}","templated":true}]}}