{"id":891750,"date":"2013-02-25T12:02:05","date_gmt":"2013-02-25T15:02:05","guid":{"rendered":"http:\/\/www.pm.pb.gov.br\/portal\/2013\/02\/centro_de_educacao_promove_aula_inaugural_nesta_terca_feira\/"},"modified":"2013-02-25T12:02:05","modified_gmt":"2013-02-25T15:02:05","slug":"centro_de_educacao_promove_aula_inaugural_nesta_terca_feira","status":"publish","type":"post","link":"https:\/\/www.pm.pb.gov.br\/portal\/2013\/02\/25\/centro_de_educacao_promove_aula_inaugural_nesta_terca_feira\/","title":{"rendered":"Centro de Educa\u00e7\u00e3o promove aula inaugural nesta ter\u00e7a-feira"},"content":{"rendered":"<figure style=\"width: 500px\" class=\"wp-caption alignnone\"><img decoding=\"async\" class=\"alignnone size-medium\" src=\"http:\/\/www.pm.pb.gov.br\/portal\/wp-content\/uploads\/2013\/02\/7714_9794.jpg\" title=\"Na \u00faltima sexta (22), col\u00e9gio da PM realizou aula inaugural no Centro de Educa\u00e7\u00e3o\" width=\"100%\" \/><figcaption class=\"wp-caption-text\">Na \u00faltima sexta (22), col\u00e9gio da PM realizou aula inaugural no Centro de Educa\u00e7\u00e3o<\/figcaption><\/figure>\n<div style=\"text-align: justify;\">O Centro de Educa\u00e7\u00e3o da Pol\u00edcia Militar da Para\u00edba abre oficialmente, nesta ter\u00e7a-feira (26), o calend\u00e1rio do ano letivo 2013 dos cursos da institui\u00e7\u00e3o. A aula inaugural, que acontece a partir das 9h30 na Esta\u00e7\u00e3o Cabo Branco \u0096 Ci\u00eancia, Cultura e Artes, ser\u00e1 ministrada pelo vice-presidente do Tribunal de Justi\u00e7a da Para\u00edba, o desembargador Romero Marcelo.<\/p>\n<p>Segundo o diretor do Centro de Educa\u00e7\u00e3o (CE), coronel Sales J\u00fanior, a escolha do desembargador possibilita a inter-rela\u00e7\u00e3o entre poder judici\u00e1rio e \u00f3rg\u00e3os de seguran\u00e7a (sobretudo a PM), sendo este um dos temas da aula a ser ministrada. \u0093A import\u00e2ncia dessa rela\u00e7\u00e3o e os benef\u00edcios que ela traz para a celeridade dos processos criminais tamb\u00e9m ser\u00e1 enfatizada durante a aula\u0094, comentou Salles J\u00fanior, ao lembrar que Romero j\u00e1 foi sargento do ex\u00e9rcito e delegado de Pol\u00edcia Civil, tendo bastante conhecimento tanto na \u00e1rea da Justi\u00e7a quanto na policial.<\/p>\n<p>Ainda conforme o coronel, quase 1.500 alunos j\u00e1 est\u00e3o matriculados em um dos cursos oferecidos pelo CE neste in\u00edcio de ano. Entre os principais est\u00e3o o de Forma\u00e7\u00e3o de Oficiais Bombeiro e Policial Militar, Forma\u00e7\u00e3o de Soldados, Forma\u00e7\u00e3o de Sargento e o Curso de Habilita\u00e7\u00e3o Sargentos e Cabos. Al\u00e9m desses, ao longo do ano ser\u00e3o abertas turmas para cursos de atualiza\u00e7\u00e3o profissional.<\/p>\n<p>Cursos t\u00e9cnicos<\/p>\n<p>Na \u00faltima sexta-feira (22), os alunos dos cursos t\u00e9cnicos do Col\u00e9gio da Pol\u00edcia Militar participaram da aula inaugural de abertura das atividades. A atividade aconteceu no audit\u00f3rio do Centro de Educa\u00e7\u00e3o e foi coordenada pelos professores Luan Carlos e Roberto J\u00fanior. Desde 2012, o CPM est\u00e1 inserido no programa do governo federal Brasil Profissionalizado, que oferece forma\u00e7\u00e3o profissional a estudantes do Ensino M\u00e9dio.<\/p>\n<p>\u0093O programa visa fortalecer as redes estaduais de educa\u00e7\u00e3o profissional e tecnol\u00f3gica. A iniciativa repassa recursos do governo federal para que os estados invistam em suas escolas t\u00e9cnicas\u0094, comentou o diretor do CPM, capit\u00e3o Elmer Melz, ao acrescentar que no col\u00e9gio da PM s\u00e3o disponibilizados dois cursos: T\u00e9cnico em Programa\u00e7\u00e3o de Jogos Digitais e T\u00e9cnico em Inform\u00e1tica para Internet.<\/p>\n<div class=\"row\" align=\"center\"><\/div>\n<\/div>\n","protected":false},"excerpt":{"rendered":"<p>O Centro de Educa\u00e7\u00e3o da Pol\u00edcia Militar da Para\u00edba abre oficialmente, nesta ter\u00e7a-feira (26), o calend\u00e1rio do ano letivo 2013<\/p>\n","protected":false},"author":5,"featured_media":9794,"comment_status":"closed","ping_status":"closed","sticky":false,"template":"","format":"standard","meta":{"_exactmetrics_skip_tracking":false,"_exactmetrics_sitenote_active":false,"_exactmetrics_sitenote_note":"","_exactmetrics_sitenote_category":0,"footnotes":""},"categories":[4],"tags":[],"yoast_head":"<!-- This site is optimized with the Yoast SEO plugin v22.0 - https:\/\/yoast.com\/wordpress\/plugins\/seo\/ -->\n<title>Centro de Educa\u00e7\u00e3o promove aula inaugural nesta ter\u00e7a-feira - Pol\u00edcia Militar da Para\u00edba<\/title>\n<meta name=\"robots\" content=\"index, follow, max-snippet:-1, max-image-preview:large, max-video-preview:-1\" \/>\n<link rel=\"canonical\" href=\"https:\/\/www.pm.pb.gov.br\/portal\/2013\/02\/25\/centro_de_educacao_promove_aula_inaugural_nesta_terca_feira\/\" \/>\n<meta property=\"og:locale\" content=\"pt_BR\" \/>\n<meta property=\"og:type\" content=\"article\" \/>\n<meta property=\"og:title\" content=\"Centro de Educa\u00e7\u00e3o promove aula inaugural nesta ter\u00e7a-feira - Pol\u00edcia Militar da Para\u00edba\" \/>\n<meta property=\"og:description\" content=\"O Centro de Educa\u00e7\u00e3o da Pol\u00edcia Militar da Para\u00edba abre oficialmente, nesta ter\u00e7a-feira (26), o calend\u00e1rio do ano letivo 2013\" \/>\n<meta property=\"og:url\" content=\"https:\/\/www.pm.pb.gov.br\/portal\/2013\/02\/25\/centro_de_educacao_promove_aula_inaugural_nesta_terca_feira\/\" \/>\n<meta property=\"og:site_name\" content=\"Pol\u00edcia Militar da Para\u00edba\" \/>\n<meta property=\"article:published_time\" content=\"2013-02-25T15:02:05+00:00\" \/>\n<meta property=\"og:image\" content=\"https:\/\/www.pm.pb.gov.br\/portal\/wp-content\/uploads\/2013\/02\/7714_9794.jpg\" \/>\n\t<meta property=\"og:image:width\" content=\"500\" \/>\n\t<meta property=\"og:image:height\" content=\"375\" \/>\n\t<meta property=\"og:image:type\" content=\"image\/jpeg\" \/>\n<meta name=\"author\" content=\"Assessoria de Imprensa da PMPB\" \/>\n<meta name=\"twitter:card\" content=\"summary_large_image\" \/>\n<meta name=\"twitter:label1\" content=\"Escrito por\" \/>\n\t<meta name=\"twitter:data1\" content=\"Assessoria de Imprensa da PMPB\" \/>\n\t<meta name=\"twitter:label2\" content=\"Est. tempo de leitura\" \/>\n\t<meta name=\"twitter:data2\" content=\"2 minutos\" \/>\n<script type=\"application\/ld+json\" class=\"yoast-schema-graph\">{\"@context\":\"https:\/\/schema.org\",\"@graph\":[{\"@type\":\"Article\",\"@id\":\"https:\/\/www.pm.pb.gov.br\/portal\/2013\/02\/25\/centro_de_educacao_promove_aula_inaugural_nesta_terca_feira\/#article\",\"isPartOf\":{\"@id\":\"https:\/\/www.pm.pb.gov.br\/portal\/2013\/02\/25\/centro_de_educacao_promove_aula_inaugural_nesta_terca_feira\/\"},\"author\":{\"name\":\"Assessoria de Imprensa da PMPB\",\"@id\":\"https:\/\/www.pm.pb.gov.br\/portal\/#\/schema\/person\/e8454f46651c3ecf0e1ba3c1666d9947\"},\"headline\":\"Centro de Educa\u00e7\u00e3o promove aula inaugural nesta ter\u00e7a-feira\",\"datePublished\":\"2013-02-25T15:02:05+00:00\",\"dateModified\":\"2013-02-25T15:02:05+00:00\",\"mainEntityOfPage\":{\"@id\":\"https:\/\/www.pm.pb.gov.br\/portal\/2013\/02\/25\/centro_de_educacao_promove_aula_inaugural_nesta_terca_feira\/\"},\"wordCount\":408,\"publisher\":{\"@id\":\"https:\/\/www.pm.pb.gov.br\/portal\/#organization\"},\"articleSection\":[\"A\u00e7\u00f5es Policiais\"],\"inLanguage\":\"pt-BR\"},{\"@type\":\"WebPage\",\"@id\":\"https:\/\/www.pm.pb.gov.br\/portal\/2013\/02\/25\/centro_de_educacao_promove_aula_inaugural_nesta_terca_feira\/\",\"url\":\"https:\/\/www.pm.pb.gov.br\/portal\/2013\/02\/25\/centro_de_educacao_promove_aula_inaugural_nesta_terca_feira\/\",\"name\":\"Centro de Educa\u00e7\u00e3o promove aula inaugural nesta ter\u00e7a-feira - Pol\u00edcia Militar da Para\u00edba\",\"isPartOf\":{\"@id\":\"https:\/\/www.pm.pb.gov.br\/portal\/#website\"},\"datePublished\":\"2013-02-25T15:02:05+00:00\",\"dateModified\":\"2013-02-25T15:02:05+00:00\",\"breadcrumb\":{\"@id\":\"https:\/\/www.pm.pb.gov.br\/portal\/2013\/02\/25\/centro_de_educacao_promove_aula_inaugural_nesta_terca_feira\/#breadcrumb\"},\"inLanguage\":\"pt-BR\",\"potentialAction\":[{\"@type\":\"ReadAction\",\"target\":[\"https:\/\/www.pm.pb.gov.br\/portal\/2013\/02\/25\/centro_de_educacao_promove_aula_inaugural_nesta_terca_feira\/\"]}]},{\"@type\":\"BreadcrumbList\",\"@id\":\"https:\/\/www.pm.pb.gov.br\/portal\/2013\/02\/25\/centro_de_educacao_promove_aula_inaugural_nesta_terca_feira\/#breadcrumb\",\"itemListElement\":[{\"@type\":\"ListItem\",\"position\":1,\"name\":\"In\u00edcio\",\"item\":\"https:\/\/www.pm.pb.gov.br\/portal\/\"},{\"@type\":\"ListItem\",\"position\":2,\"name\":\"Centro de Educa\u00e7\u00e3o promove aula inaugural nesta ter\u00e7a-feira\"}]},{\"@type\":\"WebSite\",\"@id\":\"https:\/\/www.pm.pb.gov.br\/portal\/#website\",\"url\":\"https:\/\/www.pm.pb.gov.br\/portal\/\",\"name\":\"Pol\u00edcia Militar da Para\u00edba\",\"description\":\"\",\"publisher\":{\"@id\":\"https:\/\/www.pm.pb.gov.br\/portal\/#organization\"},\"potentialAction\":[{\"@type\":\"SearchAction\",\"target\":{\"@type\":\"EntryPoint\",\"urlTemplate\":\"https:\/\/www.pm.pb.gov.br\/portal\/?s={search_term_string}\"},\"query-input\":\"required name=search_term_string\"}],\"inLanguage\":\"pt-BR\"},{\"@type\":\"Organization\",\"@id\":\"https:\/\/www.pm.pb.gov.br\/portal\/#organization\",\"name\":\"Pol\u00edcia Militar da Para\u00edba\",\"url\":\"https:\/\/www.pm.pb.gov.br\/portal\/\",\"logo\":{\"@type\":\"ImageObject\",\"inLanguage\":\"pt-BR\",\"@id\":\"https:\/\/www.pm.pb.gov.br\/portal\/#\/schema\/logo\/image\/\",\"url\":\"https:\/\/www.pm.pb.gov.br\/portal\/wp-content\/uploads\/2025\/03\/cropped-logo-site-mag2-1.png\",\"contentUrl\":\"https:\/\/www.pm.pb.gov.br\/portal\/wp-content\/uploads\/2025\/03\/cropped-logo-site-mag2-1.png\",\"width\":320,\"height\":90,\"caption\":\"Pol\u00edcia Militar da Para\u00edba\"},\"image\":{\"@id\":\"https:\/\/www.pm.pb.gov.br\/portal\/#\/schema\/logo\/image\/\"}},{\"@type\":\"Person\",\"@id\":\"https:\/\/www.pm.pb.gov.br\/portal\/#\/schema\/person\/e8454f46651c3ecf0e1ba3c1666d9947\",\"name\":\"Assessoria de Imprensa da PMPB\",\"image\":{\"@type\":\"ImageObject\",\"inLanguage\":\"pt-BR\",\"@id\":\"https:\/\/www.pm.pb.gov.br\/portal\/#\/schema\/person\/image\/\",\"url\":\"https:\/\/secure.gravatar.com\/avatar\/2efe197438265d1e90bd98c4c8e1acf8?s=96&d=mm&r=g\",\"contentUrl\":\"https:\/\/secure.gravatar.com\/avatar\/2efe197438265d1e90bd98c4c8e1acf8?s=96&d=mm&r=g\",\"caption\":\"Assessoria de Imprensa da PMPB\"},\"url\":\"https:\/\/www.pm.pb.gov.br\/portal\/author\/assessoria\/\"}]}<\/script>\n<!-- \/ Yoast SEO plugin. -->","yoast_head_json":{"title":"Centro de Educa\u00e7\u00e3o promove aula inaugural nesta ter\u00e7a-feira - Pol\u00edcia Militar da Para\u00edba","robots":{"index":"index","follow":"follow","max-snippet":"max-snippet:-1","max-image-preview":"max-image-preview:large","max-video-preview":"max-video-preview:-1"},"canonical":"https:\/\/www.pm.pb.gov.br\/portal\/2013\/02\/25\/centro_de_educacao_promove_aula_inaugural_nesta_terca_feira\/","og_locale":"pt_BR","og_type":"article","og_title":"Centro de Educa\u00e7\u00e3o promove aula inaugural nesta ter\u00e7a-feira - Pol\u00edcia Militar da Para\u00edba","og_description":"O Centro de Educa\u00e7\u00e3o da Pol\u00edcia Militar da Para\u00edba abre oficialmente, nesta ter\u00e7a-feira (26), o calend\u00e1rio do ano letivo 2013","og_url":"https:\/\/www.pm.pb.gov.br\/portal\/2013\/02\/25\/centro_de_educacao_promove_aula_inaugural_nesta_terca_feira\/","og_site_name":"Pol\u00edcia Militar da Para\u00edba","article_published_time":"2013-02-25T15:02:05+00:00","og_image":[{"width":500,"height":375,"url":"https:\/\/www.pm.pb.gov.br\/portal\/wp-content\/uploads\/2013\/02\/7714_9794.jpg","type":"image\/jpeg"}],"author":"Assessoria de Imprensa da PMPB","twitter_card":"summary_large_image","twitter_misc":{"Escrito por":"Assessoria de Imprensa da PMPB","Est. tempo de leitura":"2 minutos"},"schema":{"@context":"https:\/\/schema.org","@graph":[{"@type":"Article","@id":"https:\/\/www.pm.pb.gov.br\/portal\/2013\/02\/25\/centro_de_educacao_promove_aula_inaugural_nesta_terca_feira\/#article","isPartOf":{"@id":"https:\/\/www.pm.pb.gov.br\/portal\/2013\/02\/25\/centro_de_educacao_promove_aula_inaugural_nesta_terca_feira\/"},"author":{"name":"Assessoria de Imprensa da PMPB","@id":"https:\/\/www.pm.pb.gov.br\/portal\/#\/schema\/person\/e8454f46651c3ecf0e1ba3c1666d9947"},"headline":"Centro de Educa\u00e7\u00e3o promove aula inaugural nesta ter\u00e7a-feira","datePublished":"2013-02-25T15:02:05+00:00","dateModified":"2013-02-25T15:02:05+00:00","mainEntityOfPage":{"@id":"https:\/\/www.pm.pb.gov.br\/portal\/2013\/02\/25\/centro_de_educacao_promove_aula_inaugural_nesta_terca_feira\/"},"wordCount":408,"publisher":{"@id":"https:\/\/www.pm.pb.gov.br\/portal\/#organization"},"articleSection":["A\u00e7\u00f5es Policiais"],"inLanguage":"pt-BR"},{"@type":"WebPage","@id":"https:\/\/www.pm.pb.gov.br\/portal\/2013\/02\/25\/centro_de_educacao_promove_aula_inaugural_nesta_terca_feira\/","url":"https:\/\/www.pm.pb.gov.br\/portal\/2013\/02\/25\/centro_de_educacao_promove_aula_inaugural_nesta_terca_feira\/","name":"Centro de Educa\u00e7\u00e3o promove aula inaugural nesta ter\u00e7a-feira - Pol\u00edcia Militar da Para\u00edba","isPartOf":{"@id":"https:\/\/www.pm.pb.gov.br\/portal\/#website"},"datePublished":"2013-02-25T15:02:05+00:00","dateModified":"2013-02-25T15:02:05+00:00","breadcrumb":{"@id":"https:\/\/www.pm.pb.gov.br\/portal\/2013\/02\/25\/centro_de_educacao_promove_aula_inaugural_nesta_terca_feira\/#breadcrumb"},"inLanguage":"pt-BR","potentialAction":[{"@type":"ReadAction","target":["https:\/\/www.pm.pb.gov.br\/portal\/2013\/02\/25\/centro_de_educacao_promove_aula_inaugural_nesta_terca_feira\/"]}]},{"@type":"BreadcrumbList","@id":"https:\/\/www.pm.pb.gov.br\/portal\/2013\/02\/25\/centro_de_educacao_promove_aula_inaugural_nesta_terca_feira\/#breadcrumb","itemListElement":[{"@type":"ListItem","position":1,"name":"In\u00edcio","item":"https:\/\/www.pm.pb.gov.br\/portal\/"},{"@type":"ListItem","position":2,"name":"Centro de Educa\u00e7\u00e3o promove aula inaugural nesta ter\u00e7a-feira"}]},{"@type":"WebSite","@id":"https:\/\/www.pm.pb.gov.br\/portal\/#website","url":"https:\/\/www.pm.pb.gov.br\/portal\/","name":"Pol\u00edcia Militar da Para\u00edba","description":"","publisher":{"@id":"https:\/\/www.pm.pb.gov.br\/portal\/#organization"},"potentialAction":[{"@type":"SearchAction","target":{"@type":"EntryPoint","urlTemplate":"https:\/\/www.pm.pb.gov.br\/portal\/?s={search_term_string}"},"query-input":"required name=search_term_string"}],"inLanguage":"pt-BR"},{"@type":"Organization","@id":"https:\/\/www.pm.pb.gov.br\/portal\/#organization","name":"Pol\u00edcia Militar da Para\u00edba","url":"https:\/\/www.pm.pb.gov.br\/portal\/","logo":{"@type":"ImageObject","inLanguage":"pt-BR","@id":"https:\/\/www.pm.pb.gov.br\/portal\/#\/schema\/logo\/image\/","url":"https:\/\/www.pm.pb.gov.br\/portal\/wp-content\/uploads\/2025\/03\/cropped-logo-site-mag2-1.png","contentUrl":"https:\/\/www.pm.pb.gov.br\/portal\/wp-content\/uploads\/2025\/03\/cropped-logo-site-mag2-1.png","width":320,"height":90,"caption":"Pol\u00edcia Militar da Para\u00edba"},"image":{"@id":"https:\/\/www.pm.pb.gov.br\/portal\/#\/schema\/logo\/image\/"}},{"@type":"Person","@id":"https:\/\/www.pm.pb.gov.br\/portal\/#\/schema\/person\/e8454f46651c3ecf0e1ba3c1666d9947","name":"Assessoria de Imprensa da PMPB","image":{"@type":"ImageObject","inLanguage":"pt-BR","@id":"https:\/\/www.pm.pb.gov.br\/portal\/#\/schema\/person\/image\/","url":"https:\/\/secure.gravatar.com\/avatar\/2efe197438265d1e90bd98c4c8e1acf8?s=96&d=mm&r=g","contentUrl":"https:\/\/secure.gravatar.com\/avatar\/2efe197438265d1e90bd98c4c8e1acf8?s=96&d=mm&r=g","caption":"Assessoria de Imprensa da PMPB"},"url":"https:\/\/www.pm.pb.gov.br\/portal\/author\/assessoria\/"}]}},"_links":{"self":[{"href":"https:\/\/www.pm.pb.gov.br\/portal\/wp-json\/wp\/v2\/posts\/891750"}],"collection":[{"href":"https:\/\/www.pm.pb.gov.br\/portal\/wp-json\/wp\/v2\/posts"}],"about":[{"href":"https:\/\/www.pm.pb.gov.br\/portal\/wp-json\/wp\/v2\/types\/post"}],"author":[{"embeddable":true,"href":"https:\/\/www.pm.pb.gov.br\/portal\/wp-json\/wp\/v2\/users\/5"}],"replies":[{"embeddable":true,"href":"https:\/\/www.pm.pb.gov.br\/portal\/wp-json\/wp\/v2\/comments?post=891750"}],"version-history":[{"count":0,"href":"https:\/\/www.pm.pb.gov.br\/portal\/wp-json\/wp\/v2\/posts\/891750\/revisions"}],"wp:featuredmedia":[{"embeddable":true,"href":"https:\/\/www.pm.pb.gov.br\/portal\/wp-json\/wp\/v2\/media\/9794"}],"wp:attachment":[{"href":"https:\/\/www.pm.pb.gov.br\/portal\/wp-json\/wp\/v2\/media?parent=891750"}],"wp:term":[{"taxonomy":"category","embeddable":true,"href":"https:\/\/www.pm.pb.gov.br\/portal\/wp-json\/wp\/v2\/categories?post=891750"},{"taxonomy":"post_tag","embeddable":true,"href":"https:\/\/www.pm.pb.gov.br\/portal\/wp-json\/wp\/v2\/tags?post=891750"}],"curies":[{"name":"wp","href":"https:\/\/api.w.org\/{rel}","templated":true}]}}