{"id":891690,"date":"2013-02-05T12:02:10","date_gmt":"2013-02-05T15:02:10","guid":{"rendered":"http:\/\/www.pm.pb.gov.br\/portal\/2013\/02\/cptran_autua_91_condutores_em_fiscalizacoes_em_campina\/"},"modified":"2013-02-05T12:02:10","modified_gmt":"2013-02-05T15:02:10","slug":"cptran_autua_91_condutores_em_fiscalizacoes_em_campina","status":"publish","type":"post","link":"https:\/\/www.pm.pb.gov.br\/portal\/2013\/02\/05\/cptran_autua_91_condutores_em_fiscalizacoes_em_campina\/","title":{"rendered":"CPTran autua 91 condutores em fiscaliza\u00e7\u00f5es em Campina"},"content":{"rendered":"<figure style=\"width: 500px\" class=\"wp-caption alignnone\"><img decoding=\"async\" class=\"alignnone size-medium\" src=\"http:\/\/www.pm.pb.gov.br\/portal\/wp-content\/uploads\/2013\/02\/7624_9601.jpg\" title=\"Fiscaliza\u00e7\u00f5es aconteceram neste fim de semana\" width=\"100%\" \/><figcaption class=\"wp-caption-text\">Fiscaliza\u00e7\u00f5es aconteceram neste fim de semana<\/figcaption><\/figure>\n<div style=\"text-align: justify;\">Em fiscaliza\u00e7\u00f5es em Campina Grande, a Companhia de Policiamento de Tr\u00e2nsito (CPTran) apreendeu 56 ve\u00edculos e notificou 91 condutores, neste fim de semana, por  infringirem as leis de tr\u00e2nsito. Entre os principais flagrantes est\u00e3o: licenciamento vencido, falta de Carteira de Habilita\u00e7\u00e3o e dos equipamentos de seguran\u00e7a.<\/p>\n<p>Nas a\u00e7\u00f5es, tamb\u00e9m foram recuperados duas motocicletas do tipo ciclomotor. De acordo com o comandante da 3\u00aa CPTran, capit\u00e3o Castro, as fiscaliza\u00e7\u00f5es de tr\u00e2nsito continuar\u00e3o intensificadas durante o feriad\u00e3o de Carnaval, per\u00edodo em que tamb\u00e9m ser\u00e1 trabalhada e educa\u00e7\u00e3o de tr\u00e2nsito.<\/p>\n<p>\u0093Vamos estabelecer campanhas cont\u00ednuas de orienta\u00e7\u00e3o aos condutores sobre a necessidade de se cumprir a legisla\u00e7\u00e3o de tr\u00e2nsito e assim diminuir o n\u00famero de acidentes em toda a regi\u00e3o da Borborema\u0094, garantiu o capit\u00e3o, ao acrescentar que as a\u00e7\u00f5es fazem parte da \u0091Opera\u00e7\u00e3o Sossego\u0092, que objetiva promover a paz no tr\u00e2nsito.<\/p>\n<p>Outra ocorr\u00eancia \u0096 Uma policial militar do BPTran de Alagoa Grande (a 107.50 quil\u00f4metros de Jo\u00e3o Pessoa) prendeu em flagrante, no domingo (4),  uma dupla de assaltantes armados com um rev\u00f3lver calibre 38 que haviam assaltado e amea\u00e7ado um taxista.<\/p>\n<p>Mesmo estando de folga, a soldado Gilmara policial n\u00e3o hesitou em perseguir os indiv\u00edduos que tentavam fugir, ap\u00f3s o taxista reagir ao assalto e abandonar o ve\u00edculo. Eles foram abordados e presos ainda em Alagoa Grande e levados para prestar depoimento na delegacia local.<\/p>\n<div class=\"row\" align=\"center\"><\/div>\n<\/div>\n","protected":false},"excerpt":{"rendered":"<p>Em fiscaliza\u00e7\u00f5es em Campina Grande, a Companhia de Policiamento de Tr\u00e2nsito (CPTran) apreendeu 56 ve\u00edculos e notificou 91 condutores, neste<\/p>\n","protected":false},"author":5,"featured_media":9601,"comment_status":"closed","ping_status":"closed","sticky":false,"template":"","format":"standard","meta":{"_exactmetrics_skip_tracking":false,"_exactmetrics_sitenote_active":false,"_exactmetrics_sitenote_note":"","_exactmetrics_sitenote_category":0,"footnotes":""},"categories":[4],"tags":[],"yoast_head":"<!-- This site is optimized with the Yoast SEO plugin v22.0 - https:\/\/yoast.com\/wordpress\/plugins\/seo\/ -->\n<title>CPTran autua 91 condutores em fiscaliza\u00e7\u00f5es em Campina - Pol\u00edcia Militar da Para\u00edba<\/title>\n<meta name=\"robots\" content=\"index, follow, max-snippet:-1, max-image-preview:large, max-video-preview:-1\" \/>\n<link rel=\"canonical\" href=\"https:\/\/www.pm.pb.gov.br\/portal\/2013\/02\/05\/cptran_autua_91_condutores_em_fiscalizacoes_em_campina\/\" \/>\n<meta property=\"og:locale\" content=\"pt_BR\" \/>\n<meta property=\"og:type\" content=\"article\" \/>\n<meta property=\"og:title\" content=\"CPTran autua 91 condutores em fiscaliza\u00e7\u00f5es em Campina - Pol\u00edcia Militar da Para\u00edba\" \/>\n<meta property=\"og:description\" content=\"Em fiscaliza\u00e7\u00f5es em Campina Grande, a Companhia de Policiamento de Tr\u00e2nsito (CPTran) apreendeu 56 ve\u00edculos e notificou 91 condutores, neste\" \/>\n<meta property=\"og:url\" content=\"https:\/\/www.pm.pb.gov.br\/portal\/2013\/02\/05\/cptran_autua_91_condutores_em_fiscalizacoes_em_campina\/\" \/>\n<meta property=\"og:site_name\" content=\"Pol\u00edcia Militar da Para\u00edba\" \/>\n<meta property=\"article:published_time\" content=\"2013-02-05T15:02:10+00:00\" \/>\n<meta property=\"og:image\" content=\"https:\/\/www.pm.pb.gov.br\/portal\/wp-content\/uploads\/2013\/02\/7624_9601.jpg\" \/>\n\t<meta property=\"og:image:width\" content=\"500\" \/>\n\t<meta property=\"og:image:height\" content=\"375\" \/>\n\t<meta property=\"og:image:type\" content=\"image\/jpeg\" \/>\n<meta name=\"author\" content=\"Assessoria de Imprensa da PMPB\" \/>\n<meta name=\"twitter:card\" content=\"summary_large_image\" \/>\n<meta name=\"twitter:label1\" content=\"Escrito por\" \/>\n\t<meta name=\"twitter:data1\" content=\"Assessoria de Imprensa da PMPB\" \/>\n\t<meta name=\"twitter:label2\" content=\"Est. tempo de leitura\" \/>\n\t<meta name=\"twitter:data2\" content=\"1 minuto\" \/>\n<script type=\"application\/ld+json\" class=\"yoast-schema-graph\">{\"@context\":\"https:\/\/schema.org\",\"@graph\":[{\"@type\":\"Article\",\"@id\":\"https:\/\/www.pm.pb.gov.br\/portal\/2013\/02\/05\/cptran_autua_91_condutores_em_fiscalizacoes_em_campina\/#article\",\"isPartOf\":{\"@id\":\"https:\/\/www.pm.pb.gov.br\/portal\/2013\/02\/05\/cptran_autua_91_condutores_em_fiscalizacoes_em_campina\/\"},\"author\":{\"name\":\"Assessoria de Imprensa da PMPB\",\"@id\":\"https:\/\/www.pm.pb.gov.br\/portal\/#\/schema\/person\/e8454f46651c3ecf0e1ba3c1666d9947\"},\"headline\":\"CPTran autua 91 condutores em fiscaliza\u00e7\u00f5es em Campina\",\"datePublished\":\"2013-02-05T15:02:10+00:00\",\"dateModified\":\"2013-02-05T15:02:10+00:00\",\"mainEntityOfPage\":{\"@id\":\"https:\/\/www.pm.pb.gov.br\/portal\/2013\/02\/05\/cptran_autua_91_condutores_em_fiscalizacoes_em_campina\/\"},\"wordCount\":273,\"publisher\":{\"@id\":\"https:\/\/www.pm.pb.gov.br\/portal\/#organization\"},\"articleSection\":[\"A\u00e7\u00f5es Policiais\"],\"inLanguage\":\"pt-BR\"},{\"@type\":\"WebPage\",\"@id\":\"https:\/\/www.pm.pb.gov.br\/portal\/2013\/02\/05\/cptran_autua_91_condutores_em_fiscalizacoes_em_campina\/\",\"url\":\"https:\/\/www.pm.pb.gov.br\/portal\/2013\/02\/05\/cptran_autua_91_condutores_em_fiscalizacoes_em_campina\/\",\"name\":\"CPTran autua 91 condutores em fiscaliza\u00e7\u00f5es em Campina - Pol\u00edcia Militar da Para\u00edba\",\"isPartOf\":{\"@id\":\"https:\/\/www.pm.pb.gov.br\/portal\/#website\"},\"datePublished\":\"2013-02-05T15:02:10+00:00\",\"dateModified\":\"2013-02-05T15:02:10+00:00\",\"breadcrumb\":{\"@id\":\"https:\/\/www.pm.pb.gov.br\/portal\/2013\/02\/05\/cptran_autua_91_condutores_em_fiscalizacoes_em_campina\/#breadcrumb\"},\"inLanguage\":\"pt-BR\",\"potentialAction\":[{\"@type\":\"ReadAction\",\"target\":[\"https:\/\/www.pm.pb.gov.br\/portal\/2013\/02\/05\/cptran_autua_91_condutores_em_fiscalizacoes_em_campina\/\"]}]},{\"@type\":\"BreadcrumbList\",\"@id\":\"https:\/\/www.pm.pb.gov.br\/portal\/2013\/02\/05\/cptran_autua_91_condutores_em_fiscalizacoes_em_campina\/#breadcrumb\",\"itemListElement\":[{\"@type\":\"ListItem\",\"position\":1,\"name\":\"In\u00edcio\",\"item\":\"https:\/\/www.pm.pb.gov.br\/portal\/\"},{\"@type\":\"ListItem\",\"position\":2,\"name\":\"CPTran autua 91 condutores em fiscaliza\u00e7\u00f5es em Campina\"}]},{\"@type\":\"WebSite\",\"@id\":\"https:\/\/www.pm.pb.gov.br\/portal\/#website\",\"url\":\"https:\/\/www.pm.pb.gov.br\/portal\/\",\"name\":\"Pol\u00edcia Militar da Para\u00edba\",\"description\":\"\",\"publisher\":{\"@id\":\"https:\/\/www.pm.pb.gov.br\/portal\/#organization\"},\"potentialAction\":[{\"@type\":\"SearchAction\",\"target\":{\"@type\":\"EntryPoint\",\"urlTemplate\":\"https:\/\/www.pm.pb.gov.br\/portal\/?s={search_term_string}\"},\"query-input\":\"required name=search_term_string\"}],\"inLanguage\":\"pt-BR\"},{\"@type\":\"Organization\",\"@id\":\"https:\/\/www.pm.pb.gov.br\/portal\/#organization\",\"name\":\"Pol\u00edcia Militar da Para\u00edba\",\"url\":\"https:\/\/www.pm.pb.gov.br\/portal\/\",\"logo\":{\"@type\":\"ImageObject\",\"inLanguage\":\"pt-BR\",\"@id\":\"https:\/\/www.pm.pb.gov.br\/portal\/#\/schema\/logo\/image\/\",\"url\":\"https:\/\/www.pm.pb.gov.br\/portal\/wp-content\/uploads\/2025\/03\/cropped-logo-site-mag2-1.png\",\"contentUrl\":\"https:\/\/www.pm.pb.gov.br\/portal\/wp-content\/uploads\/2025\/03\/cropped-logo-site-mag2-1.png\",\"width\":320,\"height\":90,\"caption\":\"Pol\u00edcia Militar da Para\u00edba\"},\"image\":{\"@id\":\"https:\/\/www.pm.pb.gov.br\/portal\/#\/schema\/logo\/image\/\"}},{\"@type\":\"Person\",\"@id\":\"https:\/\/www.pm.pb.gov.br\/portal\/#\/schema\/person\/e8454f46651c3ecf0e1ba3c1666d9947\",\"name\":\"Assessoria de Imprensa da PMPB\",\"image\":{\"@type\":\"ImageObject\",\"inLanguage\":\"pt-BR\",\"@id\":\"https:\/\/www.pm.pb.gov.br\/portal\/#\/schema\/person\/image\/\",\"url\":\"https:\/\/secure.gravatar.com\/avatar\/2efe197438265d1e90bd98c4c8e1acf8?s=96&d=mm&r=g\",\"contentUrl\":\"https:\/\/secure.gravatar.com\/avatar\/2efe197438265d1e90bd98c4c8e1acf8?s=96&d=mm&r=g\",\"caption\":\"Assessoria de Imprensa da PMPB\"},\"url\":\"https:\/\/www.pm.pb.gov.br\/portal\/author\/assessoria\/\"}]}<\/script>\n<!-- \/ Yoast SEO plugin. -->","yoast_head_json":{"title":"CPTran autua 91 condutores em fiscaliza\u00e7\u00f5es em Campina - Pol\u00edcia Militar da Para\u00edba","robots":{"index":"index","follow":"follow","max-snippet":"max-snippet:-1","max-image-preview":"max-image-preview:large","max-video-preview":"max-video-preview:-1"},"canonical":"https:\/\/www.pm.pb.gov.br\/portal\/2013\/02\/05\/cptran_autua_91_condutores_em_fiscalizacoes_em_campina\/","og_locale":"pt_BR","og_type":"article","og_title":"CPTran autua 91 condutores em fiscaliza\u00e7\u00f5es em Campina - Pol\u00edcia Militar da Para\u00edba","og_description":"Em fiscaliza\u00e7\u00f5es em Campina Grande, a Companhia de Policiamento de Tr\u00e2nsito (CPTran) apreendeu 56 ve\u00edculos e notificou 91 condutores, neste","og_url":"https:\/\/www.pm.pb.gov.br\/portal\/2013\/02\/05\/cptran_autua_91_condutores_em_fiscalizacoes_em_campina\/","og_site_name":"Pol\u00edcia Militar da Para\u00edba","article_published_time":"2013-02-05T15:02:10+00:00","og_image":[{"width":500,"height":375,"url":"https:\/\/www.pm.pb.gov.br\/portal\/wp-content\/uploads\/2013\/02\/7624_9601.jpg","type":"image\/jpeg"}],"author":"Assessoria de Imprensa da PMPB","twitter_card":"summary_large_image","twitter_misc":{"Escrito por":"Assessoria de Imprensa da PMPB","Est. tempo de leitura":"1 minuto"},"schema":{"@context":"https:\/\/schema.org","@graph":[{"@type":"Article","@id":"https:\/\/www.pm.pb.gov.br\/portal\/2013\/02\/05\/cptran_autua_91_condutores_em_fiscalizacoes_em_campina\/#article","isPartOf":{"@id":"https:\/\/www.pm.pb.gov.br\/portal\/2013\/02\/05\/cptran_autua_91_condutores_em_fiscalizacoes_em_campina\/"},"author":{"name":"Assessoria de Imprensa da PMPB","@id":"https:\/\/www.pm.pb.gov.br\/portal\/#\/schema\/person\/e8454f46651c3ecf0e1ba3c1666d9947"},"headline":"CPTran autua 91 condutores em fiscaliza\u00e7\u00f5es em Campina","datePublished":"2013-02-05T15:02:10+00:00","dateModified":"2013-02-05T15:02:10+00:00","mainEntityOfPage":{"@id":"https:\/\/www.pm.pb.gov.br\/portal\/2013\/02\/05\/cptran_autua_91_condutores_em_fiscalizacoes_em_campina\/"},"wordCount":273,"publisher":{"@id":"https:\/\/www.pm.pb.gov.br\/portal\/#organization"},"articleSection":["A\u00e7\u00f5es Policiais"],"inLanguage":"pt-BR"},{"@type":"WebPage","@id":"https:\/\/www.pm.pb.gov.br\/portal\/2013\/02\/05\/cptran_autua_91_condutores_em_fiscalizacoes_em_campina\/","url":"https:\/\/www.pm.pb.gov.br\/portal\/2013\/02\/05\/cptran_autua_91_condutores_em_fiscalizacoes_em_campina\/","name":"CPTran autua 91 condutores em fiscaliza\u00e7\u00f5es em Campina - Pol\u00edcia Militar da Para\u00edba","isPartOf":{"@id":"https:\/\/www.pm.pb.gov.br\/portal\/#website"},"datePublished":"2013-02-05T15:02:10+00:00","dateModified":"2013-02-05T15:02:10+00:00","breadcrumb":{"@id":"https:\/\/www.pm.pb.gov.br\/portal\/2013\/02\/05\/cptran_autua_91_condutores_em_fiscalizacoes_em_campina\/#breadcrumb"},"inLanguage":"pt-BR","potentialAction":[{"@type":"ReadAction","target":["https:\/\/www.pm.pb.gov.br\/portal\/2013\/02\/05\/cptran_autua_91_condutores_em_fiscalizacoes_em_campina\/"]}]},{"@type":"BreadcrumbList","@id":"https:\/\/www.pm.pb.gov.br\/portal\/2013\/02\/05\/cptran_autua_91_condutores_em_fiscalizacoes_em_campina\/#breadcrumb","itemListElement":[{"@type":"ListItem","position":1,"name":"In\u00edcio","item":"https:\/\/www.pm.pb.gov.br\/portal\/"},{"@type":"ListItem","position":2,"name":"CPTran autua 91 condutores em fiscaliza\u00e7\u00f5es em Campina"}]},{"@type":"WebSite","@id":"https:\/\/www.pm.pb.gov.br\/portal\/#website","url":"https:\/\/www.pm.pb.gov.br\/portal\/","name":"Pol\u00edcia Militar da Para\u00edba","description":"","publisher":{"@id":"https:\/\/www.pm.pb.gov.br\/portal\/#organization"},"potentialAction":[{"@type":"SearchAction","target":{"@type":"EntryPoint","urlTemplate":"https:\/\/www.pm.pb.gov.br\/portal\/?s={search_term_string}"},"query-input":"required name=search_term_string"}],"inLanguage":"pt-BR"},{"@type":"Organization","@id":"https:\/\/www.pm.pb.gov.br\/portal\/#organization","name":"Pol\u00edcia Militar da Para\u00edba","url":"https:\/\/www.pm.pb.gov.br\/portal\/","logo":{"@type":"ImageObject","inLanguage":"pt-BR","@id":"https:\/\/www.pm.pb.gov.br\/portal\/#\/schema\/logo\/image\/","url":"https:\/\/www.pm.pb.gov.br\/portal\/wp-content\/uploads\/2025\/03\/cropped-logo-site-mag2-1.png","contentUrl":"https:\/\/www.pm.pb.gov.br\/portal\/wp-content\/uploads\/2025\/03\/cropped-logo-site-mag2-1.png","width":320,"height":90,"caption":"Pol\u00edcia Militar da Para\u00edba"},"image":{"@id":"https:\/\/www.pm.pb.gov.br\/portal\/#\/schema\/logo\/image\/"}},{"@type":"Person","@id":"https:\/\/www.pm.pb.gov.br\/portal\/#\/schema\/person\/e8454f46651c3ecf0e1ba3c1666d9947","name":"Assessoria de Imprensa da PMPB","image":{"@type":"ImageObject","inLanguage":"pt-BR","@id":"https:\/\/www.pm.pb.gov.br\/portal\/#\/schema\/person\/image\/","url":"https:\/\/secure.gravatar.com\/avatar\/2efe197438265d1e90bd98c4c8e1acf8?s=96&d=mm&r=g","contentUrl":"https:\/\/secure.gravatar.com\/avatar\/2efe197438265d1e90bd98c4c8e1acf8?s=96&d=mm&r=g","caption":"Assessoria de Imprensa da PMPB"},"url":"https:\/\/www.pm.pb.gov.br\/portal\/author\/assessoria\/"}]}},"_links":{"self":[{"href":"https:\/\/www.pm.pb.gov.br\/portal\/wp-json\/wp\/v2\/posts\/891690"}],"collection":[{"href":"https:\/\/www.pm.pb.gov.br\/portal\/wp-json\/wp\/v2\/posts"}],"about":[{"href":"https:\/\/www.pm.pb.gov.br\/portal\/wp-json\/wp\/v2\/types\/post"}],"author":[{"embeddable":true,"href":"https:\/\/www.pm.pb.gov.br\/portal\/wp-json\/wp\/v2\/users\/5"}],"replies":[{"embeddable":true,"href":"https:\/\/www.pm.pb.gov.br\/portal\/wp-json\/wp\/v2\/comments?post=891690"}],"version-history":[{"count":0,"href":"https:\/\/www.pm.pb.gov.br\/portal\/wp-json\/wp\/v2\/posts\/891690\/revisions"}],"wp:featuredmedia":[{"embeddable":true,"href":"https:\/\/www.pm.pb.gov.br\/portal\/wp-json\/wp\/v2\/media\/9601"}],"wp:attachment":[{"href":"https:\/\/www.pm.pb.gov.br\/portal\/wp-json\/wp\/v2\/media?parent=891690"}],"wp:term":[{"taxonomy":"category","embeddable":true,"href":"https:\/\/www.pm.pb.gov.br\/portal\/wp-json\/wp\/v2\/categories?post=891690"},{"taxonomy":"post_tag","embeddable":true,"href":"https:\/\/www.pm.pb.gov.br\/portal\/wp-json\/wp\/v2\/tags?post=891690"}],"curies":[{"name":"wp","href":"https:\/\/api.w.org\/{rel}","templated":true}]}}