{"id":891615,"date":"2013-01-17T15:01:53","date_gmt":"2013-01-17T18:01:53","guid":{"rendered":"http:\/\/www.pm.pb.gov.br\/portal\/2013\/01\/2_bpm_desarticula_quadrilha_que_assaltou_residencia_em_campina\/"},"modified":"2013-01-17T15:01:53","modified_gmt":"2013-01-17T18:01:53","slug":"2_bpm_desarticula_quadrilha_que_assaltou_residencia_em_campina","status":"publish","type":"post","link":"https:\/\/www.pm.pb.gov.br\/portal\/2013\/01\/17\/2_bpm_desarticula_quadrilha_que_assaltou_residencia_em_campina\/","title":{"rendered":"2\u00ba BPM desarticula quadrilha que assaltou resid\u00eancia em Campina"},"content":{"rendered":"<figure style=\"width: 500px\" class=\"wp-caption alignnone\"><img decoding=\"async\" class=\"alignnone size-medium\" src=\"http:\/\/www.pm.pb.gov.br\/portal\/wp-content\/uploads\/2013\/01\/7519_9437.jpg\" title=\"Objetos recuperados\" width=\"100%\" \/><figcaption class=\"wp-caption-text\">Objetos recuperados<\/figcaption><\/figure>\n<div style=\"text-align: justify;\">Policiais do 2\u00ba Batalh\u00e3o de Pol\u00edcia Militar prenderam, na madrugada desta quinta-feira (17), quatro homens, uma mulher, e apreenderam um adolescente, todos acusados de assaltar uma casa no Jardim Paulistano, em Campina Grande. Alef Lima Silva, de 18 anos, Renan Carlos Ferreira Barbosa da Silva, de 18 anos, Edilmar Wendel Barbosa de Ara\u00fajo, 19 anos, Geovanne Lima Silva, de 23 anos, Luciana Diniz, de 38, e um adolescente de 17 anos foram detidos no bairro de Bodocong\u00f3 III, ap\u00f3s policiais intensificarem as buscas para localizar os suspeitos do crime.<\/p>\n<p>A r\u00e1dio patrulha em conjunto com o servi\u00e7o de intelig\u00eancia conseguiu localizar a mulher acusada e a partir dela foram encontrados os outros envolvidos no assalto. Eles s\u00e3o suspeitos de invadirem a casa de um casal de comerciantes, na noite desta quarta-feira (16), no Jardim Paulistano, de onde levaram um cofre com dinheiro, celulares, aparelhos de GPS, um notebook e o carro do filho do casal.<\/p>\n<p>\u0093Assim que aconteceu o fato apertamos o cerco, colocamos v\u00e1rios policiais em campo e chegamos at\u00e9 a Luciana, que teria planejado todo o assalto, j\u00e1 que convivia com as v\u00edtimas. A partir dela fomos encontrando os outros, elucidamos o crime e recuperamos v\u00e1rios objetos roubados\u0094, comentou o Comandante do 2\u00ba Batalh\u00e3o de Pol\u00edcia Militar, Tenente-Coronel Souza Neto.<\/p>\n<p>Os seis foram levados para Central de Pol\u00edcia de Campina Grande. Eles foram autuados por roubo e forma\u00e7\u00e3o de quadrilha. Os maiores devem ser encaminhados ainda nesta quinta-feira (17) para o pres\u00eddio Raymundo Asfora, o Serrot\u00e3o.<\/p>\n<div class=\"row\" align=\"center\"><a href=\"http:\/\/www.pm.pb.gov.br\/exportacao\/fotos_noticias\/7519_9438.jpg\"><figure style=\"width: 500px\" class=\"wp-caption alignnone\"><img decoding=\"async\" class=\"image-responsive\" src=\"http:\/\/www.pm.pb.gov.br\/exportacao\/fotos_noticias\/7519_9438.jpg\" title=\"Ve\u00edculo que tamb\u00e9m foi levado no assalto e recuperado pela Pol\u00edcia Militar \" width=\"100%\" \/><figcaption class=\"wp-caption-text\">Ve\u00edculo que tamb\u00e9m foi levado no assalto e recuperado pela Pol\u00edcia Militar<\/figcaption><\/figure><\/a><a href=\"http:\/\/www.pm.pb.gov.br\/portal\/wp-content\/uploads\/2013\/01\/7519_9439.jpg\"><figure style=\"width: 500px\" class=\"wp-caption alignnone\"><img decoding=\"async\" class=\"image-responsive\" src=\"http:\/\/www.pm.pb.gov.br\/portal\/wp-content\/uploads\/2013\/01\/7519_9439.jpg\" title=\"\"Em menos de 12 horas conseguimos prender os suspeitos e recuperar parte dos objetos roubados\", ressaltou o Comandante do 2\u00ba BPM\" width=\"100%\" \/><figcaption class=\"wp-caption-text\">&#8220;Em menos de 12 horas conseguimos prender os suspeitos e recuperar parte dos objetos roubados&#8221;, ressaltou o Comandante do 2\u00ba BPM<\/figcaption><\/figure><\/a><\/div>\n<\/div>\n","protected":false},"excerpt":{"rendered":"<p>Policiais do 2\u00ba Batalh\u00e3o de Pol\u00edcia Militar prenderam, na madrugada desta quinta-feira (17), quatro homens, uma mulher, e apreenderam um<\/p>\n","protected":false},"author":5,"featured_media":9437,"comment_status":"closed","ping_status":"closed","sticky":false,"template":"","format":"standard","meta":{"_exactmetrics_skip_tracking":false,"_exactmetrics_sitenote_active":false,"_exactmetrics_sitenote_note":"","_exactmetrics_sitenote_category":0,"footnotes":""},"categories":[4],"tags":[],"yoast_head":"<!-- This site is optimized with the Yoast SEO plugin v22.0 - https:\/\/yoast.com\/wordpress\/plugins\/seo\/ -->\n<title>2\u00ba BPM desarticula quadrilha que assaltou resid\u00eancia em Campina - Pol\u00edcia Militar da Para\u00edba<\/title>\n<meta name=\"robots\" content=\"index, follow, max-snippet:-1, max-image-preview:large, max-video-preview:-1\" \/>\n<link rel=\"canonical\" href=\"https:\/\/www.pm.pb.gov.br\/portal\/2013\/01\/17\/2_bpm_desarticula_quadrilha_que_assaltou_residencia_em_campina\/\" \/>\n<meta property=\"og:locale\" content=\"pt_BR\" \/>\n<meta property=\"og:type\" content=\"article\" \/>\n<meta property=\"og:title\" content=\"2\u00ba BPM desarticula quadrilha que assaltou resid\u00eancia em Campina - Pol\u00edcia Militar da Para\u00edba\" \/>\n<meta property=\"og:description\" content=\"Policiais do 2\u00ba Batalh\u00e3o de Pol\u00edcia Militar prenderam, na madrugada desta quinta-feira (17), quatro homens, uma mulher, e apreenderam um\" \/>\n<meta property=\"og:url\" content=\"https:\/\/www.pm.pb.gov.br\/portal\/2013\/01\/17\/2_bpm_desarticula_quadrilha_que_assaltou_residencia_em_campina\/\" \/>\n<meta property=\"og:site_name\" content=\"Pol\u00edcia Militar da Para\u00edba\" \/>\n<meta property=\"article:published_time\" content=\"2013-01-17T18:01:53+00:00\" \/>\n<meta property=\"og:image\" content=\"https:\/\/www.pm.pb.gov.br\/portal\/wp-content\/uploads\/2013\/01\/7519_9437.jpg\" \/>\n\t<meta property=\"og:image:width\" content=\"500\" \/>\n\t<meta property=\"og:image:height\" content=\"374\" \/>\n\t<meta property=\"og:image:type\" content=\"image\/jpeg\" \/>\n<meta name=\"author\" content=\"Assessoria de Imprensa da PMPB\" \/>\n<meta name=\"twitter:card\" content=\"summary_large_image\" \/>\n<meta name=\"twitter:label1\" content=\"Escrito por\" \/>\n\t<meta name=\"twitter:data1\" content=\"Assessoria de Imprensa da PMPB\" \/>\n\t<meta name=\"twitter:label2\" content=\"Est. tempo de leitura\" \/>\n\t<meta name=\"twitter:data2\" content=\"2 minutos\" \/>\n<script type=\"application\/ld+json\" class=\"yoast-schema-graph\">{\"@context\":\"https:\/\/schema.org\",\"@graph\":[{\"@type\":\"Article\",\"@id\":\"https:\/\/www.pm.pb.gov.br\/portal\/2013\/01\/17\/2_bpm_desarticula_quadrilha_que_assaltou_residencia_em_campina\/#article\",\"isPartOf\":{\"@id\":\"https:\/\/www.pm.pb.gov.br\/portal\/2013\/01\/17\/2_bpm_desarticula_quadrilha_que_assaltou_residencia_em_campina\/\"},\"author\":{\"name\":\"Assessoria de Imprensa da PMPB\",\"@id\":\"https:\/\/www.pm.pb.gov.br\/portal\/#\/schema\/person\/e8454f46651c3ecf0e1ba3c1666d9947\"},\"headline\":\"2\u00ba BPM desarticula quadrilha que assaltou resid\u00eancia em Campina\",\"datePublished\":\"2013-01-17T18:01:53+00:00\",\"dateModified\":\"2013-01-17T18:01:53+00:00\",\"mainEntityOfPage\":{\"@id\":\"https:\/\/www.pm.pb.gov.br\/portal\/2013\/01\/17\/2_bpm_desarticula_quadrilha_que_assaltou_residencia_em_campina\/\"},\"wordCount\":317,\"publisher\":{\"@id\":\"https:\/\/www.pm.pb.gov.br\/portal\/#organization\"},\"articleSection\":[\"A\u00e7\u00f5es Policiais\"],\"inLanguage\":\"pt-BR\"},{\"@type\":\"WebPage\",\"@id\":\"https:\/\/www.pm.pb.gov.br\/portal\/2013\/01\/17\/2_bpm_desarticula_quadrilha_que_assaltou_residencia_em_campina\/\",\"url\":\"https:\/\/www.pm.pb.gov.br\/portal\/2013\/01\/17\/2_bpm_desarticula_quadrilha_que_assaltou_residencia_em_campina\/\",\"name\":\"2\u00ba BPM desarticula quadrilha que assaltou resid\u00eancia em Campina - Pol\u00edcia Militar da Para\u00edba\",\"isPartOf\":{\"@id\":\"https:\/\/www.pm.pb.gov.br\/portal\/#website\"},\"datePublished\":\"2013-01-17T18:01:53+00:00\",\"dateModified\":\"2013-01-17T18:01:53+00:00\",\"breadcrumb\":{\"@id\":\"https:\/\/www.pm.pb.gov.br\/portal\/2013\/01\/17\/2_bpm_desarticula_quadrilha_que_assaltou_residencia_em_campina\/#breadcrumb\"},\"inLanguage\":\"pt-BR\",\"potentialAction\":[{\"@type\":\"ReadAction\",\"target\":[\"https:\/\/www.pm.pb.gov.br\/portal\/2013\/01\/17\/2_bpm_desarticula_quadrilha_que_assaltou_residencia_em_campina\/\"]}]},{\"@type\":\"BreadcrumbList\",\"@id\":\"https:\/\/www.pm.pb.gov.br\/portal\/2013\/01\/17\/2_bpm_desarticula_quadrilha_que_assaltou_residencia_em_campina\/#breadcrumb\",\"itemListElement\":[{\"@type\":\"ListItem\",\"position\":1,\"name\":\"In\u00edcio\",\"item\":\"https:\/\/www.pm.pb.gov.br\/portal\/\"},{\"@type\":\"ListItem\",\"position\":2,\"name\":\"2\u00ba BPM desarticula quadrilha que assaltou resid\u00eancia em Campina\"}]},{\"@type\":\"WebSite\",\"@id\":\"https:\/\/www.pm.pb.gov.br\/portal\/#website\",\"url\":\"https:\/\/www.pm.pb.gov.br\/portal\/\",\"name\":\"Pol\u00edcia Militar da Para\u00edba\",\"description\":\"\",\"publisher\":{\"@id\":\"https:\/\/www.pm.pb.gov.br\/portal\/#organization\"},\"potentialAction\":[{\"@type\":\"SearchAction\",\"target\":{\"@type\":\"EntryPoint\",\"urlTemplate\":\"https:\/\/www.pm.pb.gov.br\/portal\/?s={search_term_string}\"},\"query-input\":\"required name=search_term_string\"}],\"inLanguage\":\"pt-BR\"},{\"@type\":\"Organization\",\"@id\":\"https:\/\/www.pm.pb.gov.br\/portal\/#organization\",\"name\":\"Pol\u00edcia Militar da Para\u00edba\",\"url\":\"https:\/\/www.pm.pb.gov.br\/portal\/\",\"logo\":{\"@type\":\"ImageObject\",\"inLanguage\":\"pt-BR\",\"@id\":\"https:\/\/www.pm.pb.gov.br\/portal\/#\/schema\/logo\/image\/\",\"url\":\"https:\/\/www.pm.pb.gov.br\/portal\/wp-content\/uploads\/2025\/03\/cropped-logo-site-mag2-1.png\",\"contentUrl\":\"https:\/\/www.pm.pb.gov.br\/portal\/wp-content\/uploads\/2025\/03\/cropped-logo-site-mag2-1.png\",\"width\":320,\"height\":90,\"caption\":\"Pol\u00edcia Militar da Para\u00edba\"},\"image\":{\"@id\":\"https:\/\/www.pm.pb.gov.br\/portal\/#\/schema\/logo\/image\/\"}},{\"@type\":\"Person\",\"@id\":\"https:\/\/www.pm.pb.gov.br\/portal\/#\/schema\/person\/e8454f46651c3ecf0e1ba3c1666d9947\",\"name\":\"Assessoria de Imprensa da PMPB\",\"image\":{\"@type\":\"ImageObject\",\"inLanguage\":\"pt-BR\",\"@id\":\"https:\/\/www.pm.pb.gov.br\/portal\/#\/schema\/person\/image\/\",\"url\":\"https:\/\/secure.gravatar.com\/avatar\/2efe197438265d1e90bd98c4c8e1acf8?s=96&d=mm&r=g\",\"contentUrl\":\"https:\/\/secure.gravatar.com\/avatar\/2efe197438265d1e90bd98c4c8e1acf8?s=96&d=mm&r=g\",\"caption\":\"Assessoria de Imprensa da PMPB\"},\"url\":\"https:\/\/www.pm.pb.gov.br\/portal\/author\/assessoria\/\"}]}<\/script>\n<!-- \/ Yoast SEO plugin. -->","yoast_head_json":{"title":"2\u00ba BPM desarticula quadrilha que assaltou resid\u00eancia em Campina - Pol\u00edcia Militar da Para\u00edba","robots":{"index":"index","follow":"follow","max-snippet":"max-snippet:-1","max-image-preview":"max-image-preview:large","max-video-preview":"max-video-preview:-1"},"canonical":"https:\/\/www.pm.pb.gov.br\/portal\/2013\/01\/17\/2_bpm_desarticula_quadrilha_que_assaltou_residencia_em_campina\/","og_locale":"pt_BR","og_type":"article","og_title":"2\u00ba BPM desarticula quadrilha que assaltou resid\u00eancia em Campina - Pol\u00edcia Militar da Para\u00edba","og_description":"Policiais do 2\u00ba Batalh\u00e3o de Pol\u00edcia Militar prenderam, na madrugada desta quinta-feira (17), quatro homens, uma mulher, e apreenderam um","og_url":"https:\/\/www.pm.pb.gov.br\/portal\/2013\/01\/17\/2_bpm_desarticula_quadrilha_que_assaltou_residencia_em_campina\/","og_site_name":"Pol\u00edcia Militar da Para\u00edba","article_published_time":"2013-01-17T18:01:53+00:00","og_image":[{"width":500,"height":374,"url":"https:\/\/www.pm.pb.gov.br\/portal\/wp-content\/uploads\/2013\/01\/7519_9437.jpg","type":"image\/jpeg"}],"author":"Assessoria de Imprensa da PMPB","twitter_card":"summary_large_image","twitter_misc":{"Escrito por":"Assessoria de Imprensa da PMPB","Est. tempo de leitura":"2 minutos"},"schema":{"@context":"https:\/\/schema.org","@graph":[{"@type":"Article","@id":"https:\/\/www.pm.pb.gov.br\/portal\/2013\/01\/17\/2_bpm_desarticula_quadrilha_que_assaltou_residencia_em_campina\/#article","isPartOf":{"@id":"https:\/\/www.pm.pb.gov.br\/portal\/2013\/01\/17\/2_bpm_desarticula_quadrilha_que_assaltou_residencia_em_campina\/"},"author":{"name":"Assessoria de Imprensa da PMPB","@id":"https:\/\/www.pm.pb.gov.br\/portal\/#\/schema\/person\/e8454f46651c3ecf0e1ba3c1666d9947"},"headline":"2\u00ba BPM desarticula quadrilha que assaltou resid\u00eancia em Campina","datePublished":"2013-01-17T18:01:53+00:00","dateModified":"2013-01-17T18:01:53+00:00","mainEntityOfPage":{"@id":"https:\/\/www.pm.pb.gov.br\/portal\/2013\/01\/17\/2_bpm_desarticula_quadrilha_que_assaltou_residencia_em_campina\/"},"wordCount":317,"publisher":{"@id":"https:\/\/www.pm.pb.gov.br\/portal\/#organization"},"articleSection":["A\u00e7\u00f5es Policiais"],"inLanguage":"pt-BR"},{"@type":"WebPage","@id":"https:\/\/www.pm.pb.gov.br\/portal\/2013\/01\/17\/2_bpm_desarticula_quadrilha_que_assaltou_residencia_em_campina\/","url":"https:\/\/www.pm.pb.gov.br\/portal\/2013\/01\/17\/2_bpm_desarticula_quadrilha_que_assaltou_residencia_em_campina\/","name":"2\u00ba BPM desarticula quadrilha que assaltou resid\u00eancia em Campina - Pol\u00edcia Militar da Para\u00edba","isPartOf":{"@id":"https:\/\/www.pm.pb.gov.br\/portal\/#website"},"datePublished":"2013-01-17T18:01:53+00:00","dateModified":"2013-01-17T18:01:53+00:00","breadcrumb":{"@id":"https:\/\/www.pm.pb.gov.br\/portal\/2013\/01\/17\/2_bpm_desarticula_quadrilha_que_assaltou_residencia_em_campina\/#breadcrumb"},"inLanguage":"pt-BR","potentialAction":[{"@type":"ReadAction","target":["https:\/\/www.pm.pb.gov.br\/portal\/2013\/01\/17\/2_bpm_desarticula_quadrilha_que_assaltou_residencia_em_campina\/"]}]},{"@type":"BreadcrumbList","@id":"https:\/\/www.pm.pb.gov.br\/portal\/2013\/01\/17\/2_bpm_desarticula_quadrilha_que_assaltou_residencia_em_campina\/#breadcrumb","itemListElement":[{"@type":"ListItem","position":1,"name":"In\u00edcio","item":"https:\/\/www.pm.pb.gov.br\/portal\/"},{"@type":"ListItem","position":2,"name":"2\u00ba BPM desarticula quadrilha que assaltou resid\u00eancia em Campina"}]},{"@type":"WebSite","@id":"https:\/\/www.pm.pb.gov.br\/portal\/#website","url":"https:\/\/www.pm.pb.gov.br\/portal\/","name":"Pol\u00edcia Militar da Para\u00edba","description":"","publisher":{"@id":"https:\/\/www.pm.pb.gov.br\/portal\/#organization"},"potentialAction":[{"@type":"SearchAction","target":{"@type":"EntryPoint","urlTemplate":"https:\/\/www.pm.pb.gov.br\/portal\/?s={search_term_string}"},"query-input":"required name=search_term_string"}],"inLanguage":"pt-BR"},{"@type":"Organization","@id":"https:\/\/www.pm.pb.gov.br\/portal\/#organization","name":"Pol\u00edcia Militar da Para\u00edba","url":"https:\/\/www.pm.pb.gov.br\/portal\/","logo":{"@type":"ImageObject","inLanguage":"pt-BR","@id":"https:\/\/www.pm.pb.gov.br\/portal\/#\/schema\/logo\/image\/","url":"https:\/\/www.pm.pb.gov.br\/portal\/wp-content\/uploads\/2025\/03\/cropped-logo-site-mag2-1.png","contentUrl":"https:\/\/www.pm.pb.gov.br\/portal\/wp-content\/uploads\/2025\/03\/cropped-logo-site-mag2-1.png","width":320,"height":90,"caption":"Pol\u00edcia Militar da Para\u00edba"},"image":{"@id":"https:\/\/www.pm.pb.gov.br\/portal\/#\/schema\/logo\/image\/"}},{"@type":"Person","@id":"https:\/\/www.pm.pb.gov.br\/portal\/#\/schema\/person\/e8454f46651c3ecf0e1ba3c1666d9947","name":"Assessoria de Imprensa da PMPB","image":{"@type":"ImageObject","inLanguage":"pt-BR","@id":"https:\/\/www.pm.pb.gov.br\/portal\/#\/schema\/person\/image\/","url":"https:\/\/secure.gravatar.com\/avatar\/2efe197438265d1e90bd98c4c8e1acf8?s=96&d=mm&r=g","contentUrl":"https:\/\/secure.gravatar.com\/avatar\/2efe197438265d1e90bd98c4c8e1acf8?s=96&d=mm&r=g","caption":"Assessoria de Imprensa da PMPB"},"url":"https:\/\/www.pm.pb.gov.br\/portal\/author\/assessoria\/"}]}},"_links":{"self":[{"href":"https:\/\/www.pm.pb.gov.br\/portal\/wp-json\/wp\/v2\/posts\/891615"}],"collection":[{"href":"https:\/\/www.pm.pb.gov.br\/portal\/wp-json\/wp\/v2\/posts"}],"about":[{"href":"https:\/\/www.pm.pb.gov.br\/portal\/wp-json\/wp\/v2\/types\/post"}],"author":[{"embeddable":true,"href":"https:\/\/www.pm.pb.gov.br\/portal\/wp-json\/wp\/v2\/users\/5"}],"replies":[{"embeddable":true,"href":"https:\/\/www.pm.pb.gov.br\/portal\/wp-json\/wp\/v2\/comments?post=891615"}],"version-history":[{"count":0,"href":"https:\/\/www.pm.pb.gov.br\/portal\/wp-json\/wp\/v2\/posts\/891615\/revisions"}],"wp:featuredmedia":[{"embeddable":true,"href":"https:\/\/www.pm.pb.gov.br\/portal\/wp-json\/wp\/v2\/media\/9437"}],"wp:attachment":[{"href":"https:\/\/www.pm.pb.gov.br\/portal\/wp-json\/wp\/v2\/media?parent=891615"}],"wp:term":[{"taxonomy":"category","embeddable":true,"href":"https:\/\/www.pm.pb.gov.br\/portal\/wp-json\/wp\/v2\/categories?post=891615"},{"taxonomy":"post_tag","embeddable":true,"href":"https:\/\/www.pm.pb.gov.br\/portal\/wp-json\/wp\/v2\/tags?post=891615"}],"curies":[{"name":"wp","href":"https:\/\/api.w.org\/{rel}","templated":true}]}}