{"id":891576,"date":"2013-01-08T12:01:17","date_gmt":"2013-01-08T15:01:17","guid":{"rendered":"http:\/\/www.pm.pb.gov.br\/portal\/2013\/01\/cavalaria_prende_responsavel_por_diversos_assaltos_a_coletivos\/"},"modified":"2013-01-08T12:01:17","modified_gmt":"2013-01-08T15:01:17","slug":"cavalaria_prende_responsavel_por_diversos_assaltos_a_coletivos","status":"publish","type":"post","link":"https:\/\/www.pm.pb.gov.br\/portal\/2013\/01\/08\/cavalaria_prende_responsavel_por_diversos_assaltos_a_coletivos\/","title":{"rendered":"Cavalaria prende respons\u00e1vel por diversos assaltos a coletivos"},"content":{"rendered":"<figure style=\"width: 500px\" class=\"wp-caption alignnone\"><img decoding=\"async\" class=\"alignnone size-medium\" src=\"http:\/\/www.pm.pb.gov.br\/portal\/wp-content\/uploads\/2013\/01\/7465_9346.jpg\" title=\"Pris\u00e3o foi feita pela Cavalaria, respons\u00e1vel pelo policiamento do Cristo (Foto: Werneck Moreno)\" width=\"100%\" \/><figcaption class=\"wp-caption-text\">Pris\u00e3o foi feita pela Cavalaria, respons\u00e1vel pelo policiamento do Cristo (Foto: Werneck Moreno)<\/figcaption><\/figure>\n<div style=\"text-align: justify;\">Policiais militares do Regimento de Pol\u00edcia Montada (RPMont) prenderam, na noite desta segunda-feira (7), um homem que havia acabado de assaltar um transporte coletivo da linha Epit\u00e1cio &#8211; Cristo Redentor, na capital. A ocorr\u00eancia foi registrada por volta das 20h, ap\u00f3s os policiais que realizavam rondas pelo Cristo serem abordados por passageiros do coletivo.<\/p>\n<p>Foram repassadas as caracter\u00edsticas do suspeito e minutos ap\u00f3s o in\u00edcio das dilig\u00eancias Jos\u00e9 Pereira da Silva Filho, 19 anos, morador do bairro do Cristo, foi preso e reconhecido pelas v\u00edtimas do assalto. Com ele, a pol\u00edcia encontrou a quantia de R$ 57, que havia sido roubada do apurado do coletivo. Jos\u00e9 confessou aos policiais que j\u00e1 havia assaltado outros dois \u00f4nibus que circulavam nos bairros do Cristo e Rangel.<\/p>\n<p>Jos\u00e9 Pereira cumpriu pena no Pres\u00eddio do R\u00f3ger por furto e foi solto a poucos dias. Ap\u00f3s o flagrante nesta segunda, ele foi levado para a 9\u00ba Delegacia Distrital, para a realiza\u00e7\u00e3o dos procedimentos cab\u00edveis.<\/p>\n<div class=\"row\" align=\"center\"><a href=\"http:\/\/www.pm.pb.gov.br\/portal\/wp-content\/uploads\/2013\/01\/7465_9347.jpg\"><figure style=\"width: 500px\" class=\"wp-caption alignnone\"><img decoding=\"async\" class=\"image-responsive\" src=\"http:\/\/www.pm.pb.gov.br\/portal\/wp-content\/uploads\/2013\/01\/7465_9347.jpg\" title=\"A quantia de R4 57 subtra\u00edda do coletivo foi recuperada\" width=\"100%\" \/><figcaption class=\"wp-caption-text\">A quantia de R4 57 subtra\u00edda do coletivo foi recuperada<\/figcaption><\/figure><\/a><\/div>\n<\/div>\n","protected":false},"excerpt":{"rendered":"<p>Policiais militares do Regimento de Pol\u00edcia Montada (RPMont) prenderam, na noite desta segunda-feira (7), um homem que havia acabado de<\/p>\n","protected":false},"author":5,"featured_media":9346,"comment_status":"closed","ping_status":"closed","sticky":false,"template":"","format":"standard","meta":{"_exactmetrics_skip_tracking":false,"_exactmetrics_sitenote_active":false,"_exactmetrics_sitenote_note":"","_exactmetrics_sitenote_category":0,"footnotes":""},"categories":[4],"tags":[],"yoast_head":"<!-- This site is optimized with the Yoast SEO plugin v22.0 - https:\/\/yoast.com\/wordpress\/plugins\/seo\/ -->\n<title>Cavalaria prende respons\u00e1vel por diversos assaltos a coletivos - Pol\u00edcia Militar da Para\u00edba<\/title>\n<meta name=\"robots\" content=\"index, follow, max-snippet:-1, max-image-preview:large, max-video-preview:-1\" \/>\n<link rel=\"canonical\" href=\"https:\/\/www.pm.pb.gov.br\/portal\/2013\/01\/08\/cavalaria_prende_responsavel_por_diversos_assaltos_a_coletivos\/\" \/>\n<meta property=\"og:locale\" content=\"pt_BR\" \/>\n<meta property=\"og:type\" content=\"article\" \/>\n<meta property=\"og:title\" content=\"Cavalaria prende respons\u00e1vel por diversos assaltos a coletivos - Pol\u00edcia Militar da Para\u00edba\" \/>\n<meta property=\"og:description\" content=\"Policiais militares do Regimento de Pol\u00edcia Montada (RPMont) prenderam, na noite desta segunda-feira (7), um homem que havia acabado de\" \/>\n<meta property=\"og:url\" content=\"https:\/\/www.pm.pb.gov.br\/portal\/2013\/01\/08\/cavalaria_prende_responsavel_por_diversos_assaltos_a_coletivos\/\" \/>\n<meta property=\"og:site_name\" content=\"Pol\u00edcia Militar da Para\u00edba\" \/>\n<meta property=\"article:published_time\" content=\"2013-01-08T15:01:17+00:00\" \/>\n<meta property=\"og:image\" content=\"https:\/\/www.pm.pb.gov.br\/portal\/wp-content\/uploads\/2013\/01\/7465_9346.jpg\" \/>\n\t<meta property=\"og:image:width\" content=\"500\" \/>\n\t<meta property=\"og:image:height\" content=\"332\" \/>\n\t<meta property=\"og:image:type\" content=\"image\/jpeg\" \/>\n<meta name=\"author\" content=\"Assessoria de Imprensa da PMPB\" \/>\n<meta name=\"twitter:card\" content=\"summary_large_image\" \/>\n<meta name=\"twitter:label1\" content=\"Escrito por\" \/>\n\t<meta name=\"twitter:data1\" content=\"Assessoria de Imprensa da PMPB\" \/>\n\t<meta name=\"twitter:label2\" content=\"Est. tempo de leitura\" \/>\n\t<meta name=\"twitter:data2\" content=\"1 minuto\" \/>\n<script type=\"application\/ld+json\" class=\"yoast-schema-graph\">{\"@context\":\"https:\/\/schema.org\",\"@graph\":[{\"@type\":\"Article\",\"@id\":\"https:\/\/www.pm.pb.gov.br\/portal\/2013\/01\/08\/cavalaria_prende_responsavel_por_diversos_assaltos_a_coletivos\/#article\",\"isPartOf\":{\"@id\":\"https:\/\/www.pm.pb.gov.br\/portal\/2013\/01\/08\/cavalaria_prende_responsavel_por_diversos_assaltos_a_coletivos\/\"},\"author\":{\"name\":\"Assessoria de Imprensa da PMPB\",\"@id\":\"https:\/\/www.pm.pb.gov.br\/portal\/#\/schema\/person\/e8454f46651c3ecf0e1ba3c1666d9947\"},\"headline\":\"Cavalaria prende respons\u00e1vel por diversos assaltos a coletivos\",\"datePublished\":\"2013-01-08T15:01:17+00:00\",\"dateModified\":\"2013-01-08T15:01:17+00:00\",\"mainEntityOfPage\":{\"@id\":\"https:\/\/www.pm.pb.gov.br\/portal\/2013\/01\/08\/cavalaria_prende_responsavel_por_diversos_assaltos_a_coletivos\/\"},\"wordCount\":216,\"publisher\":{\"@id\":\"https:\/\/www.pm.pb.gov.br\/portal\/#organization\"},\"articleSection\":[\"A\u00e7\u00f5es Policiais\"],\"inLanguage\":\"pt-BR\"},{\"@type\":\"WebPage\",\"@id\":\"https:\/\/www.pm.pb.gov.br\/portal\/2013\/01\/08\/cavalaria_prende_responsavel_por_diversos_assaltos_a_coletivos\/\",\"url\":\"https:\/\/www.pm.pb.gov.br\/portal\/2013\/01\/08\/cavalaria_prende_responsavel_por_diversos_assaltos_a_coletivos\/\",\"name\":\"Cavalaria prende respons\u00e1vel por diversos assaltos a coletivos - Pol\u00edcia Militar da Para\u00edba\",\"isPartOf\":{\"@id\":\"https:\/\/www.pm.pb.gov.br\/portal\/#website\"},\"datePublished\":\"2013-01-08T15:01:17+00:00\",\"dateModified\":\"2013-01-08T15:01:17+00:00\",\"breadcrumb\":{\"@id\":\"https:\/\/www.pm.pb.gov.br\/portal\/2013\/01\/08\/cavalaria_prende_responsavel_por_diversos_assaltos_a_coletivos\/#breadcrumb\"},\"inLanguage\":\"pt-BR\",\"potentialAction\":[{\"@type\":\"ReadAction\",\"target\":[\"https:\/\/www.pm.pb.gov.br\/portal\/2013\/01\/08\/cavalaria_prende_responsavel_por_diversos_assaltos_a_coletivos\/\"]}]},{\"@type\":\"BreadcrumbList\",\"@id\":\"https:\/\/www.pm.pb.gov.br\/portal\/2013\/01\/08\/cavalaria_prende_responsavel_por_diversos_assaltos_a_coletivos\/#breadcrumb\",\"itemListElement\":[{\"@type\":\"ListItem\",\"position\":1,\"name\":\"In\u00edcio\",\"item\":\"https:\/\/www.pm.pb.gov.br\/portal\/\"},{\"@type\":\"ListItem\",\"position\":2,\"name\":\"Cavalaria prende respons\u00e1vel por diversos assaltos a coletivos\"}]},{\"@type\":\"WebSite\",\"@id\":\"https:\/\/www.pm.pb.gov.br\/portal\/#website\",\"url\":\"https:\/\/www.pm.pb.gov.br\/portal\/\",\"name\":\"Pol\u00edcia Militar da Para\u00edba\",\"description\":\"\",\"publisher\":{\"@id\":\"https:\/\/www.pm.pb.gov.br\/portal\/#organization\"},\"potentialAction\":[{\"@type\":\"SearchAction\",\"target\":{\"@type\":\"EntryPoint\",\"urlTemplate\":\"https:\/\/www.pm.pb.gov.br\/portal\/?s={search_term_string}\"},\"query-input\":\"required name=search_term_string\"}],\"inLanguage\":\"pt-BR\"},{\"@type\":\"Organization\",\"@id\":\"https:\/\/www.pm.pb.gov.br\/portal\/#organization\",\"name\":\"Pol\u00edcia Militar da Para\u00edba\",\"url\":\"https:\/\/www.pm.pb.gov.br\/portal\/\",\"logo\":{\"@type\":\"ImageObject\",\"inLanguage\":\"pt-BR\",\"@id\":\"https:\/\/www.pm.pb.gov.br\/portal\/#\/schema\/logo\/image\/\",\"url\":\"https:\/\/www.pm.pb.gov.br\/portal\/wp-content\/uploads\/2025\/03\/cropped-logo-site-mag2-1.png\",\"contentUrl\":\"https:\/\/www.pm.pb.gov.br\/portal\/wp-content\/uploads\/2025\/03\/cropped-logo-site-mag2-1.png\",\"width\":320,\"height\":90,\"caption\":\"Pol\u00edcia Militar da Para\u00edba\"},\"image\":{\"@id\":\"https:\/\/www.pm.pb.gov.br\/portal\/#\/schema\/logo\/image\/\"}},{\"@type\":\"Person\",\"@id\":\"https:\/\/www.pm.pb.gov.br\/portal\/#\/schema\/person\/e8454f46651c3ecf0e1ba3c1666d9947\",\"name\":\"Assessoria de Imprensa da PMPB\",\"image\":{\"@type\":\"ImageObject\",\"inLanguage\":\"pt-BR\",\"@id\":\"https:\/\/www.pm.pb.gov.br\/portal\/#\/schema\/person\/image\/\",\"url\":\"https:\/\/secure.gravatar.com\/avatar\/2efe197438265d1e90bd98c4c8e1acf8?s=96&d=mm&r=g\",\"contentUrl\":\"https:\/\/secure.gravatar.com\/avatar\/2efe197438265d1e90bd98c4c8e1acf8?s=96&d=mm&r=g\",\"caption\":\"Assessoria de Imprensa da PMPB\"},\"url\":\"https:\/\/www.pm.pb.gov.br\/portal\/author\/assessoria\/\"}]}<\/script>\n<!-- \/ Yoast SEO plugin. -->","yoast_head_json":{"title":"Cavalaria prende respons\u00e1vel por diversos assaltos a coletivos - Pol\u00edcia Militar da Para\u00edba","robots":{"index":"index","follow":"follow","max-snippet":"max-snippet:-1","max-image-preview":"max-image-preview:large","max-video-preview":"max-video-preview:-1"},"canonical":"https:\/\/www.pm.pb.gov.br\/portal\/2013\/01\/08\/cavalaria_prende_responsavel_por_diversos_assaltos_a_coletivos\/","og_locale":"pt_BR","og_type":"article","og_title":"Cavalaria prende respons\u00e1vel por diversos assaltos a coletivos - Pol\u00edcia Militar da Para\u00edba","og_description":"Policiais militares do Regimento de Pol\u00edcia Montada (RPMont) prenderam, na noite desta segunda-feira (7), um homem que havia acabado de","og_url":"https:\/\/www.pm.pb.gov.br\/portal\/2013\/01\/08\/cavalaria_prende_responsavel_por_diversos_assaltos_a_coletivos\/","og_site_name":"Pol\u00edcia Militar da Para\u00edba","article_published_time":"2013-01-08T15:01:17+00:00","og_image":[{"width":500,"height":332,"url":"https:\/\/www.pm.pb.gov.br\/portal\/wp-content\/uploads\/2013\/01\/7465_9346.jpg","type":"image\/jpeg"}],"author":"Assessoria de Imprensa da PMPB","twitter_card":"summary_large_image","twitter_misc":{"Escrito por":"Assessoria de Imprensa da PMPB","Est. tempo de leitura":"1 minuto"},"schema":{"@context":"https:\/\/schema.org","@graph":[{"@type":"Article","@id":"https:\/\/www.pm.pb.gov.br\/portal\/2013\/01\/08\/cavalaria_prende_responsavel_por_diversos_assaltos_a_coletivos\/#article","isPartOf":{"@id":"https:\/\/www.pm.pb.gov.br\/portal\/2013\/01\/08\/cavalaria_prende_responsavel_por_diversos_assaltos_a_coletivos\/"},"author":{"name":"Assessoria de Imprensa da PMPB","@id":"https:\/\/www.pm.pb.gov.br\/portal\/#\/schema\/person\/e8454f46651c3ecf0e1ba3c1666d9947"},"headline":"Cavalaria prende respons\u00e1vel por diversos assaltos a coletivos","datePublished":"2013-01-08T15:01:17+00:00","dateModified":"2013-01-08T15:01:17+00:00","mainEntityOfPage":{"@id":"https:\/\/www.pm.pb.gov.br\/portal\/2013\/01\/08\/cavalaria_prende_responsavel_por_diversos_assaltos_a_coletivos\/"},"wordCount":216,"publisher":{"@id":"https:\/\/www.pm.pb.gov.br\/portal\/#organization"},"articleSection":["A\u00e7\u00f5es Policiais"],"inLanguage":"pt-BR"},{"@type":"WebPage","@id":"https:\/\/www.pm.pb.gov.br\/portal\/2013\/01\/08\/cavalaria_prende_responsavel_por_diversos_assaltos_a_coletivos\/","url":"https:\/\/www.pm.pb.gov.br\/portal\/2013\/01\/08\/cavalaria_prende_responsavel_por_diversos_assaltos_a_coletivos\/","name":"Cavalaria prende respons\u00e1vel por diversos assaltos a coletivos - Pol\u00edcia Militar da Para\u00edba","isPartOf":{"@id":"https:\/\/www.pm.pb.gov.br\/portal\/#website"},"datePublished":"2013-01-08T15:01:17+00:00","dateModified":"2013-01-08T15:01:17+00:00","breadcrumb":{"@id":"https:\/\/www.pm.pb.gov.br\/portal\/2013\/01\/08\/cavalaria_prende_responsavel_por_diversos_assaltos_a_coletivos\/#breadcrumb"},"inLanguage":"pt-BR","potentialAction":[{"@type":"ReadAction","target":["https:\/\/www.pm.pb.gov.br\/portal\/2013\/01\/08\/cavalaria_prende_responsavel_por_diversos_assaltos_a_coletivos\/"]}]},{"@type":"BreadcrumbList","@id":"https:\/\/www.pm.pb.gov.br\/portal\/2013\/01\/08\/cavalaria_prende_responsavel_por_diversos_assaltos_a_coletivos\/#breadcrumb","itemListElement":[{"@type":"ListItem","position":1,"name":"In\u00edcio","item":"https:\/\/www.pm.pb.gov.br\/portal\/"},{"@type":"ListItem","position":2,"name":"Cavalaria prende respons\u00e1vel por diversos assaltos a coletivos"}]},{"@type":"WebSite","@id":"https:\/\/www.pm.pb.gov.br\/portal\/#website","url":"https:\/\/www.pm.pb.gov.br\/portal\/","name":"Pol\u00edcia Militar da Para\u00edba","description":"","publisher":{"@id":"https:\/\/www.pm.pb.gov.br\/portal\/#organization"},"potentialAction":[{"@type":"SearchAction","target":{"@type":"EntryPoint","urlTemplate":"https:\/\/www.pm.pb.gov.br\/portal\/?s={search_term_string}"},"query-input":"required name=search_term_string"}],"inLanguage":"pt-BR"},{"@type":"Organization","@id":"https:\/\/www.pm.pb.gov.br\/portal\/#organization","name":"Pol\u00edcia Militar da Para\u00edba","url":"https:\/\/www.pm.pb.gov.br\/portal\/","logo":{"@type":"ImageObject","inLanguage":"pt-BR","@id":"https:\/\/www.pm.pb.gov.br\/portal\/#\/schema\/logo\/image\/","url":"https:\/\/www.pm.pb.gov.br\/portal\/wp-content\/uploads\/2025\/03\/cropped-logo-site-mag2-1.png","contentUrl":"https:\/\/www.pm.pb.gov.br\/portal\/wp-content\/uploads\/2025\/03\/cropped-logo-site-mag2-1.png","width":320,"height":90,"caption":"Pol\u00edcia Militar da Para\u00edba"},"image":{"@id":"https:\/\/www.pm.pb.gov.br\/portal\/#\/schema\/logo\/image\/"}},{"@type":"Person","@id":"https:\/\/www.pm.pb.gov.br\/portal\/#\/schema\/person\/e8454f46651c3ecf0e1ba3c1666d9947","name":"Assessoria de Imprensa da PMPB","image":{"@type":"ImageObject","inLanguage":"pt-BR","@id":"https:\/\/www.pm.pb.gov.br\/portal\/#\/schema\/person\/image\/","url":"https:\/\/secure.gravatar.com\/avatar\/2efe197438265d1e90bd98c4c8e1acf8?s=96&d=mm&r=g","contentUrl":"https:\/\/secure.gravatar.com\/avatar\/2efe197438265d1e90bd98c4c8e1acf8?s=96&d=mm&r=g","caption":"Assessoria de Imprensa da PMPB"},"url":"https:\/\/www.pm.pb.gov.br\/portal\/author\/assessoria\/"}]}},"_links":{"self":[{"href":"https:\/\/www.pm.pb.gov.br\/portal\/wp-json\/wp\/v2\/posts\/891576"}],"collection":[{"href":"https:\/\/www.pm.pb.gov.br\/portal\/wp-json\/wp\/v2\/posts"}],"about":[{"href":"https:\/\/www.pm.pb.gov.br\/portal\/wp-json\/wp\/v2\/types\/post"}],"author":[{"embeddable":true,"href":"https:\/\/www.pm.pb.gov.br\/portal\/wp-json\/wp\/v2\/users\/5"}],"replies":[{"embeddable":true,"href":"https:\/\/www.pm.pb.gov.br\/portal\/wp-json\/wp\/v2\/comments?post=891576"}],"version-history":[{"count":0,"href":"https:\/\/www.pm.pb.gov.br\/portal\/wp-json\/wp\/v2\/posts\/891576\/revisions"}],"wp:featuredmedia":[{"embeddable":true,"href":"https:\/\/www.pm.pb.gov.br\/portal\/wp-json\/wp\/v2\/media\/9346"}],"wp:attachment":[{"href":"https:\/\/www.pm.pb.gov.br\/portal\/wp-json\/wp\/v2\/media?parent=891576"}],"wp:term":[{"taxonomy":"category","embeddable":true,"href":"https:\/\/www.pm.pb.gov.br\/portal\/wp-json\/wp\/v2\/categories?post=891576"},{"taxonomy":"post_tag","embeddable":true,"href":"https:\/\/www.pm.pb.gov.br\/portal\/wp-json\/wp\/v2\/tags?post=891576"}],"curies":[{"name":"wp","href":"https:\/\/api.w.org\/{rel}","templated":true}]}}