{"id":891574,"date":"2013-01-08T10:01:43","date_gmt":"2013-01-08T13:01:43","guid":{"rendered":"http:\/\/www.pm.pb.gov.br\/portal\/2013\/01\/upss_reduzem_criminalidade_e_promovem_aproximacao_com_o_povo\/"},"modified":"2013-01-08T10:01:43","modified_gmt":"2013-01-08T13:01:43","slug":"upss_reduzem_criminalidade_e_promovem_aproximacao_com_o_povo","status":"publish","type":"post","link":"https:\/\/www.pm.pb.gov.br\/portal\/2013\/01\/08\/upss_reduzem_criminalidade_e_promovem_aproximacao_com_o_povo\/","title":{"rendered":"UPSs reduzem criminalidade e promovem aproxima\u00e7\u00e3o com o povo"},"content":{"rendered":"<figure style=\"width: 500px\" class=\"wp-caption alignnone\"><img decoding=\"async\" class=\"alignnone size-medium\" src=\"http:\/\/www.pm.pb.gov.br\/portal\/wp-content\/uploads\/2013\/01\/7463_9341.jpg\" title=\"UPS do R\u00f3ger est\u00e1 entre as que registraram redu\u00e7\u00e3o de criminalidade (Foto: Werneck Moreno)\" width=\"100%\" \/><figcaption class=\"wp-caption-text\">UPS do R\u00f3ger est\u00e1 entre as que registraram redu\u00e7\u00e3o de criminalidade (Foto: Werneck Moreno)<\/figcaption><\/figure>\n<div style=\"text-align: justify;\">A instala\u00e7\u00e3o de oito Unidades de Pol\u00edcia Solid\u00e1ria (UPS) em Jo\u00e3o Pessoa contribuiu consideravelmente para a redu\u00e7\u00e3o do n\u00famero de Crimes Violentos Letais Intencionais na capital paraibana. Comparando os anos de 2011 e 2012 foi registrada uma queda geral de 13,4% no n\u00famero de homic\u00eddios ocorridos nos bairros atendidos pelas UPSs Alto do Mateus, Mandacaru, Bola na Rede e Jardim Planalto, S\u00e3o Jos\u00e9, Bela Vista, R\u00f3ger e Jaguaribe.<\/p>\n<p>Conforme os dados, enquanto ao longo de 2011 foram registrados 164 homic\u00eddios nessas \u00e1reas, em 2012 foram 142. As maiores redu\u00e7\u00f5es foram observadas na UPS Alto do Mateus, com diminui\u00e7\u00e3o de 58% nos registros (de 19 para 8) e S\u00e3o Jos\u00e9, com 57% (de 37 para 16). Ambas as UPS t\u00eam mais de um ano de atua\u00e7\u00e3o.<\/p>\n<p>Tamb\u00e9m se destacam, nos n\u00fameros, as UPSs Jaguaribe (de 4 para 2), com 50% de queda, e R\u00f3ger (13 para 9), com 30%. A primeira foi instalada em 25 de setembro de 2012 e a segunda cerca de um m\u00eas antes. No total, em 2012 foram instaladas quatro Unidades de Pol\u00edcia Solid\u00e1ria (UPS) \u0096 nos bairros de Bela Vista, Jardim Planalto, Roger e Jaguaribe -, chegando ao n\u00famero total de oito desde 2011.<\/p>\n<p>Para este ano, j\u00e1 est\u00e1 prevista a implanta\u00e7\u00e3o de mais tr\u00eas UPSs na Grande Jo\u00e3o Pessoa (Geisel, Integra\u00e7\u00e3o e de Santa Rita). Em Campina Grande, duas est\u00e3o em fase de constru\u00e7\u00e3o, nos bairros do Pedregal e Mutir\u00e3o.<\/p>\n<p>Pol\u00edcia Solid\u00e1ria<\/p>\n<p>A filosofia da Pol\u00edcia Solid\u00e1ria consiste na dissemina\u00e7\u00e3o e aplica\u00e7\u00e3o de uma pol\u00edcia mais pr\u00f3xima das pessoas, ajudando as comunidades a resolverem problemas comuns antes que se tornem casos de pol\u00edcia.<\/p>\n<p>Frequentemente, os policiais que atuam nas UPSs participam do curso de Promotor de Pol\u00edcia Comunit\u00e1ria, oferecido tamb\u00e9m para l\u00edderes comunit\u00e1rios. Em menos de um ano e meio, cerca de 1.200 profissionais da \u00e1rea de seguran\u00e7a e l\u00edderes comunit\u00e1rios j\u00e1 foram capacitados nessa filosofia.<\/p>\n<p>A instala\u00e7\u00e3o das UPSs tamb\u00e9m proporciona para a popula\u00e7\u00e3o um servi\u00e7o de \u0091Linha Direta\u0092 com a pol\u00edcia, no qual \u00e9 poss\u00edvel contato com os policiais da base comunit\u00e1ria, antes mesmo que a ocorr\u00eancia chegue ao Ciop.<\/p>\n<p>Confira os n\u00fameros da Linha Solid\u00e1ria de cada UPS :<\/p>\n<p>UPS do Alto do Mateus: (083) 8679-2590<br \/>\nUPS de Mandacaru: (083) 8619-2213<br \/>\nUPS da Bola na Rede: (083) 8716-7927<br \/>\nUPS do S\u00e3o Jos\u00e9: (083) 8628-7040<br \/>\nUPS da Bela Vista: (083) 8797-2717<br \/>\nUPS Jardim Planalto: (083) 8835-1228<br \/>\nUPS Roger: (083) 8714-0119<br \/>\nUPS Jaguaribe: (083) 8818-5369<\/p>\n<div class=\"row\" align=\"center\"><a href=\"http:\/\/www.pm.pb.gov.br\/exportacao\/fotos_noticias\/7463_9342.jpg\"><figure style=\"width: 500px\" class=\"wp-caption alignnone\"><img decoding=\"async\" class=\"image-responsive\" src=\"http:\/\/www.pm.pb.gov.br\/exportacao\/fotos_noticias\/7463_9342.jpg\" title=\"As unidades contam com um sistema de videomonitoramento\" width=\"100%\" \/><figcaption class=\"wp-caption-text\">As unidades contam com um sistema de videomonitoramento<\/figcaption><\/figure><\/a><a href=\"http:\/\/www.pm.pb.gov.br\/exportacao\/fotos_noticias\/7463_9343.jpg\"><figure style=\"width: 500px\" class=\"wp-caption alignnone\"><img decoding=\"async\" class=\"image-responsive\" src=\"http:\/\/www.pm.pb.gov.br\/exportacao\/fotos_noticias\/7463_9343.jpg\" title=\"Cada UPs tamb\u00e9m conta com motos e viaturas para o patrulhamento\" width=\"100%\" \/><figcaption class=\"wp-caption-text\">Cada UPs tamb\u00e9m conta com motos e viaturas para o patrulhamento<\/figcaption><\/figure><\/a><a href=\"http:\/\/www.pm.pb.gov.br\/portal\/wp-content\/uploads\/2013\/01\/7463_9344.jpg\"><figure style=\"width: 500px\" class=\"wp-caption alignnone\"><img decoding=\"async\" class=\"image-responsive\" src=\"http:\/\/www.pm.pb.gov.br\/portal\/wp-content\/uploads\/2013\/01\/7463_9344.jpg\" title=\"Soemnte em 2012, os gestores da seguran\u00e7a proporcionaram a instala\u00e7\u00e3o de 8 UPSs\" width=\"100%\" \/><figcaption class=\"wp-caption-text\">Soemnte em 2012, os gestores da seguran\u00e7a proporcionaram a instala\u00e7\u00e3o de 8 UPSs<\/figcaption><\/figure><\/a><\/div>\n<\/div>\n","protected":false},"excerpt":{"rendered":"<p>A instala\u00e7\u00e3o de oito Unidades de Pol\u00edcia Solid\u00e1ria (UPS) em Jo\u00e3o Pessoa contribuiu consideravelmente para a redu\u00e7\u00e3o do n\u00famero de<\/p>\n","protected":false},"author":5,"featured_media":9341,"comment_status":"closed","ping_status":"closed","sticky":false,"template":"","format":"standard","meta":{"_exactmetrics_skip_tracking":false,"_exactmetrics_sitenote_active":false,"_exactmetrics_sitenote_note":"","_exactmetrics_sitenote_category":0,"footnotes":""},"categories":[15],"tags":[],"yoast_head":"<!-- This site is optimized with the Yoast SEO plugin v22.0 - https:\/\/yoast.com\/wordpress\/plugins\/seo\/ -->\n<title>UPSs reduzem criminalidade e promovem aproxima\u00e7\u00e3o com o povo - Pol\u00edcia Militar da Para\u00edba<\/title>\n<meta name=\"robots\" content=\"index, follow, max-snippet:-1, max-image-preview:large, max-video-preview:-1\" \/>\n<link rel=\"canonical\" href=\"https:\/\/www.pm.pb.gov.br\/portal\/2013\/01\/08\/upss_reduzem_criminalidade_e_promovem_aproximacao_com_o_povo\/\" \/>\n<meta property=\"og:locale\" content=\"pt_BR\" \/>\n<meta property=\"og:type\" content=\"article\" \/>\n<meta property=\"og:title\" content=\"UPSs reduzem criminalidade e promovem aproxima\u00e7\u00e3o com o povo - Pol\u00edcia Militar da Para\u00edba\" \/>\n<meta property=\"og:description\" content=\"A instala\u00e7\u00e3o de oito Unidades de Pol\u00edcia Solid\u00e1ria (UPS) em Jo\u00e3o Pessoa contribuiu consideravelmente para a redu\u00e7\u00e3o do n\u00famero de\" \/>\n<meta property=\"og:url\" content=\"https:\/\/www.pm.pb.gov.br\/portal\/2013\/01\/08\/upss_reduzem_criminalidade_e_promovem_aproximacao_com_o_povo\/\" \/>\n<meta property=\"og:site_name\" content=\"Pol\u00edcia Militar da Para\u00edba\" \/>\n<meta property=\"article:published_time\" content=\"2013-01-08T13:01:43+00:00\" \/>\n<meta property=\"og:image\" content=\"https:\/\/www.pm.pb.gov.br\/portal\/wp-content\/uploads\/2013\/01\/7463_9341.jpg\" \/>\n\t<meta property=\"og:image:width\" content=\"500\" \/>\n\t<meta property=\"og:image:height\" content=\"332\" \/>\n\t<meta property=\"og:image:type\" content=\"image\/jpeg\" \/>\n<meta name=\"author\" content=\"Assessoria de Imprensa da PMPB\" \/>\n<meta name=\"twitter:card\" content=\"summary_large_image\" \/>\n<meta name=\"twitter:label1\" content=\"Escrito por\" \/>\n\t<meta name=\"twitter:data1\" content=\"Assessoria de Imprensa da PMPB\" \/>\n\t<meta name=\"twitter:label2\" content=\"Est. tempo de leitura\" \/>\n\t<meta name=\"twitter:data2\" content=\"2 minutos\" \/>\n<script type=\"application\/ld+json\" class=\"yoast-schema-graph\">{\"@context\":\"https:\/\/schema.org\",\"@graph\":[{\"@type\":\"Article\",\"@id\":\"https:\/\/www.pm.pb.gov.br\/portal\/2013\/01\/08\/upss_reduzem_criminalidade_e_promovem_aproximacao_com_o_povo\/#article\",\"isPartOf\":{\"@id\":\"https:\/\/www.pm.pb.gov.br\/portal\/2013\/01\/08\/upss_reduzem_criminalidade_e_promovem_aproximacao_com_o_povo\/\"},\"author\":{\"name\":\"Assessoria de Imprensa da PMPB\",\"@id\":\"https:\/\/www.pm.pb.gov.br\/portal\/#\/schema\/person\/e8454f46651c3ecf0e1ba3c1666d9947\"},\"headline\":\"UPSs reduzem criminalidade e promovem aproxima\u00e7\u00e3o com o povo\",\"datePublished\":\"2013-01-08T13:01:43+00:00\",\"dateModified\":\"2013-01-08T13:01:43+00:00\",\"mainEntityOfPage\":{\"@id\":\"https:\/\/www.pm.pb.gov.br\/portal\/2013\/01\/08\/upss_reduzem_criminalidade_e_promovem_aproximacao_com_o_povo\/\"},\"wordCount\":507,\"publisher\":{\"@id\":\"https:\/\/www.pm.pb.gov.br\/portal\/#organization\"},\"articleSection\":[\"Informativo\"],\"inLanguage\":\"pt-BR\"},{\"@type\":\"WebPage\",\"@id\":\"https:\/\/www.pm.pb.gov.br\/portal\/2013\/01\/08\/upss_reduzem_criminalidade_e_promovem_aproximacao_com_o_povo\/\",\"url\":\"https:\/\/www.pm.pb.gov.br\/portal\/2013\/01\/08\/upss_reduzem_criminalidade_e_promovem_aproximacao_com_o_povo\/\",\"name\":\"UPSs reduzem criminalidade e promovem aproxima\u00e7\u00e3o com o povo - Pol\u00edcia Militar da Para\u00edba\",\"isPartOf\":{\"@id\":\"https:\/\/www.pm.pb.gov.br\/portal\/#website\"},\"datePublished\":\"2013-01-08T13:01:43+00:00\",\"dateModified\":\"2013-01-08T13:01:43+00:00\",\"breadcrumb\":{\"@id\":\"https:\/\/www.pm.pb.gov.br\/portal\/2013\/01\/08\/upss_reduzem_criminalidade_e_promovem_aproximacao_com_o_povo\/#breadcrumb\"},\"inLanguage\":\"pt-BR\",\"potentialAction\":[{\"@type\":\"ReadAction\",\"target\":[\"https:\/\/www.pm.pb.gov.br\/portal\/2013\/01\/08\/upss_reduzem_criminalidade_e_promovem_aproximacao_com_o_povo\/\"]}]},{\"@type\":\"BreadcrumbList\",\"@id\":\"https:\/\/www.pm.pb.gov.br\/portal\/2013\/01\/08\/upss_reduzem_criminalidade_e_promovem_aproximacao_com_o_povo\/#breadcrumb\",\"itemListElement\":[{\"@type\":\"ListItem\",\"position\":1,\"name\":\"In\u00edcio\",\"item\":\"https:\/\/www.pm.pb.gov.br\/portal\/\"},{\"@type\":\"ListItem\",\"position\":2,\"name\":\"UPSs reduzem criminalidade e promovem aproxima\u00e7\u00e3o com o povo\"}]},{\"@type\":\"WebSite\",\"@id\":\"https:\/\/www.pm.pb.gov.br\/portal\/#website\",\"url\":\"https:\/\/www.pm.pb.gov.br\/portal\/\",\"name\":\"Pol\u00edcia Militar da Para\u00edba\",\"description\":\"\",\"publisher\":{\"@id\":\"https:\/\/www.pm.pb.gov.br\/portal\/#organization\"},\"potentialAction\":[{\"@type\":\"SearchAction\",\"target\":{\"@type\":\"EntryPoint\",\"urlTemplate\":\"https:\/\/www.pm.pb.gov.br\/portal\/?s={search_term_string}\"},\"query-input\":\"required name=search_term_string\"}],\"inLanguage\":\"pt-BR\"},{\"@type\":\"Organization\",\"@id\":\"https:\/\/www.pm.pb.gov.br\/portal\/#organization\",\"name\":\"Pol\u00edcia Militar da Para\u00edba\",\"url\":\"https:\/\/www.pm.pb.gov.br\/portal\/\",\"logo\":{\"@type\":\"ImageObject\",\"inLanguage\":\"pt-BR\",\"@id\":\"https:\/\/www.pm.pb.gov.br\/portal\/#\/schema\/logo\/image\/\",\"url\":\"https:\/\/www.pm.pb.gov.br\/portal\/wp-content\/uploads\/2025\/03\/cropped-logo-site-mag2-1.png\",\"contentUrl\":\"https:\/\/www.pm.pb.gov.br\/portal\/wp-content\/uploads\/2025\/03\/cropped-logo-site-mag2-1.png\",\"width\":320,\"height\":90,\"caption\":\"Pol\u00edcia Militar da Para\u00edba\"},\"image\":{\"@id\":\"https:\/\/www.pm.pb.gov.br\/portal\/#\/schema\/logo\/image\/\"}},{\"@type\":\"Person\",\"@id\":\"https:\/\/www.pm.pb.gov.br\/portal\/#\/schema\/person\/e8454f46651c3ecf0e1ba3c1666d9947\",\"name\":\"Assessoria de Imprensa da PMPB\",\"image\":{\"@type\":\"ImageObject\",\"inLanguage\":\"pt-BR\",\"@id\":\"https:\/\/www.pm.pb.gov.br\/portal\/#\/schema\/person\/image\/\",\"url\":\"https:\/\/secure.gravatar.com\/avatar\/2efe197438265d1e90bd98c4c8e1acf8?s=96&d=mm&r=g\",\"contentUrl\":\"https:\/\/secure.gravatar.com\/avatar\/2efe197438265d1e90bd98c4c8e1acf8?s=96&d=mm&r=g\",\"caption\":\"Assessoria de Imprensa da PMPB\"},\"url\":\"https:\/\/www.pm.pb.gov.br\/portal\/author\/assessoria\/\"}]}<\/script>\n<!-- \/ Yoast SEO plugin. -->","yoast_head_json":{"title":"UPSs reduzem criminalidade e promovem aproxima\u00e7\u00e3o com o povo - Pol\u00edcia Militar da Para\u00edba","robots":{"index":"index","follow":"follow","max-snippet":"max-snippet:-1","max-image-preview":"max-image-preview:large","max-video-preview":"max-video-preview:-1"},"canonical":"https:\/\/www.pm.pb.gov.br\/portal\/2013\/01\/08\/upss_reduzem_criminalidade_e_promovem_aproximacao_com_o_povo\/","og_locale":"pt_BR","og_type":"article","og_title":"UPSs reduzem criminalidade e promovem aproxima\u00e7\u00e3o com o povo - Pol\u00edcia Militar da Para\u00edba","og_description":"A instala\u00e7\u00e3o de oito Unidades de Pol\u00edcia Solid\u00e1ria (UPS) em Jo\u00e3o Pessoa contribuiu consideravelmente para a redu\u00e7\u00e3o do n\u00famero de","og_url":"https:\/\/www.pm.pb.gov.br\/portal\/2013\/01\/08\/upss_reduzem_criminalidade_e_promovem_aproximacao_com_o_povo\/","og_site_name":"Pol\u00edcia Militar da Para\u00edba","article_published_time":"2013-01-08T13:01:43+00:00","og_image":[{"width":500,"height":332,"url":"https:\/\/www.pm.pb.gov.br\/portal\/wp-content\/uploads\/2013\/01\/7463_9341.jpg","type":"image\/jpeg"}],"author":"Assessoria de Imprensa da PMPB","twitter_card":"summary_large_image","twitter_misc":{"Escrito por":"Assessoria de Imprensa da PMPB","Est. tempo de leitura":"2 minutos"},"schema":{"@context":"https:\/\/schema.org","@graph":[{"@type":"Article","@id":"https:\/\/www.pm.pb.gov.br\/portal\/2013\/01\/08\/upss_reduzem_criminalidade_e_promovem_aproximacao_com_o_povo\/#article","isPartOf":{"@id":"https:\/\/www.pm.pb.gov.br\/portal\/2013\/01\/08\/upss_reduzem_criminalidade_e_promovem_aproximacao_com_o_povo\/"},"author":{"name":"Assessoria de Imprensa da PMPB","@id":"https:\/\/www.pm.pb.gov.br\/portal\/#\/schema\/person\/e8454f46651c3ecf0e1ba3c1666d9947"},"headline":"UPSs reduzem criminalidade e promovem aproxima\u00e7\u00e3o com o povo","datePublished":"2013-01-08T13:01:43+00:00","dateModified":"2013-01-08T13:01:43+00:00","mainEntityOfPage":{"@id":"https:\/\/www.pm.pb.gov.br\/portal\/2013\/01\/08\/upss_reduzem_criminalidade_e_promovem_aproximacao_com_o_povo\/"},"wordCount":507,"publisher":{"@id":"https:\/\/www.pm.pb.gov.br\/portal\/#organization"},"articleSection":["Informativo"],"inLanguage":"pt-BR"},{"@type":"WebPage","@id":"https:\/\/www.pm.pb.gov.br\/portal\/2013\/01\/08\/upss_reduzem_criminalidade_e_promovem_aproximacao_com_o_povo\/","url":"https:\/\/www.pm.pb.gov.br\/portal\/2013\/01\/08\/upss_reduzem_criminalidade_e_promovem_aproximacao_com_o_povo\/","name":"UPSs reduzem criminalidade e promovem aproxima\u00e7\u00e3o com o povo - Pol\u00edcia Militar da Para\u00edba","isPartOf":{"@id":"https:\/\/www.pm.pb.gov.br\/portal\/#website"},"datePublished":"2013-01-08T13:01:43+00:00","dateModified":"2013-01-08T13:01:43+00:00","breadcrumb":{"@id":"https:\/\/www.pm.pb.gov.br\/portal\/2013\/01\/08\/upss_reduzem_criminalidade_e_promovem_aproximacao_com_o_povo\/#breadcrumb"},"inLanguage":"pt-BR","potentialAction":[{"@type":"ReadAction","target":["https:\/\/www.pm.pb.gov.br\/portal\/2013\/01\/08\/upss_reduzem_criminalidade_e_promovem_aproximacao_com_o_povo\/"]}]},{"@type":"BreadcrumbList","@id":"https:\/\/www.pm.pb.gov.br\/portal\/2013\/01\/08\/upss_reduzem_criminalidade_e_promovem_aproximacao_com_o_povo\/#breadcrumb","itemListElement":[{"@type":"ListItem","position":1,"name":"In\u00edcio","item":"https:\/\/www.pm.pb.gov.br\/portal\/"},{"@type":"ListItem","position":2,"name":"UPSs reduzem criminalidade e promovem aproxima\u00e7\u00e3o com o povo"}]},{"@type":"WebSite","@id":"https:\/\/www.pm.pb.gov.br\/portal\/#website","url":"https:\/\/www.pm.pb.gov.br\/portal\/","name":"Pol\u00edcia Militar da Para\u00edba","description":"","publisher":{"@id":"https:\/\/www.pm.pb.gov.br\/portal\/#organization"},"potentialAction":[{"@type":"SearchAction","target":{"@type":"EntryPoint","urlTemplate":"https:\/\/www.pm.pb.gov.br\/portal\/?s={search_term_string}"},"query-input":"required name=search_term_string"}],"inLanguage":"pt-BR"},{"@type":"Organization","@id":"https:\/\/www.pm.pb.gov.br\/portal\/#organization","name":"Pol\u00edcia Militar da Para\u00edba","url":"https:\/\/www.pm.pb.gov.br\/portal\/","logo":{"@type":"ImageObject","inLanguage":"pt-BR","@id":"https:\/\/www.pm.pb.gov.br\/portal\/#\/schema\/logo\/image\/","url":"https:\/\/www.pm.pb.gov.br\/portal\/wp-content\/uploads\/2025\/03\/cropped-logo-site-mag2-1.png","contentUrl":"https:\/\/www.pm.pb.gov.br\/portal\/wp-content\/uploads\/2025\/03\/cropped-logo-site-mag2-1.png","width":320,"height":90,"caption":"Pol\u00edcia Militar da Para\u00edba"},"image":{"@id":"https:\/\/www.pm.pb.gov.br\/portal\/#\/schema\/logo\/image\/"}},{"@type":"Person","@id":"https:\/\/www.pm.pb.gov.br\/portal\/#\/schema\/person\/e8454f46651c3ecf0e1ba3c1666d9947","name":"Assessoria de Imprensa da PMPB","image":{"@type":"ImageObject","inLanguage":"pt-BR","@id":"https:\/\/www.pm.pb.gov.br\/portal\/#\/schema\/person\/image\/","url":"https:\/\/secure.gravatar.com\/avatar\/2efe197438265d1e90bd98c4c8e1acf8?s=96&d=mm&r=g","contentUrl":"https:\/\/secure.gravatar.com\/avatar\/2efe197438265d1e90bd98c4c8e1acf8?s=96&d=mm&r=g","caption":"Assessoria de Imprensa da PMPB"},"url":"https:\/\/www.pm.pb.gov.br\/portal\/author\/assessoria\/"}]}},"_links":{"self":[{"href":"https:\/\/www.pm.pb.gov.br\/portal\/wp-json\/wp\/v2\/posts\/891574"}],"collection":[{"href":"https:\/\/www.pm.pb.gov.br\/portal\/wp-json\/wp\/v2\/posts"}],"about":[{"href":"https:\/\/www.pm.pb.gov.br\/portal\/wp-json\/wp\/v2\/types\/post"}],"author":[{"embeddable":true,"href":"https:\/\/www.pm.pb.gov.br\/portal\/wp-json\/wp\/v2\/users\/5"}],"replies":[{"embeddable":true,"href":"https:\/\/www.pm.pb.gov.br\/portal\/wp-json\/wp\/v2\/comments?post=891574"}],"version-history":[{"count":0,"href":"https:\/\/www.pm.pb.gov.br\/portal\/wp-json\/wp\/v2\/posts\/891574\/revisions"}],"wp:featuredmedia":[{"embeddable":true,"href":"https:\/\/www.pm.pb.gov.br\/portal\/wp-json\/wp\/v2\/media\/9341"}],"wp:attachment":[{"href":"https:\/\/www.pm.pb.gov.br\/portal\/wp-json\/wp\/v2\/media?parent=891574"}],"wp:term":[{"taxonomy":"category","embeddable":true,"href":"https:\/\/www.pm.pb.gov.br\/portal\/wp-json\/wp\/v2\/categories?post=891574"},{"taxonomy":"post_tag","embeddable":true,"href":"https:\/\/www.pm.pb.gov.br\/portal\/wp-json\/wp\/v2\/tags?post=891574"}],"curies":[{"name":"wp","href":"https:\/\/api.w.org\/{rel}","templated":true}]}}