{"id":891572,"date":"2013-01-08T08:01:39","date_gmt":"2013-01-08T11:01:39","guid":{"rendered":"http:\/\/www.pm.pb.gov.br\/portal\/2013\/01\/paraiba_reduz_homicidios_apos_10_anos_sucessivos_de_crescimento\/"},"modified":"2013-01-08T08:01:39","modified_gmt":"2013-01-08T11:01:39","slug":"paraiba_reduz_homicidios_apos_10_anos_sucessivos_de_crescimento","status":"publish","type":"post","link":"https:\/\/www.pm.pb.gov.br\/portal\/2013\/01\/08\/paraiba_reduz_homicidios_apos_10_anos_sucessivos_de_crescimento\/","title":{"rendered":"Para\u00edba reduz homic\u00eddios ap\u00f3s 10 anos sucessivos de crescimento"},"content":{"rendered":"<figure style=\"width: 500px\" class=\"wp-caption alignnone\"><img decoding=\"async\" class=\"alignnone size-medium\" src=\"http:\/\/www.pm.pb.gov.br\/portal\/wp-content\/uploads\/2013\/01\/7461_9339.jpg\" title=\"Uni\u00e3o das for\u00e7as de seguran\u00e7a foi essencial para a redu\u00e7\u00e3o de homic\u00eddios\" width=\"100%\" \/><figcaption class=\"wp-caption-text\">Uni\u00e3o das for\u00e7as de seguran\u00e7a foi essencial para a redu\u00e7\u00e3o de homic\u00eddios<\/figcaption><\/figure>\n<div style=\"text-align: justify;\">Depois de 10 anos consecutivos de aumento &#8211;  2002 a 2011 \u0096,  o n\u00famero de homic\u00eddios na Para\u00edba caiu em 2012. Enquanto em 2011 ocorreram 1.680 homic\u00eddios, no ano passado foram registrados 1.542, isto \u00e9, 138 a menos, o que representa redu\u00e7\u00e3o de 8,21%. Em m\u00e9dia, nos quatro \u00faltimos anos, o \u00edndice de homic\u00eddios registrados nos munic\u00edpios paraibanos crescia mais de 20%.<\/p>\n<p>Outro dado muito importante registrado tamb\u00e9m no ano passado \u00e9 que em 69 munic\u00edpios paraibanos n\u00e3o houve ocorr\u00eancia de crimes contra a vida.<\/p>\n<p>O balan\u00e7o das a\u00e7\u00f5es da Secretaria da Seguran\u00e7a e da Defesa Social (Seds) foi apresentado nesta segunda-feira (7) pelo governador Ricardo Coutinho, juntamente com o chefe da pasta, Cl\u00e1udio Lima, o comandante geral Pol\u00edcia Militar, coronel Euller Chaves, e o comandante geral do Corpo de Bombeiros, coronel Jair Carneiro.<\/p>\n<p>Ricardo ressaltou que 2012 merece entrar para a hist\u00f3ria porque a Pol\u00edcia da Para\u00edba come\u00e7ou a recuperar a confian\u00e7a da popula\u00e7\u00e3o ao construir um caminho para reduzir cada vez mais o n\u00famero de homic\u00eddios.<\/p>\n<p>\u0093Agora n\u00f3s sabemos como transitar. Por muito tempo, a Para\u00edba esteve acostumada a registrar apenas crescimento desses crimes, por\u00e9m com o trabalho realizado ao longo de 2011 conseguimos quebrar esse espiral crescente de homic\u00eddios e em 2012 chegamos \u00e0 primeira redu\u00e7\u00e3o depois de 10 anos. Esses dados t\u00eam que ser vistos com a tranq\u00fcilidade de um passo dado e tamb\u00e9m como um sinal de alerta de que h\u00e1 muito a ser feito e de que vamos encontrar dificuldades\u0094, analisou.<\/p>\n<p>Redu\u00e7\u00f5es nos munic\u00edpios<\/p>\n<p>A regi\u00e3o metropolitana de Jo\u00e3o Pessoa apresentou redu\u00e7\u00e3o de 96 casos de homic\u00eddios no comparativo entre o ano passado e 2011. O destaque foi para o munic\u00edpio de Cabedelo, que conseguiu o percentual de 28% de queda de assassinatos (de 83 para 59). Em Jo\u00e3o Pessoa, as pol\u00edcias conseguiram diminuir em 12,8% esses crimes (594 para 518); em Bayeux 16,7% (60 para 50). Em Campina Grande, o registro de assassinatos foi reduzido de 176 para 170; em S\u00e3o Bento de 20 para 14; em Queimadas de 12 para 7; em Itabaiana, de 9 para 2; em Cajazeiras, de 10 para 7.<\/p>\n<p>Dados do Nace indicam que em 79 cidades das 223 existentes na Para\u00edba houve redu\u00e7\u00e3o no n\u00famero de homic\u00eddios se comparados os anos de 2011 e 2012. J\u00e1 em 26 foi contabilizado o mesmo n\u00famero de assassinatos do ano anterior (exclu\u00eddos aqueles em que n\u00e3o houve homic\u00eddio no ano passado). As informa\u00e7\u00f5es sobre os CVLI em todas as cidades do Estado ser\u00e3o disponibilizadas na p\u00e1gina do programa Para\u00edba Unida Pela Paz pelo endere\u00e7o:www.paraiba.pb.gov.br\/especiais\/pbunidapelapaz.<\/p>\n<div class=\"row\" align=\"center\"><\/div>\n<\/div>\n","protected":false},"excerpt":{"rendered":"<p>Depois de 10 anos consecutivos de aumento &#8211; 2002 a 2011 \u0096, o n\u00famero de homic\u00eddios na Para\u00edba caiu em<\/p>\n","protected":false},"author":5,"featured_media":9339,"comment_status":"closed","ping_status":"closed","sticky":false,"template":"","format":"standard","meta":{"_exactmetrics_skip_tracking":false,"_exactmetrics_sitenote_active":false,"_exactmetrics_sitenote_note":"","_exactmetrics_sitenote_category":0,"footnotes":""},"categories":[4],"tags":[],"yoast_head":"<!-- This site is optimized with the Yoast SEO plugin v22.0 - https:\/\/yoast.com\/wordpress\/plugins\/seo\/ -->\n<title>Para\u00edba reduz homic\u00eddios ap\u00f3s 10 anos sucessivos de crescimento - Pol\u00edcia Militar da Para\u00edba<\/title>\n<meta name=\"robots\" content=\"index, follow, max-snippet:-1, max-image-preview:large, max-video-preview:-1\" \/>\n<link rel=\"canonical\" href=\"https:\/\/www.pm.pb.gov.br\/portal\/2013\/01\/08\/paraiba_reduz_homicidios_apos_10_anos_sucessivos_de_crescimento\/\" \/>\n<meta property=\"og:locale\" content=\"pt_BR\" \/>\n<meta property=\"og:type\" content=\"article\" \/>\n<meta property=\"og:title\" content=\"Para\u00edba reduz homic\u00eddios ap\u00f3s 10 anos sucessivos de crescimento - Pol\u00edcia Militar da Para\u00edba\" \/>\n<meta property=\"og:description\" content=\"Depois de 10 anos consecutivos de aumento &#8211; 2002 a 2011 \u0096, o n\u00famero de homic\u00eddios na Para\u00edba caiu em\" \/>\n<meta property=\"og:url\" content=\"https:\/\/www.pm.pb.gov.br\/portal\/2013\/01\/08\/paraiba_reduz_homicidios_apos_10_anos_sucessivos_de_crescimento\/\" \/>\n<meta property=\"og:site_name\" content=\"Pol\u00edcia Militar da Para\u00edba\" \/>\n<meta property=\"article:published_time\" content=\"2013-01-08T11:01:39+00:00\" \/>\n<meta property=\"og:image\" content=\"https:\/\/www.pm.pb.gov.br\/portal\/wp-content\/uploads\/2013\/01\/7461_9339.jpg\" \/>\n\t<meta property=\"og:image:width\" content=\"500\" \/>\n\t<meta property=\"og:image:height\" content=\"334\" \/>\n\t<meta property=\"og:image:type\" content=\"image\/jpeg\" \/>\n<meta name=\"author\" content=\"Assessoria de Imprensa da PMPB\" \/>\n<meta name=\"twitter:card\" content=\"summary_large_image\" \/>\n<meta name=\"twitter:label1\" content=\"Escrito por\" \/>\n\t<meta name=\"twitter:data1\" content=\"Assessoria de Imprensa da PMPB\" \/>\n\t<meta name=\"twitter:label2\" content=\"Est. tempo de leitura\" \/>\n\t<meta name=\"twitter:data2\" content=\"2 minutos\" \/>\n<script type=\"application\/ld+json\" class=\"yoast-schema-graph\">{\"@context\":\"https:\/\/schema.org\",\"@graph\":[{\"@type\":\"Article\",\"@id\":\"https:\/\/www.pm.pb.gov.br\/portal\/2013\/01\/08\/paraiba_reduz_homicidios_apos_10_anos_sucessivos_de_crescimento\/#article\",\"isPartOf\":{\"@id\":\"https:\/\/www.pm.pb.gov.br\/portal\/2013\/01\/08\/paraiba_reduz_homicidios_apos_10_anos_sucessivos_de_crescimento\/\"},\"author\":{\"name\":\"Assessoria de Imprensa da PMPB\",\"@id\":\"https:\/\/www.pm.pb.gov.br\/portal\/#\/schema\/person\/e8454f46651c3ecf0e1ba3c1666d9947\"},\"headline\":\"Para\u00edba reduz homic\u00eddios ap\u00f3s 10 anos sucessivos de crescimento\",\"datePublished\":\"2013-01-08T11:01:39+00:00\",\"dateModified\":\"2013-01-08T11:01:39+00:00\",\"mainEntityOfPage\":{\"@id\":\"https:\/\/www.pm.pb.gov.br\/portal\/2013\/01\/08\/paraiba_reduz_homicidios_apos_10_anos_sucessivos_de_crescimento\/\"},\"wordCount\":475,\"publisher\":{\"@id\":\"https:\/\/www.pm.pb.gov.br\/portal\/#organization\"},\"articleSection\":[\"A\u00e7\u00f5es Policiais\"],\"inLanguage\":\"pt-BR\"},{\"@type\":\"WebPage\",\"@id\":\"https:\/\/www.pm.pb.gov.br\/portal\/2013\/01\/08\/paraiba_reduz_homicidios_apos_10_anos_sucessivos_de_crescimento\/\",\"url\":\"https:\/\/www.pm.pb.gov.br\/portal\/2013\/01\/08\/paraiba_reduz_homicidios_apos_10_anos_sucessivos_de_crescimento\/\",\"name\":\"Para\u00edba reduz homic\u00eddios ap\u00f3s 10 anos sucessivos de crescimento - Pol\u00edcia Militar da Para\u00edba\",\"isPartOf\":{\"@id\":\"https:\/\/www.pm.pb.gov.br\/portal\/#website\"},\"datePublished\":\"2013-01-08T11:01:39+00:00\",\"dateModified\":\"2013-01-08T11:01:39+00:00\",\"breadcrumb\":{\"@id\":\"https:\/\/www.pm.pb.gov.br\/portal\/2013\/01\/08\/paraiba_reduz_homicidios_apos_10_anos_sucessivos_de_crescimento\/#breadcrumb\"},\"inLanguage\":\"pt-BR\",\"potentialAction\":[{\"@type\":\"ReadAction\",\"target\":[\"https:\/\/www.pm.pb.gov.br\/portal\/2013\/01\/08\/paraiba_reduz_homicidios_apos_10_anos_sucessivos_de_crescimento\/\"]}]},{\"@type\":\"BreadcrumbList\",\"@id\":\"https:\/\/www.pm.pb.gov.br\/portal\/2013\/01\/08\/paraiba_reduz_homicidios_apos_10_anos_sucessivos_de_crescimento\/#breadcrumb\",\"itemListElement\":[{\"@type\":\"ListItem\",\"position\":1,\"name\":\"In\u00edcio\",\"item\":\"https:\/\/www.pm.pb.gov.br\/portal\/\"},{\"@type\":\"ListItem\",\"position\":2,\"name\":\"Para\u00edba reduz homic\u00eddios ap\u00f3s 10 anos sucessivos de crescimento\"}]},{\"@type\":\"WebSite\",\"@id\":\"https:\/\/www.pm.pb.gov.br\/portal\/#website\",\"url\":\"https:\/\/www.pm.pb.gov.br\/portal\/\",\"name\":\"Pol\u00edcia Militar da Para\u00edba\",\"description\":\"\",\"publisher\":{\"@id\":\"https:\/\/www.pm.pb.gov.br\/portal\/#organization\"},\"potentialAction\":[{\"@type\":\"SearchAction\",\"target\":{\"@type\":\"EntryPoint\",\"urlTemplate\":\"https:\/\/www.pm.pb.gov.br\/portal\/?s={search_term_string}\"},\"query-input\":\"required name=search_term_string\"}],\"inLanguage\":\"pt-BR\"},{\"@type\":\"Organization\",\"@id\":\"https:\/\/www.pm.pb.gov.br\/portal\/#organization\",\"name\":\"Pol\u00edcia Militar da Para\u00edba\",\"url\":\"https:\/\/www.pm.pb.gov.br\/portal\/\",\"logo\":{\"@type\":\"ImageObject\",\"inLanguage\":\"pt-BR\",\"@id\":\"https:\/\/www.pm.pb.gov.br\/portal\/#\/schema\/logo\/image\/\",\"url\":\"https:\/\/www.pm.pb.gov.br\/portal\/wp-content\/uploads\/2025\/03\/cropped-logo-site-mag2-1.png\",\"contentUrl\":\"https:\/\/www.pm.pb.gov.br\/portal\/wp-content\/uploads\/2025\/03\/cropped-logo-site-mag2-1.png\",\"width\":320,\"height\":90,\"caption\":\"Pol\u00edcia Militar da Para\u00edba\"},\"image\":{\"@id\":\"https:\/\/www.pm.pb.gov.br\/portal\/#\/schema\/logo\/image\/\"}},{\"@type\":\"Person\",\"@id\":\"https:\/\/www.pm.pb.gov.br\/portal\/#\/schema\/person\/e8454f46651c3ecf0e1ba3c1666d9947\",\"name\":\"Assessoria de Imprensa da PMPB\",\"image\":{\"@type\":\"ImageObject\",\"inLanguage\":\"pt-BR\",\"@id\":\"https:\/\/www.pm.pb.gov.br\/portal\/#\/schema\/person\/image\/\",\"url\":\"https:\/\/secure.gravatar.com\/avatar\/2efe197438265d1e90bd98c4c8e1acf8?s=96&d=mm&r=g\",\"contentUrl\":\"https:\/\/secure.gravatar.com\/avatar\/2efe197438265d1e90bd98c4c8e1acf8?s=96&d=mm&r=g\",\"caption\":\"Assessoria de Imprensa da PMPB\"},\"url\":\"https:\/\/www.pm.pb.gov.br\/portal\/author\/assessoria\/\"}]}<\/script>\n<!-- \/ Yoast SEO plugin. -->","yoast_head_json":{"title":"Para\u00edba reduz homic\u00eddios ap\u00f3s 10 anos sucessivos de crescimento - Pol\u00edcia Militar da Para\u00edba","robots":{"index":"index","follow":"follow","max-snippet":"max-snippet:-1","max-image-preview":"max-image-preview:large","max-video-preview":"max-video-preview:-1"},"canonical":"https:\/\/www.pm.pb.gov.br\/portal\/2013\/01\/08\/paraiba_reduz_homicidios_apos_10_anos_sucessivos_de_crescimento\/","og_locale":"pt_BR","og_type":"article","og_title":"Para\u00edba reduz homic\u00eddios ap\u00f3s 10 anos sucessivos de crescimento - Pol\u00edcia Militar da Para\u00edba","og_description":"Depois de 10 anos consecutivos de aumento &#8211; 2002 a 2011 \u0096, o n\u00famero de homic\u00eddios na Para\u00edba caiu em","og_url":"https:\/\/www.pm.pb.gov.br\/portal\/2013\/01\/08\/paraiba_reduz_homicidios_apos_10_anos_sucessivos_de_crescimento\/","og_site_name":"Pol\u00edcia Militar da Para\u00edba","article_published_time":"2013-01-08T11:01:39+00:00","og_image":[{"width":500,"height":334,"url":"https:\/\/www.pm.pb.gov.br\/portal\/wp-content\/uploads\/2013\/01\/7461_9339.jpg","type":"image\/jpeg"}],"author":"Assessoria de Imprensa da PMPB","twitter_card":"summary_large_image","twitter_misc":{"Escrito por":"Assessoria de Imprensa da PMPB","Est. tempo de leitura":"2 minutos"},"schema":{"@context":"https:\/\/schema.org","@graph":[{"@type":"Article","@id":"https:\/\/www.pm.pb.gov.br\/portal\/2013\/01\/08\/paraiba_reduz_homicidios_apos_10_anos_sucessivos_de_crescimento\/#article","isPartOf":{"@id":"https:\/\/www.pm.pb.gov.br\/portal\/2013\/01\/08\/paraiba_reduz_homicidios_apos_10_anos_sucessivos_de_crescimento\/"},"author":{"name":"Assessoria de Imprensa da PMPB","@id":"https:\/\/www.pm.pb.gov.br\/portal\/#\/schema\/person\/e8454f46651c3ecf0e1ba3c1666d9947"},"headline":"Para\u00edba reduz homic\u00eddios ap\u00f3s 10 anos sucessivos de crescimento","datePublished":"2013-01-08T11:01:39+00:00","dateModified":"2013-01-08T11:01:39+00:00","mainEntityOfPage":{"@id":"https:\/\/www.pm.pb.gov.br\/portal\/2013\/01\/08\/paraiba_reduz_homicidios_apos_10_anos_sucessivos_de_crescimento\/"},"wordCount":475,"publisher":{"@id":"https:\/\/www.pm.pb.gov.br\/portal\/#organization"},"articleSection":["A\u00e7\u00f5es Policiais"],"inLanguage":"pt-BR"},{"@type":"WebPage","@id":"https:\/\/www.pm.pb.gov.br\/portal\/2013\/01\/08\/paraiba_reduz_homicidios_apos_10_anos_sucessivos_de_crescimento\/","url":"https:\/\/www.pm.pb.gov.br\/portal\/2013\/01\/08\/paraiba_reduz_homicidios_apos_10_anos_sucessivos_de_crescimento\/","name":"Para\u00edba reduz homic\u00eddios ap\u00f3s 10 anos sucessivos de crescimento - Pol\u00edcia Militar da Para\u00edba","isPartOf":{"@id":"https:\/\/www.pm.pb.gov.br\/portal\/#website"},"datePublished":"2013-01-08T11:01:39+00:00","dateModified":"2013-01-08T11:01:39+00:00","breadcrumb":{"@id":"https:\/\/www.pm.pb.gov.br\/portal\/2013\/01\/08\/paraiba_reduz_homicidios_apos_10_anos_sucessivos_de_crescimento\/#breadcrumb"},"inLanguage":"pt-BR","potentialAction":[{"@type":"ReadAction","target":["https:\/\/www.pm.pb.gov.br\/portal\/2013\/01\/08\/paraiba_reduz_homicidios_apos_10_anos_sucessivos_de_crescimento\/"]}]},{"@type":"BreadcrumbList","@id":"https:\/\/www.pm.pb.gov.br\/portal\/2013\/01\/08\/paraiba_reduz_homicidios_apos_10_anos_sucessivos_de_crescimento\/#breadcrumb","itemListElement":[{"@type":"ListItem","position":1,"name":"In\u00edcio","item":"https:\/\/www.pm.pb.gov.br\/portal\/"},{"@type":"ListItem","position":2,"name":"Para\u00edba reduz homic\u00eddios ap\u00f3s 10 anos sucessivos de crescimento"}]},{"@type":"WebSite","@id":"https:\/\/www.pm.pb.gov.br\/portal\/#website","url":"https:\/\/www.pm.pb.gov.br\/portal\/","name":"Pol\u00edcia Militar da Para\u00edba","description":"","publisher":{"@id":"https:\/\/www.pm.pb.gov.br\/portal\/#organization"},"potentialAction":[{"@type":"SearchAction","target":{"@type":"EntryPoint","urlTemplate":"https:\/\/www.pm.pb.gov.br\/portal\/?s={search_term_string}"},"query-input":"required name=search_term_string"}],"inLanguage":"pt-BR"},{"@type":"Organization","@id":"https:\/\/www.pm.pb.gov.br\/portal\/#organization","name":"Pol\u00edcia Militar da Para\u00edba","url":"https:\/\/www.pm.pb.gov.br\/portal\/","logo":{"@type":"ImageObject","inLanguage":"pt-BR","@id":"https:\/\/www.pm.pb.gov.br\/portal\/#\/schema\/logo\/image\/","url":"https:\/\/www.pm.pb.gov.br\/portal\/wp-content\/uploads\/2025\/03\/cropped-logo-site-mag2-1.png","contentUrl":"https:\/\/www.pm.pb.gov.br\/portal\/wp-content\/uploads\/2025\/03\/cropped-logo-site-mag2-1.png","width":320,"height":90,"caption":"Pol\u00edcia Militar da Para\u00edba"},"image":{"@id":"https:\/\/www.pm.pb.gov.br\/portal\/#\/schema\/logo\/image\/"}},{"@type":"Person","@id":"https:\/\/www.pm.pb.gov.br\/portal\/#\/schema\/person\/e8454f46651c3ecf0e1ba3c1666d9947","name":"Assessoria de Imprensa da PMPB","image":{"@type":"ImageObject","inLanguage":"pt-BR","@id":"https:\/\/www.pm.pb.gov.br\/portal\/#\/schema\/person\/image\/","url":"https:\/\/secure.gravatar.com\/avatar\/2efe197438265d1e90bd98c4c8e1acf8?s=96&d=mm&r=g","contentUrl":"https:\/\/secure.gravatar.com\/avatar\/2efe197438265d1e90bd98c4c8e1acf8?s=96&d=mm&r=g","caption":"Assessoria de Imprensa da PMPB"},"url":"https:\/\/www.pm.pb.gov.br\/portal\/author\/assessoria\/"}]}},"_links":{"self":[{"href":"https:\/\/www.pm.pb.gov.br\/portal\/wp-json\/wp\/v2\/posts\/891572"}],"collection":[{"href":"https:\/\/www.pm.pb.gov.br\/portal\/wp-json\/wp\/v2\/posts"}],"about":[{"href":"https:\/\/www.pm.pb.gov.br\/portal\/wp-json\/wp\/v2\/types\/post"}],"author":[{"embeddable":true,"href":"https:\/\/www.pm.pb.gov.br\/portal\/wp-json\/wp\/v2\/users\/5"}],"replies":[{"embeddable":true,"href":"https:\/\/www.pm.pb.gov.br\/portal\/wp-json\/wp\/v2\/comments?post=891572"}],"version-history":[{"count":0,"href":"https:\/\/www.pm.pb.gov.br\/portal\/wp-json\/wp\/v2\/posts\/891572\/revisions"}],"wp:featuredmedia":[{"embeddable":true,"href":"https:\/\/www.pm.pb.gov.br\/portal\/wp-json\/wp\/v2\/media\/9339"}],"wp:attachment":[{"href":"https:\/\/www.pm.pb.gov.br\/portal\/wp-json\/wp\/v2\/media?parent=891572"}],"wp:term":[{"taxonomy":"category","embeddable":true,"href":"https:\/\/www.pm.pb.gov.br\/portal\/wp-json\/wp\/v2\/categories?post=891572"},{"taxonomy":"post_tag","embeddable":true,"href":"https:\/\/www.pm.pb.gov.br\/portal\/wp-json\/wp\/v2\/tags?post=891572"}],"curies":[{"name":"wp","href":"https:\/\/api.w.org\/{rel}","templated":true}]}}