{"id":891503,"date":"2012-12-08T15:12:05","date_gmt":"2012-12-08T18:12:05","guid":{"rendered":"http:\/\/www.pm.pb.gov.br\/portal\/2012\/12\/rotam_do_2_bpm_apreende_espingarda_com_tres_adolescentes\/"},"modified":"2012-12-08T15:12:05","modified_gmt":"2012-12-08T18:12:05","slug":"rotam_do_2_bpm_apreende_espingarda_com_tres_adolescentes","status":"publish","type":"post","link":"https:\/\/www.pm.pb.gov.br\/portal\/2012\/12\/08\/rotam_do_2_bpm_apreende_espingarda_com_tres_adolescentes\/","title":{"rendered":"ROTAM do 2\u00ba BPM apreende espingarda com tr\u00eas adolescentes"},"content":{"rendered":"<figure style=\"width: 500px\" class=\"wp-caption alignnone\"><img decoding=\"async\" class=\"alignnone size-medium\" src=\"http:\/\/www.pm.pb.gov.br\/portal\/wp-content\/uploads\/2012\/12\/7360_9140.jpg\" title=\"Arma apreendida com os adolescentes\" width=\"100%\" \/><figcaption class=\"wp-caption-text\">Arma apreendida com os adolescentes<\/figcaption><\/figure>\n<div style=\"text-align: justify;\">Policiais da Ronda Ostensiva T\u00e1tica Metropolitana (ROTAM) do 2\u00ba Batalh\u00e3o de Pol\u00edcia Militar conseguiram tirar de circula\u00e7\u00e3o, no come\u00e7o da tarde deste s\u00e1bado (08), uma arma com grande poder de fogo que estava na posse de tr\u00eas adolescentes, no bairro do Pedregal, em Campina Grande. A apreens\u00e3o aconteceu durante a realiza\u00e7\u00e3o da opera\u00e7\u00e3o \u0091n\u00f4made\u0092 no bairro \u0096 que visa tirar de circula\u00e7\u00e3o armas e drogas, al\u00e9m de recuperar ve\u00edculos roubados.<\/p>\n<p>De acordo com os policiais que realizaram a apreens\u00e3o, os adolescentes se esconderam dentro de uma mata assim que viram a opera\u00e7\u00e3o policial. Os policiais da ROTAM perceberam a a\u00e7\u00e3o e conseguiram localizar e apreender os adolescentes, que estavam portando uma espingarda calibre 44, de uso restrito.<\/p>\n<p>Os jovens, de idades entre 14 e 17 anos, foram levados para a Central de Pol\u00edcia, no bairro do Catol\u00e9.<\/p>\n<p>O Comandante do 2\u00ba BPM, tenente-coronel Souza Neto, garantiu que o policiamento vai ser intensificado na cidade nas pr\u00f3ximas horas. \u0093Vamos cumprir a determina\u00e7\u00e3o do Comandante Geral de intensificar o policiamento, principalmente no final de semana, para reduzir os \u00edndices de criminalidade e pacificar algumas \u00e1reas que apresentam maiores n\u00fameros de atendimento de ocorr\u00eancias\u0092, destacou.<\/p>\n<div class=\"row\" align=\"center\"><\/div>\n<\/div>\n","protected":false},"excerpt":{"rendered":"<p>Policiais da Ronda Ostensiva T\u00e1tica Metropolitana (ROTAM) do 2\u00ba Batalh\u00e3o de Pol\u00edcia Militar conseguiram tirar de circula\u00e7\u00e3o, no come\u00e7o da<\/p>\n","protected":false},"author":5,"featured_media":9140,"comment_status":"closed","ping_status":"closed","sticky":false,"template":"","format":"standard","meta":{"_exactmetrics_skip_tracking":false,"_exactmetrics_sitenote_active":false,"_exactmetrics_sitenote_note":"","_exactmetrics_sitenote_category":0,"footnotes":""},"categories":[4],"tags":[],"yoast_head":"<!-- This site is optimized with the Yoast SEO plugin v22.0 - https:\/\/yoast.com\/wordpress\/plugins\/seo\/ -->\n<title>ROTAM do 2\u00ba BPM apreende espingarda com tr\u00eas adolescentes - Pol\u00edcia Militar da Para\u00edba<\/title>\n<meta name=\"robots\" content=\"index, follow, max-snippet:-1, max-image-preview:large, max-video-preview:-1\" \/>\n<link rel=\"canonical\" href=\"https:\/\/www.pm.pb.gov.br\/portal\/2012\/12\/08\/rotam_do_2_bpm_apreende_espingarda_com_tres_adolescentes\/\" \/>\n<meta property=\"og:locale\" content=\"pt_BR\" \/>\n<meta property=\"og:type\" content=\"article\" \/>\n<meta property=\"og:title\" content=\"ROTAM do 2\u00ba BPM apreende espingarda com tr\u00eas adolescentes - Pol\u00edcia Militar da Para\u00edba\" \/>\n<meta property=\"og:description\" content=\"Policiais da Ronda Ostensiva T\u00e1tica Metropolitana (ROTAM) do 2\u00ba Batalh\u00e3o de Pol\u00edcia Militar conseguiram tirar de circula\u00e7\u00e3o, no come\u00e7o da\" \/>\n<meta property=\"og:url\" content=\"https:\/\/www.pm.pb.gov.br\/portal\/2012\/12\/08\/rotam_do_2_bpm_apreende_espingarda_com_tres_adolescentes\/\" \/>\n<meta property=\"og:site_name\" content=\"Pol\u00edcia Militar da Para\u00edba\" \/>\n<meta property=\"article:published_time\" content=\"2012-12-08T18:12:05+00:00\" \/>\n<meta property=\"og:image\" content=\"https:\/\/www.pm.pb.gov.br\/portal\/wp-content\/uploads\/2012\/12\/7360_9140.jpg\" \/>\n\t<meta property=\"og:image:width\" content=\"500\" \/>\n\t<meta property=\"og:image:height\" content=\"375\" \/>\n\t<meta property=\"og:image:type\" content=\"image\/jpeg\" \/>\n<meta name=\"author\" content=\"Assessoria de Imprensa da PMPB\" \/>\n<meta name=\"twitter:card\" content=\"summary_large_image\" \/>\n<meta name=\"twitter:label1\" content=\"Escrito por\" \/>\n\t<meta name=\"twitter:data1\" content=\"Assessoria de Imprensa da PMPB\" \/>\n\t<meta name=\"twitter:label2\" content=\"Est. tempo de leitura\" \/>\n\t<meta name=\"twitter:data2\" content=\"1 minuto\" \/>\n<script type=\"application\/ld+json\" class=\"yoast-schema-graph\">{\"@context\":\"https:\/\/schema.org\",\"@graph\":[{\"@type\":\"Article\",\"@id\":\"https:\/\/www.pm.pb.gov.br\/portal\/2012\/12\/08\/rotam_do_2_bpm_apreende_espingarda_com_tres_adolescentes\/#article\",\"isPartOf\":{\"@id\":\"https:\/\/www.pm.pb.gov.br\/portal\/2012\/12\/08\/rotam_do_2_bpm_apreende_espingarda_com_tres_adolescentes\/\"},\"author\":{\"name\":\"Assessoria de Imprensa da PMPB\",\"@id\":\"https:\/\/www.pm.pb.gov.br\/portal\/#\/schema\/person\/e8454f46651c3ecf0e1ba3c1666d9947\"},\"headline\":\"ROTAM do 2\u00ba BPM apreende espingarda com tr\u00eas adolescentes\",\"datePublished\":\"2012-12-08T18:12:05+00:00\",\"dateModified\":\"2012-12-08T18:12:05+00:00\",\"mainEntityOfPage\":{\"@id\":\"https:\/\/www.pm.pb.gov.br\/portal\/2012\/12\/08\/rotam_do_2_bpm_apreende_espingarda_com_tres_adolescentes\/\"},\"wordCount\":227,\"publisher\":{\"@id\":\"https:\/\/www.pm.pb.gov.br\/portal\/#organization\"},\"articleSection\":[\"A\u00e7\u00f5es Policiais\"],\"inLanguage\":\"pt-BR\"},{\"@type\":\"WebPage\",\"@id\":\"https:\/\/www.pm.pb.gov.br\/portal\/2012\/12\/08\/rotam_do_2_bpm_apreende_espingarda_com_tres_adolescentes\/\",\"url\":\"https:\/\/www.pm.pb.gov.br\/portal\/2012\/12\/08\/rotam_do_2_bpm_apreende_espingarda_com_tres_adolescentes\/\",\"name\":\"ROTAM do 2\u00ba BPM apreende espingarda com tr\u00eas adolescentes - Pol\u00edcia Militar da Para\u00edba\",\"isPartOf\":{\"@id\":\"https:\/\/www.pm.pb.gov.br\/portal\/#website\"},\"datePublished\":\"2012-12-08T18:12:05+00:00\",\"dateModified\":\"2012-12-08T18:12:05+00:00\",\"breadcrumb\":{\"@id\":\"https:\/\/www.pm.pb.gov.br\/portal\/2012\/12\/08\/rotam_do_2_bpm_apreende_espingarda_com_tres_adolescentes\/#breadcrumb\"},\"inLanguage\":\"pt-BR\",\"potentialAction\":[{\"@type\":\"ReadAction\",\"target\":[\"https:\/\/www.pm.pb.gov.br\/portal\/2012\/12\/08\/rotam_do_2_bpm_apreende_espingarda_com_tres_adolescentes\/\"]}]},{\"@type\":\"BreadcrumbList\",\"@id\":\"https:\/\/www.pm.pb.gov.br\/portal\/2012\/12\/08\/rotam_do_2_bpm_apreende_espingarda_com_tres_adolescentes\/#breadcrumb\",\"itemListElement\":[{\"@type\":\"ListItem\",\"position\":1,\"name\":\"In\u00edcio\",\"item\":\"https:\/\/www.pm.pb.gov.br\/portal\/\"},{\"@type\":\"ListItem\",\"position\":2,\"name\":\"ROTAM do 2\u00ba BPM apreende espingarda com tr\u00eas adolescentes\"}]},{\"@type\":\"WebSite\",\"@id\":\"https:\/\/www.pm.pb.gov.br\/portal\/#website\",\"url\":\"https:\/\/www.pm.pb.gov.br\/portal\/\",\"name\":\"Pol\u00edcia Militar da Para\u00edba\",\"description\":\"\",\"publisher\":{\"@id\":\"https:\/\/www.pm.pb.gov.br\/portal\/#organization\"},\"potentialAction\":[{\"@type\":\"SearchAction\",\"target\":{\"@type\":\"EntryPoint\",\"urlTemplate\":\"https:\/\/www.pm.pb.gov.br\/portal\/?s={search_term_string}\"},\"query-input\":\"required name=search_term_string\"}],\"inLanguage\":\"pt-BR\"},{\"@type\":\"Organization\",\"@id\":\"https:\/\/www.pm.pb.gov.br\/portal\/#organization\",\"name\":\"Pol\u00edcia Militar da Para\u00edba\",\"url\":\"https:\/\/www.pm.pb.gov.br\/portal\/\",\"logo\":{\"@type\":\"ImageObject\",\"inLanguage\":\"pt-BR\",\"@id\":\"https:\/\/www.pm.pb.gov.br\/portal\/#\/schema\/logo\/image\/\",\"url\":\"https:\/\/www.pm.pb.gov.br\/portal\/wp-content\/uploads\/2025\/03\/cropped-logo-site-mag2-1.png\",\"contentUrl\":\"https:\/\/www.pm.pb.gov.br\/portal\/wp-content\/uploads\/2025\/03\/cropped-logo-site-mag2-1.png\",\"width\":320,\"height\":90,\"caption\":\"Pol\u00edcia Militar da Para\u00edba\"},\"image\":{\"@id\":\"https:\/\/www.pm.pb.gov.br\/portal\/#\/schema\/logo\/image\/\"}},{\"@type\":\"Person\",\"@id\":\"https:\/\/www.pm.pb.gov.br\/portal\/#\/schema\/person\/e8454f46651c3ecf0e1ba3c1666d9947\",\"name\":\"Assessoria de Imprensa da PMPB\",\"image\":{\"@type\":\"ImageObject\",\"inLanguage\":\"pt-BR\",\"@id\":\"https:\/\/www.pm.pb.gov.br\/portal\/#\/schema\/person\/image\/\",\"url\":\"https:\/\/secure.gravatar.com\/avatar\/2efe197438265d1e90bd98c4c8e1acf8?s=96&d=mm&r=g\",\"contentUrl\":\"https:\/\/secure.gravatar.com\/avatar\/2efe197438265d1e90bd98c4c8e1acf8?s=96&d=mm&r=g\",\"caption\":\"Assessoria de Imprensa da PMPB\"},\"url\":\"https:\/\/www.pm.pb.gov.br\/portal\/author\/assessoria\/\"}]}<\/script>\n<!-- \/ Yoast SEO plugin. -->","yoast_head_json":{"title":"ROTAM do 2\u00ba BPM apreende espingarda com tr\u00eas adolescentes - Pol\u00edcia Militar da Para\u00edba","robots":{"index":"index","follow":"follow","max-snippet":"max-snippet:-1","max-image-preview":"max-image-preview:large","max-video-preview":"max-video-preview:-1"},"canonical":"https:\/\/www.pm.pb.gov.br\/portal\/2012\/12\/08\/rotam_do_2_bpm_apreende_espingarda_com_tres_adolescentes\/","og_locale":"pt_BR","og_type":"article","og_title":"ROTAM do 2\u00ba BPM apreende espingarda com tr\u00eas adolescentes - Pol\u00edcia Militar da Para\u00edba","og_description":"Policiais da Ronda Ostensiva T\u00e1tica Metropolitana (ROTAM) do 2\u00ba Batalh\u00e3o de Pol\u00edcia Militar conseguiram tirar de circula\u00e7\u00e3o, no come\u00e7o da","og_url":"https:\/\/www.pm.pb.gov.br\/portal\/2012\/12\/08\/rotam_do_2_bpm_apreende_espingarda_com_tres_adolescentes\/","og_site_name":"Pol\u00edcia Militar da Para\u00edba","article_published_time":"2012-12-08T18:12:05+00:00","og_image":[{"width":500,"height":375,"url":"https:\/\/www.pm.pb.gov.br\/portal\/wp-content\/uploads\/2012\/12\/7360_9140.jpg","type":"image\/jpeg"}],"author":"Assessoria de Imprensa da PMPB","twitter_card":"summary_large_image","twitter_misc":{"Escrito por":"Assessoria de Imprensa da PMPB","Est. tempo de leitura":"1 minuto"},"schema":{"@context":"https:\/\/schema.org","@graph":[{"@type":"Article","@id":"https:\/\/www.pm.pb.gov.br\/portal\/2012\/12\/08\/rotam_do_2_bpm_apreende_espingarda_com_tres_adolescentes\/#article","isPartOf":{"@id":"https:\/\/www.pm.pb.gov.br\/portal\/2012\/12\/08\/rotam_do_2_bpm_apreende_espingarda_com_tres_adolescentes\/"},"author":{"name":"Assessoria de Imprensa da PMPB","@id":"https:\/\/www.pm.pb.gov.br\/portal\/#\/schema\/person\/e8454f46651c3ecf0e1ba3c1666d9947"},"headline":"ROTAM do 2\u00ba BPM apreende espingarda com tr\u00eas adolescentes","datePublished":"2012-12-08T18:12:05+00:00","dateModified":"2012-12-08T18:12:05+00:00","mainEntityOfPage":{"@id":"https:\/\/www.pm.pb.gov.br\/portal\/2012\/12\/08\/rotam_do_2_bpm_apreende_espingarda_com_tres_adolescentes\/"},"wordCount":227,"publisher":{"@id":"https:\/\/www.pm.pb.gov.br\/portal\/#organization"},"articleSection":["A\u00e7\u00f5es Policiais"],"inLanguage":"pt-BR"},{"@type":"WebPage","@id":"https:\/\/www.pm.pb.gov.br\/portal\/2012\/12\/08\/rotam_do_2_bpm_apreende_espingarda_com_tres_adolescentes\/","url":"https:\/\/www.pm.pb.gov.br\/portal\/2012\/12\/08\/rotam_do_2_bpm_apreende_espingarda_com_tres_adolescentes\/","name":"ROTAM do 2\u00ba BPM apreende espingarda com tr\u00eas adolescentes - Pol\u00edcia Militar da Para\u00edba","isPartOf":{"@id":"https:\/\/www.pm.pb.gov.br\/portal\/#website"},"datePublished":"2012-12-08T18:12:05+00:00","dateModified":"2012-12-08T18:12:05+00:00","breadcrumb":{"@id":"https:\/\/www.pm.pb.gov.br\/portal\/2012\/12\/08\/rotam_do_2_bpm_apreende_espingarda_com_tres_adolescentes\/#breadcrumb"},"inLanguage":"pt-BR","potentialAction":[{"@type":"ReadAction","target":["https:\/\/www.pm.pb.gov.br\/portal\/2012\/12\/08\/rotam_do_2_bpm_apreende_espingarda_com_tres_adolescentes\/"]}]},{"@type":"BreadcrumbList","@id":"https:\/\/www.pm.pb.gov.br\/portal\/2012\/12\/08\/rotam_do_2_bpm_apreende_espingarda_com_tres_adolescentes\/#breadcrumb","itemListElement":[{"@type":"ListItem","position":1,"name":"In\u00edcio","item":"https:\/\/www.pm.pb.gov.br\/portal\/"},{"@type":"ListItem","position":2,"name":"ROTAM do 2\u00ba BPM apreende espingarda com tr\u00eas adolescentes"}]},{"@type":"WebSite","@id":"https:\/\/www.pm.pb.gov.br\/portal\/#website","url":"https:\/\/www.pm.pb.gov.br\/portal\/","name":"Pol\u00edcia Militar da Para\u00edba","description":"","publisher":{"@id":"https:\/\/www.pm.pb.gov.br\/portal\/#organization"},"potentialAction":[{"@type":"SearchAction","target":{"@type":"EntryPoint","urlTemplate":"https:\/\/www.pm.pb.gov.br\/portal\/?s={search_term_string}"},"query-input":"required name=search_term_string"}],"inLanguage":"pt-BR"},{"@type":"Organization","@id":"https:\/\/www.pm.pb.gov.br\/portal\/#organization","name":"Pol\u00edcia Militar da Para\u00edba","url":"https:\/\/www.pm.pb.gov.br\/portal\/","logo":{"@type":"ImageObject","inLanguage":"pt-BR","@id":"https:\/\/www.pm.pb.gov.br\/portal\/#\/schema\/logo\/image\/","url":"https:\/\/www.pm.pb.gov.br\/portal\/wp-content\/uploads\/2025\/03\/cropped-logo-site-mag2-1.png","contentUrl":"https:\/\/www.pm.pb.gov.br\/portal\/wp-content\/uploads\/2025\/03\/cropped-logo-site-mag2-1.png","width":320,"height":90,"caption":"Pol\u00edcia Militar da Para\u00edba"},"image":{"@id":"https:\/\/www.pm.pb.gov.br\/portal\/#\/schema\/logo\/image\/"}},{"@type":"Person","@id":"https:\/\/www.pm.pb.gov.br\/portal\/#\/schema\/person\/e8454f46651c3ecf0e1ba3c1666d9947","name":"Assessoria de Imprensa da PMPB","image":{"@type":"ImageObject","inLanguage":"pt-BR","@id":"https:\/\/www.pm.pb.gov.br\/portal\/#\/schema\/person\/image\/","url":"https:\/\/secure.gravatar.com\/avatar\/2efe197438265d1e90bd98c4c8e1acf8?s=96&d=mm&r=g","contentUrl":"https:\/\/secure.gravatar.com\/avatar\/2efe197438265d1e90bd98c4c8e1acf8?s=96&d=mm&r=g","caption":"Assessoria de Imprensa da PMPB"},"url":"https:\/\/www.pm.pb.gov.br\/portal\/author\/assessoria\/"}]}},"_links":{"self":[{"href":"https:\/\/www.pm.pb.gov.br\/portal\/wp-json\/wp\/v2\/posts\/891503"}],"collection":[{"href":"https:\/\/www.pm.pb.gov.br\/portal\/wp-json\/wp\/v2\/posts"}],"about":[{"href":"https:\/\/www.pm.pb.gov.br\/portal\/wp-json\/wp\/v2\/types\/post"}],"author":[{"embeddable":true,"href":"https:\/\/www.pm.pb.gov.br\/portal\/wp-json\/wp\/v2\/users\/5"}],"replies":[{"embeddable":true,"href":"https:\/\/www.pm.pb.gov.br\/portal\/wp-json\/wp\/v2\/comments?post=891503"}],"version-history":[{"count":0,"href":"https:\/\/www.pm.pb.gov.br\/portal\/wp-json\/wp\/v2\/posts\/891503\/revisions"}],"wp:featuredmedia":[{"embeddable":true,"href":"https:\/\/www.pm.pb.gov.br\/portal\/wp-json\/wp\/v2\/media\/9140"}],"wp:attachment":[{"href":"https:\/\/www.pm.pb.gov.br\/portal\/wp-json\/wp\/v2\/media?parent=891503"}],"wp:term":[{"taxonomy":"category","embeddable":true,"href":"https:\/\/www.pm.pb.gov.br\/portal\/wp-json\/wp\/v2\/categories?post=891503"},{"taxonomy":"post_tag","embeddable":true,"href":"https:\/\/www.pm.pb.gov.br\/portal\/wp-json\/wp\/v2\/tags?post=891503"}],"curies":[{"name":"wp","href":"https:\/\/api.w.org\/{rel}","templated":true}]}}