{"id":891373,"date":"2012-09-21T09:09:18","date_gmt":"2012-09-21T12:09:18","guid":{"rendered":"http:\/\/www.pm.pb.gov.br\/portal\/2012\/09\/cavalaria_recupera_moto_roubada_e_proprietario_agradece_trabalho_policial\/"},"modified":"2012-09-21T09:09:18","modified_gmt":"2012-09-21T12:09:18","slug":"cavalaria_recupera_moto_roubada_e_proprietario_agradece_trabalho_policial","status":"publish","type":"post","link":"https:\/\/www.pm.pb.gov.br\/portal\/2012\/09\/21\/cavalaria_recupera_moto_roubada_e_proprietario_agradece_trabalho_policial\/","title":{"rendered":"Cavalaria recupera moto roubada e propriet\u00e1rio agradece trabalho policial"},"content":{"rendered":"<figure style=\"width: 500px\" class=\"wp-caption alignnone\"><img decoding=\"async\" class=\"alignnone size-medium\" src=\"http:\/\/www.pm.pb.gov.br\/portal\/wp-content\/uploads\/2012\/09\/7127_8621.jpg\" title=\"A moto Honda modelo \u0091Titan Fan\u0092 (cor preta) havia sido roubada uma semana antes de ser recuperada pela pol\u00edcia\" width=\"100%\" \/><figcaption class=\"wp-caption-text\">A moto Honda modelo \u0091Titan Fan\u0092 (cor preta) havia sido roubada uma semana antes de ser recuperada pela pol\u00edcia<\/figcaption><\/figure>\n<div style=\"text-align: justify;\">Uma guarni\u00e7\u00e3o da Unidade de Pol\u00edcia Solid\u00e1ria do Regimento de Pol\u00edcia Montada (RPMont) recuperou, na quarta-feira (19), uma moto Honda modelo \u0091Titan Fan\u0092 (cor preta) que havia sido roubada na semana anterior.<\/p>\n<p>Ap\u00f3s rondas e abordagens a pessoas na Comunidade Jardim Bom Samaritano, no Cristo Redentor (em Jo\u00e3o Pessoa), foi encontrado o ve\u00edculo de posse do vigilante Wallysson Peixoto dos Santos, 22 anos, e Franzone Peixoto dos Santos, 18. Os suspeitos e a moto foram encaminhados para 4\u00ba Delegacia Distrital, no Geisel.<\/p>\n<p>No local, o propriet\u00e1rio da moto, que ficou bastante agradecido aos policiais, revelou que o ve\u00edculo havia sido roubado no \u00faltimo dia 12, na Avenida Beira Rio. \u0093A Pol\u00edcia Militar tem trabalhado bastante e a popula\u00e7\u00e3o se sente mais segura vendo o empenho dos policiais\u0094, comentou.<\/p>\n<p>O comandante do RPMont, Tenente Coronel Anchieta Leite, destacou que o efetivo intensificou o policiamento ostensivo e, como consequ\u00eancia, mais ve\u00edculos roubados tem sido recuperados. \u0093Dessa forma, tamb\u00e9m diminu\u00edmos os \u00edndices de criminalidade, pois os ve\u00edculos s\u00e3o usados pelos suspeitos para realizar diversos delitos\u0094, completou.<\/p>\n<div class=\"row\" align=\"center\"><\/div>\n<\/div>\n","protected":false},"excerpt":{"rendered":"<p>Uma guarni\u00e7\u00e3o da Unidade de Pol\u00edcia Solid\u00e1ria do Regimento de Pol\u00edcia Montada (RPMont) recuperou, na quarta-feira (19), uma moto Honda<\/p>\n","protected":false},"author":5,"featured_media":8621,"comment_status":"closed","ping_status":"closed","sticky":false,"template":"","format":"standard","meta":{"_exactmetrics_skip_tracking":false,"_exactmetrics_sitenote_active":false,"_exactmetrics_sitenote_note":"","_exactmetrics_sitenote_category":0,"footnotes":""},"categories":[4],"tags":[],"yoast_head":"<!-- This site is optimized with the Yoast SEO plugin v22.0 - https:\/\/yoast.com\/wordpress\/plugins\/seo\/ -->\n<title>Cavalaria recupera moto roubada e propriet\u00e1rio agradece trabalho policial - Pol\u00edcia Militar da Para\u00edba<\/title>\n<meta name=\"robots\" content=\"index, follow, max-snippet:-1, max-image-preview:large, max-video-preview:-1\" \/>\n<link rel=\"canonical\" href=\"https:\/\/www.pm.pb.gov.br\/portal\/2012\/09\/21\/cavalaria_recupera_moto_roubada_e_proprietario_agradece_trabalho_policial\/\" \/>\n<meta property=\"og:locale\" content=\"pt_BR\" \/>\n<meta property=\"og:type\" content=\"article\" \/>\n<meta property=\"og:title\" content=\"Cavalaria recupera moto roubada e propriet\u00e1rio agradece trabalho policial - Pol\u00edcia Militar da Para\u00edba\" \/>\n<meta property=\"og:description\" content=\"Uma guarni\u00e7\u00e3o da Unidade de Pol\u00edcia Solid\u00e1ria do Regimento de Pol\u00edcia Montada (RPMont) recuperou, na quarta-feira (19), uma moto Honda\" \/>\n<meta property=\"og:url\" content=\"https:\/\/www.pm.pb.gov.br\/portal\/2012\/09\/21\/cavalaria_recupera_moto_roubada_e_proprietario_agradece_trabalho_policial\/\" \/>\n<meta property=\"og:site_name\" content=\"Pol\u00edcia Militar da Para\u00edba\" \/>\n<meta property=\"article:published_time\" content=\"2012-09-21T12:09:18+00:00\" \/>\n<meta property=\"og:image\" content=\"https:\/\/www.pm.pb.gov.br\/portal\/wp-content\/uploads\/2012\/09\/7127_8621.jpg\" \/>\n\t<meta property=\"og:image:width\" content=\"500\" \/>\n\t<meta property=\"og:image:height\" content=\"375\" \/>\n\t<meta property=\"og:image:type\" content=\"image\/jpeg\" \/>\n<meta name=\"author\" content=\"Assessoria de Imprensa da PMPB\" \/>\n<meta name=\"twitter:card\" content=\"summary_large_image\" \/>\n<meta name=\"twitter:label1\" content=\"Escrito por\" \/>\n\t<meta name=\"twitter:data1\" content=\"Assessoria de Imprensa da PMPB\" \/>\n\t<meta name=\"twitter:label2\" content=\"Est. tempo de leitura\" \/>\n\t<meta name=\"twitter:data2\" content=\"1 minuto\" \/>\n<script type=\"application\/ld+json\" class=\"yoast-schema-graph\">{\"@context\":\"https:\/\/schema.org\",\"@graph\":[{\"@type\":\"Article\",\"@id\":\"https:\/\/www.pm.pb.gov.br\/portal\/2012\/09\/21\/cavalaria_recupera_moto_roubada_e_proprietario_agradece_trabalho_policial\/#article\",\"isPartOf\":{\"@id\":\"https:\/\/www.pm.pb.gov.br\/portal\/2012\/09\/21\/cavalaria_recupera_moto_roubada_e_proprietario_agradece_trabalho_policial\/\"},\"author\":{\"name\":\"Assessoria de Imprensa da PMPB\",\"@id\":\"https:\/\/www.pm.pb.gov.br\/portal\/#\/schema\/person\/e8454f46651c3ecf0e1ba3c1666d9947\"},\"headline\":\"Cavalaria recupera moto roubada e propriet\u00e1rio agradece trabalho policial\",\"datePublished\":\"2012-09-21T12:09:18+00:00\",\"dateModified\":\"2012-09-21T12:09:18+00:00\",\"mainEntityOfPage\":{\"@id\":\"https:\/\/www.pm.pb.gov.br\/portal\/2012\/09\/21\/cavalaria_recupera_moto_roubada_e_proprietario_agradece_trabalho_policial\/\"},\"wordCount\":221,\"publisher\":{\"@id\":\"https:\/\/www.pm.pb.gov.br\/portal\/#organization\"},\"articleSection\":[\"A\u00e7\u00f5es Policiais\"],\"inLanguage\":\"pt-BR\"},{\"@type\":\"WebPage\",\"@id\":\"https:\/\/www.pm.pb.gov.br\/portal\/2012\/09\/21\/cavalaria_recupera_moto_roubada_e_proprietario_agradece_trabalho_policial\/\",\"url\":\"https:\/\/www.pm.pb.gov.br\/portal\/2012\/09\/21\/cavalaria_recupera_moto_roubada_e_proprietario_agradece_trabalho_policial\/\",\"name\":\"Cavalaria recupera moto roubada e propriet\u00e1rio agradece trabalho policial - Pol\u00edcia Militar da Para\u00edba\",\"isPartOf\":{\"@id\":\"https:\/\/www.pm.pb.gov.br\/portal\/#website\"},\"datePublished\":\"2012-09-21T12:09:18+00:00\",\"dateModified\":\"2012-09-21T12:09:18+00:00\",\"breadcrumb\":{\"@id\":\"https:\/\/www.pm.pb.gov.br\/portal\/2012\/09\/21\/cavalaria_recupera_moto_roubada_e_proprietario_agradece_trabalho_policial\/#breadcrumb\"},\"inLanguage\":\"pt-BR\",\"potentialAction\":[{\"@type\":\"ReadAction\",\"target\":[\"https:\/\/www.pm.pb.gov.br\/portal\/2012\/09\/21\/cavalaria_recupera_moto_roubada_e_proprietario_agradece_trabalho_policial\/\"]}]},{\"@type\":\"BreadcrumbList\",\"@id\":\"https:\/\/www.pm.pb.gov.br\/portal\/2012\/09\/21\/cavalaria_recupera_moto_roubada_e_proprietario_agradece_trabalho_policial\/#breadcrumb\",\"itemListElement\":[{\"@type\":\"ListItem\",\"position\":1,\"name\":\"In\u00edcio\",\"item\":\"https:\/\/www.pm.pb.gov.br\/portal\/\"},{\"@type\":\"ListItem\",\"position\":2,\"name\":\"Cavalaria recupera moto roubada e propriet\u00e1rio agradece trabalho policial\"}]},{\"@type\":\"WebSite\",\"@id\":\"https:\/\/www.pm.pb.gov.br\/portal\/#website\",\"url\":\"https:\/\/www.pm.pb.gov.br\/portal\/\",\"name\":\"Pol\u00edcia Militar da Para\u00edba\",\"description\":\"\",\"publisher\":{\"@id\":\"https:\/\/www.pm.pb.gov.br\/portal\/#organization\"},\"potentialAction\":[{\"@type\":\"SearchAction\",\"target\":{\"@type\":\"EntryPoint\",\"urlTemplate\":\"https:\/\/www.pm.pb.gov.br\/portal\/?s={search_term_string}\"},\"query-input\":\"required name=search_term_string\"}],\"inLanguage\":\"pt-BR\"},{\"@type\":\"Organization\",\"@id\":\"https:\/\/www.pm.pb.gov.br\/portal\/#organization\",\"name\":\"Pol\u00edcia Militar da Para\u00edba\",\"url\":\"https:\/\/www.pm.pb.gov.br\/portal\/\",\"logo\":{\"@type\":\"ImageObject\",\"inLanguage\":\"pt-BR\",\"@id\":\"https:\/\/www.pm.pb.gov.br\/portal\/#\/schema\/logo\/image\/\",\"url\":\"https:\/\/www.pm.pb.gov.br\/portal\/wp-content\/uploads\/2025\/03\/cropped-logo-site-mag2-1.png\",\"contentUrl\":\"https:\/\/www.pm.pb.gov.br\/portal\/wp-content\/uploads\/2025\/03\/cropped-logo-site-mag2-1.png\",\"width\":320,\"height\":90,\"caption\":\"Pol\u00edcia Militar da Para\u00edba\"},\"image\":{\"@id\":\"https:\/\/www.pm.pb.gov.br\/portal\/#\/schema\/logo\/image\/\"}},{\"@type\":\"Person\",\"@id\":\"https:\/\/www.pm.pb.gov.br\/portal\/#\/schema\/person\/e8454f46651c3ecf0e1ba3c1666d9947\",\"name\":\"Assessoria de Imprensa da PMPB\",\"image\":{\"@type\":\"ImageObject\",\"inLanguage\":\"pt-BR\",\"@id\":\"https:\/\/www.pm.pb.gov.br\/portal\/#\/schema\/person\/image\/\",\"url\":\"https:\/\/secure.gravatar.com\/avatar\/2efe197438265d1e90bd98c4c8e1acf8?s=96&d=mm&r=g\",\"contentUrl\":\"https:\/\/secure.gravatar.com\/avatar\/2efe197438265d1e90bd98c4c8e1acf8?s=96&d=mm&r=g\",\"caption\":\"Assessoria de Imprensa da PMPB\"},\"url\":\"https:\/\/www.pm.pb.gov.br\/portal\/author\/assessoria\/\"}]}<\/script>\n<!-- \/ Yoast SEO plugin. -->","yoast_head_json":{"title":"Cavalaria recupera moto roubada e propriet\u00e1rio agradece trabalho policial - Pol\u00edcia Militar da Para\u00edba","robots":{"index":"index","follow":"follow","max-snippet":"max-snippet:-1","max-image-preview":"max-image-preview:large","max-video-preview":"max-video-preview:-1"},"canonical":"https:\/\/www.pm.pb.gov.br\/portal\/2012\/09\/21\/cavalaria_recupera_moto_roubada_e_proprietario_agradece_trabalho_policial\/","og_locale":"pt_BR","og_type":"article","og_title":"Cavalaria recupera moto roubada e propriet\u00e1rio agradece trabalho policial - Pol\u00edcia Militar da Para\u00edba","og_description":"Uma guarni\u00e7\u00e3o da Unidade de Pol\u00edcia Solid\u00e1ria do Regimento de Pol\u00edcia Montada (RPMont) recuperou, na quarta-feira (19), uma moto Honda","og_url":"https:\/\/www.pm.pb.gov.br\/portal\/2012\/09\/21\/cavalaria_recupera_moto_roubada_e_proprietario_agradece_trabalho_policial\/","og_site_name":"Pol\u00edcia Militar da Para\u00edba","article_published_time":"2012-09-21T12:09:18+00:00","og_image":[{"width":500,"height":375,"url":"https:\/\/www.pm.pb.gov.br\/portal\/wp-content\/uploads\/2012\/09\/7127_8621.jpg","type":"image\/jpeg"}],"author":"Assessoria de Imprensa da PMPB","twitter_card":"summary_large_image","twitter_misc":{"Escrito por":"Assessoria de Imprensa da PMPB","Est. tempo de leitura":"1 minuto"},"schema":{"@context":"https:\/\/schema.org","@graph":[{"@type":"Article","@id":"https:\/\/www.pm.pb.gov.br\/portal\/2012\/09\/21\/cavalaria_recupera_moto_roubada_e_proprietario_agradece_trabalho_policial\/#article","isPartOf":{"@id":"https:\/\/www.pm.pb.gov.br\/portal\/2012\/09\/21\/cavalaria_recupera_moto_roubada_e_proprietario_agradece_trabalho_policial\/"},"author":{"name":"Assessoria de Imprensa da PMPB","@id":"https:\/\/www.pm.pb.gov.br\/portal\/#\/schema\/person\/e8454f46651c3ecf0e1ba3c1666d9947"},"headline":"Cavalaria recupera moto roubada e propriet\u00e1rio agradece trabalho policial","datePublished":"2012-09-21T12:09:18+00:00","dateModified":"2012-09-21T12:09:18+00:00","mainEntityOfPage":{"@id":"https:\/\/www.pm.pb.gov.br\/portal\/2012\/09\/21\/cavalaria_recupera_moto_roubada_e_proprietario_agradece_trabalho_policial\/"},"wordCount":221,"publisher":{"@id":"https:\/\/www.pm.pb.gov.br\/portal\/#organization"},"articleSection":["A\u00e7\u00f5es Policiais"],"inLanguage":"pt-BR"},{"@type":"WebPage","@id":"https:\/\/www.pm.pb.gov.br\/portal\/2012\/09\/21\/cavalaria_recupera_moto_roubada_e_proprietario_agradece_trabalho_policial\/","url":"https:\/\/www.pm.pb.gov.br\/portal\/2012\/09\/21\/cavalaria_recupera_moto_roubada_e_proprietario_agradece_trabalho_policial\/","name":"Cavalaria recupera moto roubada e propriet\u00e1rio agradece trabalho policial - Pol\u00edcia Militar da Para\u00edba","isPartOf":{"@id":"https:\/\/www.pm.pb.gov.br\/portal\/#website"},"datePublished":"2012-09-21T12:09:18+00:00","dateModified":"2012-09-21T12:09:18+00:00","breadcrumb":{"@id":"https:\/\/www.pm.pb.gov.br\/portal\/2012\/09\/21\/cavalaria_recupera_moto_roubada_e_proprietario_agradece_trabalho_policial\/#breadcrumb"},"inLanguage":"pt-BR","potentialAction":[{"@type":"ReadAction","target":["https:\/\/www.pm.pb.gov.br\/portal\/2012\/09\/21\/cavalaria_recupera_moto_roubada_e_proprietario_agradece_trabalho_policial\/"]}]},{"@type":"BreadcrumbList","@id":"https:\/\/www.pm.pb.gov.br\/portal\/2012\/09\/21\/cavalaria_recupera_moto_roubada_e_proprietario_agradece_trabalho_policial\/#breadcrumb","itemListElement":[{"@type":"ListItem","position":1,"name":"In\u00edcio","item":"https:\/\/www.pm.pb.gov.br\/portal\/"},{"@type":"ListItem","position":2,"name":"Cavalaria recupera moto roubada e propriet\u00e1rio agradece trabalho policial"}]},{"@type":"WebSite","@id":"https:\/\/www.pm.pb.gov.br\/portal\/#website","url":"https:\/\/www.pm.pb.gov.br\/portal\/","name":"Pol\u00edcia Militar da Para\u00edba","description":"","publisher":{"@id":"https:\/\/www.pm.pb.gov.br\/portal\/#organization"},"potentialAction":[{"@type":"SearchAction","target":{"@type":"EntryPoint","urlTemplate":"https:\/\/www.pm.pb.gov.br\/portal\/?s={search_term_string}"},"query-input":"required name=search_term_string"}],"inLanguage":"pt-BR"},{"@type":"Organization","@id":"https:\/\/www.pm.pb.gov.br\/portal\/#organization","name":"Pol\u00edcia Militar da Para\u00edba","url":"https:\/\/www.pm.pb.gov.br\/portal\/","logo":{"@type":"ImageObject","inLanguage":"pt-BR","@id":"https:\/\/www.pm.pb.gov.br\/portal\/#\/schema\/logo\/image\/","url":"https:\/\/www.pm.pb.gov.br\/portal\/wp-content\/uploads\/2025\/03\/cropped-logo-site-mag2-1.png","contentUrl":"https:\/\/www.pm.pb.gov.br\/portal\/wp-content\/uploads\/2025\/03\/cropped-logo-site-mag2-1.png","width":320,"height":90,"caption":"Pol\u00edcia Militar da Para\u00edba"},"image":{"@id":"https:\/\/www.pm.pb.gov.br\/portal\/#\/schema\/logo\/image\/"}},{"@type":"Person","@id":"https:\/\/www.pm.pb.gov.br\/portal\/#\/schema\/person\/e8454f46651c3ecf0e1ba3c1666d9947","name":"Assessoria de Imprensa da PMPB","image":{"@type":"ImageObject","inLanguage":"pt-BR","@id":"https:\/\/www.pm.pb.gov.br\/portal\/#\/schema\/person\/image\/","url":"https:\/\/secure.gravatar.com\/avatar\/2efe197438265d1e90bd98c4c8e1acf8?s=96&d=mm&r=g","contentUrl":"https:\/\/secure.gravatar.com\/avatar\/2efe197438265d1e90bd98c4c8e1acf8?s=96&d=mm&r=g","caption":"Assessoria de Imprensa da PMPB"},"url":"https:\/\/www.pm.pb.gov.br\/portal\/author\/assessoria\/"}]}},"_links":{"self":[{"href":"https:\/\/www.pm.pb.gov.br\/portal\/wp-json\/wp\/v2\/posts\/891373"}],"collection":[{"href":"https:\/\/www.pm.pb.gov.br\/portal\/wp-json\/wp\/v2\/posts"}],"about":[{"href":"https:\/\/www.pm.pb.gov.br\/portal\/wp-json\/wp\/v2\/types\/post"}],"author":[{"embeddable":true,"href":"https:\/\/www.pm.pb.gov.br\/portal\/wp-json\/wp\/v2\/users\/5"}],"replies":[{"embeddable":true,"href":"https:\/\/www.pm.pb.gov.br\/portal\/wp-json\/wp\/v2\/comments?post=891373"}],"version-history":[{"count":0,"href":"https:\/\/www.pm.pb.gov.br\/portal\/wp-json\/wp\/v2\/posts\/891373\/revisions"}],"wp:featuredmedia":[{"embeddable":true,"href":"https:\/\/www.pm.pb.gov.br\/portal\/wp-json\/wp\/v2\/media\/8621"}],"wp:attachment":[{"href":"https:\/\/www.pm.pb.gov.br\/portal\/wp-json\/wp\/v2\/media?parent=891373"}],"wp:term":[{"taxonomy":"category","embeddable":true,"href":"https:\/\/www.pm.pb.gov.br\/portal\/wp-json\/wp\/v2\/categories?post=891373"},{"taxonomy":"post_tag","embeddable":true,"href":"https:\/\/www.pm.pb.gov.br\/portal\/wp-json\/wp\/v2\/tags?post=891373"}],"curies":[{"name":"wp","href":"https:\/\/api.w.org\/{rel}","templated":true}]}}