{"id":891370,"date":"2012-09-21T08:09:31","date_gmt":"2012-09-21T11:09:31","guid":{"rendered":"http:\/\/www.pm.pb.gov.br\/portal\/2012\/09\/policia_prende_acusados_de_participarem_de_roubos_de_carros\/"},"modified":"2012-09-21T08:09:31","modified_gmt":"2012-09-21T11:09:31","slug":"policia_prende_acusados_de_participarem_de_roubos_de_carros","status":"publish","type":"post","link":"https:\/\/www.pm.pb.gov.br\/portal\/2012\/09\/21\/policia_prende_acusados_de_participarem_de_roubos_de_carros\/","title":{"rendered":"Pol\u00edcia prende acusados de participarem de roubos de carros"},"content":{"rendered":"<figure style=\"width: 500px\" class=\"wp-caption alignnone\"><img decoding=\"async\" class=\"alignnone size-medium\" src=\"http:\/\/www.pm.pb.gov.br\/portal\/wp-content\/uploads\/2012\/09\/7124_8616.jpg\" title=\"Carro pego com o acusado\" width=\"100%\" \/><figcaption class=\"wp-caption-text\">Carro pego com o acusado<\/figcaption><\/figure>\n<div style=\"text-align: justify;\">Uma a\u00e7\u00e3o integrada entre Pol\u00edcia Militar e Pol\u00edcia Civil desarticulou um esquema de roubo de ve\u00edculos, na capital, que j\u00e1 vinha acontecendo h\u00e1 dois meses. Os policiais prenderam, nesta quarta-feira (19), em Mar\u00e9s, dois homens respons\u00e1veis por praticar os roubos dos ve\u00edculos e repass\u00e1-los aos Estados vizinhos. Cinco v\u00edtimas j\u00e1 reconheceram os acusados. A pol\u00edcia acredita que eles seriam respons\u00e1veis pelo roubo de mais de dez ve\u00edculos.<\/p>\n<p>A pris\u00e3o aconteceu ap\u00f3s policiais do 5\u00ba Batalh\u00e3o de Pol\u00edcia Militar (5\u00baBPM) receberem a informa\u00e7\u00e3o de que o acusado passaria em um carro de luxo pr\u00f3ximo ao Corpo de Bombeiros, em Mar\u00e9s. Foi montado um bloqueio e o acusado, Francisco Rodrigues da Silva, de 35 anos, foi pego em um ve\u00edculo do tipo Pajero \u0096 no qual foi encontrado o celular de um comerciante que teve o carro roubado na \u00faltima ter\u00e7a-feira (17), na comunidade Novo Horizonte.<\/p>\n<p>Os policiais foram at\u00e9 a casa do acusado (no bairro das Ind\u00fastrias) e encontraram alguns objetos roubados no assalto da ter\u00e7a. Ap\u00f3s a pris\u00e3o, policiais do 5\u00ba BPM juntamente com policiais do Grupo de Opera\u00e7\u00f5es Especiais da Pol\u00edcia Civil foram at\u00e9 a cidade de Mata Redonda, divisa dos estados da Para\u00edba e Pernambuco. L\u00e1 eles encontraram Joel Ferreira dos Santos, de 33 anos, que agia nos assaltos com Francisco Rodrigues.<\/p>\n<p>Joel Ferreira tinha um mandado de pris\u00e3o em aberto por assalto. Ele estava foragido desde 2010 da penitenci\u00e1ria m\u00e9dia de Mangabeira. O primeiro acusado estava em liberdade condicional respondendo tamb\u00e9m por assalto.<\/p>\n<p>De acordo com informa\u00e7\u00f5es do comandante do 5\u00ba Batalh\u00e3o de Pol\u00edcia Militar, Tenente Coronel L\u00edvio Delgado, desde o primeiro roubo de uma Hilux (carro que era alvo dos acusados), no Geisel, as pol\u00edcias come\u00e7aram a trabalhar em conjunto para prender os acusados. Segundo ele, os roubos eram praticados na Zona Sul e os carros eram levados para Campina Grande, onde eram distribu\u00eddos para os Estados Vizinhos pelo valor de R$ 4 mil, cada.<\/p>\n<p>\u0093Eram quadrilhas articuladas, interestaduais que estavam agindo na cidade e a gente n\u00e3o estava identificando para onde estavam indo esses ve\u00edculos. Os carros eram recrutados aqui e passados para Campina Grande, de onde seguiam para Fortaleza. O destino seria pessoas envolvidas em roubos a bancos que encomendavam esses ve\u00edculos a eles\u0094, detalhou o Tenente Coronel.<\/p>\n<p>Um terceiro acusado de receber os ve\u00edculos em Campina Grande e repassar para Fortaleza foi assassinado na \u00faltima sexta-feira (14). Dois homens em uma moto teriam seguido ele e atirado v\u00e1rias vezes, na Avenida Dinam\u00e9rica, em Campina Grande. Segundo a Pol\u00edcia, a morte estaria relacionada com o envolvimento em assaltos na cidade.<\/p>\n<p>Os acusados ser\u00e3o levados para o pres\u00eddio da capital. A pol\u00edcia vai investigar a participa\u00e7\u00e3o de outros suspeitos para tentar localizar mais ve\u00edculos roubados pela quadrilha.<\/p>\n<p>Modo de agir<\/p>\n<p>Segundo a Pol\u00edcia, eles sempre agiam em dupla, tomavam os carros por assalto e levavam as v\u00edtimas \u0096 que eram deixadas em locais desabitados. Durante o trajeto, as v\u00edtimas eram constantemente amea\u00e7adas. O alvo dos acusados eram caminhonetas do tipo Hylux, mas eles tamb\u00e9m s\u00e3o acusados pelo roubo de mais tr\u00eas carros pequenos (duas pick-up strada e um corsa).<\/p>\n<p>Reconhecimento<\/p>\n<p>V\u00e1rias v\u00edtimas est\u00e3o indo a 4\u00aa Delegacia Distrital reconhecer os acusados. Ao todo, os acusados j\u00e1 foram reconhecidos por tr\u00eas propriet\u00e1rios de ve\u00edculos Hylux, dois de caminhonetes Pick-up Strada e um de um ve\u00edculo corsa.<\/p>\n<div class=\"row\" align=\"center\"><a href=\"http:\/\/www.pm.pb.gov.br\/portal\/wp-content\/uploads\/2012\/09\/7124_8617.jpg\"><figure style=\"width: 500px\" class=\"wp-caption alignnone\"><img decoding=\"async\" class=\"image-responsive\" src=\"http:\/\/www.pm.pb.gov.br\/portal\/wp-content\/uploads\/2012\/09\/7124_8617.jpg\" title=\"tenente Coronel L\u00edvio Delgado (comandante do 5BPM)\" width=\"100%\" \/><figcaption class=\"wp-caption-text\">tenente Coronel L\u00edvio Delgado (comandante do 5BPM)<\/figcaption><\/figure><\/a><\/div>\n<\/div>\n","protected":false},"excerpt":{"rendered":"<p>Uma a\u00e7\u00e3o integrada entre Pol\u00edcia Militar e Pol\u00edcia Civil desarticulou um esquema de roubo de ve\u00edculos, na capital, que j\u00e1<\/p>\n","protected":false},"author":5,"featured_media":8616,"comment_status":"closed","ping_status":"closed","sticky":false,"template":"","format":"standard","meta":{"_exactmetrics_skip_tracking":false,"_exactmetrics_sitenote_active":false,"_exactmetrics_sitenote_note":"","_exactmetrics_sitenote_category":0,"footnotes":""},"categories":[4],"tags":[],"yoast_head":"<!-- This site is optimized with the Yoast SEO plugin v22.0 - https:\/\/yoast.com\/wordpress\/plugins\/seo\/ -->\n<title>Pol\u00edcia prende acusados de participarem de roubos de carros - Pol\u00edcia Militar da Para\u00edba<\/title>\n<meta name=\"robots\" content=\"index, follow, max-snippet:-1, max-image-preview:large, max-video-preview:-1\" \/>\n<link rel=\"canonical\" href=\"https:\/\/www.pm.pb.gov.br\/portal\/2012\/09\/21\/policia_prende_acusados_de_participarem_de_roubos_de_carros\/\" \/>\n<meta property=\"og:locale\" content=\"pt_BR\" \/>\n<meta property=\"og:type\" content=\"article\" \/>\n<meta property=\"og:title\" content=\"Pol\u00edcia prende acusados de participarem de roubos de carros - Pol\u00edcia Militar da Para\u00edba\" \/>\n<meta property=\"og:description\" content=\"Uma a\u00e7\u00e3o integrada entre Pol\u00edcia Militar e Pol\u00edcia Civil desarticulou um esquema de roubo de ve\u00edculos, na capital, que j\u00e1\" \/>\n<meta property=\"og:url\" content=\"https:\/\/www.pm.pb.gov.br\/portal\/2012\/09\/21\/policia_prende_acusados_de_participarem_de_roubos_de_carros\/\" \/>\n<meta property=\"og:site_name\" content=\"Pol\u00edcia Militar da Para\u00edba\" \/>\n<meta property=\"article:published_time\" content=\"2012-09-21T11:09:31+00:00\" \/>\n<meta property=\"og:image\" content=\"https:\/\/www.pm.pb.gov.br\/portal\/wp-content\/uploads\/2012\/09\/7124_8616.jpg\" \/>\n\t<meta property=\"og:image:width\" content=\"500\" \/>\n\t<meta property=\"og:image:height\" content=\"332\" \/>\n\t<meta property=\"og:image:type\" content=\"image\/jpeg\" \/>\n<meta name=\"author\" content=\"Assessoria de Imprensa da PMPB\" \/>\n<meta name=\"twitter:card\" content=\"summary_large_image\" \/>\n<meta name=\"twitter:label1\" content=\"Escrito por\" \/>\n\t<meta name=\"twitter:data1\" content=\"Assessoria de Imprensa da PMPB\" \/>\n\t<meta name=\"twitter:label2\" content=\"Est. tempo de leitura\" \/>\n\t<meta name=\"twitter:data2\" content=\"3 minutos\" \/>\n<script type=\"application\/ld+json\" class=\"yoast-schema-graph\">{\"@context\":\"https:\/\/schema.org\",\"@graph\":[{\"@type\":\"Article\",\"@id\":\"https:\/\/www.pm.pb.gov.br\/portal\/2012\/09\/21\/policia_prende_acusados_de_participarem_de_roubos_de_carros\/#article\",\"isPartOf\":{\"@id\":\"https:\/\/www.pm.pb.gov.br\/portal\/2012\/09\/21\/policia_prende_acusados_de_participarem_de_roubos_de_carros\/\"},\"author\":{\"name\":\"Assessoria de Imprensa da PMPB\",\"@id\":\"https:\/\/www.pm.pb.gov.br\/portal\/#\/schema\/person\/e8454f46651c3ecf0e1ba3c1666d9947\"},\"headline\":\"Pol\u00edcia prende acusados de participarem de roubos de carros\",\"datePublished\":\"2012-09-21T11:09:31+00:00\",\"dateModified\":\"2012-09-21T11:09:31+00:00\",\"mainEntityOfPage\":{\"@id\":\"https:\/\/www.pm.pb.gov.br\/portal\/2012\/09\/21\/policia_prende_acusados_de_participarem_de_roubos_de_carros\/\"},\"wordCount\":637,\"publisher\":{\"@id\":\"https:\/\/www.pm.pb.gov.br\/portal\/#organization\"},\"articleSection\":[\"A\u00e7\u00f5es Policiais\"],\"inLanguage\":\"pt-BR\"},{\"@type\":\"WebPage\",\"@id\":\"https:\/\/www.pm.pb.gov.br\/portal\/2012\/09\/21\/policia_prende_acusados_de_participarem_de_roubos_de_carros\/\",\"url\":\"https:\/\/www.pm.pb.gov.br\/portal\/2012\/09\/21\/policia_prende_acusados_de_participarem_de_roubos_de_carros\/\",\"name\":\"Pol\u00edcia prende acusados de participarem de roubos de carros - Pol\u00edcia Militar da Para\u00edba\",\"isPartOf\":{\"@id\":\"https:\/\/www.pm.pb.gov.br\/portal\/#website\"},\"datePublished\":\"2012-09-21T11:09:31+00:00\",\"dateModified\":\"2012-09-21T11:09:31+00:00\",\"breadcrumb\":{\"@id\":\"https:\/\/www.pm.pb.gov.br\/portal\/2012\/09\/21\/policia_prende_acusados_de_participarem_de_roubos_de_carros\/#breadcrumb\"},\"inLanguage\":\"pt-BR\",\"potentialAction\":[{\"@type\":\"ReadAction\",\"target\":[\"https:\/\/www.pm.pb.gov.br\/portal\/2012\/09\/21\/policia_prende_acusados_de_participarem_de_roubos_de_carros\/\"]}]},{\"@type\":\"BreadcrumbList\",\"@id\":\"https:\/\/www.pm.pb.gov.br\/portal\/2012\/09\/21\/policia_prende_acusados_de_participarem_de_roubos_de_carros\/#breadcrumb\",\"itemListElement\":[{\"@type\":\"ListItem\",\"position\":1,\"name\":\"In\u00edcio\",\"item\":\"https:\/\/www.pm.pb.gov.br\/portal\/\"},{\"@type\":\"ListItem\",\"position\":2,\"name\":\"Pol\u00edcia prende acusados de participarem de roubos de carros\"}]},{\"@type\":\"WebSite\",\"@id\":\"https:\/\/www.pm.pb.gov.br\/portal\/#website\",\"url\":\"https:\/\/www.pm.pb.gov.br\/portal\/\",\"name\":\"Pol\u00edcia Militar da Para\u00edba\",\"description\":\"\",\"publisher\":{\"@id\":\"https:\/\/www.pm.pb.gov.br\/portal\/#organization\"},\"potentialAction\":[{\"@type\":\"SearchAction\",\"target\":{\"@type\":\"EntryPoint\",\"urlTemplate\":\"https:\/\/www.pm.pb.gov.br\/portal\/?s={search_term_string}\"},\"query-input\":\"required name=search_term_string\"}],\"inLanguage\":\"pt-BR\"},{\"@type\":\"Organization\",\"@id\":\"https:\/\/www.pm.pb.gov.br\/portal\/#organization\",\"name\":\"Pol\u00edcia Militar da Para\u00edba\",\"url\":\"https:\/\/www.pm.pb.gov.br\/portal\/\",\"logo\":{\"@type\":\"ImageObject\",\"inLanguage\":\"pt-BR\",\"@id\":\"https:\/\/www.pm.pb.gov.br\/portal\/#\/schema\/logo\/image\/\",\"url\":\"https:\/\/www.pm.pb.gov.br\/portal\/wp-content\/uploads\/2025\/03\/cropped-logo-site-mag2-1.png\",\"contentUrl\":\"https:\/\/www.pm.pb.gov.br\/portal\/wp-content\/uploads\/2025\/03\/cropped-logo-site-mag2-1.png\",\"width\":320,\"height\":90,\"caption\":\"Pol\u00edcia Militar da Para\u00edba\"},\"image\":{\"@id\":\"https:\/\/www.pm.pb.gov.br\/portal\/#\/schema\/logo\/image\/\"}},{\"@type\":\"Person\",\"@id\":\"https:\/\/www.pm.pb.gov.br\/portal\/#\/schema\/person\/e8454f46651c3ecf0e1ba3c1666d9947\",\"name\":\"Assessoria de Imprensa da PMPB\",\"image\":{\"@type\":\"ImageObject\",\"inLanguage\":\"pt-BR\",\"@id\":\"https:\/\/www.pm.pb.gov.br\/portal\/#\/schema\/person\/image\/\",\"url\":\"https:\/\/secure.gravatar.com\/avatar\/2efe197438265d1e90bd98c4c8e1acf8?s=96&d=mm&r=g\",\"contentUrl\":\"https:\/\/secure.gravatar.com\/avatar\/2efe197438265d1e90bd98c4c8e1acf8?s=96&d=mm&r=g\",\"caption\":\"Assessoria de Imprensa da PMPB\"},\"url\":\"https:\/\/www.pm.pb.gov.br\/portal\/author\/assessoria\/\"}]}<\/script>\n<!-- \/ Yoast SEO plugin. -->","yoast_head_json":{"title":"Pol\u00edcia prende acusados de participarem de roubos de carros - Pol\u00edcia Militar da Para\u00edba","robots":{"index":"index","follow":"follow","max-snippet":"max-snippet:-1","max-image-preview":"max-image-preview:large","max-video-preview":"max-video-preview:-1"},"canonical":"https:\/\/www.pm.pb.gov.br\/portal\/2012\/09\/21\/policia_prende_acusados_de_participarem_de_roubos_de_carros\/","og_locale":"pt_BR","og_type":"article","og_title":"Pol\u00edcia prende acusados de participarem de roubos de carros - Pol\u00edcia Militar da Para\u00edba","og_description":"Uma a\u00e7\u00e3o integrada entre Pol\u00edcia Militar e Pol\u00edcia Civil desarticulou um esquema de roubo de ve\u00edculos, na capital, que j\u00e1","og_url":"https:\/\/www.pm.pb.gov.br\/portal\/2012\/09\/21\/policia_prende_acusados_de_participarem_de_roubos_de_carros\/","og_site_name":"Pol\u00edcia Militar da Para\u00edba","article_published_time":"2012-09-21T11:09:31+00:00","og_image":[{"width":500,"height":332,"url":"https:\/\/www.pm.pb.gov.br\/portal\/wp-content\/uploads\/2012\/09\/7124_8616.jpg","type":"image\/jpeg"}],"author":"Assessoria de Imprensa da PMPB","twitter_card":"summary_large_image","twitter_misc":{"Escrito por":"Assessoria de Imprensa da PMPB","Est. tempo de leitura":"3 minutos"},"schema":{"@context":"https:\/\/schema.org","@graph":[{"@type":"Article","@id":"https:\/\/www.pm.pb.gov.br\/portal\/2012\/09\/21\/policia_prende_acusados_de_participarem_de_roubos_de_carros\/#article","isPartOf":{"@id":"https:\/\/www.pm.pb.gov.br\/portal\/2012\/09\/21\/policia_prende_acusados_de_participarem_de_roubos_de_carros\/"},"author":{"name":"Assessoria de Imprensa da PMPB","@id":"https:\/\/www.pm.pb.gov.br\/portal\/#\/schema\/person\/e8454f46651c3ecf0e1ba3c1666d9947"},"headline":"Pol\u00edcia prende acusados de participarem de roubos de carros","datePublished":"2012-09-21T11:09:31+00:00","dateModified":"2012-09-21T11:09:31+00:00","mainEntityOfPage":{"@id":"https:\/\/www.pm.pb.gov.br\/portal\/2012\/09\/21\/policia_prende_acusados_de_participarem_de_roubos_de_carros\/"},"wordCount":637,"publisher":{"@id":"https:\/\/www.pm.pb.gov.br\/portal\/#organization"},"articleSection":["A\u00e7\u00f5es Policiais"],"inLanguage":"pt-BR"},{"@type":"WebPage","@id":"https:\/\/www.pm.pb.gov.br\/portal\/2012\/09\/21\/policia_prende_acusados_de_participarem_de_roubos_de_carros\/","url":"https:\/\/www.pm.pb.gov.br\/portal\/2012\/09\/21\/policia_prende_acusados_de_participarem_de_roubos_de_carros\/","name":"Pol\u00edcia prende acusados de participarem de roubos de carros - Pol\u00edcia Militar da Para\u00edba","isPartOf":{"@id":"https:\/\/www.pm.pb.gov.br\/portal\/#website"},"datePublished":"2012-09-21T11:09:31+00:00","dateModified":"2012-09-21T11:09:31+00:00","breadcrumb":{"@id":"https:\/\/www.pm.pb.gov.br\/portal\/2012\/09\/21\/policia_prende_acusados_de_participarem_de_roubos_de_carros\/#breadcrumb"},"inLanguage":"pt-BR","potentialAction":[{"@type":"ReadAction","target":["https:\/\/www.pm.pb.gov.br\/portal\/2012\/09\/21\/policia_prende_acusados_de_participarem_de_roubos_de_carros\/"]}]},{"@type":"BreadcrumbList","@id":"https:\/\/www.pm.pb.gov.br\/portal\/2012\/09\/21\/policia_prende_acusados_de_participarem_de_roubos_de_carros\/#breadcrumb","itemListElement":[{"@type":"ListItem","position":1,"name":"In\u00edcio","item":"https:\/\/www.pm.pb.gov.br\/portal\/"},{"@type":"ListItem","position":2,"name":"Pol\u00edcia prende acusados de participarem de roubos de carros"}]},{"@type":"WebSite","@id":"https:\/\/www.pm.pb.gov.br\/portal\/#website","url":"https:\/\/www.pm.pb.gov.br\/portal\/","name":"Pol\u00edcia Militar da Para\u00edba","description":"","publisher":{"@id":"https:\/\/www.pm.pb.gov.br\/portal\/#organization"},"potentialAction":[{"@type":"SearchAction","target":{"@type":"EntryPoint","urlTemplate":"https:\/\/www.pm.pb.gov.br\/portal\/?s={search_term_string}"},"query-input":"required name=search_term_string"}],"inLanguage":"pt-BR"},{"@type":"Organization","@id":"https:\/\/www.pm.pb.gov.br\/portal\/#organization","name":"Pol\u00edcia Militar da Para\u00edba","url":"https:\/\/www.pm.pb.gov.br\/portal\/","logo":{"@type":"ImageObject","inLanguage":"pt-BR","@id":"https:\/\/www.pm.pb.gov.br\/portal\/#\/schema\/logo\/image\/","url":"https:\/\/www.pm.pb.gov.br\/portal\/wp-content\/uploads\/2025\/03\/cropped-logo-site-mag2-1.png","contentUrl":"https:\/\/www.pm.pb.gov.br\/portal\/wp-content\/uploads\/2025\/03\/cropped-logo-site-mag2-1.png","width":320,"height":90,"caption":"Pol\u00edcia Militar da Para\u00edba"},"image":{"@id":"https:\/\/www.pm.pb.gov.br\/portal\/#\/schema\/logo\/image\/"}},{"@type":"Person","@id":"https:\/\/www.pm.pb.gov.br\/portal\/#\/schema\/person\/e8454f46651c3ecf0e1ba3c1666d9947","name":"Assessoria de Imprensa da PMPB","image":{"@type":"ImageObject","inLanguage":"pt-BR","@id":"https:\/\/www.pm.pb.gov.br\/portal\/#\/schema\/person\/image\/","url":"https:\/\/secure.gravatar.com\/avatar\/2efe197438265d1e90bd98c4c8e1acf8?s=96&d=mm&r=g","contentUrl":"https:\/\/secure.gravatar.com\/avatar\/2efe197438265d1e90bd98c4c8e1acf8?s=96&d=mm&r=g","caption":"Assessoria de Imprensa da PMPB"},"url":"https:\/\/www.pm.pb.gov.br\/portal\/author\/assessoria\/"}]}},"_links":{"self":[{"href":"https:\/\/www.pm.pb.gov.br\/portal\/wp-json\/wp\/v2\/posts\/891370"}],"collection":[{"href":"https:\/\/www.pm.pb.gov.br\/portal\/wp-json\/wp\/v2\/posts"}],"about":[{"href":"https:\/\/www.pm.pb.gov.br\/portal\/wp-json\/wp\/v2\/types\/post"}],"author":[{"embeddable":true,"href":"https:\/\/www.pm.pb.gov.br\/portal\/wp-json\/wp\/v2\/users\/5"}],"replies":[{"embeddable":true,"href":"https:\/\/www.pm.pb.gov.br\/portal\/wp-json\/wp\/v2\/comments?post=891370"}],"version-history":[{"count":0,"href":"https:\/\/www.pm.pb.gov.br\/portal\/wp-json\/wp\/v2\/posts\/891370\/revisions"}],"wp:featuredmedia":[{"embeddable":true,"href":"https:\/\/www.pm.pb.gov.br\/portal\/wp-json\/wp\/v2\/media\/8616"}],"wp:attachment":[{"href":"https:\/\/www.pm.pb.gov.br\/portal\/wp-json\/wp\/v2\/media?parent=891370"}],"wp:term":[{"taxonomy":"category","embeddable":true,"href":"https:\/\/www.pm.pb.gov.br\/portal\/wp-json\/wp\/v2\/categories?post=891370"},{"taxonomy":"post_tag","embeddable":true,"href":"https:\/\/www.pm.pb.gov.br\/portal\/wp-json\/wp\/v2\/tags?post=891370"}],"curies":[{"name":"wp","href":"https:\/\/api.w.org\/{rel}","templated":true}]}}